{"id":155737,"date":"2025-07-30T07:30:17","date_gmt":"2025-07-30T06:30:17","guid":{"rendered":"https:\/\/www.copealcoy.es\/?p=155737"},"modified":"2025-07-30T16:12:07","modified_gmt":"2025-07-30T15:12:07","slug":"mediodia-cope-alcoy-miercoles-30-de-julio-2025-1420h","status":"publish","type":"post","link":"https:\/\/www.copealcoy.es\/es\/mediodia-cope-alcoy-miercoles-30-de-julio-2025-1420h\/","title":{"rendered":"\u2018Mediod\u00eda Cope\u2019 Alcoy mi\u00e9rcoles 30 de julio 2025 (14:20h)"},"content":{"rendered":"<p><iframe loading=\"lazy\" title=\"&#039;Mediod\u00eda Cope&#039; Alcoy Mi\u00e9rcoles 30 De Julio 2025 (14:20h)\" width=\"100%\" height=\"120\" src=\"https:\/\/www.mixcloud.com\/widget\/iframe\/?feed=https%3A%2F%2Fwww.mixcloud.com%2FCOPEAlcoy%2Fmediod%25C3%25ADa-cope-alcoy-mi%25C3%25A9rcoles-30-de-julio-2025-1420h%2F&amp;hide_cover=1\" frameborder=\"0\" allow=\"encrypted-media; fullscreen; autoplay; idle-detection; speaker-selection; web-share;\"><\/iframe><\/p>\n<p style=\"text-align: justify;\">Hoy mi\u00e9rcoles hemos destacado <strong>las ayudas que recibir\u00e1 Alcoy<\/strong>, procedentes del IVACE, para<strong> la mejora de los Pol\u00edgonos Industriales<\/strong>. Tambi\u00e9n hemos hecho referencia a que l<strong>os Ayuntamientos de Alcoy, Cocentaina, Muro y Banyeres de Mariola lamentan no haber estado presentes en la reuni\u00f3n<\/strong> que Conselleria mantuvo d\u00edas atr\u00e1s con la Plataforma de Afectados por el servicio de autob\u00fas comarcal.<\/p>\n<p style=\"text-align: justify;\">La\u00a0<span style=\"color: #0000ff;\"><a style=\"color: #0000ff;\" href=\"https:\/\/mediambient.gva.es\/es\/\" target=\"_blank\" rel=\"noopener\"><strong>Conselleria de Infraestructuras<\/strong><\/a><\/span>, como ya inform\u00f3 COPE ALCOY d\u00edas atr\u00e1s, mantuvo recientemente una reuni\u00f3n con la\u00a0<strong>Plataforma de Afectados por el Servicio de Transporte P\u00fablico<\/strong>\u00a0entre Alcoy, Cocentaina y Muro. Sin embargo, los\u00a0<strong>Ayuntamientos de los tres municipios<\/strong>, que hab\u00edan solicitado formalmente encuentros con el\u00a0<strong>conseller Vicente Mart\u00ednez Mus\u00a0<\/strong>han expresado su malestar por este encuentro se\u00f1alando que \u201c<em>no hab\u00edan sido invitados ni informados de esta reuni\u00f3n\u201d,<\/em>\u00a0indican a trav\u00e9s de un comunicado.<\/p>\n<p style=\"text-align: justify;\">En este sentido, explican que el\u00a0<strong>Ayuntamiento de Alcoy<\/strong>\u00a0registr\u00f3 una petici\u00f3n el pasado 18 de julio para este encuentro mientras que el\u00a0<strong>Ayuntamiento de Muro<\/strong>\u00a0propuso un encuentro conjunto con los tres consistorios y la plataforma ciudadana. \u201c<em>Esta voluntad de colaboraci\u00f3n no ha sido, de momento, correspondida por la Conselleria, que contin\u00faa tomando decisiones sin la participaci\u00f3n de los representantes institucionales del territorio\u201d,\u00a0<strong>afirman.\u00a0<\/strong><\/em><\/p>\n<p style=\"text-align: justify;\">Cabe recordar que a la reuni\u00f3n asistieron tambi\u00e9n el\u00a0<strong>secretario auton\u00f3mico de Infraestructuras<\/strong>, Javier Sendra; y el\u00a0<strong>director general de Transporte y Log\u00edstica<\/strong>, Manuel R\u00edos.\u00a0<em>\u201cLa Conselleria est\u00e1 gestionando una cuesti\u00f3n muy sensible que afecta a miles de personas en nuestra comarca. Como ayuntamientos, nos hemos ofrecido desde el primer momento a colaborar y aportar soluciones. No contar con nosotros no ayuda a avanzar hacia una respuesta coordinada y efectiva. Confiamos en que pronto se pueda abrir un espacio de di\u00e1logo con todos los actores implicados\u201d<\/em>, expresa el\u00a0<strong>vicealcalde de Alcoy<\/strong>,\u00a0<strong>\u00c0lex Cerradelo<\/strong>. Por su parte, el\u00a0<strong>alcalde de Muro<\/strong>,\u00a0<strong>Vicent Molina<\/strong>, tambi\u00e9n ha expresado su malestar por esa reuni\u00f3n a la que no asistieron los consistorios \u201cn<em>os habr\u00eda gustado participar en esta reuni\u00f3n. El transporte p\u00fablico es un servicio esencial, y los ayuntamientos tenemos mucho que decir. Esperamos que pronto podamos mantener un encuentro con la Conselleria para abordar el problema de manera conjunta\u201d.\u00a0\u00a0<\/em>El\u00a0<strong>alcalde de Cocentaina<\/strong>,\u00a0<strong>Rub\u00e9n Mu\u00f1oz<\/strong>, tambi\u00e9n se ha pronunciado y ha recordado que los Ayuntamientos implicados ten\u00edan que haber estado en esa reuni\u00f3n junto con la Plataforma \u201c<em>porque tambi\u00e9n hemos solicitado un encuentro con el conseller y todav\u00eda no hemos recibido respuesta. Es una falta total de respeto volver a saltarse a los ayuntamientos, que somos los que conocemos el territorio y las necesidades de la comarca. Esperamos que el conseller nos invite en persona para poder trasladarle nuestras propuestas y definir un servicio p\u00fablico comarcal que sea eficiente y adaptado a la realidad\u201d,\u00a0<\/em>ha se\u00f1alado. Finalmente, el alcalde de Banyeres ha insistido en que es muy necesario atender las reivindicaciones que plantean las cuatro localidades pera seguir mejorando el servicio \u201cs<em>on inconcebibles las alteraciones que se han hecho en las l\u00edneas, produciendo perjuicios a la ciudadan\u00eda. Y m\u00e1s inconcebible es que las modificaciones se hayan hecho sin consultar las poblaciones ni las propias empresas de transportes. Adem\u00e1s, ha sido un desprop\u00f3sito que la informaci\u00f3n oficial de los nuevos horarios haya llegado por registro, en algunos municipios, un mes despu\u00e9s de la entrada en vigor\u201d,<\/em>\u00a0apunta el primer edil de la localidad; Josep Sempere.<\/p>\n<p style=\"text-align: justify;\">Los A<strong>yuntamientos<\/strong>\u00a0de Alcoy, Cocentaina, Muro y Banyeres reiteran su disposici\u00f3n al di\u00e1logo con Conselleria.\u00a0 Solicitan ser tenidos en cuenta en la b\u00fasqueda de soluciones para conseguir un\u00a0<strong>servicio de transporte p\u00fablico digno<\/strong>,\u00a0<strong>eficiente<\/strong>\u00a0y\u00a0<strong>adaptado a las necesidades<\/strong>\u00a0de la ciudadan\u00eda de estas comarcas.<\/p>\n","protected":false},"excerpt":{"rendered":"<p>Hoy mi\u00e9rcoles hemos destacado las ayudas que recibir\u00e1 Alcoy, procedentes del IVACE, para la mejora de los Pol\u00edgonos Industriales. Tambi\u00e9n&#8230;<\/p>\n","protected":false},"author":1,"featured_media":147663,"comment_status":"closed","ping_status":"closed","sticky":false,"template":"","format":"standard","meta":{"footnotes":""},"categories":[6909,89,91,75],"tags":[],"class_list":["post-155737","post","type-post","status-publish","format-standard","has-post-thumbnail","hentry","category-actualidad","category-audiosdelosprogramas","category-informativos","category-noticias"],"yoast_head":"<!-- This site is optimized with the Yoast SEO plugin v27.3 - https:\/\/yoast.com\/product\/yoast-seo-wordpress\/ -->\n<title>\u2018Mediod\u00eda Cope\u2019 Alcoy mi\u00e9rcoles 30 de julio 2025 (14:20h) - COPE Alcoy<\/title>\n<meta name=\"robots\" content=\"index, follow, max-snippet:-1, max-image-preview:large, max-video-preview:-1\" \/>\n<link rel=\"canonical\" href=\"https:\/\/www.copealcoy.es\/es\/mediodia-cope-alcoy-miercoles-30-de-julio-2025-1420h\/\" \/>\n<meta property=\"og:locale\" content=\"es_ES\" \/>\n<meta property=\"og:type\" content=\"article\" \/>\n<meta property=\"og:title\" content=\"\u2018Mediod\u00eda Cope\u2019 Alcoy mi\u00e9rcoles 30 de julio 2025 (14:20h) - COPE Alcoy\" \/>\n<meta property=\"og:description\" content=\"Hoy mi\u00e9rcoles hemos destacado las ayudas que recibir\u00e1 Alcoy, procedentes del IVACE, para la mejora de los Pol\u00edgonos Industriales. Tambi\u00e9n...\" \/>\n<meta property=\"og:url\" content=\"https:\/\/www.copealcoy.es\/es\/mediodia-cope-alcoy-miercoles-30-de-julio-2025-1420h\/\" \/>\n<meta property=\"og:site_name\" content=\"COPE Alcoy\" \/>\n<meta property=\"article:published_time\" content=\"2025-07-30T06:30:17+00:00\" \/>\n<meta property=\"article:modified_time\" content=\"2025-07-30T15:12:07+00:00\" \/>\n<meta property=\"og:image\" content=\"https:\/\/www.copealcoy.es\/wp-content\/uploads\/2025\/02\/Mediodia-Cope-Castellano.png\" \/>\n\t<meta property=\"og:image:width\" content=\"357\" \/>\n\t<meta property=\"og:image:height\" content=\"290\" \/>\n\t<meta property=\"og:image:type\" content=\"image\/png\" \/>\n<meta name=\"author\" content=\"Cope Alcoy\" \/>\n<meta name=\"twitter:label1\" content=\"Escrito por\" \/>\n\t<meta name=\"twitter:data1\" content=\"Cope Alcoy\" \/>\n\t<meta name=\"twitter:label2\" content=\"Tiempo de lectura\" \/>\n\t<meta name=\"twitter:data2\" content=\"4 minutos\" \/>\n<script type=\"application\/ld+json\" class=\"yoast-schema-graph\">{\"@context\":\"https:\\\/\\\/schema.org\",\"@graph\":[{\"@type\":\"Article\",\"@id\":\"https:\\\/\\\/www.copealcoy.es\\\/es\\\/mediodia-cope-alcoy-miercoles-30-de-julio-2025-1420h\\\/#article\",\"isPartOf\":{\"@id\":\"https:\\\/\\\/www.copealcoy.es\\\/es\\\/mediodia-cope-alcoy-miercoles-30-de-julio-2025-1420h\\\/\"},\"author\":{\"name\":\"Cope Alcoy\",\"@id\":\"https:\\\/\\\/www.copealcoy.es\\\/es\\\/#\\\/schema\\\/person\\\/e777c87fa024e57d40170af9df39882c\"},\"headline\":\"\u2018Mediod\u00eda Cope\u2019 Alcoy mi\u00e9rcoles 30 de julio 2025 (14:20h)\",\"datePublished\":\"2025-07-30T06:30:17+00:00\",\"dateModified\":\"2025-07-30T15:12:07+00:00\",\"mainEntityOfPage\":{\"@id\":\"https:\\\/\\\/www.copealcoy.es\\\/es\\\/mediodia-cope-alcoy-miercoles-30-de-julio-2025-1420h\\\/\"},\"wordCount\":669,\"image\":{\"@id\":\"https:\\\/\\\/www.copealcoy.es\\\/es\\\/mediodia-cope-alcoy-miercoles-30-de-julio-2025-1420h\\\/#primaryimage\"},\"thumbnailUrl\":\"https:\\\/\\\/www.copealcoy.es\\\/wp-content\\\/uploads\\\/2025\\\/02\\\/Mediodia-Cope-Castellano.png\",\"articleSection\":[\"Actualidad\",\"Audios de los programas\",\"Informativos\",\"Noticias\"],\"inLanguage\":\"es\"},{\"@type\":\"WebPage\",\"@id\":\"https:\\\/\\\/www.copealcoy.es\\\/es\\\/mediodia-cope-alcoy-miercoles-30-de-julio-2025-1420h\\\/\",\"url\":\"https:\\\/\\\/www.copealcoy.es\\\/es\\\/mediodia-cope-alcoy-miercoles-30-de-julio-2025-1420h\\\/\",\"name\":\"\u2018Mediod\u00eda Cope\u2019 Alcoy mi\u00e9rcoles 30 de julio 2025 (14:20h) - COPE Alcoy\",\"isPartOf\":{\"@id\":\"https:\\\/\\\/www.copealcoy.es\\\/es\\\/#website\"},\"primaryImageOfPage\":{\"@id\":\"https:\\\/\\\/www.copealcoy.es\\\/es\\\/mediodia-cope-alcoy-miercoles-30-de-julio-2025-1420h\\\/#primaryimage\"},\"image\":{\"@id\":\"https:\\\/\\\/www.copealcoy.es\\\/es\\\/mediodia-cope-alcoy-miercoles-30-de-julio-2025-1420h\\\/#primaryimage\"},\"thumbnailUrl\":\"https:\\\/\\\/www.copealcoy.es\\\/wp-content\\\/uploads\\\/2025\\\/02\\\/Mediodia-Cope-Castellano.png\",\"datePublished\":\"2025-07-30T06:30:17+00:00\",\"dateModified\":\"2025-07-30T15:12:07+00:00\",\"author\":{\"@id\":\"https:\\\/\\\/www.copealcoy.es\\\/es\\\/#\\\/schema\\\/person\\\/e777c87fa024e57d40170af9df39882c\"},\"breadcrumb\":{\"@id\":\"https:\\\/\\\/www.copealcoy.es\\\/es\\\/mediodia-cope-alcoy-miercoles-30-de-julio-2025-1420h\\\/#breadcrumb\"},\"inLanguage\":\"es\",\"potentialAction\":[{\"@type\":\"ReadAction\",\"target\":[\"https:\\\/\\\/www.copealcoy.es\\\/es\\\/mediodia-cope-alcoy-miercoles-30-de-julio-2025-1420h\\\/\"]}]},{\"@type\":\"ImageObject\",\"inLanguage\":\"es\",\"@id\":\"https:\\\/\\\/www.copealcoy.es\\\/es\\\/mediodia-cope-alcoy-miercoles-30-de-julio-2025-1420h\\\/#primaryimage\",\"url\":\"https:\\\/\\\/www.copealcoy.es\\\/wp-content\\\/uploads\\\/2025\\\/02\\\/Mediodia-Cope-Castellano.png\",\"contentUrl\":\"https:\\\/\\\/www.copealcoy.es\\\/wp-content\\\/uploads\\\/2025\\\/02\\\/Mediodia-Cope-Castellano.png\",\"width\":357,\"height\":290},{\"@type\":\"BreadcrumbList\",\"@id\":\"https:\\\/\\\/www.copealcoy.es\\\/es\\\/mediodia-cope-alcoy-miercoles-30-de-julio-2025-1420h\\\/#breadcrumb\",\"itemListElement\":[{\"@type\":\"ListItem\",\"position\":1,\"name\":\"Portada\",\"item\":\"https:\\\/\\\/www.copealcoy.es\\\/es\\\/\"},{\"@type\":\"ListItem\",\"position\":2,\"name\":\"\u2018Mediod\u00eda Cope\u2019 Alcoy mi\u00e9rcoles 30 de julio 2025 (14:20h)\"}]},{\"@type\":\"WebSite\",\"@id\":\"https:\\\/\\\/www.copealcoy.es\\\/es\\\/#website\",\"url\":\"https:\\\/\\\/www.copealcoy.es\\\/es\\\/\",\"name\":\"COPE Alcoy\",\"description\":\"Emisora COPE de radio local con emisi\u00f3n online. Pont de Sant Jordi 8-10 03803 Alcoy\",\"potentialAction\":[{\"@type\":\"SearchAction\",\"target\":{\"@type\":\"EntryPoint\",\"urlTemplate\":\"https:\\\/\\\/www.copealcoy.es\\\/es\\\/?s={search_term_string}\"},\"query-input\":{\"@type\":\"PropertyValueSpecification\",\"valueRequired\":true,\"valueName\":\"search_term_string\"}}],\"inLanguage\":\"es\"},{\"@type\":\"Person\",\"@id\":\"https:\\\/\\\/www.copealcoy.es\\\/es\\\/#\\\/schema\\\/person\\\/e777c87fa024e57d40170af9df39882c\",\"name\":\"Cope Alcoy\",\"image\":{\"@type\":\"ImageObject\",\"inLanguage\":\"es\",\"@id\":\"https:\\\/\\\/secure.gravatar.com\\\/avatar\\\/bb65d0283347e303893ba14f0692005417c1e0e690a325a4c5d8bb2b3943ee14?s=96&d=mm&r=g\",\"url\":\"https:\\\/\\\/secure.gravatar.com\\\/avatar\\\/bb65d0283347e303893ba14f0692005417c1e0e690a325a4c5d8bb2b3943ee14?s=96&d=mm&r=g\",\"contentUrl\":\"https:\\\/\\\/secure.gravatar.com\\\/avatar\\\/bb65d0283347e303893ba14f0692005417c1e0e690a325a4c5d8bb2b3943ee14?s=96&d=mm&r=g\",\"caption\":\"Cope Alcoy\"}}]}<\/script>\n<!-- \/ Yoast SEO plugin. -->","yoast_head_json":{"title":"\u2018Mediod\u00eda Cope\u2019 Alcoy mi\u00e9rcoles 30 de julio 2025 (14:20h) - COPE Alcoy","robots":{"index":"index","follow":"follow","max-snippet":"max-snippet:-1","max-image-preview":"max-image-preview:large","max-video-preview":"max-video-preview:-1"},"canonical":"https:\/\/www.copealcoy.es\/es\/mediodia-cope-alcoy-miercoles-30-de-julio-2025-1420h\/","og_locale":"es_ES","og_type":"article","og_title":"\u2018Mediod\u00eda Cope\u2019 Alcoy mi\u00e9rcoles 30 de julio 2025 (14:20h) - COPE Alcoy","og_description":"Hoy mi\u00e9rcoles hemos destacado las ayudas que recibir\u00e1 Alcoy, procedentes del IVACE, para la mejora de los Pol\u00edgonos Industriales. Tambi\u00e9n...","og_url":"https:\/\/www.copealcoy.es\/es\/mediodia-cope-alcoy-miercoles-30-de-julio-2025-1420h\/","og_site_name":"COPE Alcoy","article_published_time":"2025-07-30T06:30:17+00:00","article_modified_time":"2025-07-30T15:12:07+00:00","og_image":[{"width":357,"height":290,"url":"https:\/\/www.copealcoy.es\/wp-content\/uploads\/2025\/02\/Mediodia-Cope-Castellano.png","type":"image\/png"}],"author":"Cope Alcoy","twitter_misc":{"Escrito por":"Cope Alcoy","Tiempo de lectura":"4 minutos"},"schema":{"@context":"https:\/\/schema.org","@graph":[{"@type":"Article","@id":"https:\/\/www.copealcoy.es\/es\/mediodia-cope-alcoy-miercoles-30-de-julio-2025-1420h\/#article","isPartOf":{"@id":"https:\/\/www.copealcoy.es\/es\/mediodia-cope-alcoy-miercoles-30-de-julio-2025-1420h\/"},"author":{"name":"Cope Alcoy","@id":"https:\/\/www.copealcoy.es\/es\/#\/schema\/person\/e777c87fa024e57d40170af9df39882c"},"headline":"\u2018Mediod\u00eda Cope\u2019 Alcoy mi\u00e9rcoles 30 de julio 2025 (14:20h)","datePublished":"2025-07-30T06:30:17+00:00","dateModified":"2025-07-30T15:12:07+00:00","mainEntityOfPage":{"@id":"https:\/\/www.copealcoy.es\/es\/mediodia-cope-alcoy-miercoles-30-de-julio-2025-1420h\/"},"wordCount":669,"image":{"@id":"https:\/\/www.copealcoy.es\/es\/mediodia-cope-alcoy-miercoles-30-de-julio-2025-1420h\/#primaryimage"},"thumbnailUrl":"https:\/\/www.copealcoy.es\/wp-content\/uploads\/2025\/02\/Mediodia-Cope-Castellano.png","articleSection":["Actualidad","Audios de los programas","Informativos","Noticias"],"inLanguage":"es"},{"@type":"WebPage","@id":"https:\/\/www.copealcoy.es\/es\/mediodia-cope-alcoy-miercoles-30-de-julio-2025-1420h\/","url":"https:\/\/www.copealcoy.es\/es\/mediodia-cope-alcoy-miercoles-30-de-julio-2025-1420h\/","name":"\u2018Mediod\u00eda Cope\u2019 Alcoy mi\u00e9rcoles 30 de julio 2025 (14:20h) - COPE Alcoy","isPartOf":{"@id":"https:\/\/www.copealcoy.es\/es\/#website"},"primaryImageOfPage":{"@id":"https:\/\/www.copealcoy.es\/es\/mediodia-cope-alcoy-miercoles-30-de-julio-2025-1420h\/#primaryimage"},"image":{"@id":"https:\/\/www.copealcoy.es\/es\/mediodia-cope-alcoy-miercoles-30-de-julio-2025-1420h\/#primaryimage"},"thumbnailUrl":"https:\/\/www.copealcoy.es\/wp-content\/uploads\/2025\/02\/Mediodia-Cope-Castellano.png","datePublished":"2025-07-30T06:30:17+00:00","dateModified":"2025-07-30T15:12:07+00:00","author":{"@id":"https:\/\/www.copealcoy.es\/es\/#\/schema\/person\/e777c87fa024e57d40170af9df39882c"},"breadcrumb":{"@id":"https:\/\/www.copealcoy.es\/es\/mediodia-cope-alcoy-miercoles-30-de-julio-2025-1420h\/#breadcrumb"},"inLanguage":"es","potentialAction":[{"@type":"ReadAction","target":["https:\/\/www.copealcoy.es\/es\/mediodia-cope-alcoy-miercoles-30-de-julio-2025-1420h\/"]}]},{"@type":"ImageObject","inLanguage":"es","@id":"https:\/\/www.copealcoy.es\/es\/mediodia-cope-alcoy-miercoles-30-de-julio-2025-1420h\/#primaryimage","url":"https:\/\/www.copealcoy.es\/wp-content\/uploads\/2025\/02\/Mediodia-Cope-Castellano.png","contentUrl":"https:\/\/www.copealcoy.es\/wp-content\/uploads\/2025\/02\/Mediodia-Cope-Castellano.png","width":357,"height":290},{"@type":"BreadcrumbList","@id":"https:\/\/www.copealcoy.es\/es\/mediodia-cope-alcoy-miercoles-30-de-julio-2025-1420h\/#breadcrumb","itemListElement":[{"@type":"ListItem","position":1,"name":"Portada","item":"https:\/\/www.copealcoy.es\/es\/"},{"@type":"ListItem","position":2,"name":"\u2018Mediod\u00eda Cope\u2019 Alcoy mi\u00e9rcoles 30 de julio 2025 (14:20h)"}]},{"@type":"WebSite","@id":"https:\/\/www.copealcoy.es\/es\/#website","url":"https:\/\/www.copealcoy.es\/es\/","name":"COPE Alcoy","description":"Emisora COPE de radio local con emisi\u00f3n online. Pont de Sant Jordi 8-10 03803 Alcoy","potentialAction":[{"@type":"SearchAction","target":{"@type":"EntryPoint","urlTemplate":"https:\/\/www.copealcoy.es\/es\/?s={search_term_string}"},"query-input":{"@type":"PropertyValueSpecification","valueRequired":true,"valueName":"search_term_string"}}],"inLanguage":"es"},{"@type":"Person","@id":"https:\/\/www.copealcoy.es\/es\/#\/schema\/person\/e777c87fa024e57d40170af9df39882c","name":"Cope Alcoy","image":{"@type":"ImageObject","inLanguage":"es","@id":"https:\/\/secure.gravatar.com\/avatar\/bb65d0283347e303893ba14f0692005417c1e0e690a325a4c5d8bb2b3943ee14?s=96&d=mm&r=g","url":"https:\/\/secure.gravatar.com\/avatar\/bb65d0283347e303893ba14f0692005417c1e0e690a325a4c5d8bb2b3943ee14?s=96&d=mm&r=g","contentUrl":"https:\/\/secure.gravatar.com\/avatar\/bb65d0283347e303893ba14f0692005417c1e0e690a325a4c5d8bb2b3943ee14?s=96&d=mm&r=g","caption":"Cope Alcoy"}}]}},"_links":{"self":[{"href":"https:\/\/www.copealcoy.es\/es\/wp-json\/wp\/v2\/posts\/155737","targetHints":{"allow":["GET"]}}],"collection":[{"href":"https:\/\/www.copealcoy.es\/es\/wp-json\/wp\/v2\/posts"}],"about":[{"href":"https:\/\/www.copealcoy.es\/es\/wp-json\/wp\/v2\/types\/post"}],"author":[{"embeddable":true,"href":"https:\/\/www.copealcoy.es\/es\/wp-json\/wp\/v2\/users\/1"}],"replies":[{"embeddable":true,"href":"https:\/\/www.copealcoy.es\/es\/wp-json\/wp\/v2\/comments?post=155737"}],"version-history":[{"count":3,"href":"https:\/\/www.copealcoy.es\/es\/wp-json\/wp\/v2\/posts\/155737\/revisions"}],"predecessor-version":[{"id":155740,"href":"https:\/\/www.copealcoy.es\/es\/wp-json\/wp\/v2\/posts\/155737\/revisions\/155740"}],"wp:featuredmedia":[{"embeddable":true,"href":"https:\/\/www.copealcoy.es\/es\/wp-json\/wp\/v2\/media\/147663"}],"wp:attachment":[{"href":"https:\/\/www.copealcoy.es\/es\/wp-json\/wp\/v2\/media?parent=155737"}],"wp:term":[{"taxonomy":"category","embeddable":true,"href":"https:\/\/www.copealcoy.es\/es\/wp-json\/wp\/v2\/categories?post=155737"},{"taxonomy":"post_tag","embeddable":true,"href":"https:\/\/www.copealcoy.es\/es\/wp-json\/wp\/v2\/tags?post=155737"}],"curies":[{"name":"wp","href":"https:\/\/api.w.org\/{rel}","templated":true}]}}