{"id":155729,"date":"2025-07-30T07:30:36","date_gmt":"2025-07-30T06:30:36","guid":{"rendered":"https:\/\/www.copealcoy.es\/?p=155729"},"modified":"2025-07-30T15:41:26","modified_gmt":"2025-07-30T14:41:26","slug":"informativo-matinal-miercoles-30-de-julio-2025-0750h","status":"publish","type":"post","link":"https:\/\/www.copealcoy.es\/es\/informativo-matinal-miercoles-30-de-julio-2025-0750h\/","title":{"rendered":"Informativo matinal mi\u00e9rcoles 30 de julio 2025 (07:50h)"},"content":{"rendered":"<p><iframe loading=\"lazy\" title=\"Informativo Matinal Mi\u00e9rcoles 31 De Julio 2025 (07:50h)\" width=\"100%\" height=\"120\" src=\"https:\/\/www.mixcloud.com\/widget\/iframe\/?feed=https%3A%2F%2Fwww.mixcloud.com%2FCOPEAlcoy%2Finformativo-matinal-mi%25C3%25A9rcoles-31-de-julio-2025-0750h%2F&amp;hide_cover=1\" frameborder=\"0\" allow=\"encrypted-media; fullscreen; autoplay; idle-detection; speaker-selection; web-share;\"><\/iframe><\/p>\n<p style=\"text-align: justify;\">Hoy mi\u00e9rcoles hemos recordado que <strong>hace justo un a\u00f1o que se produjo el gran incendio del verano de 2024<\/strong> en nuestras comarcas, un fuego que afect\u00f3 notablemente a Pen\u00e0guila. Tambi\u00e9n<strong> nos hemos centrado en las ayudas que recibir\u00e1 Alcoy del IVACE para la mejora de los Pol\u00edgonos Industriales<\/strong>.<\/p>\n<p style=\"text-align: justify;\">La\u00a0<strong>concejal\u00eda de Industria<\/strong>\u00a0del\u00a0<span style=\"color: #0000ff;\"><a style=\"color: #0000ff;\" href=\"https:\/\/www.alcoi.org\/ca\/portal\/index.html\" target=\"_blank\" rel=\"noopener\"><strong>Ayuntamiento de Alcoy<\/strong><\/a><\/span>\u00a0ha anunciado que ya ha recibido la\u00a0<strong>resoluci\u00f3n de las ayudas solicitadas al IVACE<\/strong>\u00a0para la mejora de los\u00a0<strong>pol\u00edgonos industriales<\/strong>\u00a0de la ciudad.\u00a0La concejala Elisa Guillem\u00a0ha destacado que se han conseguido ayudas para\u00a0<strong>todos los pol\u00edgonos<\/strong>, por un valor superior a los\u00a0<strong>1,4 millones de euros<\/strong>, de los aproximadamente\u00a0<strong>1,8 millones<\/strong>\u00a0que se solicitaron inicialmente.<\/p>\n<p style=\"text-align: justify;\">De esta forma, la inversi\u00f3n total prevista para los a\u00f1os\u00a0<strong>2025 y 2026<\/strong>\u00a0en las zonas industriales de Alcoy supera los\u00a0<strong>1,7 millones de euros<\/strong>, combinando fondos auton\u00f3micos del IVACE y la inversi\u00f3n del Ayuntamiento.\u00a0<em>\u201cCon estas inversiones se permite seguir modernizando las \u00e1reas industriales de Alcoy, y se hace de la mano de las empresas de la ciudad, puesto que las intervenciones que se realizar\u00e1n se han acordado conjuntamente\u201d<\/em>, explica al respecto Guillem. Adem\u00e1s, la concejala resalta que durante el \u00faltimo a\u00f1o, el\u00a0<strong>pol\u00edgono Santiago Pay\u00e0 \u2013 Sant Benet<\/strong>\u00a0<strong>se convirti\u00f3<\/strong>\u00a0<strong>en<\/strong>\u00a0<strong>EGM<\/strong>, lo cual demuestra la importancia y eficacia de este reconocimiento. En este caso, la subvenci\u00f3n ir\u00e1 destinada a parte de las obras del nuevo vial de acceso, que fueron adjudicadas recientemente. Guillem insiste en mostrar su satisfacci\u00f3n por haber logrado que las subvenciones del IVACE lleguen a todos los pol\u00edgonos industriales y agradece el papel fundamental de los t\u00e9cnicos municipales, quienes \u201c<em>han trabajado para hacerlo posible<\/em>. S<em>eguimos trabajando para mejorar nuestros pol\u00edgonos y apostamos por nuestra industria como motor imprescindible de Alcoy\u201d,\u00a0<\/em>concluye.<\/p>\n<p style=\"text-align: justify;\">En cuanto a la distribuci\u00f3n por \u00e1reas industriales,\u00a0<strong>Cotes Baixes<\/strong>\u00a0recibir\u00e1 unos\u00a0<strong>391.000 euros<\/strong>\u00a0(284.374 en 2025 y 107.101 en 2026), mientras que a\u00a0<strong>Cotes Altes<\/strong>\u00a0le corresponden\u00a0<strong>226.500 euros<\/strong>\u00a0(101.600 en 2025 y 124.900 en 2026). Para\u00a0<strong>La Beniata<\/strong>, la ayuda ser\u00e1 superior a los\u00a0<strong>186.700 euros<\/strong>\u00a0(121.932,96 en 2025 y 64.776 en 2026), y para el\u00a0<strong>Castellar<\/strong>, m\u00e1s de\u00a0<strong>172.000 euros<\/strong>\u00a0(99.336 en 2025 y 72.726 en 2026). Por \u00faltimo, el pol\u00edgono\u00a0<strong>Santiago Pay\u00e0 \u2013 Sant Benet<\/strong>\u00a0recibir\u00e1 un total de\u00a0<strong>460.000 euros<\/strong>\u00a0(160.000 en 2025 y 300.000 en 2026).<\/p>\n","protected":false},"excerpt":{"rendered":"<p>Hoy mi\u00e9rcoles hemos recordado que hace justo un a\u00f1o que se produjo el gran incendio del verano de 2024 en&#8230;<\/p>\n","protected":false},"author":1,"featured_media":147669,"comment_status":"closed","ping_status":"closed","sticky":false,"template":"","format":"standard","meta":{"footnotes":""},"categories":[6909,89,91,75],"tags":[],"class_list":["post-155729","post","type-post","status-publish","format-standard","has-post-thumbnail","hentry","category-actualidad","category-audiosdelosprogramas","category-informativos","category-noticias"],"yoast_head":"<!-- This site is optimized with the Yoast SEO plugin v27.3 - https:\/\/yoast.com\/product\/yoast-seo-wordpress\/ -->\n<title>Informativo matinal mi\u00e9rcoles 30 de julio 2025 (07:50h) - COPE Alcoy<\/title>\n<meta name=\"robots\" content=\"index, follow, max-snippet:-1, max-image-preview:large, max-video-preview:-1\" \/>\n<link rel=\"canonical\" href=\"https:\/\/www.copealcoy.es\/es\/informativo-matinal-miercoles-30-de-julio-2025-0750h\/\" \/>\n<meta property=\"og:locale\" content=\"es_ES\" \/>\n<meta property=\"og:type\" content=\"article\" \/>\n<meta property=\"og:title\" content=\"Informativo matinal mi\u00e9rcoles 30 de julio 2025 (07:50h) - COPE Alcoy\" \/>\n<meta property=\"og:description\" content=\"Hoy mi\u00e9rcoles hemos recordado que hace justo un a\u00f1o que se produjo el gran incendio del verano de 2024 en...\" \/>\n<meta property=\"og:url\" content=\"https:\/\/www.copealcoy.es\/es\/informativo-matinal-miercoles-30-de-julio-2025-0750h\/\" \/>\n<meta property=\"og:site_name\" content=\"COPE Alcoy\" \/>\n<meta property=\"article:published_time\" content=\"2025-07-30T06:30:36+00:00\" \/>\n<meta property=\"article:modified_time\" content=\"2025-07-30T14:41:26+00:00\" \/>\n<meta property=\"og:image\" content=\"https:\/\/www.copealcoy.es\/wp-content\/uploads\/2025\/02\/Informativo-Matinal-Castellano.png\" \/>\n\t<meta property=\"og:image:width\" content=\"357\" \/>\n\t<meta property=\"og:image:height\" content=\"290\" \/>\n\t<meta property=\"og:image:type\" content=\"image\/png\" \/>\n<meta name=\"author\" content=\"Cope Alcoy\" \/>\n<meta name=\"twitter:label1\" content=\"Escrito por\" \/>\n\t<meta name=\"twitter:data1\" content=\"Cope Alcoy\" \/>\n\t<meta name=\"twitter:label2\" content=\"Tiempo de lectura\" \/>\n\t<meta name=\"twitter:data2\" content=\"3 minutos\" \/>\n<script type=\"application\/ld+json\" class=\"yoast-schema-graph\">{\"@context\":\"https:\\\/\\\/schema.org\",\"@graph\":[{\"@type\":\"Article\",\"@id\":\"https:\\\/\\\/www.copealcoy.es\\\/es\\\/informativo-matinal-miercoles-30-de-julio-2025-0750h\\\/#article\",\"isPartOf\":{\"@id\":\"https:\\\/\\\/www.copealcoy.es\\\/es\\\/informativo-matinal-miercoles-30-de-julio-2025-0750h\\\/\"},\"author\":{\"name\":\"Cope Alcoy\",\"@id\":\"https:\\\/\\\/www.copealcoy.es\\\/es\\\/#\\\/schema\\\/person\\\/e777c87fa024e57d40170af9df39882c\"},\"headline\":\"Informativo matinal mi\u00e9rcoles 30 de julio 2025 (07:50h)\",\"datePublished\":\"2025-07-30T06:30:36+00:00\",\"dateModified\":\"2025-07-30T14:41:26+00:00\",\"mainEntityOfPage\":{\"@id\":\"https:\\\/\\\/www.copealcoy.es\\\/es\\\/informativo-matinal-miercoles-30-de-julio-2025-0750h\\\/\"},\"wordCount\":394,\"image\":{\"@id\":\"https:\\\/\\\/www.copealcoy.es\\\/es\\\/informativo-matinal-miercoles-30-de-julio-2025-0750h\\\/#primaryimage\"},\"thumbnailUrl\":\"https:\\\/\\\/www.copealcoy.es\\\/wp-content\\\/uploads\\\/2025\\\/02\\\/Informativo-Matinal-Castellano.png\",\"articleSection\":[\"Actualidad\",\"Audios de los programas\",\"Informativos\",\"Noticias\"],\"inLanguage\":\"es\"},{\"@type\":\"WebPage\",\"@id\":\"https:\\\/\\\/www.copealcoy.es\\\/es\\\/informativo-matinal-miercoles-30-de-julio-2025-0750h\\\/\",\"url\":\"https:\\\/\\\/www.copealcoy.es\\\/es\\\/informativo-matinal-miercoles-30-de-julio-2025-0750h\\\/\",\"name\":\"Informativo matinal mi\u00e9rcoles 30 de julio 2025 (07:50h) - COPE Alcoy\",\"isPartOf\":{\"@id\":\"https:\\\/\\\/www.copealcoy.es\\\/es\\\/#website\"},\"primaryImageOfPage\":{\"@id\":\"https:\\\/\\\/www.copealcoy.es\\\/es\\\/informativo-matinal-miercoles-30-de-julio-2025-0750h\\\/#primaryimage\"},\"image\":{\"@id\":\"https:\\\/\\\/www.copealcoy.es\\\/es\\\/informativo-matinal-miercoles-30-de-julio-2025-0750h\\\/#primaryimage\"},\"thumbnailUrl\":\"https:\\\/\\\/www.copealcoy.es\\\/wp-content\\\/uploads\\\/2025\\\/02\\\/Informativo-Matinal-Castellano.png\",\"datePublished\":\"2025-07-30T06:30:36+00:00\",\"dateModified\":\"2025-07-30T14:41:26+00:00\",\"author\":{\"@id\":\"https:\\\/\\\/www.copealcoy.es\\\/es\\\/#\\\/schema\\\/person\\\/e777c87fa024e57d40170af9df39882c\"},\"breadcrumb\":{\"@id\":\"https:\\\/\\\/www.copealcoy.es\\\/es\\\/informativo-matinal-miercoles-30-de-julio-2025-0750h\\\/#breadcrumb\"},\"inLanguage\":\"es\",\"potentialAction\":[{\"@type\":\"ReadAction\",\"target\":[\"https:\\\/\\\/www.copealcoy.es\\\/es\\\/informativo-matinal-miercoles-30-de-julio-2025-0750h\\\/\"]}]},{\"@type\":\"ImageObject\",\"inLanguage\":\"es\",\"@id\":\"https:\\\/\\\/www.copealcoy.es\\\/es\\\/informativo-matinal-miercoles-30-de-julio-2025-0750h\\\/#primaryimage\",\"url\":\"https:\\\/\\\/www.copealcoy.es\\\/wp-content\\\/uploads\\\/2025\\\/02\\\/Informativo-Matinal-Castellano.png\",\"contentUrl\":\"https:\\\/\\\/www.copealcoy.es\\\/wp-content\\\/uploads\\\/2025\\\/02\\\/Informativo-Matinal-Castellano.png\",\"width\":357,\"height\":290},{\"@type\":\"BreadcrumbList\",\"@id\":\"https:\\\/\\\/www.copealcoy.es\\\/es\\\/informativo-matinal-miercoles-30-de-julio-2025-0750h\\\/#breadcrumb\",\"itemListElement\":[{\"@type\":\"ListItem\",\"position\":1,\"name\":\"Portada\",\"item\":\"https:\\\/\\\/www.copealcoy.es\\\/es\\\/\"},{\"@type\":\"ListItem\",\"position\":2,\"name\":\"Informativo matinal mi\u00e9rcoles 30 de julio 2025 (07:50h)\"}]},{\"@type\":\"WebSite\",\"@id\":\"https:\\\/\\\/www.copealcoy.es\\\/es\\\/#website\",\"url\":\"https:\\\/\\\/www.copealcoy.es\\\/es\\\/\",\"name\":\"COPE Alcoy\",\"description\":\"Emisora COPE de radio local con emisi\u00f3n online. Pont de Sant Jordi 8-10 03803 Alcoy\",\"potentialAction\":[{\"@type\":\"SearchAction\",\"target\":{\"@type\":\"EntryPoint\",\"urlTemplate\":\"https:\\\/\\\/www.copealcoy.es\\\/es\\\/?s={search_term_string}\"},\"query-input\":{\"@type\":\"PropertyValueSpecification\",\"valueRequired\":true,\"valueName\":\"search_term_string\"}}],\"inLanguage\":\"es\"},{\"@type\":\"Person\",\"@id\":\"https:\\\/\\\/www.copealcoy.es\\\/es\\\/#\\\/schema\\\/person\\\/e777c87fa024e57d40170af9df39882c\",\"name\":\"Cope Alcoy\",\"image\":{\"@type\":\"ImageObject\",\"inLanguage\":\"es\",\"@id\":\"https:\\\/\\\/secure.gravatar.com\\\/avatar\\\/bb65d0283347e303893ba14f0692005417c1e0e690a325a4c5d8bb2b3943ee14?s=96&d=mm&r=g\",\"url\":\"https:\\\/\\\/secure.gravatar.com\\\/avatar\\\/bb65d0283347e303893ba14f0692005417c1e0e690a325a4c5d8bb2b3943ee14?s=96&d=mm&r=g\",\"contentUrl\":\"https:\\\/\\\/secure.gravatar.com\\\/avatar\\\/bb65d0283347e303893ba14f0692005417c1e0e690a325a4c5d8bb2b3943ee14?s=96&d=mm&r=g\",\"caption\":\"Cope Alcoy\"}}]}<\/script>\n<!-- \/ Yoast SEO plugin. -->","yoast_head_json":{"title":"Informativo matinal mi\u00e9rcoles 30 de julio 2025 (07:50h) - COPE Alcoy","robots":{"index":"index","follow":"follow","max-snippet":"max-snippet:-1","max-image-preview":"max-image-preview:large","max-video-preview":"max-video-preview:-1"},"canonical":"https:\/\/www.copealcoy.es\/es\/informativo-matinal-miercoles-30-de-julio-2025-0750h\/","og_locale":"es_ES","og_type":"article","og_title":"Informativo matinal mi\u00e9rcoles 30 de julio 2025 (07:50h) - COPE Alcoy","og_description":"Hoy mi\u00e9rcoles hemos recordado que hace justo un a\u00f1o que se produjo el gran incendio del verano de 2024 en...","og_url":"https:\/\/www.copealcoy.es\/es\/informativo-matinal-miercoles-30-de-julio-2025-0750h\/","og_site_name":"COPE Alcoy","article_published_time":"2025-07-30T06:30:36+00:00","article_modified_time":"2025-07-30T14:41:26+00:00","og_image":[{"width":357,"height":290,"url":"https:\/\/www.copealcoy.es\/wp-content\/uploads\/2025\/02\/Informativo-Matinal-Castellano.png","type":"image\/png"}],"author":"Cope Alcoy","twitter_misc":{"Escrito por":"Cope Alcoy","Tiempo de lectura":"3 minutos"},"schema":{"@context":"https:\/\/schema.org","@graph":[{"@type":"Article","@id":"https:\/\/www.copealcoy.es\/es\/informativo-matinal-miercoles-30-de-julio-2025-0750h\/#article","isPartOf":{"@id":"https:\/\/www.copealcoy.es\/es\/informativo-matinal-miercoles-30-de-julio-2025-0750h\/"},"author":{"name":"Cope Alcoy","@id":"https:\/\/www.copealcoy.es\/es\/#\/schema\/person\/e777c87fa024e57d40170af9df39882c"},"headline":"Informativo matinal mi\u00e9rcoles 30 de julio 2025 (07:50h)","datePublished":"2025-07-30T06:30:36+00:00","dateModified":"2025-07-30T14:41:26+00:00","mainEntityOfPage":{"@id":"https:\/\/www.copealcoy.es\/es\/informativo-matinal-miercoles-30-de-julio-2025-0750h\/"},"wordCount":394,"image":{"@id":"https:\/\/www.copealcoy.es\/es\/informativo-matinal-miercoles-30-de-julio-2025-0750h\/#primaryimage"},"thumbnailUrl":"https:\/\/www.copealcoy.es\/wp-content\/uploads\/2025\/02\/Informativo-Matinal-Castellano.png","articleSection":["Actualidad","Audios de los programas","Informativos","Noticias"],"inLanguage":"es"},{"@type":"WebPage","@id":"https:\/\/www.copealcoy.es\/es\/informativo-matinal-miercoles-30-de-julio-2025-0750h\/","url":"https:\/\/www.copealcoy.es\/es\/informativo-matinal-miercoles-30-de-julio-2025-0750h\/","name":"Informativo matinal mi\u00e9rcoles 30 de julio 2025 (07:50h) - COPE Alcoy","isPartOf":{"@id":"https:\/\/www.copealcoy.es\/es\/#website"},"primaryImageOfPage":{"@id":"https:\/\/www.copealcoy.es\/es\/informativo-matinal-miercoles-30-de-julio-2025-0750h\/#primaryimage"},"image":{"@id":"https:\/\/www.copealcoy.es\/es\/informativo-matinal-miercoles-30-de-julio-2025-0750h\/#primaryimage"},"thumbnailUrl":"https:\/\/www.copealcoy.es\/wp-content\/uploads\/2025\/02\/Informativo-Matinal-Castellano.png","datePublished":"2025-07-30T06:30:36+00:00","dateModified":"2025-07-30T14:41:26+00:00","author":{"@id":"https:\/\/www.copealcoy.es\/es\/#\/schema\/person\/e777c87fa024e57d40170af9df39882c"},"breadcrumb":{"@id":"https:\/\/www.copealcoy.es\/es\/informativo-matinal-miercoles-30-de-julio-2025-0750h\/#breadcrumb"},"inLanguage":"es","potentialAction":[{"@type":"ReadAction","target":["https:\/\/www.copealcoy.es\/es\/informativo-matinal-miercoles-30-de-julio-2025-0750h\/"]}]},{"@type":"ImageObject","inLanguage":"es","@id":"https:\/\/www.copealcoy.es\/es\/informativo-matinal-miercoles-30-de-julio-2025-0750h\/#primaryimage","url":"https:\/\/www.copealcoy.es\/wp-content\/uploads\/2025\/02\/Informativo-Matinal-Castellano.png","contentUrl":"https:\/\/www.copealcoy.es\/wp-content\/uploads\/2025\/02\/Informativo-Matinal-Castellano.png","width":357,"height":290},{"@type":"BreadcrumbList","@id":"https:\/\/www.copealcoy.es\/es\/informativo-matinal-miercoles-30-de-julio-2025-0750h\/#breadcrumb","itemListElement":[{"@type":"ListItem","position":1,"name":"Portada","item":"https:\/\/www.copealcoy.es\/es\/"},{"@type":"ListItem","position":2,"name":"Informativo matinal mi\u00e9rcoles 30 de julio 2025 (07:50h)"}]},{"@type":"WebSite","@id":"https:\/\/www.copealcoy.es\/es\/#website","url":"https:\/\/www.copealcoy.es\/es\/","name":"COPE Alcoy","description":"Emisora COPE de radio local con emisi\u00f3n online. Pont de Sant Jordi 8-10 03803 Alcoy","potentialAction":[{"@type":"SearchAction","target":{"@type":"EntryPoint","urlTemplate":"https:\/\/www.copealcoy.es\/es\/?s={search_term_string}"},"query-input":{"@type":"PropertyValueSpecification","valueRequired":true,"valueName":"search_term_string"}}],"inLanguage":"es"},{"@type":"Person","@id":"https:\/\/www.copealcoy.es\/es\/#\/schema\/person\/e777c87fa024e57d40170af9df39882c","name":"Cope Alcoy","image":{"@type":"ImageObject","inLanguage":"es","@id":"https:\/\/secure.gravatar.com\/avatar\/bb65d0283347e303893ba14f0692005417c1e0e690a325a4c5d8bb2b3943ee14?s=96&d=mm&r=g","url":"https:\/\/secure.gravatar.com\/avatar\/bb65d0283347e303893ba14f0692005417c1e0e690a325a4c5d8bb2b3943ee14?s=96&d=mm&r=g","contentUrl":"https:\/\/secure.gravatar.com\/avatar\/bb65d0283347e303893ba14f0692005417c1e0e690a325a4c5d8bb2b3943ee14?s=96&d=mm&r=g","caption":"Cope Alcoy"}}]}},"_links":{"self":[{"href":"https:\/\/www.copealcoy.es\/es\/wp-json\/wp\/v2\/posts\/155729","targetHints":{"allow":["GET"]}}],"collection":[{"href":"https:\/\/www.copealcoy.es\/es\/wp-json\/wp\/v2\/posts"}],"about":[{"href":"https:\/\/www.copealcoy.es\/es\/wp-json\/wp\/v2\/types\/post"}],"author":[{"embeddable":true,"href":"https:\/\/www.copealcoy.es\/es\/wp-json\/wp\/v2\/users\/1"}],"replies":[{"embeddable":true,"href":"https:\/\/www.copealcoy.es\/es\/wp-json\/wp\/v2\/comments?post=155729"}],"version-history":[{"count":2,"href":"https:\/\/www.copealcoy.es\/es\/wp-json\/wp\/v2\/posts\/155729\/revisions"}],"predecessor-version":[{"id":155731,"href":"https:\/\/www.copealcoy.es\/es\/wp-json\/wp\/v2\/posts\/155729\/revisions\/155731"}],"wp:featuredmedia":[{"embeddable":true,"href":"https:\/\/www.copealcoy.es\/es\/wp-json\/wp\/v2\/media\/147669"}],"wp:attachment":[{"href":"https:\/\/www.copealcoy.es\/es\/wp-json\/wp\/v2\/media?parent=155729"}],"wp:term":[{"taxonomy":"category","embeddable":true,"href":"https:\/\/www.copealcoy.es\/es\/wp-json\/wp\/v2\/categories?post=155729"},{"taxonomy":"post_tag","embeddable":true,"href":"https:\/\/www.copealcoy.es\/es\/wp-json\/wp\/v2\/tags?post=155729"}],"curies":[{"name":"wp","href":"https:\/\/api.w.org\/{rel}","templated":true}]}}