{"id":155661,"date":"2025-07-30T08:00:17","date_gmt":"2025-07-30T07:00:17","guid":{"rendered":"https:\/\/www.copealcoy.es\/?p=155661"},"modified":"2025-08-01T17:12:32","modified_gmt":"2025-08-01T16:12:32","slug":"conselleria-muestra-su-compromiso-para-seguir-mejorando-el-bus-comarcal","status":"publish","type":"post","link":"https:\/\/www.copealcoy.es\/es\/conselleria-muestra-su-compromiso-para-seguir-mejorando-el-bus-comarcal\/","title":{"rendered":"Conselleria muestra su compromiso para seguir mejorando el bus comarcal"},"content":{"rendered":"<p style=\"text-align: justify;\">El\u00a0<a href=\"https:\/\/mediambient.gva.es\/es\/\" target=\"_blank\" rel=\"noopener\"><span style=\"color: #0000ff;\"><strong>conseller de Medio Ambiente, Infraestructuras y Territorio de la Generalitat Valenciana<\/strong><\/span><\/a>,\u00a0<strong>Vicente Mart\u00ednez Mus<\/strong>, se ha reunido recientemente con <strong>miembros de la Plataforma de Afectados por el Transporte P\u00fablico Comarcal de Alcoy-Cocentaina-Muro<\/strong> a propuesta de la misma <strong>Generalitat<\/strong>\u00a0para analizar la puesta en servicio de\u00a0<strong>BUSCO<\/strong>, &#8220;<em>la\u00a0nueva red de transporte p\u00fablico que conecta de forma m\u00e1s eficiente y sostenible&#8221;<\/em> las comarcas de\u00a0<strong>L\u2019Alcoi\u00e0, El Comtat y La Marina Alta<\/strong>. En la reuni\u00f3n, en la que tambi\u00e9n particip\u00f3 el\u00a0<strong>secretario auton\u00f3mico de Infraestructuras, Javier Sendra<\/strong>, y el\u00a0<strong>director general de Transporte y Log\u00edstica, Manuel R\u00edos<\/strong>, se present\u00f3 el\u00a0<strong>proyecto<\/strong> y se acord\u00f3 que los miembros de la mencioanda Plataforma trasladar\u00e1n demandas espec\u00edficas referidas a la recuperaci\u00f3n de <strong>paradas<\/strong> u\u00a0<strong>horarios<\/strong>\u00a0que proponen incluir.<\/p>\n<p style=\"text-align: justify;\">El objetivo es <strong>bajar al detalle y analizar su viabilidad<\/strong> ante la evidencia de que hay que examinar espec\u00edficamente cada una de las 11 l\u00edneas y determinar el funcionamiento de cada una m\u00e1s all\u00e1 de realizar cr\u00edticas gen\u00e9ricas. El\u00a0<strong>conseller<\/strong>\u00a0ha agradecido que la entidad haya aceptado la invitaci\u00f3n cursada por parte de la\u00a0<strong>Conselleria<\/strong> y se ha comprometido a estudiar el documento cuando sea trasladado seg\u00fan explican desde la misma Conselleria. Adem\u00e1s, el Conseller ha lamentado de nuevo que <strong>Ayuntamientos como Alcoy no presentasen alegaciones<\/strong>\u00a0al proyecto cuando estaba en fase de recopilaci\u00f3n de demandas, despu\u00e9s de que la\u00a0<strong>Plataforma<\/strong> asegurara que &#8220;<em>entend\u00edan que los alcaldes y gobiernos locales trasladaban las peticiones tras las reuniones con los representantes municipales&#8221;,\u00a0<\/em>dijeron en el encuentro.<\/p>\n<p style=\"text-align: justify;\">Mart\u00ednez Mus ha abogado &#8220;<em>por mantener esta comunicaci\u00f3n y seguir los cauces habilitados para mejorar un servicio&#8221;<\/em>, que durante los primeros d\u00edas de funcionamiento debe ser afinado. Finalmente, ha agradecido que <strong>s\u00ed se hayan trasladado propuestas rigurosas de mejora<\/strong> por parte de otros actores como la Plataforma de Usuarios del servicio comarcal de autob\u00fas.<\/p>\n","protected":false},"excerpt":{"rendered":"<p>El\u00a0conseller de Medio Ambiente, Infraestructuras y Territorio de la Generalitat Valenciana,\u00a0Vicente Mart\u00ednez Mus, se ha reunido recientemente con miembros de&#8230;<\/p>\n","protected":false},"author":1,"featured_media":155662,"comment_status":"closed","ping_status":"closed","sticky":false,"template":"","format":"standard","meta":{"footnotes":""},"categories":[6909,97,98,75],"tags":[12109,561,994,164,1074],"class_list":["post-155661","post","type-post","status-publish","format-standard","has-post-thumbnail","hentry","category-actualidad","category-alcoy","category-comarcas","category-noticias","tag-bus-comarcal","tag-conselleria","tag-generalitat-valenciana","tag-mejoras","tag-reunion"],"yoast_head":"<!-- This site is optimized with the Yoast SEO plugin v27.3 - https:\/\/yoast.com\/product\/yoast-seo-wordpress\/ -->\n<title>Conselleria muestra su compromiso para seguir mejorando el bus comarcal - COPE Alcoy<\/title>\n<meta name=\"description\" content=\"Conselleria muestra su compromiso para seguir mejorar el servicio de bus comarcal\" \/>\n<meta name=\"robots\" content=\"index, follow, max-snippet:-1, max-image-preview:large, max-video-preview:-1\" \/>\n<link rel=\"canonical\" href=\"https:\/\/www.copealcoy.es\/es\/conselleria-muestra-su-compromiso-para-seguir-mejorando-el-bus-comarcal\/\" \/>\n<meta property=\"og:locale\" content=\"es_ES\" \/>\n<meta property=\"og:type\" content=\"article\" \/>\n<meta property=\"og:title\" content=\"Conselleria muestra su compromiso para seguir mejorando el bus comarcal - COPE Alcoy\" \/>\n<meta property=\"og:description\" content=\"Conselleria muestra su compromiso para seguir mejorar el servicio de bus comarcal\" \/>\n<meta property=\"og:url\" content=\"https:\/\/www.copealcoy.es\/es\/conselleria-muestra-su-compromiso-para-seguir-mejorando-el-bus-comarcal\/\" \/>\n<meta property=\"og:site_name\" content=\"COPE Alcoy\" \/>\n<meta property=\"article:published_time\" content=\"2025-07-30T07:00:17+00:00\" \/>\n<meta property=\"article:modified_time\" content=\"2025-08-01T16:12:32+00:00\" \/>\n<meta property=\"og:image\" content=\"https:\/\/www.copealcoy.es\/wp-content\/uploads\/2025\/07\/Captura-de-Pantalla-2025-07-29-a-las-13.32.01.png\" \/>\n\t<meta property=\"og:image:width\" content=\"726\" \/>\n\t<meta property=\"og:image:height\" content=\"429\" \/>\n\t<meta property=\"og:image:type\" content=\"image\/png\" \/>\n<meta name=\"author\" content=\"Cope Alcoy\" \/>\n<meta name=\"twitter:label1\" content=\"Escrito por\" \/>\n\t<meta name=\"twitter:data1\" content=\"Cope Alcoy\" \/>\n\t<meta name=\"twitter:label2\" content=\"Tiempo de lectura\" \/>\n\t<meta name=\"twitter:data2\" content=\"2 minutos\" \/>\n<script type=\"application\/ld+json\" class=\"yoast-schema-graph\">{\"@context\":\"https:\\\/\\\/schema.org\",\"@graph\":[{\"@type\":\"Article\",\"@id\":\"https:\\\/\\\/www.copealcoy.es\\\/es\\\/conselleria-muestra-su-compromiso-para-seguir-mejorando-el-bus-comarcal\\\/#article\",\"isPartOf\":{\"@id\":\"https:\\\/\\\/www.copealcoy.es\\\/es\\\/conselleria-muestra-su-compromiso-para-seguir-mejorando-el-bus-comarcal\\\/\"},\"author\":{\"name\":\"Cope Alcoy\",\"@id\":\"https:\\\/\\\/www.copealcoy.es\\\/es\\\/#\\\/schema\\\/person\\\/e777c87fa024e57d40170af9df39882c\"},\"headline\":\"Conselleria muestra su compromiso para seguir mejorando el bus comarcal\",\"datePublished\":\"2025-07-30T07:00:17+00:00\",\"dateModified\":\"2025-08-01T16:12:32+00:00\",\"mainEntityOfPage\":{\"@id\":\"https:\\\/\\\/www.copealcoy.es\\\/es\\\/conselleria-muestra-su-compromiso-para-seguir-mejorando-el-bus-comarcal\\\/\"},\"wordCount\":339,\"image\":{\"@id\":\"https:\\\/\\\/www.copealcoy.es\\\/es\\\/conselleria-muestra-su-compromiso-para-seguir-mejorando-el-bus-comarcal\\\/#primaryimage\"},\"thumbnailUrl\":\"https:\\\/\\\/www.copealcoy.es\\\/wp-content\\\/uploads\\\/2025\\\/07\\\/Captura-de-Pantalla-2025-07-29-a-las-13.32.01.png\",\"keywords\":[\"bus comarcal\",\"Conseller\u00eda\",\"Generalitat Valenciana\",\"Mejoras\",\"reuni\u00f3n\"],\"articleSection\":[\"Actualidad\",\"Alcoy\",\"Comarcas\",\"Noticias\"],\"inLanguage\":\"es\"},{\"@type\":\"WebPage\",\"@id\":\"https:\\\/\\\/www.copealcoy.es\\\/es\\\/conselleria-muestra-su-compromiso-para-seguir-mejorando-el-bus-comarcal\\\/\",\"url\":\"https:\\\/\\\/www.copealcoy.es\\\/es\\\/conselleria-muestra-su-compromiso-para-seguir-mejorando-el-bus-comarcal\\\/\",\"name\":\"Conselleria muestra su compromiso para seguir mejorando el bus comarcal - COPE Alcoy\",\"isPartOf\":{\"@id\":\"https:\\\/\\\/www.copealcoy.es\\\/es\\\/#website\"},\"primaryImageOfPage\":{\"@id\":\"https:\\\/\\\/www.copealcoy.es\\\/es\\\/conselleria-muestra-su-compromiso-para-seguir-mejorando-el-bus-comarcal\\\/#primaryimage\"},\"image\":{\"@id\":\"https:\\\/\\\/www.copealcoy.es\\\/es\\\/conselleria-muestra-su-compromiso-para-seguir-mejorando-el-bus-comarcal\\\/#primaryimage\"},\"thumbnailUrl\":\"https:\\\/\\\/www.copealcoy.es\\\/wp-content\\\/uploads\\\/2025\\\/07\\\/Captura-de-Pantalla-2025-07-29-a-las-13.32.01.png\",\"datePublished\":\"2025-07-30T07:00:17+00:00\",\"dateModified\":\"2025-08-01T16:12:32+00:00\",\"author\":{\"@id\":\"https:\\\/\\\/www.copealcoy.es\\\/es\\\/#\\\/schema\\\/person\\\/e777c87fa024e57d40170af9df39882c\"},\"description\":\"Conselleria muestra su compromiso para seguir mejorar el servicio de bus comarcal\",\"breadcrumb\":{\"@id\":\"https:\\\/\\\/www.copealcoy.es\\\/es\\\/conselleria-muestra-su-compromiso-para-seguir-mejorando-el-bus-comarcal\\\/#breadcrumb\"},\"inLanguage\":\"es\",\"potentialAction\":[{\"@type\":\"ReadAction\",\"target\":[\"https:\\\/\\\/www.copealcoy.es\\\/es\\\/conselleria-muestra-su-compromiso-para-seguir-mejorando-el-bus-comarcal\\\/\"]}]},{\"@type\":\"ImageObject\",\"inLanguage\":\"es\",\"@id\":\"https:\\\/\\\/www.copealcoy.es\\\/es\\\/conselleria-muestra-su-compromiso-para-seguir-mejorando-el-bus-comarcal\\\/#primaryimage\",\"url\":\"https:\\\/\\\/www.copealcoy.es\\\/wp-content\\\/uploads\\\/2025\\\/07\\\/Captura-de-Pantalla-2025-07-29-a-las-13.32.01.png\",\"contentUrl\":\"https:\\\/\\\/www.copealcoy.es\\\/wp-content\\\/uploads\\\/2025\\\/07\\\/Captura-de-Pantalla-2025-07-29-a-las-13.32.01.png\",\"width\":726,\"height\":429},{\"@type\":\"BreadcrumbList\",\"@id\":\"https:\\\/\\\/www.copealcoy.es\\\/es\\\/conselleria-muestra-su-compromiso-para-seguir-mejorando-el-bus-comarcal\\\/#breadcrumb\",\"itemListElement\":[{\"@type\":\"ListItem\",\"position\":1,\"name\":\"Portada\",\"item\":\"https:\\\/\\\/www.copealcoy.es\\\/es\\\/\"},{\"@type\":\"ListItem\",\"position\":2,\"name\":\"Conselleria muestra su compromiso para seguir mejorando el bus comarcal\"}]},{\"@type\":\"WebSite\",\"@id\":\"https:\\\/\\\/www.copealcoy.es\\\/es\\\/#website\",\"url\":\"https:\\\/\\\/www.copealcoy.es\\\/es\\\/\",\"name\":\"COPE Alcoy\",\"description\":\"Emisora COPE de radio local con emisi\u00f3n online. Pont de Sant Jordi 8-10 03803 Alcoy\",\"potentialAction\":[{\"@type\":\"SearchAction\",\"target\":{\"@type\":\"EntryPoint\",\"urlTemplate\":\"https:\\\/\\\/www.copealcoy.es\\\/es\\\/?s={search_term_string}\"},\"query-input\":{\"@type\":\"PropertyValueSpecification\",\"valueRequired\":true,\"valueName\":\"search_term_string\"}}],\"inLanguage\":\"es\"},{\"@type\":\"Person\",\"@id\":\"https:\\\/\\\/www.copealcoy.es\\\/es\\\/#\\\/schema\\\/person\\\/e777c87fa024e57d40170af9df39882c\",\"name\":\"Cope Alcoy\",\"image\":{\"@type\":\"ImageObject\",\"inLanguage\":\"es\",\"@id\":\"https:\\\/\\\/secure.gravatar.com\\\/avatar\\\/bb65d0283347e303893ba14f0692005417c1e0e690a325a4c5d8bb2b3943ee14?s=96&d=mm&r=g\",\"url\":\"https:\\\/\\\/secure.gravatar.com\\\/avatar\\\/bb65d0283347e303893ba14f0692005417c1e0e690a325a4c5d8bb2b3943ee14?s=96&d=mm&r=g\",\"contentUrl\":\"https:\\\/\\\/secure.gravatar.com\\\/avatar\\\/bb65d0283347e303893ba14f0692005417c1e0e690a325a4c5d8bb2b3943ee14?s=96&d=mm&r=g\",\"caption\":\"Cope Alcoy\"}}]}<\/script>\n<!-- \/ Yoast SEO plugin. -->","yoast_head_json":{"title":"Conselleria muestra su compromiso para seguir mejorando el bus comarcal - COPE Alcoy","description":"Conselleria muestra su compromiso para seguir mejorar el servicio de bus comarcal","robots":{"index":"index","follow":"follow","max-snippet":"max-snippet:-1","max-image-preview":"max-image-preview:large","max-video-preview":"max-video-preview:-1"},"canonical":"https:\/\/www.copealcoy.es\/es\/conselleria-muestra-su-compromiso-para-seguir-mejorando-el-bus-comarcal\/","og_locale":"es_ES","og_type":"article","og_title":"Conselleria muestra su compromiso para seguir mejorando el bus comarcal - COPE Alcoy","og_description":"Conselleria muestra su compromiso para seguir mejorar el servicio de bus comarcal","og_url":"https:\/\/www.copealcoy.es\/es\/conselleria-muestra-su-compromiso-para-seguir-mejorando-el-bus-comarcal\/","og_site_name":"COPE Alcoy","article_published_time":"2025-07-30T07:00:17+00:00","article_modified_time":"2025-08-01T16:12:32+00:00","og_image":[{"width":726,"height":429,"url":"https:\/\/www.copealcoy.es\/wp-content\/uploads\/2025\/07\/Captura-de-Pantalla-2025-07-29-a-las-13.32.01.png","type":"image\/png"}],"author":"Cope Alcoy","twitter_misc":{"Escrito por":"Cope Alcoy","Tiempo de lectura":"2 minutos"},"schema":{"@context":"https:\/\/schema.org","@graph":[{"@type":"Article","@id":"https:\/\/www.copealcoy.es\/es\/conselleria-muestra-su-compromiso-para-seguir-mejorando-el-bus-comarcal\/#article","isPartOf":{"@id":"https:\/\/www.copealcoy.es\/es\/conselleria-muestra-su-compromiso-para-seguir-mejorando-el-bus-comarcal\/"},"author":{"name":"Cope Alcoy","@id":"https:\/\/www.copealcoy.es\/es\/#\/schema\/person\/e777c87fa024e57d40170af9df39882c"},"headline":"Conselleria muestra su compromiso para seguir mejorando el bus comarcal","datePublished":"2025-07-30T07:00:17+00:00","dateModified":"2025-08-01T16:12:32+00:00","mainEntityOfPage":{"@id":"https:\/\/www.copealcoy.es\/es\/conselleria-muestra-su-compromiso-para-seguir-mejorando-el-bus-comarcal\/"},"wordCount":339,"image":{"@id":"https:\/\/www.copealcoy.es\/es\/conselleria-muestra-su-compromiso-para-seguir-mejorando-el-bus-comarcal\/#primaryimage"},"thumbnailUrl":"https:\/\/www.copealcoy.es\/wp-content\/uploads\/2025\/07\/Captura-de-Pantalla-2025-07-29-a-las-13.32.01.png","keywords":["bus comarcal","Conseller\u00eda","Generalitat Valenciana","Mejoras","reuni\u00f3n"],"articleSection":["Actualidad","Alcoy","Comarcas","Noticias"],"inLanguage":"es"},{"@type":"WebPage","@id":"https:\/\/www.copealcoy.es\/es\/conselleria-muestra-su-compromiso-para-seguir-mejorando-el-bus-comarcal\/","url":"https:\/\/www.copealcoy.es\/es\/conselleria-muestra-su-compromiso-para-seguir-mejorando-el-bus-comarcal\/","name":"Conselleria muestra su compromiso para seguir mejorando el bus comarcal - COPE Alcoy","isPartOf":{"@id":"https:\/\/www.copealcoy.es\/es\/#website"},"primaryImageOfPage":{"@id":"https:\/\/www.copealcoy.es\/es\/conselleria-muestra-su-compromiso-para-seguir-mejorando-el-bus-comarcal\/#primaryimage"},"image":{"@id":"https:\/\/www.copealcoy.es\/es\/conselleria-muestra-su-compromiso-para-seguir-mejorando-el-bus-comarcal\/#primaryimage"},"thumbnailUrl":"https:\/\/www.copealcoy.es\/wp-content\/uploads\/2025\/07\/Captura-de-Pantalla-2025-07-29-a-las-13.32.01.png","datePublished":"2025-07-30T07:00:17+00:00","dateModified":"2025-08-01T16:12:32+00:00","author":{"@id":"https:\/\/www.copealcoy.es\/es\/#\/schema\/person\/e777c87fa024e57d40170af9df39882c"},"description":"Conselleria muestra su compromiso para seguir mejorar el servicio de bus comarcal","breadcrumb":{"@id":"https:\/\/www.copealcoy.es\/es\/conselleria-muestra-su-compromiso-para-seguir-mejorando-el-bus-comarcal\/#breadcrumb"},"inLanguage":"es","potentialAction":[{"@type":"ReadAction","target":["https:\/\/www.copealcoy.es\/es\/conselleria-muestra-su-compromiso-para-seguir-mejorando-el-bus-comarcal\/"]}]},{"@type":"ImageObject","inLanguage":"es","@id":"https:\/\/www.copealcoy.es\/es\/conselleria-muestra-su-compromiso-para-seguir-mejorando-el-bus-comarcal\/#primaryimage","url":"https:\/\/www.copealcoy.es\/wp-content\/uploads\/2025\/07\/Captura-de-Pantalla-2025-07-29-a-las-13.32.01.png","contentUrl":"https:\/\/www.copealcoy.es\/wp-content\/uploads\/2025\/07\/Captura-de-Pantalla-2025-07-29-a-las-13.32.01.png","width":726,"height":429},{"@type":"BreadcrumbList","@id":"https:\/\/www.copealcoy.es\/es\/conselleria-muestra-su-compromiso-para-seguir-mejorando-el-bus-comarcal\/#breadcrumb","itemListElement":[{"@type":"ListItem","position":1,"name":"Portada","item":"https:\/\/www.copealcoy.es\/es\/"},{"@type":"ListItem","position":2,"name":"Conselleria muestra su compromiso para seguir mejorando el bus comarcal"}]},{"@type":"WebSite","@id":"https:\/\/www.copealcoy.es\/es\/#website","url":"https:\/\/www.copealcoy.es\/es\/","name":"COPE Alcoy","description":"Emisora COPE de radio local con emisi\u00f3n online. Pont de Sant Jordi 8-10 03803 Alcoy","potentialAction":[{"@type":"SearchAction","target":{"@type":"EntryPoint","urlTemplate":"https:\/\/www.copealcoy.es\/es\/?s={search_term_string}"},"query-input":{"@type":"PropertyValueSpecification","valueRequired":true,"valueName":"search_term_string"}}],"inLanguage":"es"},{"@type":"Person","@id":"https:\/\/www.copealcoy.es\/es\/#\/schema\/person\/e777c87fa024e57d40170af9df39882c","name":"Cope Alcoy","image":{"@type":"ImageObject","inLanguage":"es","@id":"https:\/\/secure.gravatar.com\/avatar\/bb65d0283347e303893ba14f0692005417c1e0e690a325a4c5d8bb2b3943ee14?s=96&d=mm&r=g","url":"https:\/\/secure.gravatar.com\/avatar\/bb65d0283347e303893ba14f0692005417c1e0e690a325a4c5d8bb2b3943ee14?s=96&d=mm&r=g","contentUrl":"https:\/\/secure.gravatar.com\/avatar\/bb65d0283347e303893ba14f0692005417c1e0e690a325a4c5d8bb2b3943ee14?s=96&d=mm&r=g","caption":"Cope Alcoy"}}]}},"_links":{"self":[{"href":"https:\/\/www.copealcoy.es\/es\/wp-json\/wp\/v2\/posts\/155661","targetHints":{"allow":["GET"]}}],"collection":[{"href":"https:\/\/www.copealcoy.es\/es\/wp-json\/wp\/v2\/posts"}],"about":[{"href":"https:\/\/www.copealcoy.es\/es\/wp-json\/wp\/v2\/types\/post"}],"author":[{"embeddable":true,"href":"https:\/\/www.copealcoy.es\/es\/wp-json\/wp\/v2\/users\/1"}],"replies":[{"embeddable":true,"href":"https:\/\/www.copealcoy.es\/es\/wp-json\/wp\/v2\/comments?post=155661"}],"version-history":[{"count":4,"href":"https:\/\/www.copealcoy.es\/es\/wp-json\/wp\/v2\/posts\/155661\/revisions"}],"predecessor-version":[{"id":155685,"href":"https:\/\/www.copealcoy.es\/es\/wp-json\/wp\/v2\/posts\/155661\/revisions\/155685"}],"wp:featuredmedia":[{"embeddable":true,"href":"https:\/\/www.copealcoy.es\/es\/wp-json\/wp\/v2\/media\/155662"}],"wp:attachment":[{"href":"https:\/\/www.copealcoy.es\/es\/wp-json\/wp\/v2\/media?parent=155661"}],"wp:term":[{"taxonomy":"category","embeddable":true,"href":"https:\/\/www.copealcoy.es\/es\/wp-json\/wp\/v2\/categories?post=155661"},{"taxonomy":"post_tag","embeddable":true,"href":"https:\/\/www.copealcoy.es\/es\/wp-json\/wp\/v2\/tags?post=155661"}],"curies":[{"name":"wp","href":"https:\/\/api.w.org\/{rel}","templated":true}]}}