{"id":155619,"date":"2025-08-01T08:00:07","date_gmt":"2025-08-01T07:00:07","guid":{"rendered":"https:\/\/www.copealcoy.es\/?p=155619"},"modified":"2025-08-01T17:13:20","modified_gmt":"2025-08-01T16:13:20","slug":"afama-leera-el-privilegi-en-la-proxima-inauguracion-de-la-fira-de-cocentaina","status":"publish","type":"post","link":"https:\/\/www.copealcoy.es\/es\/afama-leera-el-privilegi-en-la-proxima-inauguracion-de-la-fira-de-cocentaina\/","title":{"rendered":"AFAMA leer\u00e1 el Privilegi en la pr\u00f3xima inauguraci\u00f3n de la Fira de Cocentaina"},"content":{"rendered":"<p style=\"text-align: justify;\">Cocentaina sigue perfilando <strong>la pr\u00f3xima edici\u00f3n de<\/strong> <a href=\"https:\/\/www.firadecocentaina.org\/es\/\" target=\"_blank\" rel=\"noopener\"><span style=\"color: #0000ff;\"><strong>la Fira de Tots Sants<\/strong><\/span><\/a> y en este mes de julio hemos conocido <strong>el nombre de la entidad que se encargar\u00e1 de dar lectura al Privilegi<\/strong> durante la inauguraci\u00f3n oficial del certamen. Este documento plasma <strong>la autorizaci\u00f3n para la realizaci\u00f3n de una Feria con car\u00e1cter anual<\/strong> que materializ\u00f3 en mayo de 1346 el Rey Pere IV El Cerimoni\u00f3s atendiendo as\u00ed la petici\u00f3n que a tal efecto le hizo el entonces se\u00f1or feudal de la Villa, el Almirante Roger de Ll\u00faria.<\/p>\n<p style=\"text-align: justify;\">Desde la organizaci\u00f3n de la Feria encargan cada a\u00f1o esta tarea a una persona relevante de Cocentaina, o a un colectivo local, y en este caso <strong>se ha pensado en la Asociaci\u00f3n de Familiares y Amigos de Enfermos de Alzheimer (AFAMA)<\/strong>, agrupaci\u00f3n que ha cumplido veinticinco a\u00f1os prestando una importante labor en la Villa Condal. La propuesta para que AFAMA lea el Privilegi fue planteada por la misma concejal\u00eda de Fira contando con el aval de toda la Corporaci\u00f3n Municipal y de las partes implicadas en el mismo Consell de Fira &#8220;<em>pensamos que esa labor humanitaria tan importante que realizan merec\u00eda un reconocimiento y as\u00ed lo hemos hecho llegar a la entidad<\/em>&#8220;, explica la propia concejala de Fira; <strong>Marcela Richart<\/strong>. Para AFAMA <strong>la noticia ha supuesto toda una alegr\u00eda<\/strong> e incluso afirman que <strong>no esperaban que hubieran pensado en ellos para llevar a cabo esta funci\u00f3n<\/strong> &#8220;<em>nos citaron en el Ayuntamiento a toda la junta y pens\u00e1bamos que era para tratar alguna cuesti\u00f3n de la entidad, sin embargo fue para decirnos que hab\u00edamos sido elegidos para leer el Privilegi. Hemos sentido mucha emoci\u00f3n y para nosotros es un orgullo representar a todo el pueblo de Cocentaina en este acto que estrena la Fira<\/em>&#8220;, destaca el presidente de la citada Asociaci\u00f3n, <strong>Jos\u00e9 Antonio Terol<\/strong>.<\/p>\n<p style=\"text-align: justify;\">La lectura del Privilegi de la Fira est\u00e1 prevista, en un principio, <strong>para la ma\u00f1ana del 31 de octubre<\/strong> coincidiendo con la inauguraci\u00f3n oficial del evento. Se iniciar\u00e1 as\u00ed <strong>una Fira de Tots Sants breve<\/strong> ya que tan solo trendr\u00e1 tres d\u00edas de duraci\u00f3n entre el mismo 31 de octubre y el 2 de noviembre.<\/p>\n","protected":false},"excerpt":{"rendered":"<p>Cocentaina sigue perfilando la pr\u00f3xima edici\u00f3n de la Fira de Tots Sants y en este mes de julio hemos conocido&#8230;<\/p>\n","protected":false},"author":1,"featured_media":155620,"comment_status":"closed","ping_status":"closed","sticky":false,"template":"","format":"standard","meta":{"footnotes":""},"categories":[6909,98,75],"tags":[2990,132,635,4692,19834],"class_list":["post-155619","post","type-post","status-publish","format-standard","has-post-thumbnail","hentry","category-actualidad","category-comarcas","category-noticias","tag-afama","tag-cocentaina","tag-fira-de-tots-sants","tag-inauguracion-oficial","tag-lectura-privilegi"],"yoast_head":"<!-- This site is optimized with the Yoast SEO plugin v27.3 - https:\/\/yoast.com\/product\/yoast-seo-wordpress\/ -->\n<title>AFAMA leer\u00e1 el Privilegi en la pr\u00f3xima inauguraci\u00f3n de la Fira de Cocentaina - COPE Alcoy<\/title>\n<meta name=\"description\" content=\"AFAMA leer\u00e1 el Privilegi en la pr\u00f3xima inauguraci\u00f3n de la Fira de Cocentaina\" \/>\n<meta name=\"robots\" content=\"index, follow, max-snippet:-1, max-image-preview:large, max-video-preview:-1\" \/>\n<link rel=\"canonical\" href=\"https:\/\/www.copealcoy.es\/es\/afama-leera-el-privilegi-en-la-proxima-inauguracion-de-la-fira-de-cocentaina\/\" \/>\n<meta property=\"og:locale\" content=\"es_ES\" \/>\n<meta property=\"og:type\" content=\"article\" \/>\n<meta property=\"og:title\" content=\"AFAMA leer\u00e1 el Privilegi en la pr\u00f3xima inauguraci\u00f3n de la Fira de Cocentaina - COPE Alcoy\" \/>\n<meta property=\"og:description\" content=\"AFAMA leer\u00e1 el Privilegi en la pr\u00f3xima inauguraci\u00f3n de la Fira de Cocentaina\" \/>\n<meta property=\"og:url\" content=\"https:\/\/www.copealcoy.es\/es\/afama-leera-el-privilegi-en-la-proxima-inauguracion-de-la-fira-de-cocentaina\/\" \/>\n<meta property=\"og:site_name\" content=\"COPE Alcoy\" \/>\n<meta property=\"article:published_time\" content=\"2025-08-01T07:00:07+00:00\" \/>\n<meta property=\"article:modified_time\" content=\"2025-08-01T16:13:20+00:00\" \/>\n<meta property=\"og:image\" content=\"https:\/\/www.copealcoy.es\/wp-content\/uploads\/2025\/07\/517833710_1095313222695850_8310823773764976795_n.jpg\" \/>\n\t<meta property=\"og:image:width\" content=\"787\" \/>\n\t<meta property=\"og:image:height\" content=\"441\" \/>\n\t<meta property=\"og:image:type\" content=\"image\/jpeg\" \/>\n<meta name=\"author\" content=\"Cope Alcoy\" \/>\n<meta name=\"twitter:label1\" content=\"Escrito por\" \/>\n\t<meta name=\"twitter:data1\" content=\"Cope Alcoy\" \/>\n\t<meta name=\"twitter:label2\" content=\"Tiempo de lectura\" \/>\n\t<meta name=\"twitter:data2\" content=\"3 minutos\" \/>\n<script type=\"application\/ld+json\" class=\"yoast-schema-graph\">{\"@context\":\"https:\\\/\\\/schema.org\",\"@graph\":[{\"@type\":\"Article\",\"@id\":\"https:\\\/\\\/www.copealcoy.es\\\/es\\\/afama-leera-el-privilegi-en-la-proxima-inauguracion-de-la-fira-de-cocentaina\\\/#article\",\"isPartOf\":{\"@id\":\"https:\\\/\\\/www.copealcoy.es\\\/es\\\/afama-leera-el-privilegi-en-la-proxima-inauguracion-de-la-fira-de-cocentaina\\\/\"},\"author\":{\"name\":\"Cope Alcoy\",\"@id\":\"https:\\\/\\\/www.copealcoy.es\\\/es\\\/#\\\/schema\\\/person\\\/e777c87fa024e57d40170af9df39882c\"},\"headline\":\"AFAMA leer\u00e1 el Privilegi en la pr\u00f3xima inauguraci\u00f3n de la Fira de Cocentaina\",\"datePublished\":\"2025-08-01T07:00:07+00:00\",\"dateModified\":\"2025-08-01T16:13:20+00:00\",\"mainEntityOfPage\":{\"@id\":\"https:\\\/\\\/www.copealcoy.es\\\/es\\\/afama-leera-el-privilegi-en-la-proxima-inauguracion-de-la-fira-de-cocentaina\\\/\"},\"wordCount\":395,\"image\":{\"@id\":\"https:\\\/\\\/www.copealcoy.es\\\/es\\\/afama-leera-el-privilegi-en-la-proxima-inauguracion-de-la-fira-de-cocentaina\\\/#primaryimage\"},\"thumbnailUrl\":\"https:\\\/\\\/www.copealcoy.es\\\/wp-content\\\/uploads\\\/2025\\\/07\\\/517833710_1095313222695850_8310823773764976795_n.jpg\",\"keywords\":[\"AFAMA\",\"Cocentaina\",\"Fira de Tots Sants\",\"Inauguraci\u00f3n Oficial\",\"lectura Privilegi\"],\"articleSection\":[\"Actualidad\",\"Comarcas\",\"Noticias\"],\"inLanguage\":\"es\"},{\"@type\":\"WebPage\",\"@id\":\"https:\\\/\\\/www.copealcoy.es\\\/es\\\/afama-leera-el-privilegi-en-la-proxima-inauguracion-de-la-fira-de-cocentaina\\\/\",\"url\":\"https:\\\/\\\/www.copealcoy.es\\\/es\\\/afama-leera-el-privilegi-en-la-proxima-inauguracion-de-la-fira-de-cocentaina\\\/\",\"name\":\"AFAMA leer\u00e1 el Privilegi en la pr\u00f3xima inauguraci\u00f3n de la Fira de Cocentaina - COPE Alcoy\",\"isPartOf\":{\"@id\":\"https:\\\/\\\/www.copealcoy.es\\\/es\\\/#website\"},\"primaryImageOfPage\":{\"@id\":\"https:\\\/\\\/www.copealcoy.es\\\/es\\\/afama-leera-el-privilegi-en-la-proxima-inauguracion-de-la-fira-de-cocentaina\\\/#primaryimage\"},\"image\":{\"@id\":\"https:\\\/\\\/www.copealcoy.es\\\/es\\\/afama-leera-el-privilegi-en-la-proxima-inauguracion-de-la-fira-de-cocentaina\\\/#primaryimage\"},\"thumbnailUrl\":\"https:\\\/\\\/www.copealcoy.es\\\/wp-content\\\/uploads\\\/2025\\\/07\\\/517833710_1095313222695850_8310823773764976795_n.jpg\",\"datePublished\":\"2025-08-01T07:00:07+00:00\",\"dateModified\":\"2025-08-01T16:13:20+00:00\",\"author\":{\"@id\":\"https:\\\/\\\/www.copealcoy.es\\\/es\\\/#\\\/schema\\\/person\\\/e777c87fa024e57d40170af9df39882c\"},\"description\":\"AFAMA leer\u00e1 el Privilegi en la pr\u00f3xima inauguraci\u00f3n de la Fira de Cocentaina\",\"breadcrumb\":{\"@id\":\"https:\\\/\\\/www.copealcoy.es\\\/es\\\/afama-leera-el-privilegi-en-la-proxima-inauguracion-de-la-fira-de-cocentaina\\\/#breadcrumb\"},\"inLanguage\":\"es\",\"potentialAction\":[{\"@type\":\"ReadAction\",\"target\":[\"https:\\\/\\\/www.copealcoy.es\\\/es\\\/afama-leera-el-privilegi-en-la-proxima-inauguracion-de-la-fira-de-cocentaina\\\/\"]}]},{\"@type\":\"ImageObject\",\"inLanguage\":\"es\",\"@id\":\"https:\\\/\\\/www.copealcoy.es\\\/es\\\/afama-leera-el-privilegi-en-la-proxima-inauguracion-de-la-fira-de-cocentaina\\\/#primaryimage\",\"url\":\"https:\\\/\\\/www.copealcoy.es\\\/wp-content\\\/uploads\\\/2025\\\/07\\\/517833710_1095313222695850_8310823773764976795_n.jpg\",\"contentUrl\":\"https:\\\/\\\/www.copealcoy.es\\\/wp-content\\\/uploads\\\/2025\\\/07\\\/517833710_1095313222695850_8310823773764976795_n.jpg\",\"width\":787,\"height\":441},{\"@type\":\"BreadcrumbList\",\"@id\":\"https:\\\/\\\/www.copealcoy.es\\\/es\\\/afama-leera-el-privilegi-en-la-proxima-inauguracion-de-la-fira-de-cocentaina\\\/#breadcrumb\",\"itemListElement\":[{\"@type\":\"ListItem\",\"position\":1,\"name\":\"Portada\",\"item\":\"https:\\\/\\\/www.copealcoy.es\\\/es\\\/\"},{\"@type\":\"ListItem\",\"position\":2,\"name\":\"AFAMA leer\u00e1 el Privilegi en la pr\u00f3xima inauguraci\u00f3n de la Fira de Cocentaina\"}]},{\"@type\":\"WebSite\",\"@id\":\"https:\\\/\\\/www.copealcoy.es\\\/es\\\/#website\",\"url\":\"https:\\\/\\\/www.copealcoy.es\\\/es\\\/\",\"name\":\"COPE Alcoy\",\"description\":\"Emisora COPE de radio local con emisi\u00f3n online. Pont de Sant Jordi 8-10 03803 Alcoy\",\"potentialAction\":[{\"@type\":\"SearchAction\",\"target\":{\"@type\":\"EntryPoint\",\"urlTemplate\":\"https:\\\/\\\/www.copealcoy.es\\\/es\\\/?s={search_term_string}\"},\"query-input\":{\"@type\":\"PropertyValueSpecification\",\"valueRequired\":true,\"valueName\":\"search_term_string\"}}],\"inLanguage\":\"es\"},{\"@type\":\"Person\",\"@id\":\"https:\\\/\\\/www.copealcoy.es\\\/es\\\/#\\\/schema\\\/person\\\/e777c87fa024e57d40170af9df39882c\",\"name\":\"Cope Alcoy\",\"image\":{\"@type\":\"ImageObject\",\"inLanguage\":\"es\",\"@id\":\"https:\\\/\\\/secure.gravatar.com\\\/avatar\\\/bb65d0283347e303893ba14f0692005417c1e0e690a325a4c5d8bb2b3943ee14?s=96&d=mm&r=g\",\"url\":\"https:\\\/\\\/secure.gravatar.com\\\/avatar\\\/bb65d0283347e303893ba14f0692005417c1e0e690a325a4c5d8bb2b3943ee14?s=96&d=mm&r=g\",\"contentUrl\":\"https:\\\/\\\/secure.gravatar.com\\\/avatar\\\/bb65d0283347e303893ba14f0692005417c1e0e690a325a4c5d8bb2b3943ee14?s=96&d=mm&r=g\",\"caption\":\"Cope Alcoy\"}}]}<\/script>\n<!-- \/ Yoast SEO plugin. -->","yoast_head_json":{"title":"AFAMA leer\u00e1 el Privilegi en la pr\u00f3xima inauguraci\u00f3n de la Fira de Cocentaina - COPE Alcoy","description":"AFAMA leer\u00e1 el Privilegi en la pr\u00f3xima inauguraci\u00f3n de la Fira de Cocentaina","robots":{"index":"index","follow":"follow","max-snippet":"max-snippet:-1","max-image-preview":"max-image-preview:large","max-video-preview":"max-video-preview:-1"},"canonical":"https:\/\/www.copealcoy.es\/es\/afama-leera-el-privilegi-en-la-proxima-inauguracion-de-la-fira-de-cocentaina\/","og_locale":"es_ES","og_type":"article","og_title":"AFAMA leer\u00e1 el Privilegi en la pr\u00f3xima inauguraci\u00f3n de la Fira de Cocentaina - COPE Alcoy","og_description":"AFAMA leer\u00e1 el Privilegi en la pr\u00f3xima inauguraci\u00f3n de la Fira de Cocentaina","og_url":"https:\/\/www.copealcoy.es\/es\/afama-leera-el-privilegi-en-la-proxima-inauguracion-de-la-fira-de-cocentaina\/","og_site_name":"COPE Alcoy","article_published_time":"2025-08-01T07:00:07+00:00","article_modified_time":"2025-08-01T16:13:20+00:00","og_image":[{"width":787,"height":441,"url":"https:\/\/www.copealcoy.es\/wp-content\/uploads\/2025\/07\/517833710_1095313222695850_8310823773764976795_n.jpg","type":"image\/jpeg"}],"author":"Cope Alcoy","twitter_misc":{"Escrito por":"Cope Alcoy","Tiempo de lectura":"3 minutos"},"schema":{"@context":"https:\/\/schema.org","@graph":[{"@type":"Article","@id":"https:\/\/www.copealcoy.es\/es\/afama-leera-el-privilegi-en-la-proxima-inauguracion-de-la-fira-de-cocentaina\/#article","isPartOf":{"@id":"https:\/\/www.copealcoy.es\/es\/afama-leera-el-privilegi-en-la-proxima-inauguracion-de-la-fira-de-cocentaina\/"},"author":{"name":"Cope Alcoy","@id":"https:\/\/www.copealcoy.es\/es\/#\/schema\/person\/e777c87fa024e57d40170af9df39882c"},"headline":"AFAMA leer\u00e1 el Privilegi en la pr\u00f3xima inauguraci\u00f3n de la Fira de Cocentaina","datePublished":"2025-08-01T07:00:07+00:00","dateModified":"2025-08-01T16:13:20+00:00","mainEntityOfPage":{"@id":"https:\/\/www.copealcoy.es\/es\/afama-leera-el-privilegi-en-la-proxima-inauguracion-de-la-fira-de-cocentaina\/"},"wordCount":395,"image":{"@id":"https:\/\/www.copealcoy.es\/es\/afama-leera-el-privilegi-en-la-proxima-inauguracion-de-la-fira-de-cocentaina\/#primaryimage"},"thumbnailUrl":"https:\/\/www.copealcoy.es\/wp-content\/uploads\/2025\/07\/517833710_1095313222695850_8310823773764976795_n.jpg","keywords":["AFAMA","Cocentaina","Fira de Tots Sants","Inauguraci\u00f3n Oficial","lectura Privilegi"],"articleSection":["Actualidad","Comarcas","Noticias"],"inLanguage":"es"},{"@type":"WebPage","@id":"https:\/\/www.copealcoy.es\/es\/afama-leera-el-privilegi-en-la-proxima-inauguracion-de-la-fira-de-cocentaina\/","url":"https:\/\/www.copealcoy.es\/es\/afama-leera-el-privilegi-en-la-proxima-inauguracion-de-la-fira-de-cocentaina\/","name":"AFAMA leer\u00e1 el Privilegi en la pr\u00f3xima inauguraci\u00f3n de la Fira de Cocentaina - COPE Alcoy","isPartOf":{"@id":"https:\/\/www.copealcoy.es\/es\/#website"},"primaryImageOfPage":{"@id":"https:\/\/www.copealcoy.es\/es\/afama-leera-el-privilegi-en-la-proxima-inauguracion-de-la-fira-de-cocentaina\/#primaryimage"},"image":{"@id":"https:\/\/www.copealcoy.es\/es\/afama-leera-el-privilegi-en-la-proxima-inauguracion-de-la-fira-de-cocentaina\/#primaryimage"},"thumbnailUrl":"https:\/\/www.copealcoy.es\/wp-content\/uploads\/2025\/07\/517833710_1095313222695850_8310823773764976795_n.jpg","datePublished":"2025-08-01T07:00:07+00:00","dateModified":"2025-08-01T16:13:20+00:00","author":{"@id":"https:\/\/www.copealcoy.es\/es\/#\/schema\/person\/e777c87fa024e57d40170af9df39882c"},"description":"AFAMA leer\u00e1 el Privilegi en la pr\u00f3xima inauguraci\u00f3n de la Fira de Cocentaina","breadcrumb":{"@id":"https:\/\/www.copealcoy.es\/es\/afama-leera-el-privilegi-en-la-proxima-inauguracion-de-la-fira-de-cocentaina\/#breadcrumb"},"inLanguage":"es","potentialAction":[{"@type":"ReadAction","target":["https:\/\/www.copealcoy.es\/es\/afama-leera-el-privilegi-en-la-proxima-inauguracion-de-la-fira-de-cocentaina\/"]}]},{"@type":"ImageObject","inLanguage":"es","@id":"https:\/\/www.copealcoy.es\/es\/afama-leera-el-privilegi-en-la-proxima-inauguracion-de-la-fira-de-cocentaina\/#primaryimage","url":"https:\/\/www.copealcoy.es\/wp-content\/uploads\/2025\/07\/517833710_1095313222695850_8310823773764976795_n.jpg","contentUrl":"https:\/\/www.copealcoy.es\/wp-content\/uploads\/2025\/07\/517833710_1095313222695850_8310823773764976795_n.jpg","width":787,"height":441},{"@type":"BreadcrumbList","@id":"https:\/\/www.copealcoy.es\/es\/afama-leera-el-privilegi-en-la-proxima-inauguracion-de-la-fira-de-cocentaina\/#breadcrumb","itemListElement":[{"@type":"ListItem","position":1,"name":"Portada","item":"https:\/\/www.copealcoy.es\/es\/"},{"@type":"ListItem","position":2,"name":"AFAMA leer\u00e1 el Privilegi en la pr\u00f3xima inauguraci\u00f3n de la Fira de Cocentaina"}]},{"@type":"WebSite","@id":"https:\/\/www.copealcoy.es\/es\/#website","url":"https:\/\/www.copealcoy.es\/es\/","name":"COPE Alcoy","description":"Emisora COPE de radio local con emisi\u00f3n online. Pont de Sant Jordi 8-10 03803 Alcoy","potentialAction":[{"@type":"SearchAction","target":{"@type":"EntryPoint","urlTemplate":"https:\/\/www.copealcoy.es\/es\/?s={search_term_string}"},"query-input":{"@type":"PropertyValueSpecification","valueRequired":true,"valueName":"search_term_string"}}],"inLanguage":"es"},{"@type":"Person","@id":"https:\/\/www.copealcoy.es\/es\/#\/schema\/person\/e777c87fa024e57d40170af9df39882c","name":"Cope Alcoy","image":{"@type":"ImageObject","inLanguage":"es","@id":"https:\/\/secure.gravatar.com\/avatar\/bb65d0283347e303893ba14f0692005417c1e0e690a325a4c5d8bb2b3943ee14?s=96&d=mm&r=g","url":"https:\/\/secure.gravatar.com\/avatar\/bb65d0283347e303893ba14f0692005417c1e0e690a325a4c5d8bb2b3943ee14?s=96&d=mm&r=g","contentUrl":"https:\/\/secure.gravatar.com\/avatar\/bb65d0283347e303893ba14f0692005417c1e0e690a325a4c5d8bb2b3943ee14?s=96&d=mm&r=g","caption":"Cope Alcoy"}}]}},"_links":{"self":[{"href":"https:\/\/www.copealcoy.es\/es\/wp-json\/wp\/v2\/posts\/155619","targetHints":{"allow":["GET"]}}],"collection":[{"href":"https:\/\/www.copealcoy.es\/es\/wp-json\/wp\/v2\/posts"}],"about":[{"href":"https:\/\/www.copealcoy.es\/es\/wp-json\/wp\/v2\/types\/post"}],"author":[{"embeddable":true,"href":"https:\/\/www.copealcoy.es\/es\/wp-json\/wp\/v2\/users\/1"}],"replies":[{"embeddable":true,"href":"https:\/\/www.copealcoy.es\/es\/wp-json\/wp\/v2\/comments?post=155619"}],"version-history":[{"count":3,"href":"https:\/\/www.copealcoy.es\/es\/wp-json\/wp\/v2\/posts\/155619\/revisions"}],"predecessor-version":[{"id":155627,"href":"https:\/\/www.copealcoy.es\/es\/wp-json\/wp\/v2\/posts\/155619\/revisions\/155627"}],"wp:featuredmedia":[{"embeddable":true,"href":"https:\/\/www.copealcoy.es\/es\/wp-json\/wp\/v2\/media\/155620"}],"wp:attachment":[{"href":"https:\/\/www.copealcoy.es\/es\/wp-json\/wp\/v2\/media?parent=155619"}],"wp:term":[{"taxonomy":"category","embeddable":true,"href":"https:\/\/www.copealcoy.es\/es\/wp-json\/wp\/v2\/categories?post=155619"},{"taxonomy":"post_tag","embeddable":true,"href":"https:\/\/www.copealcoy.es\/es\/wp-json\/wp\/v2\/tags?post=155619"}],"curies":[{"name":"wp","href":"https:\/\/api.w.org\/{rel}","templated":true}]}}