{"id":155611,"date":"2025-07-28T14:16:08","date_gmt":"2025-07-28T13:16:08","guid":{"rendered":"https:\/\/www.copealcoy.es\/?p=155611"},"modified":"2025-07-28T14:37:20","modified_gmt":"2025-07-28T13:37:20","slug":"investigan-a-un-hombre-por-el-incendio-de-ibi-que-acabo-afectando-a-la-font-roja","status":"publish","type":"post","link":"https:\/\/www.copealcoy.es\/es\/investigan-a-un-hombre-por-el-incendio-de-ibi-que-acabo-afectando-a-la-font-roja\/","title":{"rendered":"Investigan a un hombre por el incendio de Ibi que acab\u00f3 afectando a la Font Roja"},"content":{"rendered":"<p style=\"text-align: justify;\">La <a href=\"https:\/\/web.guardiacivil.es\/es\" target=\"_blank\" rel=\"noopener\"><span style=\"color: #0000ff;\"><strong>Guardia Civil<\/strong><\/span><\/a>, con\u00a0<b>el apoyo de los agentes medioambientales de la Generalitat Valenciana<\/b>, ha investigado a un hombre de 43 a\u00f1os como presunto autor de un delito de incendio forestal imprudente en el\u00a0<b>t\u00e9rmino municipal de Ibi (Alicante),<\/b> seg\u00fan ha informado el mismo cuerpo este lunes. El citado siniestro, declarado el pasado 18 de julio, afect\u00f3 a unas 185 hect\u00e1reas de terreno, incluyendo zonas de gran valor medioambiental como el <b>Parque Natural de la Font Roja y el Parque Natural Municipal Sant Pascual-Torretes,\u00a0<\/b>ambos integrados en la Red Natura 2000 como Zonas de Especial Protecci\u00f3n para las Aves (ZEPA). Es m\u00e1s, seg\u00fan las investigaciones, el fuego se inici\u00f3 en la zona donde se ubica la\u00a0<b>comunidad religiosa del Cen\u00e1culo de Ibi. <\/b>Cabe recordar que <strong>el art\u00edculo 352 del C\u00f3digo Penal<\/strong> contempla penas de prisi\u00f3n y elevadas sanciones econ\u00f3micas para quienes, por imprudencia grave, provoquen incendios forestales que afecten a espacios protegidos o pongan en peligro vidas humanas o bienes.<\/p>\n<p style=\"text-align: justify;\">El fuego, recordamos, se inici\u00f3 sobre las <b>13 horas en el paraje de San Pascual,<\/b>\u00a0una zona de denso arbolado pr\u00f3xima a espacios naturales protegidos. Dada su r\u00e1pida evoluci\u00f3n, se activaron medios terrestres y a\u00e9reos de extinci\u00f3n y fue necesario el desalojo preventivo de varias viviendas. En ese momento, se encontraba decretado por el Centro de Coordinaci\u00f3n de Emergencias el nivel 3 de riesgo extremo por incendios forestales en la Comunitat Valenciana.<\/p>\n<p style=\"text-align: justify;\" data-mrf-recirculation=\"Art\u00edculo - enlaces p\u00e1rrafos\">Desde el primer instante,<b>\u00a0especialistas del Seprona de la Guardia Civil de Alicante<\/b>, en estrecha colaboraci\u00f3n con agentes medioambientales de la Generalitat Valenciana, se hicieron cargo de la investigaci\u00f3n para\u00a0<b>determinar el origen y las causas del fuego. <\/b>Tras las primeras inspecciones y la toma de datos in situ,\u00a0<b>el foco se localiz\u00f3 en una finca rural de la zona,<\/b>\u00a0donde se constat\u00f3 la existencia de residuos vegetales,<b>\u00a0restos de quemas mal apagadas y vertidos de cenizas sin ning\u00fan tipo de control ni barrera de protecci\u00f3n contra incendios.<\/b>\u00a0El lugar no contaba con medidas preventivas pese a su cercan\u00eda a masa forestal.<\/p>\n<p style=\"text-align: justify;\" data-mrf-recirculation=\"Art\u00edculo - enlaces p\u00e1rrafos\">En la<b>\u00a0ma\u00f1ana del 19 de julio,<\/b> una segunda inspecci\u00f3n conjunta en la zona permiti\u00f3 determinar que el incendio fue provocado por el vertido de cenizas a\u00fan candentes, depositadas d\u00edas antes, que entraron en combusti\u00f3n al entrar en contacto con material vegetal seco. Como resultado de las actuaciones, <b>los agentes procedieron a la investigaci\u00f3n de un var\u00f3n como presunto autor de un delito de incendio forestal por imprudencia<\/b>, al haber vertido los restos de forma negligente.<\/p>\n<div>\n<aside class=\"advertising\">\n<div id=\"sunmedia1\" class=\"henneoHB sunmedia1\" data-mod=\"a3mod_sunmedia1\">\n<div id=\"sm-it-main-container-1753708126170\" class=\"sm-it-main-container\" style=\"text-align: justify;\" data-it=\"0d7c8925-4460-41fe-a4a0-cc6035b3124b\" data-device=\"desktop\" data-index=\"0\"><\/div>\n<\/div>\n<\/aside>\n<\/div>\n","protected":false},"excerpt":{"rendered":"<p>La Guardia Civil, con\u00a0el apoyo de los agentes medioambientales de la Generalitat Valenciana, ha investigado a un hombre de 43&#8230;<\/p>\n","protected":false},"author":1,"featured_media":155612,"comment_status":"closed","ping_status":"closed","sticky":false,"template":"","format":"standard","meta":{"footnotes":""},"categories":[6909,97,75,125],"tags":[437,2187,474,612,8328],"class_list":["post-155611","post","type-post","status-publish","format-standard","has-post-thumbnail","hentry","category-actualidad","category-alcoy","category-noticias","category-portada","tag-font-roja","tag-guardia-civil","tag-ibi","tag-incendio","tag-investigacion"],"yoast_head":"<!-- This site is optimized with the Yoast SEO plugin v27.3 - https:\/\/yoast.com\/product\/yoast-seo-wordpress\/ -->\n<title>Investigan a un hombre por el incendio de Ibi que acab\u00f3 afectando a la Font Roja - COPE Alcoy<\/title>\n<meta name=\"description\" content=\"Investigan a un hombre por el incendio de Ibi que acab\u00f3 afectando a la Font Roja\" \/>\n<meta name=\"robots\" content=\"index, follow, max-snippet:-1, max-image-preview:large, max-video-preview:-1\" \/>\n<link rel=\"canonical\" href=\"https:\/\/www.copealcoy.es\/es\/investigan-a-un-hombre-por-el-incendio-de-ibi-que-acabo-afectando-a-la-font-roja\/\" \/>\n<meta property=\"og:locale\" content=\"es_ES\" \/>\n<meta property=\"og:type\" content=\"article\" \/>\n<meta property=\"og:title\" content=\"Investigan a un hombre por el incendio de Ibi que acab\u00f3 afectando a la Font Roja - COPE Alcoy\" \/>\n<meta property=\"og:description\" content=\"Investigan a un hombre por el incendio de Ibi que acab\u00f3 afectando a la Font Roja\" \/>\n<meta property=\"og:url\" content=\"https:\/\/www.copealcoy.es\/es\/investigan-a-un-hombre-por-el-incendio-de-ibi-que-acabo-afectando-a-la-font-roja\/\" \/>\n<meta property=\"og:site_name\" content=\"COPE Alcoy\" \/>\n<meta property=\"article:published_time\" content=\"2025-07-28T13:16:08+00:00\" \/>\n<meta property=\"article:modified_time\" content=\"2025-07-28T13:37:20+00:00\" \/>\n<meta property=\"og:image\" content=\"https:\/\/www.copealcoy.es\/wp-content\/uploads\/2025\/07\/INCENDIO-IBI-1024x768-1-e1753708358454.webp\" \/>\n\t<meta property=\"og:image:width\" content=\"1024\" \/>\n\t<meta property=\"og:image:height\" content=\"560\" \/>\n\t<meta property=\"og:image:type\" content=\"image\/webp\" \/>\n<meta name=\"author\" content=\"Cope Alcoy\" \/>\n<meta name=\"twitter:label1\" content=\"Escrito por\" \/>\n\t<meta name=\"twitter:data1\" content=\"Cope Alcoy\" \/>\n\t<meta name=\"twitter:label2\" content=\"Tiempo de lectura\" \/>\n\t<meta name=\"twitter:data2\" content=\"3 minutos\" \/>\n<script type=\"application\/ld+json\" class=\"yoast-schema-graph\">{\"@context\":\"https:\\\/\\\/schema.org\",\"@graph\":[{\"@type\":\"Article\",\"@id\":\"https:\\\/\\\/www.copealcoy.es\\\/es\\\/investigan-a-un-hombre-por-el-incendio-de-ibi-que-acabo-afectando-a-la-font-roja\\\/#article\",\"isPartOf\":{\"@id\":\"https:\\\/\\\/www.copealcoy.es\\\/es\\\/investigan-a-un-hombre-por-el-incendio-de-ibi-que-acabo-afectando-a-la-font-roja\\\/\"},\"author\":{\"name\":\"Cope Alcoy\",\"@id\":\"https:\\\/\\\/www.copealcoy.es\\\/es\\\/#\\\/schema\\\/person\\\/e777c87fa024e57d40170af9df39882c\"},\"headline\":\"Investigan a un hombre por el incendio de Ibi que acab\u00f3 afectando a la Font Roja\",\"datePublished\":\"2025-07-28T13:16:08+00:00\",\"dateModified\":\"2025-07-28T13:37:20+00:00\",\"mainEntityOfPage\":{\"@id\":\"https:\\\/\\\/www.copealcoy.es\\\/es\\\/investigan-a-un-hombre-por-el-incendio-de-ibi-que-acabo-afectando-a-la-font-roja\\\/\"},\"wordCount\":448,\"image\":{\"@id\":\"https:\\\/\\\/www.copealcoy.es\\\/es\\\/investigan-a-un-hombre-por-el-incendio-de-ibi-que-acabo-afectando-a-la-font-roja\\\/#primaryimage\"},\"thumbnailUrl\":\"https:\\\/\\\/www.copealcoy.es\\\/wp-content\\\/uploads\\\/2025\\\/07\\\/INCENDIO-IBI-1024x768-1-e1753708358454.webp\",\"keywords\":[\"Font Roja\",\"Guardia Civil\",\"Ibi\",\"Incendio\",\"Investigaci\u00f3n\"],\"articleSection\":[\"Actualidad\",\"Alcoy\",\"Noticias\",\"Portada\"],\"inLanguage\":\"es\"},{\"@type\":\"WebPage\",\"@id\":\"https:\\\/\\\/www.copealcoy.es\\\/es\\\/investigan-a-un-hombre-por-el-incendio-de-ibi-que-acabo-afectando-a-la-font-roja\\\/\",\"url\":\"https:\\\/\\\/www.copealcoy.es\\\/es\\\/investigan-a-un-hombre-por-el-incendio-de-ibi-que-acabo-afectando-a-la-font-roja\\\/\",\"name\":\"Investigan a un hombre por el incendio de Ibi que acab\u00f3 afectando a la Font Roja - COPE Alcoy\",\"isPartOf\":{\"@id\":\"https:\\\/\\\/www.copealcoy.es\\\/es\\\/#website\"},\"primaryImageOfPage\":{\"@id\":\"https:\\\/\\\/www.copealcoy.es\\\/es\\\/investigan-a-un-hombre-por-el-incendio-de-ibi-que-acabo-afectando-a-la-font-roja\\\/#primaryimage\"},\"image\":{\"@id\":\"https:\\\/\\\/www.copealcoy.es\\\/es\\\/investigan-a-un-hombre-por-el-incendio-de-ibi-que-acabo-afectando-a-la-font-roja\\\/#primaryimage\"},\"thumbnailUrl\":\"https:\\\/\\\/www.copealcoy.es\\\/wp-content\\\/uploads\\\/2025\\\/07\\\/INCENDIO-IBI-1024x768-1-e1753708358454.webp\",\"datePublished\":\"2025-07-28T13:16:08+00:00\",\"dateModified\":\"2025-07-28T13:37:20+00:00\",\"author\":{\"@id\":\"https:\\\/\\\/www.copealcoy.es\\\/es\\\/#\\\/schema\\\/person\\\/e777c87fa024e57d40170af9df39882c\"},\"description\":\"Investigan a un hombre por el incendio de Ibi que acab\u00f3 afectando a la Font Roja\",\"breadcrumb\":{\"@id\":\"https:\\\/\\\/www.copealcoy.es\\\/es\\\/investigan-a-un-hombre-por-el-incendio-de-ibi-que-acabo-afectando-a-la-font-roja\\\/#breadcrumb\"},\"inLanguage\":\"es\",\"potentialAction\":[{\"@type\":\"ReadAction\",\"target\":[\"https:\\\/\\\/www.copealcoy.es\\\/es\\\/investigan-a-un-hombre-por-el-incendio-de-ibi-que-acabo-afectando-a-la-font-roja\\\/\"]}]},{\"@type\":\"ImageObject\",\"inLanguage\":\"es\",\"@id\":\"https:\\\/\\\/www.copealcoy.es\\\/es\\\/investigan-a-un-hombre-por-el-incendio-de-ibi-que-acabo-afectando-a-la-font-roja\\\/#primaryimage\",\"url\":\"https:\\\/\\\/www.copealcoy.es\\\/wp-content\\\/uploads\\\/2025\\\/07\\\/INCENDIO-IBI-1024x768-1-e1753708358454.webp\",\"contentUrl\":\"https:\\\/\\\/www.copealcoy.es\\\/wp-content\\\/uploads\\\/2025\\\/07\\\/INCENDIO-IBI-1024x768-1-e1753708358454.webp\",\"width\":1024,\"height\":560},{\"@type\":\"BreadcrumbList\",\"@id\":\"https:\\\/\\\/www.copealcoy.es\\\/es\\\/investigan-a-un-hombre-por-el-incendio-de-ibi-que-acabo-afectando-a-la-font-roja\\\/#breadcrumb\",\"itemListElement\":[{\"@type\":\"ListItem\",\"position\":1,\"name\":\"Portada\",\"item\":\"https:\\\/\\\/www.copealcoy.es\\\/es\\\/\"},{\"@type\":\"ListItem\",\"position\":2,\"name\":\"Investigan a un hombre por el incendio de Ibi que acab\u00f3 afectando a la Font Roja\"}]},{\"@type\":\"WebSite\",\"@id\":\"https:\\\/\\\/www.copealcoy.es\\\/es\\\/#website\",\"url\":\"https:\\\/\\\/www.copealcoy.es\\\/es\\\/\",\"name\":\"COPE Alcoy\",\"description\":\"Emisora COPE de radio local con emisi\u00f3n online. Pont de Sant Jordi 8-10 03803 Alcoy\",\"potentialAction\":[{\"@type\":\"SearchAction\",\"target\":{\"@type\":\"EntryPoint\",\"urlTemplate\":\"https:\\\/\\\/www.copealcoy.es\\\/es\\\/?s={search_term_string}\"},\"query-input\":{\"@type\":\"PropertyValueSpecification\",\"valueRequired\":true,\"valueName\":\"search_term_string\"}}],\"inLanguage\":\"es\"},{\"@type\":\"Person\",\"@id\":\"https:\\\/\\\/www.copealcoy.es\\\/es\\\/#\\\/schema\\\/person\\\/e777c87fa024e57d40170af9df39882c\",\"name\":\"Cope Alcoy\",\"image\":{\"@type\":\"ImageObject\",\"inLanguage\":\"es\",\"@id\":\"https:\\\/\\\/secure.gravatar.com\\\/avatar\\\/bb65d0283347e303893ba14f0692005417c1e0e690a325a4c5d8bb2b3943ee14?s=96&d=mm&r=g\",\"url\":\"https:\\\/\\\/secure.gravatar.com\\\/avatar\\\/bb65d0283347e303893ba14f0692005417c1e0e690a325a4c5d8bb2b3943ee14?s=96&d=mm&r=g\",\"contentUrl\":\"https:\\\/\\\/secure.gravatar.com\\\/avatar\\\/bb65d0283347e303893ba14f0692005417c1e0e690a325a4c5d8bb2b3943ee14?s=96&d=mm&r=g\",\"caption\":\"Cope Alcoy\"}}]}<\/script>\n<!-- \/ Yoast SEO plugin. -->","yoast_head_json":{"title":"Investigan a un hombre por el incendio de Ibi que acab\u00f3 afectando a la Font Roja - COPE Alcoy","description":"Investigan a un hombre por el incendio de Ibi que acab\u00f3 afectando a la Font Roja","robots":{"index":"index","follow":"follow","max-snippet":"max-snippet:-1","max-image-preview":"max-image-preview:large","max-video-preview":"max-video-preview:-1"},"canonical":"https:\/\/www.copealcoy.es\/es\/investigan-a-un-hombre-por-el-incendio-de-ibi-que-acabo-afectando-a-la-font-roja\/","og_locale":"es_ES","og_type":"article","og_title":"Investigan a un hombre por el incendio de Ibi que acab\u00f3 afectando a la Font Roja - COPE Alcoy","og_description":"Investigan a un hombre por el incendio de Ibi que acab\u00f3 afectando a la Font Roja","og_url":"https:\/\/www.copealcoy.es\/es\/investigan-a-un-hombre-por-el-incendio-de-ibi-que-acabo-afectando-a-la-font-roja\/","og_site_name":"COPE Alcoy","article_published_time":"2025-07-28T13:16:08+00:00","article_modified_time":"2025-07-28T13:37:20+00:00","og_image":[{"width":1024,"height":560,"url":"https:\/\/www.copealcoy.es\/wp-content\/uploads\/2025\/07\/INCENDIO-IBI-1024x768-1-e1753708358454.webp","type":"image\/webp"}],"author":"Cope Alcoy","twitter_misc":{"Escrito por":"Cope Alcoy","Tiempo de lectura":"3 minutos"},"schema":{"@context":"https:\/\/schema.org","@graph":[{"@type":"Article","@id":"https:\/\/www.copealcoy.es\/es\/investigan-a-un-hombre-por-el-incendio-de-ibi-que-acabo-afectando-a-la-font-roja\/#article","isPartOf":{"@id":"https:\/\/www.copealcoy.es\/es\/investigan-a-un-hombre-por-el-incendio-de-ibi-que-acabo-afectando-a-la-font-roja\/"},"author":{"name":"Cope Alcoy","@id":"https:\/\/www.copealcoy.es\/es\/#\/schema\/person\/e777c87fa024e57d40170af9df39882c"},"headline":"Investigan a un hombre por el incendio de Ibi que acab\u00f3 afectando a la Font Roja","datePublished":"2025-07-28T13:16:08+00:00","dateModified":"2025-07-28T13:37:20+00:00","mainEntityOfPage":{"@id":"https:\/\/www.copealcoy.es\/es\/investigan-a-un-hombre-por-el-incendio-de-ibi-que-acabo-afectando-a-la-font-roja\/"},"wordCount":448,"image":{"@id":"https:\/\/www.copealcoy.es\/es\/investigan-a-un-hombre-por-el-incendio-de-ibi-que-acabo-afectando-a-la-font-roja\/#primaryimage"},"thumbnailUrl":"https:\/\/www.copealcoy.es\/wp-content\/uploads\/2025\/07\/INCENDIO-IBI-1024x768-1-e1753708358454.webp","keywords":["Font Roja","Guardia Civil","Ibi","Incendio","Investigaci\u00f3n"],"articleSection":["Actualidad","Alcoy","Noticias","Portada"],"inLanguage":"es"},{"@type":"WebPage","@id":"https:\/\/www.copealcoy.es\/es\/investigan-a-un-hombre-por-el-incendio-de-ibi-que-acabo-afectando-a-la-font-roja\/","url":"https:\/\/www.copealcoy.es\/es\/investigan-a-un-hombre-por-el-incendio-de-ibi-que-acabo-afectando-a-la-font-roja\/","name":"Investigan a un hombre por el incendio de Ibi que acab\u00f3 afectando a la Font Roja - COPE Alcoy","isPartOf":{"@id":"https:\/\/www.copealcoy.es\/es\/#website"},"primaryImageOfPage":{"@id":"https:\/\/www.copealcoy.es\/es\/investigan-a-un-hombre-por-el-incendio-de-ibi-que-acabo-afectando-a-la-font-roja\/#primaryimage"},"image":{"@id":"https:\/\/www.copealcoy.es\/es\/investigan-a-un-hombre-por-el-incendio-de-ibi-que-acabo-afectando-a-la-font-roja\/#primaryimage"},"thumbnailUrl":"https:\/\/www.copealcoy.es\/wp-content\/uploads\/2025\/07\/INCENDIO-IBI-1024x768-1-e1753708358454.webp","datePublished":"2025-07-28T13:16:08+00:00","dateModified":"2025-07-28T13:37:20+00:00","author":{"@id":"https:\/\/www.copealcoy.es\/es\/#\/schema\/person\/e777c87fa024e57d40170af9df39882c"},"description":"Investigan a un hombre por el incendio de Ibi que acab\u00f3 afectando a la Font Roja","breadcrumb":{"@id":"https:\/\/www.copealcoy.es\/es\/investigan-a-un-hombre-por-el-incendio-de-ibi-que-acabo-afectando-a-la-font-roja\/#breadcrumb"},"inLanguage":"es","potentialAction":[{"@type":"ReadAction","target":["https:\/\/www.copealcoy.es\/es\/investigan-a-un-hombre-por-el-incendio-de-ibi-que-acabo-afectando-a-la-font-roja\/"]}]},{"@type":"ImageObject","inLanguage":"es","@id":"https:\/\/www.copealcoy.es\/es\/investigan-a-un-hombre-por-el-incendio-de-ibi-que-acabo-afectando-a-la-font-roja\/#primaryimage","url":"https:\/\/www.copealcoy.es\/wp-content\/uploads\/2025\/07\/INCENDIO-IBI-1024x768-1-e1753708358454.webp","contentUrl":"https:\/\/www.copealcoy.es\/wp-content\/uploads\/2025\/07\/INCENDIO-IBI-1024x768-1-e1753708358454.webp","width":1024,"height":560},{"@type":"BreadcrumbList","@id":"https:\/\/www.copealcoy.es\/es\/investigan-a-un-hombre-por-el-incendio-de-ibi-que-acabo-afectando-a-la-font-roja\/#breadcrumb","itemListElement":[{"@type":"ListItem","position":1,"name":"Portada","item":"https:\/\/www.copealcoy.es\/es\/"},{"@type":"ListItem","position":2,"name":"Investigan a un hombre por el incendio de Ibi que acab\u00f3 afectando a la Font Roja"}]},{"@type":"WebSite","@id":"https:\/\/www.copealcoy.es\/es\/#website","url":"https:\/\/www.copealcoy.es\/es\/","name":"COPE Alcoy","description":"Emisora COPE de radio local con emisi\u00f3n online. Pont de Sant Jordi 8-10 03803 Alcoy","potentialAction":[{"@type":"SearchAction","target":{"@type":"EntryPoint","urlTemplate":"https:\/\/www.copealcoy.es\/es\/?s={search_term_string}"},"query-input":{"@type":"PropertyValueSpecification","valueRequired":true,"valueName":"search_term_string"}}],"inLanguage":"es"},{"@type":"Person","@id":"https:\/\/www.copealcoy.es\/es\/#\/schema\/person\/e777c87fa024e57d40170af9df39882c","name":"Cope Alcoy","image":{"@type":"ImageObject","inLanguage":"es","@id":"https:\/\/secure.gravatar.com\/avatar\/bb65d0283347e303893ba14f0692005417c1e0e690a325a4c5d8bb2b3943ee14?s=96&d=mm&r=g","url":"https:\/\/secure.gravatar.com\/avatar\/bb65d0283347e303893ba14f0692005417c1e0e690a325a4c5d8bb2b3943ee14?s=96&d=mm&r=g","contentUrl":"https:\/\/secure.gravatar.com\/avatar\/bb65d0283347e303893ba14f0692005417c1e0e690a325a4c5d8bb2b3943ee14?s=96&d=mm&r=g","caption":"Cope Alcoy"}}]}},"_links":{"self":[{"href":"https:\/\/www.copealcoy.es\/es\/wp-json\/wp\/v2\/posts\/155611","targetHints":{"allow":["GET"]}}],"collection":[{"href":"https:\/\/www.copealcoy.es\/es\/wp-json\/wp\/v2\/posts"}],"about":[{"href":"https:\/\/www.copealcoy.es\/es\/wp-json\/wp\/v2\/types\/post"}],"author":[{"embeddable":true,"href":"https:\/\/www.copealcoy.es\/es\/wp-json\/wp\/v2\/users\/1"}],"replies":[{"embeddable":true,"href":"https:\/\/www.copealcoy.es\/es\/wp-json\/wp\/v2\/comments?post=155611"}],"version-history":[{"count":2,"href":"https:\/\/www.copealcoy.es\/es\/wp-json\/wp\/v2\/posts\/155611\/revisions"}],"predecessor-version":[{"id":155616,"href":"https:\/\/www.copealcoy.es\/es\/wp-json\/wp\/v2\/posts\/155611\/revisions\/155616"}],"wp:featuredmedia":[{"embeddable":true,"href":"https:\/\/www.copealcoy.es\/es\/wp-json\/wp\/v2\/media\/155612"}],"wp:attachment":[{"href":"https:\/\/www.copealcoy.es\/es\/wp-json\/wp\/v2\/media?parent=155611"}],"wp:term":[{"taxonomy":"category","embeddable":true,"href":"https:\/\/www.copealcoy.es\/es\/wp-json\/wp\/v2\/categories?post=155611"},{"taxonomy":"post_tag","embeddable":true,"href":"https:\/\/www.copealcoy.es\/es\/wp-json\/wp\/v2\/tags?post=155611"}],"curies":[{"name":"wp","href":"https:\/\/api.w.org\/{rel}","templated":true}]}}