{"id":155601,"date":"2025-07-28T08:00:30","date_gmt":"2025-07-28T07:00:30","guid":{"rendered":"https:\/\/www.copealcoy.es\/?p=155601"},"modified":"2025-07-30T12:28:42","modified_gmt":"2025-07-30T11:28:42","slug":"anuncian-la-inminente-recuperacion-de-la-zona-afectada-por-el-incendio-de-ibi","status":"publish","type":"post","link":"https:\/\/www.copealcoy.es\/es\/anuncian-la-inminente-recuperacion-de-la-zona-afectada-por-el-incendio-de-ibi\/","title":{"rendered":"Anuncian la inminente recuperaci\u00f3n de la zona afectada por el incendio de Ibi"},"content":{"rendered":"<p style=\"text-align: justify;\"><strong>El pasado viernes<\/strong>, el <a href=\"https:\/\/mediambient.gva.es\/es\/\" target=\"_blank\" rel=\"noopener\"><span style=\"color: #0000ff;\"><strong>conseller de Medio Ambiente, Infraestructuras y Territorio de la Generalitat Valenciana<\/strong><\/span><\/a>, <strong>Vicente Mart\u00ednez Mus<\/strong>, realiz\u00f3 una visita al parque natural de la Font Roja, en Ibi, tras el devastador incendio que afect\u00f3 a 185 hect\u00e1reas hace justo unos d\u00edas. La visita <strong>tuvo como objetivo<\/strong> supervisar las primeras acciones de recuperaci\u00f3n y evaluar los da\u00f1os ocasionados por el fuego.<\/p>\n<p style=\"text-align: justify;\">Durante su recorrido por la zona afectada, Mart\u00ednez Mus destac\u00f3 que\u00a0<strong>la Generalitat ya trabaja en un plan integral de recuperaci\u00f3n<\/strong>\u00a0para restaurar el ecosistema y prevenir futuros incidentes.\u00a0<em>&#8220;Estamos empleando las mejores t\u00e9cnicas disponibles para asegurar una regeneraci\u00f3n natural y sostenible,&#8221;<\/em> afirm\u00f3 el conseller, quien tambi\u00e9n inspeccion\u00f3 los an\u00e1lisis preliminares realizados por su departamento para determinar las acciones m\u00e1s adecuadas. El responsable auton\u00f3mico explic\u00f3 que los equipos trabajan en\u00a0<strong>mitigar los procesos erosivos<\/strong>, reducir la escorrent\u00eda superficial \u2014que podr\u00eda causar inundaciones aguas abajo\u2014 y\u00a0<strong>limpiar y regenerar la vegetaci\u00f3n<\/strong>. La mayor parte del \u00e1rea quemada corresponde a matorral con carrascas y pinos aislados, aunque tambi\u00e9n se ha visto afectada una hect\u00e1rea de pinar m\u00e1s denso.<\/p>\n<p style=\"text-align: justify;\">Mart\u00ednez Mus subray\u00f3 que uno de los objetivos principales es\u00a0<strong>evaluar el grado de afecci\u00f3n en cada punto<\/strong> para reforzar la capacidad de regeneraci\u00f3n del ecosistema. Adem\u00e1s, se barajan trabajos complementarios como la mejora de caminos de acceso, la extracci\u00f3n de \u00e1rboles quemados y la construcci\u00f3n de barreras anti-erosi\u00f3n. El conseller aprovech\u00f3 para agradecer a los equipos de emergencia:\u00a0<em>&#8220;Su trabajo incansable fue crucial para controlar el incendio y evitar que se propagara a zonas mucho mayores.&#8221;<\/em>\u00a0Tambi\u00e9n hizo un llamamiento a la ciudadan\u00eda:\u00a0<em>&#8220;La prevenci\u00f3n es fundamental; durante el verano, todos debemos ser responsables para evitar tragedias&#8221;, <\/em>dijo.<\/p>\n<p style=\"text-align: justify;\">Con estas acciones, la Generalitat busca garantizar la recuperaci\u00f3n del parque natural de la Font Roja tras haberse visto afectado en parte por las llamas de este incendio. Adem\u00e1s, la instituci\u00f3n busca promover<strong> una mayor conciencia ambiental<\/strong> entre los ciudadanos.<\/p>\n","protected":false},"excerpt":{"rendered":"<p>El pasado viernes, el conseller de Medio Ambiente, Infraestructuras y Territorio de la Generalitat Valenciana, Vicente Mart\u00ednez Mus, realiz\u00f3 una&#8230;<\/p>\n","protected":false},"author":1,"featured_media":155603,"comment_status":"closed","ping_status":"closed","sticky":false,"template":"","format":"standard","meta":{"footnotes":""},"categories":[6909,97,75,125],"tags":[1494,19833,437,474,612,1154],"class_list":["post-155601","post","type-post","status-publish","format-standard","has-post-thumbnail","hentry","category-actualidad","category-alcoy","category-noticias","category-portada","tag-alcoy","tag-conseller-martinez-mus-es","tag-font-roja","tag-ibi","tag-incendio","tag-visita"],"yoast_head":"<!-- This site is optimized with the Yoast SEO plugin v27.3 - https:\/\/yoast.com\/product\/yoast-seo-wordpress\/ -->\n<title>Anuncian la inminente recuperaci\u00f3n de la zona afectada por el incendio de Ibi - COPE Alcoy<\/title>\n<meta name=\"robots\" content=\"index, follow, max-snippet:-1, max-image-preview:large, max-video-preview:-1\" \/>\n<link rel=\"canonical\" href=\"https:\/\/www.copealcoy.es\/es\/anuncian-la-inminente-recuperacion-de-la-zona-afectada-por-el-incendio-de-ibi\/\" \/>\n<meta property=\"og:locale\" content=\"es_ES\" \/>\n<meta property=\"og:type\" content=\"article\" \/>\n<meta property=\"og:title\" content=\"Anuncian la inminente recuperaci\u00f3n de la zona afectada por el incendio de Ibi - COPE Alcoy\" \/>\n<meta property=\"og:description\" content=\"El pasado viernes, el conseller de Medio Ambiente, Infraestructuras y Territorio de la Generalitat Valenciana, Vicente Mart\u00ednez Mus, realiz\u00f3 una...\" \/>\n<meta property=\"og:url\" content=\"https:\/\/www.copealcoy.es\/es\/anuncian-la-inminente-recuperacion-de-la-zona-afectada-por-el-incendio-de-ibi\/\" \/>\n<meta property=\"og:site_name\" content=\"COPE Alcoy\" \/>\n<meta property=\"article:published_time\" content=\"2025-07-28T07:00:30+00:00\" \/>\n<meta property=\"article:modified_time\" content=\"2025-07-30T11:28:42+00:00\" \/>\n<meta property=\"og:image\" content=\"https:\/\/www.copealcoy.es\/wp-content\/uploads\/2025\/07\/250725_MED_foto_font-Roja-1.jpg\" \/>\n\t<meta property=\"og:image:width\" content=\"2048\" \/>\n\t<meta property=\"og:image:height\" content=\"1536\" \/>\n\t<meta property=\"og:image:type\" content=\"image\/jpeg\" \/>\n<meta name=\"author\" content=\"Cope Alcoy\" \/>\n<meta name=\"twitter:label1\" content=\"Escrito por\" \/>\n\t<meta name=\"twitter:data1\" content=\"Cope Alcoy\" \/>\n\t<meta name=\"twitter:label2\" content=\"Tiempo de lectura\" \/>\n\t<meta name=\"twitter:data2\" content=\"2 minutos\" \/>\n<script type=\"application\/ld+json\" class=\"yoast-schema-graph\">{\"@context\":\"https:\\\/\\\/schema.org\",\"@graph\":[{\"@type\":\"Article\",\"@id\":\"https:\\\/\\\/www.copealcoy.es\\\/es\\\/anuncian-la-inminente-recuperacion-de-la-zona-afectada-por-el-incendio-de-ibi\\\/#article\",\"isPartOf\":{\"@id\":\"https:\\\/\\\/www.copealcoy.es\\\/es\\\/anuncian-la-inminente-recuperacion-de-la-zona-afectada-por-el-incendio-de-ibi\\\/\"},\"author\":{\"name\":\"Cope Alcoy\",\"@id\":\"https:\\\/\\\/www.copealcoy.es\\\/es\\\/#\\\/schema\\\/person\\\/e777c87fa024e57d40170af9df39882c\"},\"headline\":\"Anuncian la inminente recuperaci\u00f3n de la zona afectada por el incendio de Ibi\",\"datePublished\":\"2025-07-28T07:00:30+00:00\",\"dateModified\":\"2025-07-30T11:28:42+00:00\",\"mainEntityOfPage\":{\"@id\":\"https:\\\/\\\/www.copealcoy.es\\\/es\\\/anuncian-la-inminente-recuperacion-de-la-zona-afectada-por-el-incendio-de-ibi\\\/\"},\"wordCount\":362,\"image\":{\"@id\":\"https:\\\/\\\/www.copealcoy.es\\\/es\\\/anuncian-la-inminente-recuperacion-de-la-zona-afectada-por-el-incendio-de-ibi\\\/#primaryimage\"},\"thumbnailUrl\":\"https:\\\/\\\/www.copealcoy.es\\\/wp-content\\\/uploads\\\/2025\\\/07\\\/250725_MED_foto_font-Roja-1.jpg\",\"keywords\":[\"Alcoy\",\"Conseller Mart\u00ednez Mus\",\"Font Roja\",\"Ibi\",\"Incendio\",\"Visita\"],\"articleSection\":[\"Actualidad\",\"Alcoy\",\"Noticias\",\"Portada\"],\"inLanguage\":\"es\"},{\"@type\":\"WebPage\",\"@id\":\"https:\\\/\\\/www.copealcoy.es\\\/es\\\/anuncian-la-inminente-recuperacion-de-la-zona-afectada-por-el-incendio-de-ibi\\\/\",\"url\":\"https:\\\/\\\/www.copealcoy.es\\\/es\\\/anuncian-la-inminente-recuperacion-de-la-zona-afectada-por-el-incendio-de-ibi\\\/\",\"name\":\"Anuncian la inminente recuperaci\u00f3n de la zona afectada por el incendio de Ibi - COPE Alcoy\",\"isPartOf\":{\"@id\":\"https:\\\/\\\/www.copealcoy.es\\\/es\\\/#website\"},\"primaryImageOfPage\":{\"@id\":\"https:\\\/\\\/www.copealcoy.es\\\/es\\\/anuncian-la-inminente-recuperacion-de-la-zona-afectada-por-el-incendio-de-ibi\\\/#primaryimage\"},\"image\":{\"@id\":\"https:\\\/\\\/www.copealcoy.es\\\/es\\\/anuncian-la-inminente-recuperacion-de-la-zona-afectada-por-el-incendio-de-ibi\\\/#primaryimage\"},\"thumbnailUrl\":\"https:\\\/\\\/www.copealcoy.es\\\/wp-content\\\/uploads\\\/2025\\\/07\\\/250725_MED_foto_font-Roja-1.jpg\",\"datePublished\":\"2025-07-28T07:00:30+00:00\",\"dateModified\":\"2025-07-30T11:28:42+00:00\",\"author\":{\"@id\":\"https:\\\/\\\/www.copealcoy.es\\\/es\\\/#\\\/schema\\\/person\\\/e777c87fa024e57d40170af9df39882c\"},\"breadcrumb\":{\"@id\":\"https:\\\/\\\/www.copealcoy.es\\\/es\\\/anuncian-la-inminente-recuperacion-de-la-zona-afectada-por-el-incendio-de-ibi\\\/#breadcrumb\"},\"inLanguage\":\"es\",\"potentialAction\":[{\"@type\":\"ReadAction\",\"target\":[\"https:\\\/\\\/www.copealcoy.es\\\/es\\\/anuncian-la-inminente-recuperacion-de-la-zona-afectada-por-el-incendio-de-ibi\\\/\"]}]},{\"@type\":\"ImageObject\",\"inLanguage\":\"es\",\"@id\":\"https:\\\/\\\/www.copealcoy.es\\\/es\\\/anuncian-la-inminente-recuperacion-de-la-zona-afectada-por-el-incendio-de-ibi\\\/#primaryimage\",\"url\":\"https:\\\/\\\/www.copealcoy.es\\\/wp-content\\\/uploads\\\/2025\\\/07\\\/250725_MED_foto_font-Roja-1.jpg\",\"contentUrl\":\"https:\\\/\\\/www.copealcoy.es\\\/wp-content\\\/uploads\\\/2025\\\/07\\\/250725_MED_foto_font-Roja-1.jpg\",\"width\":2048,\"height\":1536},{\"@type\":\"BreadcrumbList\",\"@id\":\"https:\\\/\\\/www.copealcoy.es\\\/es\\\/anuncian-la-inminente-recuperacion-de-la-zona-afectada-por-el-incendio-de-ibi\\\/#breadcrumb\",\"itemListElement\":[{\"@type\":\"ListItem\",\"position\":1,\"name\":\"Portada\",\"item\":\"https:\\\/\\\/www.copealcoy.es\\\/es\\\/\"},{\"@type\":\"ListItem\",\"position\":2,\"name\":\"Anuncian la inminente recuperaci\u00f3n de la zona afectada por el incendio de Ibi\"}]},{\"@type\":\"WebSite\",\"@id\":\"https:\\\/\\\/www.copealcoy.es\\\/es\\\/#website\",\"url\":\"https:\\\/\\\/www.copealcoy.es\\\/es\\\/\",\"name\":\"COPE Alcoy\",\"description\":\"Emisora COPE de radio local con emisi\u00f3n online. Pont de Sant Jordi 8-10 03803 Alcoy\",\"potentialAction\":[{\"@type\":\"SearchAction\",\"target\":{\"@type\":\"EntryPoint\",\"urlTemplate\":\"https:\\\/\\\/www.copealcoy.es\\\/es\\\/?s={search_term_string}\"},\"query-input\":{\"@type\":\"PropertyValueSpecification\",\"valueRequired\":true,\"valueName\":\"search_term_string\"}}],\"inLanguage\":\"es\"},{\"@type\":\"Person\",\"@id\":\"https:\\\/\\\/www.copealcoy.es\\\/es\\\/#\\\/schema\\\/person\\\/e777c87fa024e57d40170af9df39882c\",\"name\":\"Cope Alcoy\",\"image\":{\"@type\":\"ImageObject\",\"inLanguage\":\"es\",\"@id\":\"https:\\\/\\\/secure.gravatar.com\\\/avatar\\\/bb65d0283347e303893ba14f0692005417c1e0e690a325a4c5d8bb2b3943ee14?s=96&d=mm&r=g\",\"url\":\"https:\\\/\\\/secure.gravatar.com\\\/avatar\\\/bb65d0283347e303893ba14f0692005417c1e0e690a325a4c5d8bb2b3943ee14?s=96&d=mm&r=g\",\"contentUrl\":\"https:\\\/\\\/secure.gravatar.com\\\/avatar\\\/bb65d0283347e303893ba14f0692005417c1e0e690a325a4c5d8bb2b3943ee14?s=96&d=mm&r=g\",\"caption\":\"Cope Alcoy\"}}]}<\/script>\n<!-- \/ Yoast SEO plugin. -->","yoast_head_json":{"title":"Anuncian la inminente recuperaci\u00f3n de la zona afectada por el incendio de Ibi - COPE Alcoy","robots":{"index":"index","follow":"follow","max-snippet":"max-snippet:-1","max-image-preview":"max-image-preview:large","max-video-preview":"max-video-preview:-1"},"canonical":"https:\/\/www.copealcoy.es\/es\/anuncian-la-inminente-recuperacion-de-la-zona-afectada-por-el-incendio-de-ibi\/","og_locale":"es_ES","og_type":"article","og_title":"Anuncian la inminente recuperaci\u00f3n de la zona afectada por el incendio de Ibi - COPE Alcoy","og_description":"El pasado viernes, el conseller de Medio Ambiente, Infraestructuras y Territorio de la Generalitat Valenciana, Vicente Mart\u00ednez Mus, realiz\u00f3 una...","og_url":"https:\/\/www.copealcoy.es\/es\/anuncian-la-inminente-recuperacion-de-la-zona-afectada-por-el-incendio-de-ibi\/","og_site_name":"COPE Alcoy","article_published_time":"2025-07-28T07:00:30+00:00","article_modified_time":"2025-07-30T11:28:42+00:00","og_image":[{"width":2048,"height":1536,"url":"https:\/\/www.copealcoy.es\/wp-content\/uploads\/2025\/07\/250725_MED_foto_font-Roja-1.jpg","type":"image\/jpeg"}],"author":"Cope Alcoy","twitter_misc":{"Escrito por":"Cope Alcoy","Tiempo de lectura":"2 minutos"},"schema":{"@context":"https:\/\/schema.org","@graph":[{"@type":"Article","@id":"https:\/\/www.copealcoy.es\/es\/anuncian-la-inminente-recuperacion-de-la-zona-afectada-por-el-incendio-de-ibi\/#article","isPartOf":{"@id":"https:\/\/www.copealcoy.es\/es\/anuncian-la-inminente-recuperacion-de-la-zona-afectada-por-el-incendio-de-ibi\/"},"author":{"name":"Cope Alcoy","@id":"https:\/\/www.copealcoy.es\/es\/#\/schema\/person\/e777c87fa024e57d40170af9df39882c"},"headline":"Anuncian la inminente recuperaci\u00f3n de la zona afectada por el incendio de Ibi","datePublished":"2025-07-28T07:00:30+00:00","dateModified":"2025-07-30T11:28:42+00:00","mainEntityOfPage":{"@id":"https:\/\/www.copealcoy.es\/es\/anuncian-la-inminente-recuperacion-de-la-zona-afectada-por-el-incendio-de-ibi\/"},"wordCount":362,"image":{"@id":"https:\/\/www.copealcoy.es\/es\/anuncian-la-inminente-recuperacion-de-la-zona-afectada-por-el-incendio-de-ibi\/#primaryimage"},"thumbnailUrl":"https:\/\/www.copealcoy.es\/wp-content\/uploads\/2025\/07\/250725_MED_foto_font-Roja-1.jpg","keywords":["Alcoy","Conseller Mart\u00ednez Mus","Font Roja","Ibi","Incendio","Visita"],"articleSection":["Actualidad","Alcoy","Noticias","Portada"],"inLanguage":"es"},{"@type":"WebPage","@id":"https:\/\/www.copealcoy.es\/es\/anuncian-la-inminente-recuperacion-de-la-zona-afectada-por-el-incendio-de-ibi\/","url":"https:\/\/www.copealcoy.es\/es\/anuncian-la-inminente-recuperacion-de-la-zona-afectada-por-el-incendio-de-ibi\/","name":"Anuncian la inminente recuperaci\u00f3n de la zona afectada por el incendio de Ibi - COPE Alcoy","isPartOf":{"@id":"https:\/\/www.copealcoy.es\/es\/#website"},"primaryImageOfPage":{"@id":"https:\/\/www.copealcoy.es\/es\/anuncian-la-inminente-recuperacion-de-la-zona-afectada-por-el-incendio-de-ibi\/#primaryimage"},"image":{"@id":"https:\/\/www.copealcoy.es\/es\/anuncian-la-inminente-recuperacion-de-la-zona-afectada-por-el-incendio-de-ibi\/#primaryimage"},"thumbnailUrl":"https:\/\/www.copealcoy.es\/wp-content\/uploads\/2025\/07\/250725_MED_foto_font-Roja-1.jpg","datePublished":"2025-07-28T07:00:30+00:00","dateModified":"2025-07-30T11:28:42+00:00","author":{"@id":"https:\/\/www.copealcoy.es\/es\/#\/schema\/person\/e777c87fa024e57d40170af9df39882c"},"breadcrumb":{"@id":"https:\/\/www.copealcoy.es\/es\/anuncian-la-inminente-recuperacion-de-la-zona-afectada-por-el-incendio-de-ibi\/#breadcrumb"},"inLanguage":"es","potentialAction":[{"@type":"ReadAction","target":["https:\/\/www.copealcoy.es\/es\/anuncian-la-inminente-recuperacion-de-la-zona-afectada-por-el-incendio-de-ibi\/"]}]},{"@type":"ImageObject","inLanguage":"es","@id":"https:\/\/www.copealcoy.es\/es\/anuncian-la-inminente-recuperacion-de-la-zona-afectada-por-el-incendio-de-ibi\/#primaryimage","url":"https:\/\/www.copealcoy.es\/wp-content\/uploads\/2025\/07\/250725_MED_foto_font-Roja-1.jpg","contentUrl":"https:\/\/www.copealcoy.es\/wp-content\/uploads\/2025\/07\/250725_MED_foto_font-Roja-1.jpg","width":2048,"height":1536},{"@type":"BreadcrumbList","@id":"https:\/\/www.copealcoy.es\/es\/anuncian-la-inminente-recuperacion-de-la-zona-afectada-por-el-incendio-de-ibi\/#breadcrumb","itemListElement":[{"@type":"ListItem","position":1,"name":"Portada","item":"https:\/\/www.copealcoy.es\/es\/"},{"@type":"ListItem","position":2,"name":"Anuncian la inminente recuperaci\u00f3n de la zona afectada por el incendio de Ibi"}]},{"@type":"WebSite","@id":"https:\/\/www.copealcoy.es\/es\/#website","url":"https:\/\/www.copealcoy.es\/es\/","name":"COPE Alcoy","description":"Emisora COPE de radio local con emisi\u00f3n online. Pont de Sant Jordi 8-10 03803 Alcoy","potentialAction":[{"@type":"SearchAction","target":{"@type":"EntryPoint","urlTemplate":"https:\/\/www.copealcoy.es\/es\/?s={search_term_string}"},"query-input":{"@type":"PropertyValueSpecification","valueRequired":true,"valueName":"search_term_string"}}],"inLanguage":"es"},{"@type":"Person","@id":"https:\/\/www.copealcoy.es\/es\/#\/schema\/person\/e777c87fa024e57d40170af9df39882c","name":"Cope Alcoy","image":{"@type":"ImageObject","inLanguage":"es","@id":"https:\/\/secure.gravatar.com\/avatar\/bb65d0283347e303893ba14f0692005417c1e0e690a325a4c5d8bb2b3943ee14?s=96&d=mm&r=g","url":"https:\/\/secure.gravatar.com\/avatar\/bb65d0283347e303893ba14f0692005417c1e0e690a325a4c5d8bb2b3943ee14?s=96&d=mm&r=g","contentUrl":"https:\/\/secure.gravatar.com\/avatar\/bb65d0283347e303893ba14f0692005417c1e0e690a325a4c5d8bb2b3943ee14?s=96&d=mm&r=g","caption":"Cope Alcoy"}}]}},"_links":{"self":[{"href":"https:\/\/www.copealcoy.es\/es\/wp-json\/wp\/v2\/posts\/155601","targetHints":{"allow":["GET"]}}],"collection":[{"href":"https:\/\/www.copealcoy.es\/es\/wp-json\/wp\/v2\/posts"}],"about":[{"href":"https:\/\/www.copealcoy.es\/es\/wp-json\/wp\/v2\/types\/post"}],"author":[{"embeddable":true,"href":"https:\/\/www.copealcoy.es\/es\/wp-json\/wp\/v2\/users\/1"}],"replies":[{"embeddable":true,"href":"https:\/\/www.copealcoy.es\/es\/wp-json\/wp\/v2\/comments?post=155601"}],"version-history":[{"count":3,"href":"https:\/\/www.copealcoy.es\/es\/wp-json\/wp\/v2\/posts\/155601\/revisions"}],"predecessor-version":[{"id":155608,"href":"https:\/\/www.copealcoy.es\/es\/wp-json\/wp\/v2\/posts\/155601\/revisions\/155608"}],"wp:featuredmedia":[{"embeddable":true,"href":"https:\/\/www.copealcoy.es\/es\/wp-json\/wp\/v2\/media\/155603"}],"wp:attachment":[{"href":"https:\/\/www.copealcoy.es\/es\/wp-json\/wp\/v2\/media?parent=155601"}],"wp:term":[{"taxonomy":"category","embeddable":true,"href":"https:\/\/www.copealcoy.es\/es\/wp-json\/wp\/v2\/categories?post=155601"},{"taxonomy":"post_tag","embeddable":true,"href":"https:\/\/www.copealcoy.es\/es\/wp-json\/wp\/v2\/tags?post=155601"}],"curies":[{"name":"wp","href":"https:\/\/api.w.org\/{rel}","templated":true}]}}