{"id":15556,"date":"2015-09-08T19:47:58","date_gmt":"2015-09-08T19:47:58","guid":{"rendered":"http:\/\/copealcoi.es\/new\/?p=15556"},"modified":"2015-09-08T19:48:37","modified_gmt":"2015-09-08T19:48:37","slug":"el-principal-presenta-su-programacion-cultural-para-otono","status":"publish","type":"post","link":"https:\/\/www.copealcoy.es\/es\/el-principal-presenta-su-programacion-cultural-para-otono\/","title":{"rendered":"El Principal presenta su programaci\u00f3n cultural para oto\u00f1o"},"content":{"rendered":"<p style=\"text-align: justify;\">El Teatro Principal \u00a0de Alcoy ha presentado su programaci\u00f3n cultural para el oto\u00f1o en la que de nuevo seguir\u00e1 prestando su espacio esc\u00e9nico para las entidades de la ciudad. La actividad arranca la pr\u00f3xima semana con los cl\u00e1sicos <em>Mon\u00f2legs d\u00b4 Alcoian\u00eda<\/em>\u00a0bajo la direcci\u00f3n de Ximo Llorens y continuar\u00e1 con varias propuestas en septiembre entre las que destaca el Certamen de Copla de la Casa de Andaluc\u00eda previsto para el d\u00eda 26 y un intercambio de m\u00fasicos de La Nova que se celebrar\u00e1 el 27 con la participaci\u00f3n tambi\u00e9n de la\u00a0Societat Musical Santa Cec\u00edlia Fortaleny.<\/p>\n<p style=\"text-align: justify;\">En octubre la compa\u00f1\u00eda La Dependent ofrecer\u00e1 uno de los platos fuertes. Se trata de la representaci\u00f3n\u00a0<em>R\u00e8quiem\u00a0<\/em>que se pondr\u00e1 en escena los d\u00edas 3 y 4. Unos d\u00edas m\u00e1s tarde, el 9 d\u00b4 Octubre,\u00a0\u2018el Centre de Titelles de Lleida mostrar\u00e1\u00a0<em>Kissu\u00a0<\/em>dentro del programa Platea mientras que el d\u00eda 17 la Asociaci\u00f3n de San Jorge entregar\u00e1 sus premios y el 23 Angoixa Teatre subir\u00e1 al escenario con el montaje\u00a0<em>Laura.\u00a0<\/em>El colof\u00f3n al mes lo pondr\u00e1 de nuevo La Dependent los d\u00edas 30 y 31 de octubre con\u00a0<em>Bankabaret.\u00a0<\/em><\/p>\n<p style=\"text-align: justify;\">El mes de noviembre llegar\u00e1 con nuevas propuestas entre las que destaca\u00a0<em>Alegr\u00eda, palabra de Gloria Fuertes\u00a0<\/em>de la mano de Teatro Malta y continuara con el grupo de teatro del GARA que escenificar\u00e1\u00a0<em>Bufar en caldo gelat\u00a0<\/em>basada en un sainete de Eduard Escalante versionado por Carles Pons y bajo la direcci\u00f3n de Neus Agull\u00f3. Por \u00faltimo Marisa Blanes y Manuel Galiana mostrar\u00e1n los\u00a0<em>Mon\u00f3logos en honor a Santa Teresa.\u00a0<\/em>De esta forma culminar\u00e1 la temporada puesto que a partir del 30 dar\u00e1n inicio las representaciones para escolares del Bel\u00e9n del Tirisiti que empezar\u00e1n a ser para el p\u00fablico general del 23 de diciembre al 5 de enero.<\/p>\n<p style=\"text-align: justify;\">El director del teatro Principal, Joanfran Rozal\u00e9n, ha apuntado este martes en la presentaci\u00f3n que la temporada est\u00e1 marcada por el teatro &#8220;ser\u00e1 el g\u00e9nero que mas ofertaremos durante los pr\u00f3ximos meses&#8221; y se ha referido a la propia Escuela del Teatro &#8220;este a\u00f1o aumentamos el n\u00famero de alumnos y pasaremos a los casi cerca de cuarenta lo que nos obligar\u00e1 a dividir las clases de los lunes en dos o m\u00e1s grupos&#8221;, ha concluido.<\/p>\n","protected":false},"excerpt":{"rendered":"<p>El Teatro Principal \u00a0de Alcoy ha presentado su programaci\u00f3n cultural para el oto\u00f1o en la que de nuevo seguir\u00e1 prestando&#8230;<\/p>\n","protected":false},"author":1,"featured_media":15557,"comment_status":"open","ping_status":"open","sticky":false,"template":"","format":"standard","meta":{"footnotes":""},"categories":[97,78,75],"tags":[1494,414,1400],"class_list":["post-15556","post","type-post","status-publish","format-standard","has-post-thumbnail","hentry","category-alcoy","category-fiestaycultura","category-noticias","tag-alcoy","tag-cultura","tag-teatre-principal"],"yoast_head":"<!-- This site is optimized with the Yoast SEO plugin v27.3 - https:\/\/yoast.com\/product\/yoast-seo-wordpress\/ -->\n<title>El Principal presenta su programaci\u00f3n cultural para oto\u00f1o - COPE Alcoy<\/title>\n<meta name=\"robots\" content=\"index, follow, max-snippet:-1, max-image-preview:large, max-video-preview:-1\" \/>\n<link rel=\"canonical\" href=\"https:\/\/www.copealcoy.es\/es\/el-principal-presenta-su-programacion-cultural-para-otono\/\" \/>\n<meta property=\"og:locale\" content=\"es_ES\" \/>\n<meta property=\"og:type\" content=\"article\" \/>\n<meta property=\"og:title\" content=\"El Principal presenta su programaci\u00f3n cultural para oto\u00f1o - COPE Alcoy\" \/>\n<meta property=\"og:description\" content=\"El Teatro Principal \u00a0de Alcoy ha presentado su programaci\u00f3n cultural para el oto\u00f1o en la que de nuevo seguir\u00e1 prestando...\" \/>\n<meta property=\"og:url\" content=\"https:\/\/www.copealcoy.es\/es\/el-principal-presenta-su-programacion-cultural-para-otono\/\" \/>\n<meta property=\"og:site_name\" content=\"COPE Alcoy\" \/>\n<meta property=\"article:published_time\" content=\"2015-09-08T19:47:58+00:00\" \/>\n<meta property=\"article:modified_time\" content=\"2015-09-08T19:48:37+00:00\" \/>\n<meta property=\"og:image\" content=\"https:\/\/www.copealcoy.es\/wp-content\/uploads\/2015\/09\/11919560_718227971654024_2004813597473568181_n.jpg\" \/>\n\t<meta property=\"og:image:width\" content=\"960\" \/>\n\t<meta property=\"og:image:height\" content=\"720\" \/>\n\t<meta property=\"og:image:type\" content=\"image\/jpeg\" \/>\n<meta name=\"author\" content=\"Cope Alcoy\" \/>\n<meta name=\"twitter:label1\" content=\"Escrito por\" \/>\n\t<meta name=\"twitter:data1\" content=\"Cope Alcoy\" \/>\n\t<meta name=\"twitter:label2\" content=\"Tiempo de lectura\" \/>\n\t<meta name=\"twitter:data2\" content=\"2 minutos\" \/>\n<script type=\"application\/ld+json\" class=\"yoast-schema-graph\">{\"@context\":\"https:\\\/\\\/schema.org\",\"@graph\":[{\"@type\":\"Article\",\"@id\":\"https:\\\/\\\/www.copealcoy.es\\\/es\\\/el-principal-presenta-su-programacion-cultural-para-otono\\\/#article\",\"isPartOf\":{\"@id\":\"https:\\\/\\\/www.copealcoy.es\\\/es\\\/el-principal-presenta-su-programacion-cultural-para-otono\\\/\"},\"author\":{\"name\":\"Cope Alcoy\",\"@id\":\"https:\\\/\\\/www.copealcoy.es\\\/es\\\/#\\\/schema\\\/person\\\/e777c87fa024e57d40170af9df39882c\"},\"headline\":\"El Principal presenta su programaci\u00f3n cultural para oto\u00f1o\",\"datePublished\":\"2015-09-08T19:47:58+00:00\",\"dateModified\":\"2015-09-08T19:48:37+00:00\",\"mainEntityOfPage\":{\"@id\":\"https:\\\/\\\/www.copealcoy.es\\\/es\\\/el-principal-presenta-su-programacion-cultural-para-otono\\\/\"},\"wordCount\":409,\"commentCount\":0,\"image\":{\"@id\":\"https:\\\/\\\/www.copealcoy.es\\\/es\\\/el-principal-presenta-su-programacion-cultural-para-otono\\\/#primaryimage\"},\"thumbnailUrl\":\"https:\\\/\\\/www.copealcoy.es\\\/wp-content\\\/uploads\\\/2015\\\/09\\\/11919560_718227971654024_2004813597473568181_n.jpg\",\"keywords\":[\"Alcoy\",\"Cultura\",\"Teatre Principal\"],\"articleSection\":[\"Alcoy\",\"Fiesta y Cultura\",\"Noticias\"],\"inLanguage\":\"es\"},{\"@type\":\"WebPage\",\"@id\":\"https:\\\/\\\/www.copealcoy.es\\\/es\\\/el-principal-presenta-su-programacion-cultural-para-otono\\\/\",\"url\":\"https:\\\/\\\/www.copealcoy.es\\\/es\\\/el-principal-presenta-su-programacion-cultural-para-otono\\\/\",\"name\":\"El Principal presenta su programaci\u00f3n cultural para oto\u00f1o - COPE Alcoy\",\"isPartOf\":{\"@id\":\"https:\\\/\\\/www.copealcoy.es\\\/es\\\/#website\"},\"primaryImageOfPage\":{\"@id\":\"https:\\\/\\\/www.copealcoy.es\\\/es\\\/el-principal-presenta-su-programacion-cultural-para-otono\\\/#primaryimage\"},\"image\":{\"@id\":\"https:\\\/\\\/www.copealcoy.es\\\/es\\\/el-principal-presenta-su-programacion-cultural-para-otono\\\/#primaryimage\"},\"thumbnailUrl\":\"https:\\\/\\\/www.copealcoy.es\\\/wp-content\\\/uploads\\\/2015\\\/09\\\/11919560_718227971654024_2004813597473568181_n.jpg\",\"datePublished\":\"2015-09-08T19:47:58+00:00\",\"dateModified\":\"2015-09-08T19:48:37+00:00\",\"author\":{\"@id\":\"https:\\\/\\\/www.copealcoy.es\\\/es\\\/#\\\/schema\\\/person\\\/e777c87fa024e57d40170af9df39882c\"},\"breadcrumb\":{\"@id\":\"https:\\\/\\\/www.copealcoy.es\\\/es\\\/el-principal-presenta-su-programacion-cultural-para-otono\\\/#breadcrumb\"},\"inLanguage\":\"es\",\"potentialAction\":[{\"@type\":\"ReadAction\",\"target\":[\"https:\\\/\\\/www.copealcoy.es\\\/es\\\/el-principal-presenta-su-programacion-cultural-para-otono\\\/\"]}]},{\"@type\":\"ImageObject\",\"inLanguage\":\"es\",\"@id\":\"https:\\\/\\\/www.copealcoy.es\\\/es\\\/el-principal-presenta-su-programacion-cultural-para-otono\\\/#primaryimage\",\"url\":\"https:\\\/\\\/www.copealcoy.es\\\/wp-content\\\/uploads\\\/2015\\\/09\\\/11919560_718227971654024_2004813597473568181_n.jpg\",\"contentUrl\":\"https:\\\/\\\/www.copealcoy.es\\\/wp-content\\\/uploads\\\/2015\\\/09\\\/11919560_718227971654024_2004813597473568181_n.jpg\",\"width\":960,\"height\":720,\"caption\":\"La presentaci\u00f3n de la programaci\u00f3n ha tenido lugar en el mismo Teatro Principal\"},{\"@type\":\"BreadcrumbList\",\"@id\":\"https:\\\/\\\/www.copealcoy.es\\\/es\\\/el-principal-presenta-su-programacion-cultural-para-otono\\\/#breadcrumb\",\"itemListElement\":[{\"@type\":\"ListItem\",\"position\":1,\"name\":\"Portada\",\"item\":\"https:\\\/\\\/www.copealcoy.es\\\/es\\\/\"},{\"@type\":\"ListItem\",\"position\":2,\"name\":\"El Principal presenta su programaci\u00f3n cultural para oto\u00f1o\"}]},{\"@type\":\"WebSite\",\"@id\":\"https:\\\/\\\/www.copealcoy.es\\\/es\\\/#website\",\"url\":\"https:\\\/\\\/www.copealcoy.es\\\/es\\\/\",\"name\":\"COPE Alcoy\",\"description\":\"Emisora COPE de radio local con emisi\u00f3n online. Pont de Sant Jordi 8-10 03803 Alcoy\",\"potentialAction\":[{\"@type\":\"SearchAction\",\"target\":{\"@type\":\"EntryPoint\",\"urlTemplate\":\"https:\\\/\\\/www.copealcoy.es\\\/es\\\/?s={search_term_string}\"},\"query-input\":{\"@type\":\"PropertyValueSpecification\",\"valueRequired\":true,\"valueName\":\"search_term_string\"}}],\"inLanguage\":\"es\"},{\"@type\":\"Person\",\"@id\":\"https:\\\/\\\/www.copealcoy.es\\\/es\\\/#\\\/schema\\\/person\\\/e777c87fa024e57d40170af9df39882c\",\"name\":\"Cope Alcoy\",\"image\":{\"@type\":\"ImageObject\",\"inLanguage\":\"es\",\"@id\":\"https:\\\/\\\/secure.gravatar.com\\\/avatar\\\/bb65d0283347e303893ba14f0692005417c1e0e690a325a4c5d8bb2b3943ee14?s=96&d=mm&r=g\",\"url\":\"https:\\\/\\\/secure.gravatar.com\\\/avatar\\\/bb65d0283347e303893ba14f0692005417c1e0e690a325a4c5d8bb2b3943ee14?s=96&d=mm&r=g\",\"contentUrl\":\"https:\\\/\\\/secure.gravatar.com\\\/avatar\\\/bb65d0283347e303893ba14f0692005417c1e0e690a325a4c5d8bb2b3943ee14?s=96&d=mm&r=g\",\"caption\":\"Cope Alcoy\"}}]}<\/script>\n<!-- \/ Yoast SEO plugin. -->","yoast_head_json":{"title":"El Principal presenta su programaci\u00f3n cultural para oto\u00f1o - COPE Alcoy","robots":{"index":"index","follow":"follow","max-snippet":"max-snippet:-1","max-image-preview":"max-image-preview:large","max-video-preview":"max-video-preview:-1"},"canonical":"https:\/\/www.copealcoy.es\/es\/el-principal-presenta-su-programacion-cultural-para-otono\/","og_locale":"es_ES","og_type":"article","og_title":"El Principal presenta su programaci\u00f3n cultural para oto\u00f1o - COPE Alcoy","og_description":"El Teatro Principal \u00a0de Alcoy ha presentado su programaci\u00f3n cultural para el oto\u00f1o en la que de nuevo seguir\u00e1 prestando...","og_url":"https:\/\/www.copealcoy.es\/es\/el-principal-presenta-su-programacion-cultural-para-otono\/","og_site_name":"COPE Alcoy","article_published_time":"2015-09-08T19:47:58+00:00","article_modified_time":"2015-09-08T19:48:37+00:00","og_image":[{"width":960,"height":720,"url":"https:\/\/www.copealcoy.es\/wp-content\/uploads\/2015\/09\/11919560_718227971654024_2004813597473568181_n.jpg","type":"image\/jpeg"}],"author":"Cope Alcoy","twitter_misc":{"Escrito por":"Cope Alcoy","Tiempo de lectura":"2 minutos"},"schema":{"@context":"https:\/\/schema.org","@graph":[{"@type":"Article","@id":"https:\/\/www.copealcoy.es\/es\/el-principal-presenta-su-programacion-cultural-para-otono\/#article","isPartOf":{"@id":"https:\/\/www.copealcoy.es\/es\/el-principal-presenta-su-programacion-cultural-para-otono\/"},"author":{"name":"Cope Alcoy","@id":"https:\/\/www.copealcoy.es\/es\/#\/schema\/person\/e777c87fa024e57d40170af9df39882c"},"headline":"El Principal presenta su programaci\u00f3n cultural para oto\u00f1o","datePublished":"2015-09-08T19:47:58+00:00","dateModified":"2015-09-08T19:48:37+00:00","mainEntityOfPage":{"@id":"https:\/\/www.copealcoy.es\/es\/el-principal-presenta-su-programacion-cultural-para-otono\/"},"wordCount":409,"commentCount":0,"image":{"@id":"https:\/\/www.copealcoy.es\/es\/el-principal-presenta-su-programacion-cultural-para-otono\/#primaryimage"},"thumbnailUrl":"https:\/\/www.copealcoy.es\/wp-content\/uploads\/2015\/09\/11919560_718227971654024_2004813597473568181_n.jpg","keywords":["Alcoy","Cultura","Teatre Principal"],"articleSection":["Alcoy","Fiesta y Cultura","Noticias"],"inLanguage":"es"},{"@type":"WebPage","@id":"https:\/\/www.copealcoy.es\/es\/el-principal-presenta-su-programacion-cultural-para-otono\/","url":"https:\/\/www.copealcoy.es\/es\/el-principal-presenta-su-programacion-cultural-para-otono\/","name":"El Principal presenta su programaci\u00f3n cultural para oto\u00f1o - COPE Alcoy","isPartOf":{"@id":"https:\/\/www.copealcoy.es\/es\/#website"},"primaryImageOfPage":{"@id":"https:\/\/www.copealcoy.es\/es\/el-principal-presenta-su-programacion-cultural-para-otono\/#primaryimage"},"image":{"@id":"https:\/\/www.copealcoy.es\/es\/el-principal-presenta-su-programacion-cultural-para-otono\/#primaryimage"},"thumbnailUrl":"https:\/\/www.copealcoy.es\/wp-content\/uploads\/2015\/09\/11919560_718227971654024_2004813597473568181_n.jpg","datePublished":"2015-09-08T19:47:58+00:00","dateModified":"2015-09-08T19:48:37+00:00","author":{"@id":"https:\/\/www.copealcoy.es\/es\/#\/schema\/person\/e777c87fa024e57d40170af9df39882c"},"breadcrumb":{"@id":"https:\/\/www.copealcoy.es\/es\/el-principal-presenta-su-programacion-cultural-para-otono\/#breadcrumb"},"inLanguage":"es","potentialAction":[{"@type":"ReadAction","target":["https:\/\/www.copealcoy.es\/es\/el-principal-presenta-su-programacion-cultural-para-otono\/"]}]},{"@type":"ImageObject","inLanguage":"es","@id":"https:\/\/www.copealcoy.es\/es\/el-principal-presenta-su-programacion-cultural-para-otono\/#primaryimage","url":"https:\/\/www.copealcoy.es\/wp-content\/uploads\/2015\/09\/11919560_718227971654024_2004813597473568181_n.jpg","contentUrl":"https:\/\/www.copealcoy.es\/wp-content\/uploads\/2015\/09\/11919560_718227971654024_2004813597473568181_n.jpg","width":960,"height":720,"caption":"La presentaci\u00f3n de la programaci\u00f3n ha tenido lugar en el mismo Teatro Principal"},{"@type":"BreadcrumbList","@id":"https:\/\/www.copealcoy.es\/es\/el-principal-presenta-su-programacion-cultural-para-otono\/#breadcrumb","itemListElement":[{"@type":"ListItem","position":1,"name":"Portada","item":"https:\/\/www.copealcoy.es\/es\/"},{"@type":"ListItem","position":2,"name":"El Principal presenta su programaci\u00f3n cultural para oto\u00f1o"}]},{"@type":"WebSite","@id":"https:\/\/www.copealcoy.es\/es\/#website","url":"https:\/\/www.copealcoy.es\/es\/","name":"COPE Alcoy","description":"Emisora COPE de radio local con emisi\u00f3n online. Pont de Sant Jordi 8-10 03803 Alcoy","potentialAction":[{"@type":"SearchAction","target":{"@type":"EntryPoint","urlTemplate":"https:\/\/www.copealcoy.es\/es\/?s={search_term_string}"},"query-input":{"@type":"PropertyValueSpecification","valueRequired":true,"valueName":"search_term_string"}}],"inLanguage":"es"},{"@type":"Person","@id":"https:\/\/www.copealcoy.es\/es\/#\/schema\/person\/e777c87fa024e57d40170af9df39882c","name":"Cope Alcoy","image":{"@type":"ImageObject","inLanguage":"es","@id":"https:\/\/secure.gravatar.com\/avatar\/bb65d0283347e303893ba14f0692005417c1e0e690a325a4c5d8bb2b3943ee14?s=96&d=mm&r=g","url":"https:\/\/secure.gravatar.com\/avatar\/bb65d0283347e303893ba14f0692005417c1e0e690a325a4c5d8bb2b3943ee14?s=96&d=mm&r=g","contentUrl":"https:\/\/secure.gravatar.com\/avatar\/bb65d0283347e303893ba14f0692005417c1e0e690a325a4c5d8bb2b3943ee14?s=96&d=mm&r=g","caption":"Cope Alcoy"}}]}},"_links":{"self":[{"href":"https:\/\/www.copealcoy.es\/es\/wp-json\/wp\/v2\/posts\/15556","targetHints":{"allow":["GET"]}}],"collection":[{"href":"https:\/\/www.copealcoy.es\/es\/wp-json\/wp\/v2\/posts"}],"about":[{"href":"https:\/\/www.copealcoy.es\/es\/wp-json\/wp\/v2\/types\/post"}],"author":[{"embeddable":true,"href":"https:\/\/www.copealcoy.es\/es\/wp-json\/wp\/v2\/users\/1"}],"replies":[{"embeddable":true,"href":"https:\/\/www.copealcoy.es\/es\/wp-json\/wp\/v2\/comments?post=15556"}],"version-history":[{"count":0,"href":"https:\/\/www.copealcoy.es\/es\/wp-json\/wp\/v2\/posts\/15556\/revisions"}],"wp:featuredmedia":[{"embeddable":true,"href":"https:\/\/www.copealcoy.es\/es\/wp-json\/wp\/v2\/media\/15557"}],"wp:attachment":[{"href":"https:\/\/www.copealcoy.es\/es\/wp-json\/wp\/v2\/media?parent=15556"}],"wp:term":[{"taxonomy":"category","embeddable":true,"href":"https:\/\/www.copealcoy.es\/es\/wp-json\/wp\/v2\/categories?post=15556"},{"taxonomy":"post_tag","embeddable":true,"href":"https:\/\/www.copealcoy.es\/es\/wp-json\/wp\/v2\/tags?post=15556"}],"curies":[{"name":"wp","href":"https:\/\/api.w.org\/{rel}","templated":true}]}}