{"id":155504,"date":"2025-07-24T15:08:52","date_gmt":"2025-07-24T14:08:52","guid":{"rendered":"https:\/\/www.copealcoy.es\/?p=155504"},"modified":"2025-07-24T15:13:08","modified_gmt":"2025-07-24T14:13:08","slug":"la-calle-entenza-de-alcoy-ya-tiene-renovados-sus-cruces","status":"publish","type":"post","link":"https:\/\/www.copealcoy.es\/es\/la-calle-entenza-de-alcoy-ya-tiene-renovados-sus-cruces\/","title":{"rendered":"La calle Entenza de Alcoy ya tiene renovados sus cruces"},"content":{"rendered":"<p style=\"text-align: justify;\">Han concluido <strong>las obras para mejorar los cruces de la calle Na Saurina d\u2019Enten\u00e7a<\/strong> situados en varias calles transversales de la misma, una intervenci\u00f3n con <strong>un presupuesto total de 34.988,08 euros (IVA incluido)<\/strong>. La actuaci\u00f3n <strong>ha consistido<\/strong> en la renovaci\u00f3n de los pasos de peatones elevados y en la mejora del pavimento, con el objetivo de incrementar la seguridad vial y facilitar la movilidad.<\/p>\n<p style=\"text-align: justify;\">Las obras <strong>se han llevado a cabo<\/strong> en los cruces con las calles Alfafara, Anselm Aracil, Sant Isidre y Font de l\u2019Horta. Durante los trabajos, se sustituyeron las losas de gran formato deterioradas por otras de menor tama\u00f1o y mayor resistencia, dispuestas estrat\u00e9gicamente para evitar desplazamientos y deformaciones provocadas por el paso del tr\u00e1fico. Adem\u00e1s, estas mejoras <strong>han contribuido<\/strong> a aumentar la accesibilidad para personas con movilidad reducida, usuarios de carritos de beb\u00e9 y otros dispositivos de desplazamiento &#8220;<em>gracias a estas obras, los cruces de Na Saurina d\u2019Enten\u00e7a no solo son m\u00e1s seguros para los peatones, sino que tambi\u00e9n presentan una mayor durabilidad y confort en el uso diario. Seguimos trabajando para que Alcoy sea una ciudad cada vez m\u00e1s accesible, segura y adaptada a las necesidades de todas las personas. Actuaciones como esta son fundamentales para avanzar hacia un modelo de movilidad sostenible y una convivencia m\u00e1s equilibrada entre peatones y veh\u00edculos&#8221;<\/em>, ha afirmado el edil de Obras y Servicios del <a href=\"https:\/\/www.alcoi.org\/ca\/portal\/index.html\" target=\"_blank\" rel=\"noopener\"><span style=\"color: #0000ff;\"><strong>Ayuntamiento de Alcoy<\/strong><\/span><\/a>; <strong>Jordi Mart\u00ednez<\/strong>.<\/p>\n<p style=\"text-align: justify;\">Caba recordar que <strong>la remodelaci\u00f3n de Entenza se llev\u00f3 a cabo en la segunda mitad de 2018<\/strong> con el objetivo de convertir el vial en una calle inteligente. Siete a\u00f1os despu\u00e9s, <strong>este punto de la ciudad sigue en el punto de mira<\/strong> ya que presenta deficiencias que han sido renunciadas reiteradamente por la ciudadan\u00eda pero tambi\u00e9n por formaciones pol\u00edticas como el Partido Popular.<\/p>\n","protected":false},"excerpt":{"rendered":"<p>Han concluido las obras para mejorar los cruces de la calle Na Saurina d\u2019Enten\u00e7a situados en varias calles transversales de&#8230;<\/p>\n","protected":false},"author":1,"featured_media":155505,"comment_status":"closed","ping_status":"closed","sticky":false,"template":"","format":"standard","meta":{"footnotes":""},"categories":[6909,97,75],"tags":[1494,1870,19248,337],"class_list":["post-155504","post","type-post","status-publish","format-standard","has-post-thumbnail","hentry","category-actualidad","category-alcoy","category-noticias","tag-alcoy","tag-calle-entenza","tag-cruces","tag-renovacion"],"yoast_head":"<!-- This site is optimized with the Yoast SEO plugin v27.3 - https:\/\/yoast.com\/product\/yoast-seo-wordpress\/ -->\n<title>La calle Entenza de Alcoy ya tiene renovados sus cruces - COPE Alcoy<\/title>\n<meta name=\"description\" content=\"La calle Entenza de Alcoy ya tiene renovados sus cruces\" \/>\n<meta name=\"robots\" content=\"index, follow, max-snippet:-1, max-image-preview:large, max-video-preview:-1\" \/>\n<link rel=\"canonical\" href=\"https:\/\/www.copealcoy.es\/es\/la-calle-entenza-de-alcoy-ya-tiene-renovados-sus-cruces\/\" \/>\n<meta property=\"og:locale\" content=\"es_ES\" \/>\n<meta property=\"og:type\" content=\"article\" \/>\n<meta property=\"og:title\" content=\"La calle Entenza de Alcoy ya tiene renovados sus cruces - COPE Alcoy\" \/>\n<meta property=\"og:description\" content=\"La calle Entenza de Alcoy ya tiene renovados sus cruces\" \/>\n<meta property=\"og:url\" content=\"https:\/\/www.copealcoy.es\/es\/la-calle-entenza-de-alcoy-ya-tiene-renovados-sus-cruces\/\" \/>\n<meta property=\"og:site_name\" content=\"COPE Alcoy\" \/>\n<meta property=\"article:published_time\" content=\"2025-07-24T14:08:52+00:00\" \/>\n<meta property=\"article:modified_time\" content=\"2025-07-24T14:13:08+00:00\" \/>\n<meta property=\"og:image\" content=\"https:\/\/www.copealcoy.es\/wp-content\/uploads\/2025\/07\/Obres-carrers-adjacents-entenca.jpg\" \/>\n\t<meta property=\"og:image:width\" content=\"625\" \/>\n\t<meta property=\"og:image:height\" content=\"336\" \/>\n\t<meta property=\"og:image:type\" content=\"image\/jpeg\" \/>\n<meta name=\"author\" content=\"Cope Alcoy\" \/>\n<meta name=\"twitter:label1\" content=\"Escrito por\" \/>\n\t<meta name=\"twitter:data1\" content=\"Cope Alcoy\" \/>\n\t<meta name=\"twitter:label2\" content=\"Tiempo de lectura\" \/>\n\t<meta name=\"twitter:data2\" content=\"2 minutos\" \/>\n<script type=\"application\/ld+json\" class=\"yoast-schema-graph\">{\"@context\":\"https:\\\/\\\/schema.org\",\"@graph\":[{\"@type\":\"Article\",\"@id\":\"https:\\\/\\\/www.copealcoy.es\\\/es\\\/la-calle-entenza-de-alcoy-ya-tiene-renovados-sus-cruces\\\/#article\",\"isPartOf\":{\"@id\":\"https:\\\/\\\/www.copealcoy.es\\\/es\\\/la-calle-entenza-de-alcoy-ya-tiene-renovados-sus-cruces\\\/\"},\"author\":{\"name\":\"Cope Alcoy\",\"@id\":\"https:\\\/\\\/www.copealcoy.es\\\/es\\\/#\\\/schema\\\/person\\\/e777c87fa024e57d40170af9df39882c\"},\"headline\":\"La calle Entenza de Alcoy ya tiene renovados sus cruces\",\"datePublished\":\"2025-07-24T14:08:52+00:00\",\"dateModified\":\"2025-07-24T14:13:08+00:00\",\"mainEntityOfPage\":{\"@id\":\"https:\\\/\\\/www.copealcoy.es\\\/es\\\/la-calle-entenza-de-alcoy-ya-tiene-renovados-sus-cruces\\\/\"},\"wordCount\":326,\"image\":{\"@id\":\"https:\\\/\\\/www.copealcoy.es\\\/es\\\/la-calle-entenza-de-alcoy-ya-tiene-renovados-sus-cruces\\\/#primaryimage\"},\"thumbnailUrl\":\"https:\\\/\\\/www.copealcoy.es\\\/wp-content\\\/uploads\\\/2025\\\/07\\\/Obres-carrers-adjacents-entenca.jpg\",\"keywords\":[\"Alcoy\",\"calle Entenza\",\"cruces\",\"Renovaci\u00f3n\"],\"articleSection\":[\"Actualidad\",\"Alcoy\",\"Noticias\"],\"inLanguage\":\"es\"},{\"@type\":\"WebPage\",\"@id\":\"https:\\\/\\\/www.copealcoy.es\\\/es\\\/la-calle-entenza-de-alcoy-ya-tiene-renovados-sus-cruces\\\/\",\"url\":\"https:\\\/\\\/www.copealcoy.es\\\/es\\\/la-calle-entenza-de-alcoy-ya-tiene-renovados-sus-cruces\\\/\",\"name\":\"La calle Entenza de Alcoy ya tiene renovados sus cruces - COPE Alcoy\",\"isPartOf\":{\"@id\":\"https:\\\/\\\/www.copealcoy.es\\\/es\\\/#website\"},\"primaryImageOfPage\":{\"@id\":\"https:\\\/\\\/www.copealcoy.es\\\/es\\\/la-calle-entenza-de-alcoy-ya-tiene-renovados-sus-cruces\\\/#primaryimage\"},\"image\":{\"@id\":\"https:\\\/\\\/www.copealcoy.es\\\/es\\\/la-calle-entenza-de-alcoy-ya-tiene-renovados-sus-cruces\\\/#primaryimage\"},\"thumbnailUrl\":\"https:\\\/\\\/www.copealcoy.es\\\/wp-content\\\/uploads\\\/2025\\\/07\\\/Obres-carrers-adjacents-entenca.jpg\",\"datePublished\":\"2025-07-24T14:08:52+00:00\",\"dateModified\":\"2025-07-24T14:13:08+00:00\",\"author\":{\"@id\":\"https:\\\/\\\/www.copealcoy.es\\\/es\\\/#\\\/schema\\\/person\\\/e777c87fa024e57d40170af9df39882c\"},\"description\":\"La calle Entenza de Alcoy ya tiene renovados sus cruces\",\"breadcrumb\":{\"@id\":\"https:\\\/\\\/www.copealcoy.es\\\/es\\\/la-calle-entenza-de-alcoy-ya-tiene-renovados-sus-cruces\\\/#breadcrumb\"},\"inLanguage\":\"es\",\"potentialAction\":[{\"@type\":\"ReadAction\",\"target\":[\"https:\\\/\\\/www.copealcoy.es\\\/es\\\/la-calle-entenza-de-alcoy-ya-tiene-renovados-sus-cruces\\\/\"]}]},{\"@type\":\"ImageObject\",\"inLanguage\":\"es\",\"@id\":\"https:\\\/\\\/www.copealcoy.es\\\/es\\\/la-calle-entenza-de-alcoy-ya-tiene-renovados-sus-cruces\\\/#primaryimage\",\"url\":\"https:\\\/\\\/www.copealcoy.es\\\/wp-content\\\/uploads\\\/2025\\\/07\\\/Obres-carrers-adjacents-entenca.jpg\",\"contentUrl\":\"https:\\\/\\\/www.copealcoy.es\\\/wp-content\\\/uploads\\\/2025\\\/07\\\/Obres-carrers-adjacents-entenca.jpg\",\"width\":625,\"height\":336},{\"@type\":\"BreadcrumbList\",\"@id\":\"https:\\\/\\\/www.copealcoy.es\\\/es\\\/la-calle-entenza-de-alcoy-ya-tiene-renovados-sus-cruces\\\/#breadcrumb\",\"itemListElement\":[{\"@type\":\"ListItem\",\"position\":1,\"name\":\"Portada\",\"item\":\"https:\\\/\\\/www.copealcoy.es\\\/es\\\/\"},{\"@type\":\"ListItem\",\"position\":2,\"name\":\"La calle Entenza de Alcoy ya tiene renovados sus cruces\"}]},{\"@type\":\"WebSite\",\"@id\":\"https:\\\/\\\/www.copealcoy.es\\\/es\\\/#website\",\"url\":\"https:\\\/\\\/www.copealcoy.es\\\/es\\\/\",\"name\":\"COPE Alcoy\",\"description\":\"Emisora COPE de radio local con emisi\u00f3n online. Pont de Sant Jordi 8-10 03803 Alcoy\",\"potentialAction\":[{\"@type\":\"SearchAction\",\"target\":{\"@type\":\"EntryPoint\",\"urlTemplate\":\"https:\\\/\\\/www.copealcoy.es\\\/es\\\/?s={search_term_string}\"},\"query-input\":{\"@type\":\"PropertyValueSpecification\",\"valueRequired\":true,\"valueName\":\"search_term_string\"}}],\"inLanguage\":\"es\"},{\"@type\":\"Person\",\"@id\":\"https:\\\/\\\/www.copealcoy.es\\\/es\\\/#\\\/schema\\\/person\\\/e777c87fa024e57d40170af9df39882c\",\"name\":\"Cope Alcoy\",\"image\":{\"@type\":\"ImageObject\",\"inLanguage\":\"es\",\"@id\":\"https:\\\/\\\/secure.gravatar.com\\\/avatar\\\/bb65d0283347e303893ba14f0692005417c1e0e690a325a4c5d8bb2b3943ee14?s=96&d=mm&r=g\",\"url\":\"https:\\\/\\\/secure.gravatar.com\\\/avatar\\\/bb65d0283347e303893ba14f0692005417c1e0e690a325a4c5d8bb2b3943ee14?s=96&d=mm&r=g\",\"contentUrl\":\"https:\\\/\\\/secure.gravatar.com\\\/avatar\\\/bb65d0283347e303893ba14f0692005417c1e0e690a325a4c5d8bb2b3943ee14?s=96&d=mm&r=g\",\"caption\":\"Cope Alcoy\"}}]}<\/script>\n<!-- \/ Yoast SEO plugin. -->","yoast_head_json":{"title":"La calle Entenza de Alcoy ya tiene renovados sus cruces - COPE Alcoy","description":"La calle Entenza de Alcoy ya tiene renovados sus cruces","robots":{"index":"index","follow":"follow","max-snippet":"max-snippet:-1","max-image-preview":"max-image-preview:large","max-video-preview":"max-video-preview:-1"},"canonical":"https:\/\/www.copealcoy.es\/es\/la-calle-entenza-de-alcoy-ya-tiene-renovados-sus-cruces\/","og_locale":"es_ES","og_type":"article","og_title":"La calle Entenza de Alcoy ya tiene renovados sus cruces - COPE Alcoy","og_description":"La calle Entenza de Alcoy ya tiene renovados sus cruces","og_url":"https:\/\/www.copealcoy.es\/es\/la-calle-entenza-de-alcoy-ya-tiene-renovados-sus-cruces\/","og_site_name":"COPE Alcoy","article_published_time":"2025-07-24T14:08:52+00:00","article_modified_time":"2025-07-24T14:13:08+00:00","og_image":[{"width":625,"height":336,"url":"https:\/\/www.copealcoy.es\/wp-content\/uploads\/2025\/07\/Obres-carrers-adjacents-entenca.jpg","type":"image\/jpeg"}],"author":"Cope Alcoy","twitter_misc":{"Escrito por":"Cope Alcoy","Tiempo de lectura":"2 minutos"},"schema":{"@context":"https:\/\/schema.org","@graph":[{"@type":"Article","@id":"https:\/\/www.copealcoy.es\/es\/la-calle-entenza-de-alcoy-ya-tiene-renovados-sus-cruces\/#article","isPartOf":{"@id":"https:\/\/www.copealcoy.es\/es\/la-calle-entenza-de-alcoy-ya-tiene-renovados-sus-cruces\/"},"author":{"name":"Cope Alcoy","@id":"https:\/\/www.copealcoy.es\/es\/#\/schema\/person\/e777c87fa024e57d40170af9df39882c"},"headline":"La calle Entenza de Alcoy ya tiene renovados sus cruces","datePublished":"2025-07-24T14:08:52+00:00","dateModified":"2025-07-24T14:13:08+00:00","mainEntityOfPage":{"@id":"https:\/\/www.copealcoy.es\/es\/la-calle-entenza-de-alcoy-ya-tiene-renovados-sus-cruces\/"},"wordCount":326,"image":{"@id":"https:\/\/www.copealcoy.es\/es\/la-calle-entenza-de-alcoy-ya-tiene-renovados-sus-cruces\/#primaryimage"},"thumbnailUrl":"https:\/\/www.copealcoy.es\/wp-content\/uploads\/2025\/07\/Obres-carrers-adjacents-entenca.jpg","keywords":["Alcoy","calle Entenza","cruces","Renovaci\u00f3n"],"articleSection":["Actualidad","Alcoy","Noticias"],"inLanguage":"es"},{"@type":"WebPage","@id":"https:\/\/www.copealcoy.es\/es\/la-calle-entenza-de-alcoy-ya-tiene-renovados-sus-cruces\/","url":"https:\/\/www.copealcoy.es\/es\/la-calle-entenza-de-alcoy-ya-tiene-renovados-sus-cruces\/","name":"La calle Entenza de Alcoy ya tiene renovados sus cruces - COPE Alcoy","isPartOf":{"@id":"https:\/\/www.copealcoy.es\/es\/#website"},"primaryImageOfPage":{"@id":"https:\/\/www.copealcoy.es\/es\/la-calle-entenza-de-alcoy-ya-tiene-renovados-sus-cruces\/#primaryimage"},"image":{"@id":"https:\/\/www.copealcoy.es\/es\/la-calle-entenza-de-alcoy-ya-tiene-renovados-sus-cruces\/#primaryimage"},"thumbnailUrl":"https:\/\/www.copealcoy.es\/wp-content\/uploads\/2025\/07\/Obres-carrers-adjacents-entenca.jpg","datePublished":"2025-07-24T14:08:52+00:00","dateModified":"2025-07-24T14:13:08+00:00","author":{"@id":"https:\/\/www.copealcoy.es\/es\/#\/schema\/person\/e777c87fa024e57d40170af9df39882c"},"description":"La calle Entenza de Alcoy ya tiene renovados sus cruces","breadcrumb":{"@id":"https:\/\/www.copealcoy.es\/es\/la-calle-entenza-de-alcoy-ya-tiene-renovados-sus-cruces\/#breadcrumb"},"inLanguage":"es","potentialAction":[{"@type":"ReadAction","target":["https:\/\/www.copealcoy.es\/es\/la-calle-entenza-de-alcoy-ya-tiene-renovados-sus-cruces\/"]}]},{"@type":"ImageObject","inLanguage":"es","@id":"https:\/\/www.copealcoy.es\/es\/la-calle-entenza-de-alcoy-ya-tiene-renovados-sus-cruces\/#primaryimage","url":"https:\/\/www.copealcoy.es\/wp-content\/uploads\/2025\/07\/Obres-carrers-adjacents-entenca.jpg","contentUrl":"https:\/\/www.copealcoy.es\/wp-content\/uploads\/2025\/07\/Obres-carrers-adjacents-entenca.jpg","width":625,"height":336},{"@type":"BreadcrumbList","@id":"https:\/\/www.copealcoy.es\/es\/la-calle-entenza-de-alcoy-ya-tiene-renovados-sus-cruces\/#breadcrumb","itemListElement":[{"@type":"ListItem","position":1,"name":"Portada","item":"https:\/\/www.copealcoy.es\/es\/"},{"@type":"ListItem","position":2,"name":"La calle Entenza de Alcoy ya tiene renovados sus cruces"}]},{"@type":"WebSite","@id":"https:\/\/www.copealcoy.es\/es\/#website","url":"https:\/\/www.copealcoy.es\/es\/","name":"COPE Alcoy","description":"Emisora COPE de radio local con emisi\u00f3n online. Pont de Sant Jordi 8-10 03803 Alcoy","potentialAction":[{"@type":"SearchAction","target":{"@type":"EntryPoint","urlTemplate":"https:\/\/www.copealcoy.es\/es\/?s={search_term_string}"},"query-input":{"@type":"PropertyValueSpecification","valueRequired":true,"valueName":"search_term_string"}}],"inLanguage":"es"},{"@type":"Person","@id":"https:\/\/www.copealcoy.es\/es\/#\/schema\/person\/e777c87fa024e57d40170af9df39882c","name":"Cope Alcoy","image":{"@type":"ImageObject","inLanguage":"es","@id":"https:\/\/secure.gravatar.com\/avatar\/bb65d0283347e303893ba14f0692005417c1e0e690a325a4c5d8bb2b3943ee14?s=96&d=mm&r=g","url":"https:\/\/secure.gravatar.com\/avatar\/bb65d0283347e303893ba14f0692005417c1e0e690a325a4c5d8bb2b3943ee14?s=96&d=mm&r=g","contentUrl":"https:\/\/secure.gravatar.com\/avatar\/bb65d0283347e303893ba14f0692005417c1e0e690a325a4c5d8bb2b3943ee14?s=96&d=mm&r=g","caption":"Cope Alcoy"}}]}},"_links":{"self":[{"href":"https:\/\/www.copealcoy.es\/es\/wp-json\/wp\/v2\/posts\/155504","targetHints":{"allow":["GET"]}}],"collection":[{"href":"https:\/\/www.copealcoy.es\/es\/wp-json\/wp\/v2\/posts"}],"about":[{"href":"https:\/\/www.copealcoy.es\/es\/wp-json\/wp\/v2\/types\/post"}],"author":[{"embeddable":true,"href":"https:\/\/www.copealcoy.es\/es\/wp-json\/wp\/v2\/users\/1"}],"replies":[{"embeddable":true,"href":"https:\/\/www.copealcoy.es\/es\/wp-json\/wp\/v2\/comments?post=155504"}],"version-history":[{"count":1,"href":"https:\/\/www.copealcoy.es\/es\/wp-json\/wp\/v2\/posts\/155504\/revisions"}],"predecessor-version":[{"id":155507,"href":"https:\/\/www.copealcoy.es\/es\/wp-json\/wp\/v2\/posts\/155504\/revisions\/155507"}],"wp:featuredmedia":[{"embeddable":true,"href":"https:\/\/www.copealcoy.es\/es\/wp-json\/wp\/v2\/media\/155505"}],"wp:attachment":[{"href":"https:\/\/www.copealcoy.es\/es\/wp-json\/wp\/v2\/media?parent=155504"}],"wp:term":[{"taxonomy":"category","embeddable":true,"href":"https:\/\/www.copealcoy.es\/es\/wp-json\/wp\/v2\/categories?post=155504"},{"taxonomy":"post_tag","embeddable":true,"href":"https:\/\/www.copealcoy.es\/es\/wp-json\/wp\/v2\/tags?post=155504"}],"curies":[{"name":"wp","href":"https:\/\/api.w.org\/{rel}","templated":true}]}}