{"id":155494,"date":"2025-07-24T14:36:04","date_gmt":"2025-07-24T13:36:04","guid":{"rendered":"https:\/\/www.copealcoy.es\/?p=155494"},"modified":"2025-07-24T14:38:42","modified_gmt":"2025-07-24T13:38:42","slug":"extinguido-el-incendio-de-ibi-que-acabo-afectando-a-la-font-roja","status":"publish","type":"post","link":"https:\/\/www.copealcoy.es\/es\/extinguido-el-incendio-de-ibi-que-acabo-afectando-a-la-font-roja\/","title":{"rendered":"Extinguido el incendio de Ibi que acab\u00f3 afectando a la Font Roja"},"content":{"rendered":"<p style=\"text-align: justify;\">El incendio forestal que <strong>se inici\u00f3 en Ibi el pasado viernes 18 de julio<\/strong> ha sido oficialmente <strong>dado por extinguido<\/strong> esta ma\u00f1ana a las 06:57 horas, seg\u00fan informa el <a href=\"https:\/\/consorciobomberosalicante.es\/\" target=\"_blank\" rel=\"noopener\"><span style=\"color: #0000ff;\"><strong>Consorcio Provincial de Bomberos de la Diputaci\u00f3n de Alicante<\/strong><\/span><\/a>. El Centro de Coordinaci\u00f3n de Emergencias <strong>ha decretado la finalizaci\u00f3n de la situaci\u00f3n 1 del PEIF<\/strong> (Plan Especial frente a Incendios Forestales) tal y como han informado los mismos Bomberos.<\/p>\n<p style=\"text-align: justify;\">Durante la ma\u00f1ana, las brigadas forestales <strong>han continuado inspeccionando la zona afectada como parte del protocolo de seguimiento post-incendio<\/strong>. Ayer, <strong>el CECOPAL del Ayuntamiento de Ibi<\/strong> se reuni\u00f3 para hacer un balance del incendio, evaluar el funcionamiento del dispositivo local de emergencias, identificar posibles puntos d\u00e9biles en instalaciones y operativos, y plantear propuestas para mejorar la respuesta ante futuras emergencias. Por otro lado, se ha informado desde la Villa Juguetera que ya se ha restablecido el funcionamiento normal en la Estaci\u00f3n Biol\u00f3gica de Torretes &#8211; Jard\u00edn Bot\u00e1nico de la UA y en el restaurante del Campo de Tiro. Se pide a los vecinos y visitantes que mantengan la prudencia y eviten acceder a la zona quemada, que contin\u00faa bajo revisi\u00f3n y vigilancia t\u00e9cnica para garantizar su seguridad. El <strong>Ayuntamiento de Alcoy\u00a0<\/strong>ha vuelto a agradecer en este jueves la r\u00e1pida actuaci\u00f3n de los medios que actuaron en la extinci\u00f3n del mismo y la coordinaci\u00f3n entre efectivos, hecho que, seg\u00fan resaltan, ha sido clave a la hora de frenar que las llamas avanzaran sin control por uno de los pulmones naturales m\u00e1s importantes de la Comunidad Valenciana como nuestra Font Roja.<\/p>\n<p style=\"text-align: justify;\">Indicar que <strong>la superficie total afectada ha sido de 185,27 hect\u00e1reas<\/strong>, de las que <strong>solo 4,04 corresponden al t\u00e9rmino de Alcoy<\/strong> mientras que el resto se sit\u00faa en Ibi. Una vez extinguido el fuego, comenzar\u00e1 la evaluaci\u00f3n de da\u00f1os y se iniciar\u00e1 la reparaci\u00f3n tanto desde el punto de vista ambiental como en infraestructuras que han resultado da\u00f1adas por el mismo fuego.<\/p>\n","protected":false},"excerpt":{"rendered":"<p>El incendio forestal que se inici\u00f3 en Ibi el pasado viernes 18 de julio ha sido oficialmente dado por extinguido&#8230;<\/p>\n","protected":false},"author":1,"featured_media":155495,"comment_status":"closed","ping_status":"closed","sticky":false,"template":"","format":"standard","meta":{"footnotes":""},"categories":[6909,98,75,125],"tags":[],"class_list":["post-155494","post","type-post","status-publish","format-standard","has-post-thumbnail","hentry","category-actualidad","category-comarcas","category-noticias","category-portada"],"yoast_head":"<!-- This site is optimized with the Yoast SEO plugin v27.3 - https:\/\/yoast.com\/product\/yoast-seo-wordpress\/ -->\n<title>Extinguido el incendio de Ibi que acab\u00f3 afectando a la Font Roja - COPE Alcoy<\/title>\n<meta name=\"description\" content=\"El incendio forestal que se inici\u00f3 en Ibi el pasado viernes 18 de julio ha sido oficialmente dado por extinguido esta ma\u00f1ana a las 06:57 horas\" \/>\n<meta name=\"robots\" content=\"index, follow, max-snippet:-1, max-image-preview:large, max-video-preview:-1\" \/>\n<link rel=\"canonical\" href=\"https:\/\/www.copealcoy.es\/es\/extinguido-el-incendio-de-ibi-que-acabo-afectando-a-la-font-roja\/\" \/>\n<meta property=\"og:locale\" content=\"es_ES\" \/>\n<meta property=\"og:type\" content=\"article\" \/>\n<meta property=\"og:title\" content=\"Extinguido el incendio de Ibi que acab\u00f3 afectando a la Font Roja - COPE Alcoy\" \/>\n<meta property=\"og:description\" content=\"El incendio forestal que se inici\u00f3 en Ibi el pasado viernes 18 de julio ha sido oficialmente dado por extinguido esta ma\u00f1ana a las 06:57 horas\" \/>\n<meta property=\"og:url\" content=\"https:\/\/www.copealcoy.es\/es\/extinguido-el-incendio-de-ibi-que-acabo-afectando-a-la-font-roja\/\" \/>\n<meta property=\"og:site_name\" content=\"COPE Alcoy\" \/>\n<meta property=\"article:published_time\" content=\"2025-07-24T13:36:04+00:00\" \/>\n<meta property=\"article:modified_time\" content=\"2025-07-24T13:38:42+00:00\" \/>\n<meta name=\"author\" content=\"Cope Alcoy\" \/>\n<meta name=\"twitter:label1\" content=\"Escrito por\" \/>\n\t<meta name=\"twitter:data1\" content=\"Cope Alcoy\" \/>\n\t<meta name=\"twitter:label2\" content=\"Tiempo de lectura\" \/>\n\t<meta name=\"twitter:data2\" content=\"2 minutos\" \/>\n<script type=\"application\/ld+json\" class=\"yoast-schema-graph\">{\"@context\":\"https:\\\/\\\/schema.org\",\"@graph\":[{\"@type\":\"Article\",\"@id\":\"https:\\\/\\\/www.copealcoy.es\\\/es\\\/extinguido-el-incendio-de-ibi-que-acabo-afectando-a-la-font-roja\\\/#article\",\"isPartOf\":{\"@id\":\"https:\\\/\\\/www.copealcoy.es\\\/es\\\/extinguido-el-incendio-de-ibi-que-acabo-afectando-a-la-font-roja\\\/\"},\"author\":{\"name\":\"Cope Alcoy\",\"@id\":\"https:\\\/\\\/www.copealcoy.es\\\/es\\\/#\\\/schema\\\/person\\\/e777c87fa024e57d40170af9df39882c\"},\"headline\":\"Extinguido el incendio de Ibi que acab\u00f3 afectando a la Font Roja\",\"datePublished\":\"2025-07-24T13:36:04+00:00\",\"dateModified\":\"2025-07-24T13:38:42+00:00\",\"mainEntityOfPage\":{\"@id\":\"https:\\\/\\\/www.copealcoy.es\\\/es\\\/extinguido-el-incendio-de-ibi-que-acabo-afectando-a-la-font-roja\\\/\"},\"wordCount\":355,\"image\":{\"@id\":\"https:\\\/\\\/www.copealcoy.es\\\/es\\\/extinguido-el-incendio-de-ibi-que-acabo-afectando-a-la-font-roja\\\/#primaryimage\"},\"thumbnailUrl\":\"\",\"articleSection\":[\"Actualidad\",\"Comarcas\",\"Noticias\",\"Portada\"],\"inLanguage\":\"es\"},{\"@type\":\"WebPage\",\"@id\":\"https:\\\/\\\/www.copealcoy.es\\\/es\\\/extinguido-el-incendio-de-ibi-que-acabo-afectando-a-la-font-roja\\\/\",\"url\":\"https:\\\/\\\/www.copealcoy.es\\\/es\\\/extinguido-el-incendio-de-ibi-que-acabo-afectando-a-la-font-roja\\\/\",\"name\":\"Extinguido el incendio de Ibi que acab\u00f3 afectando a la Font Roja - COPE Alcoy\",\"isPartOf\":{\"@id\":\"https:\\\/\\\/www.copealcoy.es\\\/es\\\/#website\"},\"primaryImageOfPage\":{\"@id\":\"https:\\\/\\\/www.copealcoy.es\\\/es\\\/extinguido-el-incendio-de-ibi-que-acabo-afectando-a-la-font-roja\\\/#primaryimage\"},\"image\":{\"@id\":\"https:\\\/\\\/www.copealcoy.es\\\/es\\\/extinguido-el-incendio-de-ibi-que-acabo-afectando-a-la-font-roja\\\/#primaryimage\"},\"thumbnailUrl\":\"\",\"datePublished\":\"2025-07-24T13:36:04+00:00\",\"dateModified\":\"2025-07-24T13:38:42+00:00\",\"author\":{\"@id\":\"https:\\\/\\\/www.copealcoy.es\\\/es\\\/#\\\/schema\\\/person\\\/e777c87fa024e57d40170af9df39882c\"},\"description\":\"El incendio forestal que se inici\u00f3 en Ibi el pasado viernes 18 de julio ha sido oficialmente dado por extinguido esta ma\u00f1ana a las 06:57 horas\",\"inLanguage\":\"es\",\"potentialAction\":[{\"@type\":\"ReadAction\",\"target\":[\"https:\\\/\\\/www.copealcoy.es\\\/es\\\/extinguido-el-incendio-de-ibi-que-acabo-afectando-a-la-font-roja\\\/\"]}]},{\"@type\":\"ImageObject\",\"inLanguage\":\"es\",\"@id\":\"https:\\\/\\\/www.copealcoy.es\\\/es\\\/extinguido-el-incendio-de-ibi-que-acabo-afectando-a-la-font-roja\\\/#primaryimage\",\"url\":\"\",\"contentUrl\":\"\"},{\"@type\":\"WebSite\",\"@id\":\"https:\\\/\\\/www.copealcoy.es\\\/es\\\/#website\",\"url\":\"https:\\\/\\\/www.copealcoy.es\\\/es\\\/\",\"name\":\"COPE Alcoy\",\"description\":\"Emisora COPE de radio local con emisi\u00f3n online. Pont de Sant Jordi 8-10 03803 Alcoy\",\"potentialAction\":[{\"@type\":\"SearchAction\",\"target\":{\"@type\":\"EntryPoint\",\"urlTemplate\":\"https:\\\/\\\/www.copealcoy.es\\\/es\\\/?s={search_term_string}\"},\"query-input\":{\"@type\":\"PropertyValueSpecification\",\"valueRequired\":true,\"valueName\":\"search_term_string\"}}],\"inLanguage\":\"es\"},{\"@type\":\"Person\",\"@id\":\"https:\\\/\\\/www.copealcoy.es\\\/es\\\/#\\\/schema\\\/person\\\/e777c87fa024e57d40170af9df39882c\",\"name\":\"Cope Alcoy\",\"image\":{\"@type\":\"ImageObject\",\"inLanguage\":\"es\",\"@id\":\"https:\\\/\\\/secure.gravatar.com\\\/avatar\\\/bb65d0283347e303893ba14f0692005417c1e0e690a325a4c5d8bb2b3943ee14?s=96&d=mm&r=g\",\"url\":\"https:\\\/\\\/secure.gravatar.com\\\/avatar\\\/bb65d0283347e303893ba14f0692005417c1e0e690a325a4c5d8bb2b3943ee14?s=96&d=mm&r=g\",\"contentUrl\":\"https:\\\/\\\/secure.gravatar.com\\\/avatar\\\/bb65d0283347e303893ba14f0692005417c1e0e690a325a4c5d8bb2b3943ee14?s=96&d=mm&r=g\",\"caption\":\"Cope Alcoy\"}}]}<\/script>\n<!-- \/ Yoast SEO plugin. -->","yoast_head_json":{"title":"Extinguido el incendio de Ibi que acab\u00f3 afectando a la Font Roja - COPE Alcoy","description":"El incendio forestal que se inici\u00f3 en Ibi el pasado viernes 18 de julio ha sido oficialmente dado por extinguido esta ma\u00f1ana a las 06:57 horas","robots":{"index":"index","follow":"follow","max-snippet":"max-snippet:-1","max-image-preview":"max-image-preview:large","max-video-preview":"max-video-preview:-1"},"canonical":"https:\/\/www.copealcoy.es\/es\/extinguido-el-incendio-de-ibi-que-acabo-afectando-a-la-font-roja\/","og_locale":"es_ES","og_type":"article","og_title":"Extinguido el incendio de Ibi que acab\u00f3 afectando a la Font Roja - COPE Alcoy","og_description":"El incendio forestal que se inici\u00f3 en Ibi el pasado viernes 18 de julio ha sido oficialmente dado por extinguido esta ma\u00f1ana a las 06:57 horas","og_url":"https:\/\/www.copealcoy.es\/es\/extinguido-el-incendio-de-ibi-que-acabo-afectando-a-la-font-roja\/","og_site_name":"COPE Alcoy","article_published_time":"2025-07-24T13:36:04+00:00","article_modified_time":"2025-07-24T13:38:42+00:00","author":"Cope Alcoy","twitter_misc":{"Escrito por":"Cope Alcoy","Tiempo de lectura":"2 minutos"},"schema":{"@context":"https:\/\/schema.org","@graph":[{"@type":"Article","@id":"https:\/\/www.copealcoy.es\/es\/extinguido-el-incendio-de-ibi-que-acabo-afectando-a-la-font-roja\/#article","isPartOf":{"@id":"https:\/\/www.copealcoy.es\/es\/extinguido-el-incendio-de-ibi-que-acabo-afectando-a-la-font-roja\/"},"author":{"name":"Cope Alcoy","@id":"https:\/\/www.copealcoy.es\/es\/#\/schema\/person\/e777c87fa024e57d40170af9df39882c"},"headline":"Extinguido el incendio de Ibi que acab\u00f3 afectando a la Font Roja","datePublished":"2025-07-24T13:36:04+00:00","dateModified":"2025-07-24T13:38:42+00:00","mainEntityOfPage":{"@id":"https:\/\/www.copealcoy.es\/es\/extinguido-el-incendio-de-ibi-que-acabo-afectando-a-la-font-roja\/"},"wordCount":355,"image":{"@id":"https:\/\/www.copealcoy.es\/es\/extinguido-el-incendio-de-ibi-que-acabo-afectando-a-la-font-roja\/#primaryimage"},"thumbnailUrl":"","articleSection":["Actualidad","Comarcas","Noticias","Portada"],"inLanguage":"es"},{"@type":"WebPage","@id":"https:\/\/www.copealcoy.es\/es\/extinguido-el-incendio-de-ibi-que-acabo-afectando-a-la-font-roja\/","url":"https:\/\/www.copealcoy.es\/es\/extinguido-el-incendio-de-ibi-que-acabo-afectando-a-la-font-roja\/","name":"Extinguido el incendio de Ibi que acab\u00f3 afectando a la Font Roja - COPE Alcoy","isPartOf":{"@id":"https:\/\/www.copealcoy.es\/es\/#website"},"primaryImageOfPage":{"@id":"https:\/\/www.copealcoy.es\/es\/extinguido-el-incendio-de-ibi-que-acabo-afectando-a-la-font-roja\/#primaryimage"},"image":{"@id":"https:\/\/www.copealcoy.es\/es\/extinguido-el-incendio-de-ibi-que-acabo-afectando-a-la-font-roja\/#primaryimage"},"thumbnailUrl":"","datePublished":"2025-07-24T13:36:04+00:00","dateModified":"2025-07-24T13:38:42+00:00","author":{"@id":"https:\/\/www.copealcoy.es\/es\/#\/schema\/person\/e777c87fa024e57d40170af9df39882c"},"description":"El incendio forestal que se inici\u00f3 en Ibi el pasado viernes 18 de julio ha sido oficialmente dado por extinguido esta ma\u00f1ana a las 06:57 horas","inLanguage":"es","potentialAction":[{"@type":"ReadAction","target":["https:\/\/www.copealcoy.es\/es\/extinguido-el-incendio-de-ibi-que-acabo-afectando-a-la-font-roja\/"]}]},{"@type":"ImageObject","inLanguage":"es","@id":"https:\/\/www.copealcoy.es\/es\/extinguido-el-incendio-de-ibi-que-acabo-afectando-a-la-font-roja\/#primaryimage","url":"","contentUrl":""},{"@type":"WebSite","@id":"https:\/\/www.copealcoy.es\/es\/#website","url":"https:\/\/www.copealcoy.es\/es\/","name":"COPE Alcoy","description":"Emisora COPE de radio local con emisi\u00f3n online. Pont de Sant Jordi 8-10 03803 Alcoy","potentialAction":[{"@type":"SearchAction","target":{"@type":"EntryPoint","urlTemplate":"https:\/\/www.copealcoy.es\/es\/?s={search_term_string}"},"query-input":{"@type":"PropertyValueSpecification","valueRequired":true,"valueName":"search_term_string"}}],"inLanguage":"es"},{"@type":"Person","@id":"https:\/\/www.copealcoy.es\/es\/#\/schema\/person\/e777c87fa024e57d40170af9df39882c","name":"Cope Alcoy","image":{"@type":"ImageObject","inLanguage":"es","@id":"https:\/\/secure.gravatar.com\/avatar\/bb65d0283347e303893ba14f0692005417c1e0e690a325a4c5d8bb2b3943ee14?s=96&d=mm&r=g","url":"https:\/\/secure.gravatar.com\/avatar\/bb65d0283347e303893ba14f0692005417c1e0e690a325a4c5d8bb2b3943ee14?s=96&d=mm&r=g","contentUrl":"https:\/\/secure.gravatar.com\/avatar\/bb65d0283347e303893ba14f0692005417c1e0e690a325a4c5d8bb2b3943ee14?s=96&d=mm&r=g","caption":"Cope Alcoy"}}]}},"_links":{"self":[{"href":"https:\/\/www.copealcoy.es\/es\/wp-json\/wp\/v2\/posts\/155494","targetHints":{"allow":["GET"]}}],"collection":[{"href":"https:\/\/www.copealcoy.es\/es\/wp-json\/wp\/v2\/posts"}],"about":[{"href":"https:\/\/www.copealcoy.es\/es\/wp-json\/wp\/v2\/types\/post"}],"author":[{"embeddable":true,"href":"https:\/\/www.copealcoy.es\/es\/wp-json\/wp\/v2\/users\/1"}],"replies":[{"embeddable":true,"href":"https:\/\/www.copealcoy.es\/es\/wp-json\/wp\/v2\/comments?post=155494"}],"version-history":[{"count":0,"href":"https:\/\/www.copealcoy.es\/es\/wp-json\/wp\/v2\/posts\/155494\/revisions"}],"wp:featuredmedia":[{"embeddable":true,"href":"https:\/\/www.copealcoy.es\/es\/wp-json\/"}],"wp:attachment":[{"href":"https:\/\/www.copealcoy.es\/es\/wp-json\/wp\/v2\/media?parent=155494"}],"wp:term":[{"taxonomy":"category","embeddable":true,"href":"https:\/\/www.copealcoy.es\/es\/wp-json\/wp\/v2\/categories?post=155494"},{"taxonomy":"post_tag","embeddable":true,"href":"https:\/\/www.copealcoy.es\/es\/wp-json\/wp\/v2\/tags?post=155494"}],"curies":[{"name":"wp","href":"https:\/\/api.w.org\/{rel}","templated":true}]}}