{"id":15534,"date":"2015-09-07T22:18:09","date_gmt":"2015-09-07T22:18:09","guid":{"rendered":"http:\/\/copealcoi.es\/new\/?p=15534"},"modified":"2015-09-07T22:20:40","modified_gmt":"2015-09-07T22:20:40","slug":"col%c2%b7lectiu-03820-compromis-da-su-apoyo-al-programa-de-gratuidad-de-libros","status":"publish","type":"post","link":"https:\/\/www.copealcoy.es\/es\/col%c2%b7lectiu-03820-compromis-da-su-apoyo-al-programa-de-gratuidad-de-libros\/","title":{"rendered":"Col\u00b7lectiu 03820-Comprom\u00eds da su apoyo al programa de gratuidad de libros"},"content":{"rendered":"<p style=\"text-align: justify;\">El Grupo Municipal\u00a0Col\u00b7lectiu 03820-Comprom\u00eds de Cocentaina ha manifestado que dar\u00e1 su apoyo a todas aquellas medidas presupuestarias que se impulsen desde el Gobierno Local para llevar adelante el programa de gratuidad de los libros de texto promovido\u00a0desde el Ejecutivo\u00a0Valenciano. El portavoz de la formaci\u00f3n, Xavi Anduix, ha destacado que este tipo de ayudas sirven para dar un paso adelante a la hora de garantizar una educaci\u00f3n universal &#8220;y por eso pedimos al resto de Grupos Pol\u00edticos que den su apoyo para que Cocentaina sea beneficiaria de estas ayudas&#8221;, ha apuntado.<\/p>\n<p style=\"text-align: justify;\">Por \u00faltimo Anduix ha se\u00f1alado que con este plan anunciado\u00a0por el Consell se avanza en la implantaci\u00f3n de un nuevo modelo &#8220;en el que tienen responsabilidad tanto los ciudadanos como la Comunidad Educativa de cada centro. Adem\u00e1s los profesores que no utilizan libros en clase tambi\u00e9n recibir\u00e1n el importe correspondiente para el material que emplean en sus clases&#8221;, concluye.<\/p>\n<p style=\"text-align: justify;\"><strong>Reuni\u00f3n con el Conseller Marz\u00e0<\/strong><\/p>\n<p style=\"text-align: justify;\">Se\u00f1alar tambi\u00e9n que\u00a0tres ediles del Grupo Municipal de\u00a0Col\u00b7lectiu 03820-Comprom\u00eds as\u00ed como algunos componentes de la formaci\u00f3n mantuvieron la pasada semana un encuentro de trabajo con el Conseller de Educaci\u00f3n, Vicent Marz\u00e0. En la reuni\u00f3n abordaron la problem\u00e1tica de la unificaci\u00f3n del Colegio San Juan Bosco, pendiente desde hace m\u00e1s de 25 a\u00f1os, as\u00ed como la supresi\u00f3n de una l\u00ednea en el Real Blanc &#8220;se abre una nueva etapa y hemos obtenido el Compromiso del Conseller de conocer de cerca la problem\u00e1tica del Centro y analizar la situaci\u00f3n&#8221;, explica Anduix.<\/p>\n<p>&nbsp;<\/p>\n","protected":false},"excerpt":{"rendered":"<p>El Grupo Municipal\u00a0Col\u00b7lectiu 03820-Comprom\u00eds de Cocentaina ha manifestado que dar\u00e1 su apoyo a todas aquellas medidas presupuestarias que se impulsen&#8230;<\/p>\n","protected":false},"author":1,"featured_media":15535,"comment_status":"open","ping_status":"open","sticky":false,"template":"","format":"standard","meta":{"footnotes":""},"categories":[98,75],"tags":[610,152,423,243,1395],"class_list":["post-15534","post","type-post","status-publish","format-standard","has-post-thumbnail","hentry","category-comarcas","category-noticias","tag-col-lectiu-03820","tag-compromis","tag-educacion","tag-generalitat","tag-libros"],"yoast_head":"<!-- This site is optimized with the Yoast SEO plugin v27.3 - https:\/\/yoast.com\/product\/yoast-seo-wordpress\/ -->\n<title>Col\u00b7lectiu 03820-Comprom\u00eds da su apoyo al programa de gratuidad de libros - COPE Alcoy<\/title>\n<meta name=\"robots\" content=\"index, follow, max-snippet:-1, max-image-preview:large, max-video-preview:-1\" \/>\n<link rel=\"canonical\" href=\"https:\/\/www.copealcoy.es\/es\/col%c2%b7lectiu-03820-compromis-da-su-apoyo-al-programa-de-gratuidad-de-libros\/\" \/>\n<meta property=\"og:locale\" content=\"es_ES\" \/>\n<meta property=\"og:type\" content=\"article\" \/>\n<meta property=\"og:title\" content=\"Col\u00b7lectiu 03820-Comprom\u00eds da su apoyo al programa de gratuidad de libros - COPE Alcoy\" \/>\n<meta property=\"og:description\" content=\"El Grupo Municipal\u00a0Col\u00b7lectiu 03820-Comprom\u00eds de Cocentaina ha manifestado que dar\u00e1 su apoyo a todas aquellas medidas presupuestarias que se impulsen...\" \/>\n<meta property=\"og:url\" content=\"https:\/\/www.copealcoy.es\/es\/col%c2%b7lectiu-03820-compromis-da-su-apoyo-al-programa-de-gratuidad-de-libros\/\" \/>\n<meta property=\"og:site_name\" content=\"COPE Alcoy\" \/>\n<meta property=\"article:published_time\" content=\"2015-09-07T22:18:09+00:00\" \/>\n<meta property=\"article:modified_time\" content=\"2015-09-07T22:20:40+00:00\" \/>\n<meta property=\"og:image\" content=\"https:\/\/www.copealcoy.es\/wp-content\/uploads\/2015\/09\/img_19907.jpg\" \/>\n\t<meta property=\"og:image:width\" content=\"670\" \/>\n\t<meta property=\"og:image:height\" content=\"377\" \/>\n\t<meta property=\"og:image:type\" content=\"image\/jpeg\" \/>\n<meta name=\"author\" content=\"Cope Alcoy\" \/>\n<meta name=\"twitter:label1\" content=\"Escrito por\" \/>\n\t<meta name=\"twitter:data1\" content=\"Cope Alcoy\" \/>\n\t<meta name=\"twitter:label2\" content=\"Tiempo de lectura\" \/>\n\t<meta name=\"twitter:data2\" content=\"1 minuto\" \/>\n<script type=\"application\/ld+json\" class=\"yoast-schema-graph\">{\"@context\":\"https:\\\/\\\/schema.org\",\"@graph\":[{\"@type\":\"Article\",\"@id\":\"https:\\\/\\\/www.copealcoy.es\\\/es\\\/col%c2%b7lectiu-03820-compromis-da-su-apoyo-al-programa-de-gratuidad-de-libros\\\/#article\",\"isPartOf\":{\"@id\":\"https:\\\/\\\/www.copealcoy.es\\\/es\\\/col%c2%b7lectiu-03820-compromis-da-su-apoyo-al-programa-de-gratuidad-de-libros\\\/\"},\"author\":{\"name\":\"Cope Alcoy\",\"@id\":\"https:\\\/\\\/www.copealcoy.es\\\/es\\\/#\\\/schema\\\/person\\\/e777c87fa024e57d40170af9df39882c\"},\"headline\":\"Col\u00b7lectiu 03820-Comprom\u00eds da su apoyo al programa de gratuidad de libros\",\"datePublished\":\"2015-09-07T22:18:09+00:00\",\"dateModified\":\"2015-09-07T22:20:40+00:00\",\"mainEntityOfPage\":{\"@id\":\"https:\\\/\\\/www.copealcoy.es\\\/es\\\/col%c2%b7lectiu-03820-compromis-da-su-apoyo-al-programa-de-gratuidad-de-libros\\\/\"},\"wordCount\":288,\"commentCount\":0,\"image\":{\"@id\":\"https:\\\/\\\/www.copealcoy.es\\\/es\\\/col%c2%b7lectiu-03820-compromis-da-su-apoyo-al-programa-de-gratuidad-de-libros\\\/#primaryimage\"},\"thumbnailUrl\":\"https:\\\/\\\/www.copealcoy.es\\\/wp-content\\\/uploads\\\/2015\\\/09\\\/img_19907.jpg\",\"keywords\":[\"Col.lectiu 03820\",\"Comprom\u00eds\",\"Educaci\u00f3n\",\"Generalitat\",\"libros\"],\"articleSection\":[\"Comarcas\",\"Noticias\"],\"inLanguage\":\"es\"},{\"@type\":\"WebPage\",\"@id\":\"https:\\\/\\\/www.copealcoy.es\\\/es\\\/col%c2%b7lectiu-03820-compromis-da-su-apoyo-al-programa-de-gratuidad-de-libros\\\/\",\"url\":\"https:\\\/\\\/www.copealcoy.es\\\/es\\\/col%c2%b7lectiu-03820-compromis-da-su-apoyo-al-programa-de-gratuidad-de-libros\\\/\",\"name\":\"Col\u00b7lectiu 03820-Comprom\u00eds da su apoyo al programa de gratuidad de libros - COPE Alcoy\",\"isPartOf\":{\"@id\":\"https:\\\/\\\/www.copealcoy.es\\\/es\\\/#website\"},\"primaryImageOfPage\":{\"@id\":\"https:\\\/\\\/www.copealcoy.es\\\/es\\\/col%c2%b7lectiu-03820-compromis-da-su-apoyo-al-programa-de-gratuidad-de-libros\\\/#primaryimage\"},\"image\":{\"@id\":\"https:\\\/\\\/www.copealcoy.es\\\/es\\\/col%c2%b7lectiu-03820-compromis-da-su-apoyo-al-programa-de-gratuidad-de-libros\\\/#primaryimage\"},\"thumbnailUrl\":\"https:\\\/\\\/www.copealcoy.es\\\/wp-content\\\/uploads\\\/2015\\\/09\\\/img_19907.jpg\",\"datePublished\":\"2015-09-07T22:18:09+00:00\",\"dateModified\":\"2015-09-07T22:20:40+00:00\",\"author\":{\"@id\":\"https:\\\/\\\/www.copealcoy.es\\\/es\\\/#\\\/schema\\\/person\\\/e777c87fa024e57d40170af9df39882c\"},\"breadcrumb\":{\"@id\":\"https:\\\/\\\/www.copealcoy.es\\\/es\\\/col%c2%b7lectiu-03820-compromis-da-su-apoyo-al-programa-de-gratuidad-de-libros\\\/#breadcrumb\"},\"inLanguage\":\"es\",\"potentialAction\":[{\"@type\":\"ReadAction\",\"target\":[\"https:\\\/\\\/www.copealcoy.es\\\/es\\\/col%c2%b7lectiu-03820-compromis-da-su-apoyo-al-programa-de-gratuidad-de-libros\\\/\"]}]},{\"@type\":\"ImageObject\",\"inLanguage\":\"es\",\"@id\":\"https:\\\/\\\/www.copealcoy.es\\\/es\\\/col%c2%b7lectiu-03820-compromis-da-su-apoyo-al-programa-de-gratuidad-de-libros\\\/#primaryimage\",\"url\":\"https:\\\/\\\/www.copealcoy.es\\\/wp-content\\\/uploads\\\/2015\\\/09\\\/img_19907.jpg\",\"contentUrl\":\"https:\\\/\\\/www.copealcoy.es\\\/wp-content\\\/uploads\\\/2015\\\/09\\\/img_19907.jpg\",\"width\":670,\"height\":377,\"caption\":\"Los ediles Paula Figuerola, Jordi Pla y Xavi Anduiz junto al Conseller Marz\u00e0\"},{\"@type\":\"BreadcrumbList\",\"@id\":\"https:\\\/\\\/www.copealcoy.es\\\/es\\\/col%c2%b7lectiu-03820-compromis-da-su-apoyo-al-programa-de-gratuidad-de-libros\\\/#breadcrumb\",\"itemListElement\":[{\"@type\":\"ListItem\",\"position\":1,\"name\":\"Portada\",\"item\":\"https:\\\/\\\/www.copealcoy.es\\\/es\\\/\"},{\"@type\":\"ListItem\",\"position\":2,\"name\":\"Col\u00b7lectiu 03820-Comprom\u00eds da su apoyo al programa de gratuidad de libros\"}]},{\"@type\":\"WebSite\",\"@id\":\"https:\\\/\\\/www.copealcoy.es\\\/es\\\/#website\",\"url\":\"https:\\\/\\\/www.copealcoy.es\\\/es\\\/\",\"name\":\"COPE Alcoy\",\"description\":\"Emisora COPE de radio local con emisi\u00f3n online. Pont de Sant Jordi 8-10 03803 Alcoy\",\"potentialAction\":[{\"@type\":\"SearchAction\",\"target\":{\"@type\":\"EntryPoint\",\"urlTemplate\":\"https:\\\/\\\/www.copealcoy.es\\\/es\\\/?s={search_term_string}\"},\"query-input\":{\"@type\":\"PropertyValueSpecification\",\"valueRequired\":true,\"valueName\":\"search_term_string\"}}],\"inLanguage\":\"es\"},{\"@type\":\"Person\",\"@id\":\"https:\\\/\\\/www.copealcoy.es\\\/es\\\/#\\\/schema\\\/person\\\/e777c87fa024e57d40170af9df39882c\",\"name\":\"Cope Alcoy\",\"image\":{\"@type\":\"ImageObject\",\"inLanguage\":\"es\",\"@id\":\"https:\\\/\\\/secure.gravatar.com\\\/avatar\\\/bb65d0283347e303893ba14f0692005417c1e0e690a325a4c5d8bb2b3943ee14?s=96&d=mm&r=g\",\"url\":\"https:\\\/\\\/secure.gravatar.com\\\/avatar\\\/bb65d0283347e303893ba14f0692005417c1e0e690a325a4c5d8bb2b3943ee14?s=96&d=mm&r=g\",\"contentUrl\":\"https:\\\/\\\/secure.gravatar.com\\\/avatar\\\/bb65d0283347e303893ba14f0692005417c1e0e690a325a4c5d8bb2b3943ee14?s=96&d=mm&r=g\",\"caption\":\"Cope Alcoy\"}}]}<\/script>\n<!-- \/ Yoast SEO plugin. -->","yoast_head_json":{"title":"Col\u00b7lectiu 03820-Comprom\u00eds da su apoyo al programa de gratuidad de libros - COPE Alcoy","robots":{"index":"index","follow":"follow","max-snippet":"max-snippet:-1","max-image-preview":"max-image-preview:large","max-video-preview":"max-video-preview:-1"},"canonical":"https:\/\/www.copealcoy.es\/es\/col%c2%b7lectiu-03820-compromis-da-su-apoyo-al-programa-de-gratuidad-de-libros\/","og_locale":"es_ES","og_type":"article","og_title":"Col\u00b7lectiu 03820-Comprom\u00eds da su apoyo al programa de gratuidad de libros - COPE Alcoy","og_description":"El Grupo Municipal\u00a0Col\u00b7lectiu 03820-Comprom\u00eds de Cocentaina ha manifestado que dar\u00e1 su apoyo a todas aquellas medidas presupuestarias que se impulsen...","og_url":"https:\/\/www.copealcoy.es\/es\/col%c2%b7lectiu-03820-compromis-da-su-apoyo-al-programa-de-gratuidad-de-libros\/","og_site_name":"COPE Alcoy","article_published_time":"2015-09-07T22:18:09+00:00","article_modified_time":"2015-09-07T22:20:40+00:00","og_image":[{"width":670,"height":377,"url":"https:\/\/www.copealcoy.es\/wp-content\/uploads\/2015\/09\/img_19907.jpg","type":"image\/jpeg"}],"author":"Cope Alcoy","twitter_misc":{"Escrito por":"Cope Alcoy","Tiempo de lectura":"1 minuto"},"schema":{"@context":"https:\/\/schema.org","@graph":[{"@type":"Article","@id":"https:\/\/www.copealcoy.es\/es\/col%c2%b7lectiu-03820-compromis-da-su-apoyo-al-programa-de-gratuidad-de-libros\/#article","isPartOf":{"@id":"https:\/\/www.copealcoy.es\/es\/col%c2%b7lectiu-03820-compromis-da-su-apoyo-al-programa-de-gratuidad-de-libros\/"},"author":{"name":"Cope Alcoy","@id":"https:\/\/www.copealcoy.es\/es\/#\/schema\/person\/e777c87fa024e57d40170af9df39882c"},"headline":"Col\u00b7lectiu 03820-Comprom\u00eds da su apoyo al programa de gratuidad de libros","datePublished":"2015-09-07T22:18:09+00:00","dateModified":"2015-09-07T22:20:40+00:00","mainEntityOfPage":{"@id":"https:\/\/www.copealcoy.es\/es\/col%c2%b7lectiu-03820-compromis-da-su-apoyo-al-programa-de-gratuidad-de-libros\/"},"wordCount":288,"commentCount":0,"image":{"@id":"https:\/\/www.copealcoy.es\/es\/col%c2%b7lectiu-03820-compromis-da-su-apoyo-al-programa-de-gratuidad-de-libros\/#primaryimage"},"thumbnailUrl":"https:\/\/www.copealcoy.es\/wp-content\/uploads\/2015\/09\/img_19907.jpg","keywords":["Col.lectiu 03820","Comprom\u00eds","Educaci\u00f3n","Generalitat","libros"],"articleSection":["Comarcas","Noticias"],"inLanguage":"es"},{"@type":"WebPage","@id":"https:\/\/www.copealcoy.es\/es\/col%c2%b7lectiu-03820-compromis-da-su-apoyo-al-programa-de-gratuidad-de-libros\/","url":"https:\/\/www.copealcoy.es\/es\/col%c2%b7lectiu-03820-compromis-da-su-apoyo-al-programa-de-gratuidad-de-libros\/","name":"Col\u00b7lectiu 03820-Comprom\u00eds da su apoyo al programa de gratuidad de libros - COPE Alcoy","isPartOf":{"@id":"https:\/\/www.copealcoy.es\/es\/#website"},"primaryImageOfPage":{"@id":"https:\/\/www.copealcoy.es\/es\/col%c2%b7lectiu-03820-compromis-da-su-apoyo-al-programa-de-gratuidad-de-libros\/#primaryimage"},"image":{"@id":"https:\/\/www.copealcoy.es\/es\/col%c2%b7lectiu-03820-compromis-da-su-apoyo-al-programa-de-gratuidad-de-libros\/#primaryimage"},"thumbnailUrl":"https:\/\/www.copealcoy.es\/wp-content\/uploads\/2015\/09\/img_19907.jpg","datePublished":"2015-09-07T22:18:09+00:00","dateModified":"2015-09-07T22:20:40+00:00","author":{"@id":"https:\/\/www.copealcoy.es\/es\/#\/schema\/person\/e777c87fa024e57d40170af9df39882c"},"breadcrumb":{"@id":"https:\/\/www.copealcoy.es\/es\/col%c2%b7lectiu-03820-compromis-da-su-apoyo-al-programa-de-gratuidad-de-libros\/#breadcrumb"},"inLanguage":"es","potentialAction":[{"@type":"ReadAction","target":["https:\/\/www.copealcoy.es\/es\/col%c2%b7lectiu-03820-compromis-da-su-apoyo-al-programa-de-gratuidad-de-libros\/"]}]},{"@type":"ImageObject","inLanguage":"es","@id":"https:\/\/www.copealcoy.es\/es\/col%c2%b7lectiu-03820-compromis-da-su-apoyo-al-programa-de-gratuidad-de-libros\/#primaryimage","url":"https:\/\/www.copealcoy.es\/wp-content\/uploads\/2015\/09\/img_19907.jpg","contentUrl":"https:\/\/www.copealcoy.es\/wp-content\/uploads\/2015\/09\/img_19907.jpg","width":670,"height":377,"caption":"Los ediles Paula Figuerola, Jordi Pla y Xavi Anduiz junto al Conseller Marz\u00e0"},{"@type":"BreadcrumbList","@id":"https:\/\/www.copealcoy.es\/es\/col%c2%b7lectiu-03820-compromis-da-su-apoyo-al-programa-de-gratuidad-de-libros\/#breadcrumb","itemListElement":[{"@type":"ListItem","position":1,"name":"Portada","item":"https:\/\/www.copealcoy.es\/es\/"},{"@type":"ListItem","position":2,"name":"Col\u00b7lectiu 03820-Comprom\u00eds da su apoyo al programa de gratuidad de libros"}]},{"@type":"WebSite","@id":"https:\/\/www.copealcoy.es\/es\/#website","url":"https:\/\/www.copealcoy.es\/es\/","name":"COPE Alcoy","description":"Emisora COPE de radio local con emisi\u00f3n online. Pont de Sant Jordi 8-10 03803 Alcoy","potentialAction":[{"@type":"SearchAction","target":{"@type":"EntryPoint","urlTemplate":"https:\/\/www.copealcoy.es\/es\/?s={search_term_string}"},"query-input":{"@type":"PropertyValueSpecification","valueRequired":true,"valueName":"search_term_string"}}],"inLanguage":"es"},{"@type":"Person","@id":"https:\/\/www.copealcoy.es\/es\/#\/schema\/person\/e777c87fa024e57d40170af9df39882c","name":"Cope Alcoy","image":{"@type":"ImageObject","inLanguage":"es","@id":"https:\/\/secure.gravatar.com\/avatar\/bb65d0283347e303893ba14f0692005417c1e0e690a325a4c5d8bb2b3943ee14?s=96&d=mm&r=g","url":"https:\/\/secure.gravatar.com\/avatar\/bb65d0283347e303893ba14f0692005417c1e0e690a325a4c5d8bb2b3943ee14?s=96&d=mm&r=g","contentUrl":"https:\/\/secure.gravatar.com\/avatar\/bb65d0283347e303893ba14f0692005417c1e0e690a325a4c5d8bb2b3943ee14?s=96&d=mm&r=g","caption":"Cope Alcoy"}}]}},"_links":{"self":[{"href":"https:\/\/www.copealcoy.es\/es\/wp-json\/wp\/v2\/posts\/15534","targetHints":{"allow":["GET"]}}],"collection":[{"href":"https:\/\/www.copealcoy.es\/es\/wp-json\/wp\/v2\/posts"}],"about":[{"href":"https:\/\/www.copealcoy.es\/es\/wp-json\/wp\/v2\/types\/post"}],"author":[{"embeddable":true,"href":"https:\/\/www.copealcoy.es\/es\/wp-json\/wp\/v2\/users\/1"}],"replies":[{"embeddable":true,"href":"https:\/\/www.copealcoy.es\/es\/wp-json\/wp\/v2\/comments?post=15534"}],"version-history":[{"count":0,"href":"https:\/\/www.copealcoy.es\/es\/wp-json\/wp\/v2\/posts\/15534\/revisions"}],"wp:featuredmedia":[{"embeddable":true,"href":"https:\/\/www.copealcoy.es\/es\/wp-json\/wp\/v2\/media\/15535"}],"wp:attachment":[{"href":"https:\/\/www.copealcoy.es\/es\/wp-json\/wp\/v2\/media?parent=15534"}],"wp:term":[{"taxonomy":"category","embeddable":true,"href":"https:\/\/www.copealcoy.es\/es\/wp-json\/wp\/v2\/categories?post=15534"},{"taxonomy":"post_tag","embeddable":true,"href":"https:\/\/www.copealcoy.es\/es\/wp-json\/wp\/v2\/tags?post=15534"}],"curies":[{"name":"wp","href":"https:\/\/api.w.org\/{rel}","templated":true}]}}