{"id":155273,"date":"2025-07-18T17:20:23","date_gmt":"2025-07-18T16:20:23","guid":{"rendered":"https:\/\/www.copealcoy.es\/?p=155273"},"modified":"2025-07-18T17:32:45","modified_gmt":"2025-07-18T16:32:45","slug":"el-fuego-entra-en-el-parque-natural-de-la-font-roja","status":"publish","type":"post","link":"https:\/\/www.copealcoy.es\/es\/el-fuego-entra-en-el-parque-natural-de-la-font-roja\/","title":{"rendered":"El fuego entra en el parque natural de la Font Roja"},"content":{"rendered":"<p style=\"text-align: justify;\">Tarde dif\u00edcil <strong>la que se est\u00e1 viviendo en nuestras comarcas<\/strong>, con viento de poniente, y temperaturas m\u00e1ximas por encima de los 38 grados. Este contexto<strong> es un ingrediente complicado<\/strong> para extinguir el incendio forestal <strong>declarado este mediod\u00eda en el \u00e1rea recreativa del paraje natural de Sant Pascual<\/strong> situada en el t\u00e9rmino municipal de Ibi y junto a la Font Roja.<\/p>\n<p style=\"text-align: justify;\">Minutos antes de las seis de la tarde, el <a href=\"https:\/\/consorciobomberosalicante.es\/\" target=\"_blank\" rel=\"noopener\"><span style=\"color: #0000ff;\"><strong>Consorcio Provincial de Bomberos de la Diputaci\u00f3n de Alicante<\/strong><\/span><\/a> informaba que <strong>el fuego ha entrado en el parque natural<\/strong> , habiendo ahora mismo 40 medios terrestres con 100 efectivos, trabajando en su extinci\u00f3n. A ello se le suman 10 unidades a\u00e9reas e incluso se ha sumado la UME. l puesto de mando avanzado, desde donde se controlan las llamas, ha acudido el presidente de la Diputaci\u00f3n de Alicante, <strong>Toni P\u00e9rez<\/strong>, junto al Conseller de Emergencias; <strong>Juan Carlos Valderrama\u00a0<\/strong>y el Presidente de la Generalitat Valenciana; <strong>Carlos Mazon<\/strong>.<\/p>\n<p style=\"text-align: justify;\">La situaci\u00f3n s<strong>igue siendo cr\u00edtica<\/strong> y desde el casco urbano de Alcoy se puede ver el humo unido a un intenso olor a quemado. El humo es visible tambi\u00e9n desde diferentes puntos de la comarca.<\/p>\n<p><em>Ampliaremos la informaci\u00f3n<\/em><\/p>\n","protected":false},"excerpt":{"rendered":"<p>Tarde dif\u00edcil la que se est\u00e1 viviendo en nuestras comarcas, con viento de poniente, y temperaturas m\u00e1ximas por encima de&#8230;<\/p>\n","protected":false},"author":1,"featured_media":155274,"comment_status":"closed","ping_status":"closed","sticky":false,"template":"","format":"standard","meta":{"footnotes":""},"categories":[6909,97,75,125],"tags":[1494,437,474,612,3767],"class_list":["post-155273","post","type-post","status-publish","format-standard","has-post-thumbnail","hentry","category-actualidad","category-alcoy","category-noticias","category-portada","tag-alcoy","tag-font-roja","tag-ibi","tag-incendio","tag-parque-natural"],"yoast_head":"<!-- This site is optimized with the Yoast SEO plugin v27.3 - https:\/\/yoast.com\/product\/yoast-seo-wordpress\/ -->\n<title>El fuego entra en el parque natural de la Font Roja - COPE Alcoy<\/title>\n<meta name=\"description\" content=\"El fuego entra en el parque natural de la Font Roja\" \/>\n<meta name=\"robots\" content=\"index, follow, max-snippet:-1, max-image-preview:large, max-video-preview:-1\" \/>\n<link rel=\"canonical\" href=\"https:\/\/www.copealcoy.es\/es\/el-fuego-entra-en-el-parque-natural-de-la-font-roja\/\" \/>\n<meta property=\"og:locale\" content=\"es_ES\" \/>\n<meta property=\"og:type\" content=\"article\" \/>\n<meta property=\"og:title\" content=\"El fuego entra en el parque natural de la Font Roja - COPE Alcoy\" \/>\n<meta property=\"og:description\" content=\"El fuego entra en el parque natural de la Font Roja\" \/>\n<meta property=\"og:url\" content=\"https:\/\/www.copealcoy.es\/es\/el-fuego-entra-en-el-parque-natural-de-la-font-roja\/\" \/>\n<meta property=\"og:site_name\" content=\"COPE Alcoy\" \/>\n<meta property=\"article:published_time\" content=\"2025-07-18T16:20:23+00:00\" \/>\n<meta property=\"article:modified_time\" content=\"2025-07-18T16:32:45+00:00\" \/>\n<meta property=\"og:image\" content=\"https:\/\/www.copealcoy.es\/wp-content\/uploads\/2025\/07\/unnamed-1-9-e1752855396546.jpg\" \/>\n\t<meta property=\"og:image:width\" content=\"1280\" \/>\n\t<meta property=\"og:image:height\" content=\"655\" \/>\n\t<meta property=\"og:image:type\" content=\"image\/jpeg\" \/>\n<meta name=\"author\" content=\"Cope Alcoy\" \/>\n<meta name=\"twitter:label1\" content=\"Escrito por\" \/>\n\t<meta name=\"twitter:data1\" content=\"Cope Alcoy\" \/>\n\t<meta name=\"twitter:label2\" content=\"Tiempo de lectura\" \/>\n\t<meta name=\"twitter:data2\" content=\"2 minutos\" \/>\n<script type=\"application\/ld+json\" class=\"yoast-schema-graph\">{\"@context\":\"https:\\\/\\\/schema.org\",\"@graph\":[{\"@type\":\"Article\",\"@id\":\"https:\\\/\\\/www.copealcoy.es\\\/es\\\/el-fuego-entra-en-el-parque-natural-de-la-font-roja\\\/#article\",\"isPartOf\":{\"@id\":\"https:\\\/\\\/www.copealcoy.es\\\/es\\\/el-fuego-entra-en-el-parque-natural-de-la-font-roja\\\/\"},\"author\":{\"name\":\"Cope Alcoy\",\"@id\":\"https:\\\/\\\/www.copealcoy.es\\\/es\\\/#\\\/schema\\\/person\\\/e777c87fa024e57d40170af9df39882c\"},\"headline\":\"El fuego entra en el parque natural de la Font Roja\",\"datePublished\":\"2025-07-18T16:20:23+00:00\",\"dateModified\":\"2025-07-18T16:32:45+00:00\",\"mainEntityOfPage\":{\"@id\":\"https:\\\/\\\/www.copealcoy.es\\\/es\\\/el-fuego-entra-en-el-parque-natural-de-la-font-roja\\\/\"},\"wordCount\":213,\"image\":{\"@id\":\"https:\\\/\\\/www.copealcoy.es\\\/es\\\/el-fuego-entra-en-el-parque-natural-de-la-font-roja\\\/#primaryimage\"},\"thumbnailUrl\":\"https:\\\/\\\/www.copealcoy.es\\\/wp-content\\\/uploads\\\/2025\\\/07\\\/unnamed-1-9-e1752855396546.jpg\",\"keywords\":[\"Alcoy\",\"Font Roja\",\"Ibi\",\"Incendio\",\"Parque Natural\"],\"articleSection\":[\"Actualidad\",\"Alcoy\",\"Noticias\",\"Portada\"],\"inLanguage\":\"es\"},{\"@type\":\"WebPage\",\"@id\":\"https:\\\/\\\/www.copealcoy.es\\\/es\\\/el-fuego-entra-en-el-parque-natural-de-la-font-roja\\\/\",\"url\":\"https:\\\/\\\/www.copealcoy.es\\\/es\\\/el-fuego-entra-en-el-parque-natural-de-la-font-roja\\\/\",\"name\":\"El fuego entra en el parque natural de la Font Roja - COPE Alcoy\",\"isPartOf\":{\"@id\":\"https:\\\/\\\/www.copealcoy.es\\\/es\\\/#website\"},\"primaryImageOfPage\":{\"@id\":\"https:\\\/\\\/www.copealcoy.es\\\/es\\\/el-fuego-entra-en-el-parque-natural-de-la-font-roja\\\/#primaryimage\"},\"image\":{\"@id\":\"https:\\\/\\\/www.copealcoy.es\\\/es\\\/el-fuego-entra-en-el-parque-natural-de-la-font-roja\\\/#primaryimage\"},\"thumbnailUrl\":\"https:\\\/\\\/www.copealcoy.es\\\/wp-content\\\/uploads\\\/2025\\\/07\\\/unnamed-1-9-e1752855396546.jpg\",\"datePublished\":\"2025-07-18T16:20:23+00:00\",\"dateModified\":\"2025-07-18T16:32:45+00:00\",\"author\":{\"@id\":\"https:\\\/\\\/www.copealcoy.es\\\/es\\\/#\\\/schema\\\/person\\\/e777c87fa024e57d40170af9df39882c\"},\"description\":\"El fuego entra en el parque natural de la Font Roja\",\"breadcrumb\":{\"@id\":\"https:\\\/\\\/www.copealcoy.es\\\/es\\\/el-fuego-entra-en-el-parque-natural-de-la-font-roja\\\/#breadcrumb\"},\"inLanguage\":\"es\",\"potentialAction\":[{\"@type\":\"ReadAction\",\"target\":[\"https:\\\/\\\/www.copealcoy.es\\\/es\\\/el-fuego-entra-en-el-parque-natural-de-la-font-roja\\\/\"]}]},{\"@type\":\"ImageObject\",\"inLanguage\":\"es\",\"@id\":\"https:\\\/\\\/www.copealcoy.es\\\/es\\\/el-fuego-entra-en-el-parque-natural-de-la-font-roja\\\/#primaryimage\",\"url\":\"https:\\\/\\\/www.copealcoy.es\\\/wp-content\\\/uploads\\\/2025\\\/07\\\/unnamed-1-9-e1752855396546.jpg\",\"contentUrl\":\"https:\\\/\\\/www.copealcoy.es\\\/wp-content\\\/uploads\\\/2025\\\/07\\\/unnamed-1-9-e1752855396546.jpg\",\"width\":1280,\"height\":655},{\"@type\":\"BreadcrumbList\",\"@id\":\"https:\\\/\\\/www.copealcoy.es\\\/es\\\/el-fuego-entra-en-el-parque-natural-de-la-font-roja\\\/#breadcrumb\",\"itemListElement\":[{\"@type\":\"ListItem\",\"position\":1,\"name\":\"Portada\",\"item\":\"https:\\\/\\\/www.copealcoy.es\\\/es\\\/\"},{\"@type\":\"ListItem\",\"position\":2,\"name\":\"El fuego entra en el parque natural de la Font Roja\"}]},{\"@type\":\"WebSite\",\"@id\":\"https:\\\/\\\/www.copealcoy.es\\\/es\\\/#website\",\"url\":\"https:\\\/\\\/www.copealcoy.es\\\/es\\\/\",\"name\":\"COPE Alcoy\",\"description\":\"Emisora COPE de radio local con emisi\u00f3n online. Pont de Sant Jordi 8-10 03803 Alcoy\",\"potentialAction\":[{\"@type\":\"SearchAction\",\"target\":{\"@type\":\"EntryPoint\",\"urlTemplate\":\"https:\\\/\\\/www.copealcoy.es\\\/es\\\/?s={search_term_string}\"},\"query-input\":{\"@type\":\"PropertyValueSpecification\",\"valueRequired\":true,\"valueName\":\"search_term_string\"}}],\"inLanguage\":\"es\"},{\"@type\":\"Person\",\"@id\":\"https:\\\/\\\/www.copealcoy.es\\\/es\\\/#\\\/schema\\\/person\\\/e777c87fa024e57d40170af9df39882c\",\"name\":\"Cope Alcoy\",\"image\":{\"@type\":\"ImageObject\",\"inLanguage\":\"es\",\"@id\":\"https:\\\/\\\/secure.gravatar.com\\\/avatar\\\/bb65d0283347e303893ba14f0692005417c1e0e690a325a4c5d8bb2b3943ee14?s=96&d=mm&r=g\",\"url\":\"https:\\\/\\\/secure.gravatar.com\\\/avatar\\\/bb65d0283347e303893ba14f0692005417c1e0e690a325a4c5d8bb2b3943ee14?s=96&d=mm&r=g\",\"contentUrl\":\"https:\\\/\\\/secure.gravatar.com\\\/avatar\\\/bb65d0283347e303893ba14f0692005417c1e0e690a325a4c5d8bb2b3943ee14?s=96&d=mm&r=g\",\"caption\":\"Cope Alcoy\"}}]}<\/script>\n<!-- \/ Yoast SEO plugin. -->","yoast_head_json":{"title":"El fuego entra en el parque natural de la Font Roja - COPE Alcoy","description":"El fuego entra en el parque natural de la Font Roja","robots":{"index":"index","follow":"follow","max-snippet":"max-snippet:-1","max-image-preview":"max-image-preview:large","max-video-preview":"max-video-preview:-1"},"canonical":"https:\/\/www.copealcoy.es\/es\/el-fuego-entra-en-el-parque-natural-de-la-font-roja\/","og_locale":"es_ES","og_type":"article","og_title":"El fuego entra en el parque natural de la Font Roja - COPE Alcoy","og_description":"El fuego entra en el parque natural de la Font Roja","og_url":"https:\/\/www.copealcoy.es\/es\/el-fuego-entra-en-el-parque-natural-de-la-font-roja\/","og_site_name":"COPE Alcoy","article_published_time":"2025-07-18T16:20:23+00:00","article_modified_time":"2025-07-18T16:32:45+00:00","og_image":[{"width":1280,"height":655,"url":"https:\/\/www.copealcoy.es\/wp-content\/uploads\/2025\/07\/unnamed-1-9-e1752855396546.jpg","type":"image\/jpeg"}],"author":"Cope Alcoy","twitter_misc":{"Escrito por":"Cope Alcoy","Tiempo de lectura":"2 minutos"},"schema":{"@context":"https:\/\/schema.org","@graph":[{"@type":"Article","@id":"https:\/\/www.copealcoy.es\/es\/el-fuego-entra-en-el-parque-natural-de-la-font-roja\/#article","isPartOf":{"@id":"https:\/\/www.copealcoy.es\/es\/el-fuego-entra-en-el-parque-natural-de-la-font-roja\/"},"author":{"name":"Cope Alcoy","@id":"https:\/\/www.copealcoy.es\/es\/#\/schema\/person\/e777c87fa024e57d40170af9df39882c"},"headline":"El fuego entra en el parque natural de la Font Roja","datePublished":"2025-07-18T16:20:23+00:00","dateModified":"2025-07-18T16:32:45+00:00","mainEntityOfPage":{"@id":"https:\/\/www.copealcoy.es\/es\/el-fuego-entra-en-el-parque-natural-de-la-font-roja\/"},"wordCount":213,"image":{"@id":"https:\/\/www.copealcoy.es\/es\/el-fuego-entra-en-el-parque-natural-de-la-font-roja\/#primaryimage"},"thumbnailUrl":"https:\/\/www.copealcoy.es\/wp-content\/uploads\/2025\/07\/unnamed-1-9-e1752855396546.jpg","keywords":["Alcoy","Font Roja","Ibi","Incendio","Parque Natural"],"articleSection":["Actualidad","Alcoy","Noticias","Portada"],"inLanguage":"es"},{"@type":"WebPage","@id":"https:\/\/www.copealcoy.es\/es\/el-fuego-entra-en-el-parque-natural-de-la-font-roja\/","url":"https:\/\/www.copealcoy.es\/es\/el-fuego-entra-en-el-parque-natural-de-la-font-roja\/","name":"El fuego entra en el parque natural de la Font Roja - COPE Alcoy","isPartOf":{"@id":"https:\/\/www.copealcoy.es\/es\/#website"},"primaryImageOfPage":{"@id":"https:\/\/www.copealcoy.es\/es\/el-fuego-entra-en-el-parque-natural-de-la-font-roja\/#primaryimage"},"image":{"@id":"https:\/\/www.copealcoy.es\/es\/el-fuego-entra-en-el-parque-natural-de-la-font-roja\/#primaryimage"},"thumbnailUrl":"https:\/\/www.copealcoy.es\/wp-content\/uploads\/2025\/07\/unnamed-1-9-e1752855396546.jpg","datePublished":"2025-07-18T16:20:23+00:00","dateModified":"2025-07-18T16:32:45+00:00","author":{"@id":"https:\/\/www.copealcoy.es\/es\/#\/schema\/person\/e777c87fa024e57d40170af9df39882c"},"description":"El fuego entra en el parque natural de la Font Roja","breadcrumb":{"@id":"https:\/\/www.copealcoy.es\/es\/el-fuego-entra-en-el-parque-natural-de-la-font-roja\/#breadcrumb"},"inLanguage":"es","potentialAction":[{"@type":"ReadAction","target":["https:\/\/www.copealcoy.es\/es\/el-fuego-entra-en-el-parque-natural-de-la-font-roja\/"]}]},{"@type":"ImageObject","inLanguage":"es","@id":"https:\/\/www.copealcoy.es\/es\/el-fuego-entra-en-el-parque-natural-de-la-font-roja\/#primaryimage","url":"https:\/\/www.copealcoy.es\/wp-content\/uploads\/2025\/07\/unnamed-1-9-e1752855396546.jpg","contentUrl":"https:\/\/www.copealcoy.es\/wp-content\/uploads\/2025\/07\/unnamed-1-9-e1752855396546.jpg","width":1280,"height":655},{"@type":"BreadcrumbList","@id":"https:\/\/www.copealcoy.es\/es\/el-fuego-entra-en-el-parque-natural-de-la-font-roja\/#breadcrumb","itemListElement":[{"@type":"ListItem","position":1,"name":"Portada","item":"https:\/\/www.copealcoy.es\/es\/"},{"@type":"ListItem","position":2,"name":"El fuego entra en el parque natural de la Font Roja"}]},{"@type":"WebSite","@id":"https:\/\/www.copealcoy.es\/es\/#website","url":"https:\/\/www.copealcoy.es\/es\/","name":"COPE Alcoy","description":"Emisora COPE de radio local con emisi\u00f3n online. Pont de Sant Jordi 8-10 03803 Alcoy","potentialAction":[{"@type":"SearchAction","target":{"@type":"EntryPoint","urlTemplate":"https:\/\/www.copealcoy.es\/es\/?s={search_term_string}"},"query-input":{"@type":"PropertyValueSpecification","valueRequired":true,"valueName":"search_term_string"}}],"inLanguage":"es"},{"@type":"Person","@id":"https:\/\/www.copealcoy.es\/es\/#\/schema\/person\/e777c87fa024e57d40170af9df39882c","name":"Cope Alcoy","image":{"@type":"ImageObject","inLanguage":"es","@id":"https:\/\/secure.gravatar.com\/avatar\/bb65d0283347e303893ba14f0692005417c1e0e690a325a4c5d8bb2b3943ee14?s=96&d=mm&r=g","url":"https:\/\/secure.gravatar.com\/avatar\/bb65d0283347e303893ba14f0692005417c1e0e690a325a4c5d8bb2b3943ee14?s=96&d=mm&r=g","contentUrl":"https:\/\/secure.gravatar.com\/avatar\/bb65d0283347e303893ba14f0692005417c1e0e690a325a4c5d8bb2b3943ee14?s=96&d=mm&r=g","caption":"Cope Alcoy"}}]}},"_links":{"self":[{"href":"https:\/\/www.copealcoy.es\/es\/wp-json\/wp\/v2\/posts\/155273","targetHints":{"allow":["GET"]}}],"collection":[{"href":"https:\/\/www.copealcoy.es\/es\/wp-json\/wp\/v2\/posts"}],"about":[{"href":"https:\/\/www.copealcoy.es\/es\/wp-json\/wp\/v2\/types\/post"}],"author":[{"embeddable":true,"href":"https:\/\/www.copealcoy.es\/es\/wp-json\/wp\/v2\/users\/1"}],"replies":[{"embeddable":true,"href":"https:\/\/www.copealcoy.es\/es\/wp-json\/wp\/v2\/comments?post=155273"}],"version-history":[{"count":3,"href":"https:\/\/www.copealcoy.es\/es\/wp-json\/wp\/v2\/posts\/155273\/revisions"}],"predecessor-version":[{"id":155284,"href":"https:\/\/www.copealcoy.es\/es\/wp-json\/wp\/v2\/posts\/155273\/revisions\/155284"}],"wp:featuredmedia":[{"embeddable":true,"href":"https:\/\/www.copealcoy.es\/es\/wp-json\/wp\/v2\/media\/155274"}],"wp:attachment":[{"href":"https:\/\/www.copealcoy.es\/es\/wp-json\/wp\/v2\/media?parent=155273"}],"wp:term":[{"taxonomy":"category","embeddable":true,"href":"https:\/\/www.copealcoy.es\/es\/wp-json\/wp\/v2\/categories?post=155273"},{"taxonomy":"post_tag","embeddable":true,"href":"https:\/\/www.copealcoy.es\/es\/wp-json\/wp\/v2\/tags?post=155273"}],"curies":[{"name":"wp","href":"https:\/\/api.w.org\/{rel}","templated":true}]}}