{"id":155261,"date":"2025-07-18T14:06:00","date_gmt":"2025-07-18T13:06:00","guid":{"rendered":"https:\/\/www.copealcoy.es\/?p=155261"},"modified":"2025-07-24T14:28:47","modified_gmt":"2025-07-24T13:28:47","slug":"declarado-un-incendio-en-el-paraje-natural-de-sant-pascual-de-ibi","status":"publish","type":"post","link":"https:\/\/www.copealcoy.es\/es\/declarado-un-incendio-en-el-paraje-natural-de-sant-pascual-de-ibi\/","title":{"rendered":"Declarado un incendio en el paraje natural de Sant Pascual de Ibi"},"content":{"rendered":"<p style=\"text-align: justify;\">Medios a\u00e9reos y terrestres t<strong>rabajan en la extinci\u00f3n de un incendio foresta<\/strong>l que se ha declarado este mediod\u00eda en Ibi, concretamente en el paraje natural de Sant Pascual.\u00a0El fuego se habr\u00eda iniciado\u00a0<strong>alrededor de las 13:00 horas<\/strong>, extendi\u00e9ndose por la ladera de la monta\u00f1a en una zona de alta densidad de pinares, impulsadas hacia Alcoy. Por este motivo se ha cortado tambi\u00e9n el acceso al Parque Natural de la Font Roja.<\/p>\n<p style=\"text-align: justify;\">Hasta la zona, seg\u00fan informan desde el <a href=\"https:\/\/consorciobomberosalicante.es\/zona-montana\/\" target=\"_blank\" rel=\"noopener\"><span style=\"color: #0000ff;\"><strong>Consorcio Provincial de Bomberos de la Diputaci\u00f3n de Alicante<\/strong><\/span><\/a>, se desplazado bomberos de los parque de La Monta\u00f1a, Ibi, Benidorm y San Vicente adem\u00e1s de varias unidades bomberos forestales y 5 medios a\u00e9reos. Las llamas <strong>han generado un humo denso visible<\/strong> desde varios puntos de Alcoy e incluso localidades cercanas de la comarca como Cocentaina.<\/p>\n<p>El incendio ha pasado estar en <b>situaci\u00f3n 2<\/b> y <b>se van a incorporar tambi\u00e9n medios de la UME<\/b> para su extinci\u00f3n. Desde el Ayuntamiento de Alcoy se sigue tambi\u00e9n al detalle la evoluci\u00f3n del fuego al haberse producido en las inmediaciones de la misma Font Roja.<\/p>\n<p><em>Ampliaremos la informaci\u00f3n<\/em><\/p>\n<p>&nbsp;<\/p>\n","protected":false},"excerpt":{"rendered":"<p>Medios a\u00e9reos y terrestres trabajan en la extinci\u00f3n de un incendio forestal que se ha declarado este mediod\u00eda en Ibi,&#8230;<\/p>\n","protected":false},"author":1,"featured_media":155262,"comment_status":"closed","ping_status":"closed","sticky":false,"template":"","format":"standard","meta":{"footnotes":""},"categories":[6909,98,75,125,80],"tags":[437,474,612,19816],"class_list":["post-155261","post","type-post","status-publish","format-standard","has-post-thumbnail","hentry","category-actualidad","category-comarcas","category-noticias","category-portada","category-sucesos","tag-font-roja","tag-ibi","tag-incendio","tag-sant-pascual"],"yoast_head":"<!-- This site is optimized with the Yoast SEO plugin v27.3 - https:\/\/yoast.com\/product\/yoast-seo-wordpress\/ -->\n<title>Declarado un incendio en el paraje natural de Sant Pascual de Ibi - COPE Alcoy<\/title>\n<meta name=\"description\" content=\"Medios a\u00e9reos y terrestres trabajan en la extinci\u00f3n de un incendio forestal que se ha declarado este mediod\u00eda en Ibi, concretamente en el paraje natural de Sant Pascual\" \/>\n<meta name=\"robots\" content=\"index, follow, max-snippet:-1, max-image-preview:large, max-video-preview:-1\" \/>\n<link rel=\"canonical\" href=\"https:\/\/www.copealcoy.es\/es\/declarado-un-incendio-en-el-paraje-natural-de-sant-pascual-de-ibi\/\" \/>\n<meta property=\"og:locale\" content=\"es_ES\" \/>\n<meta property=\"og:type\" content=\"article\" \/>\n<meta property=\"og:title\" content=\"Declarado un incendio en el paraje natural de Sant Pascual de Ibi - COPE Alcoy\" \/>\n<meta property=\"og:description\" content=\"Medios a\u00e9reos y terrestres trabajan en la extinci\u00f3n de un incendio forestal que se ha declarado este mediod\u00eda en Ibi, concretamente en el paraje natural de Sant Pascual\" \/>\n<meta property=\"og:url\" content=\"https:\/\/www.copealcoy.es\/es\/declarado-un-incendio-en-el-paraje-natural-de-sant-pascual-de-ibi\/\" \/>\n<meta property=\"og:site_name\" content=\"COPE Alcoy\" \/>\n<meta property=\"article:published_time\" content=\"2025-07-18T13:06:00+00:00\" \/>\n<meta property=\"article:modified_time\" content=\"2025-07-24T13:28:47+00:00\" \/>\n<meta property=\"og:image\" content=\"https:\/\/www.copealcoy.es\/wp-content\/uploads\/2025\/07\/518829069_1346237007502368_1191519878268769298_n-e1752844410297.jpg\" \/>\n\t<meta property=\"og:image:width\" content=\"800\" \/>\n\t<meta property=\"og:image:height\" content=\"572\" \/>\n\t<meta property=\"og:image:type\" content=\"image\/jpeg\" \/>\n<meta name=\"author\" content=\"Cope Alcoy\" \/>\n<meta name=\"twitter:label1\" content=\"Escrito por\" \/>\n\t<meta name=\"twitter:data1\" content=\"Cope Alcoy\" \/>\n\t<meta name=\"twitter:label2\" content=\"Tiempo de lectura\" \/>\n\t<meta name=\"twitter:data2\" content=\"2 minutos\" \/>\n<script type=\"application\/ld+json\" class=\"yoast-schema-graph\">{\"@context\":\"https:\\\/\\\/schema.org\",\"@graph\":[{\"@type\":\"Article\",\"@id\":\"https:\\\/\\\/www.copealcoy.es\\\/es\\\/declarado-un-incendio-en-el-paraje-natural-de-sant-pascual-de-ibi\\\/#article\",\"isPartOf\":{\"@id\":\"https:\\\/\\\/www.copealcoy.es\\\/es\\\/declarado-un-incendio-en-el-paraje-natural-de-sant-pascual-de-ibi\\\/\"},\"author\":{\"name\":\"Cope Alcoy\",\"@id\":\"https:\\\/\\\/www.copealcoy.es\\\/es\\\/#\\\/schema\\\/person\\\/e777c87fa024e57d40170af9df39882c\"},\"headline\":\"Declarado un incendio en el paraje natural de Sant Pascual de Ibi\",\"datePublished\":\"2025-07-18T13:06:00+00:00\",\"dateModified\":\"2025-07-24T13:28:47+00:00\",\"mainEntityOfPage\":{\"@id\":\"https:\\\/\\\/www.copealcoy.es\\\/es\\\/declarado-un-incendio-en-el-paraje-natural-de-sant-pascual-de-ibi\\\/\"},\"wordCount\":211,\"image\":{\"@id\":\"https:\\\/\\\/www.copealcoy.es\\\/es\\\/declarado-un-incendio-en-el-paraje-natural-de-sant-pascual-de-ibi\\\/#primaryimage\"},\"thumbnailUrl\":\"https:\\\/\\\/www.copealcoy.es\\\/wp-content\\\/uploads\\\/2025\\\/07\\\/518829069_1346237007502368_1191519878268769298_n-e1752844410297.jpg\",\"keywords\":[\"Font Roja\",\"Ibi\",\"Incendio\",\"Sant Pascual\"],\"articleSection\":[\"Actualidad\",\"Comarcas\",\"Noticias\",\"Portada\",\"Sucesos\"],\"inLanguage\":\"es\"},{\"@type\":\"WebPage\",\"@id\":\"https:\\\/\\\/www.copealcoy.es\\\/es\\\/declarado-un-incendio-en-el-paraje-natural-de-sant-pascual-de-ibi\\\/\",\"url\":\"https:\\\/\\\/www.copealcoy.es\\\/es\\\/declarado-un-incendio-en-el-paraje-natural-de-sant-pascual-de-ibi\\\/\",\"name\":\"Declarado un incendio en el paraje natural de Sant Pascual de Ibi - COPE Alcoy\",\"isPartOf\":{\"@id\":\"https:\\\/\\\/www.copealcoy.es\\\/es\\\/#website\"},\"primaryImageOfPage\":{\"@id\":\"https:\\\/\\\/www.copealcoy.es\\\/es\\\/declarado-un-incendio-en-el-paraje-natural-de-sant-pascual-de-ibi\\\/#primaryimage\"},\"image\":{\"@id\":\"https:\\\/\\\/www.copealcoy.es\\\/es\\\/declarado-un-incendio-en-el-paraje-natural-de-sant-pascual-de-ibi\\\/#primaryimage\"},\"thumbnailUrl\":\"https:\\\/\\\/www.copealcoy.es\\\/wp-content\\\/uploads\\\/2025\\\/07\\\/518829069_1346237007502368_1191519878268769298_n-e1752844410297.jpg\",\"datePublished\":\"2025-07-18T13:06:00+00:00\",\"dateModified\":\"2025-07-24T13:28:47+00:00\",\"author\":{\"@id\":\"https:\\\/\\\/www.copealcoy.es\\\/es\\\/#\\\/schema\\\/person\\\/e777c87fa024e57d40170af9df39882c\"},\"description\":\"Medios a\u00e9reos y terrestres trabajan en la extinci\u00f3n de un incendio forestal que se ha declarado este mediod\u00eda en Ibi, concretamente en el paraje natural de Sant Pascual\",\"breadcrumb\":{\"@id\":\"https:\\\/\\\/www.copealcoy.es\\\/es\\\/declarado-un-incendio-en-el-paraje-natural-de-sant-pascual-de-ibi\\\/#breadcrumb\"},\"inLanguage\":\"es\",\"potentialAction\":[{\"@type\":\"ReadAction\",\"target\":[\"https:\\\/\\\/www.copealcoy.es\\\/es\\\/declarado-un-incendio-en-el-paraje-natural-de-sant-pascual-de-ibi\\\/\"]}]},{\"@type\":\"ImageObject\",\"inLanguage\":\"es\",\"@id\":\"https:\\\/\\\/www.copealcoy.es\\\/es\\\/declarado-un-incendio-en-el-paraje-natural-de-sant-pascual-de-ibi\\\/#primaryimage\",\"url\":\"https:\\\/\\\/www.copealcoy.es\\\/wp-content\\\/uploads\\\/2025\\\/07\\\/518829069_1346237007502368_1191519878268769298_n-e1752844410297.jpg\",\"contentUrl\":\"https:\\\/\\\/www.copealcoy.es\\\/wp-content\\\/uploads\\\/2025\\\/07\\\/518829069_1346237007502368_1191519878268769298_n-e1752844410297.jpg\",\"width\":800,\"height\":572},{\"@type\":\"BreadcrumbList\",\"@id\":\"https:\\\/\\\/www.copealcoy.es\\\/es\\\/declarado-un-incendio-en-el-paraje-natural-de-sant-pascual-de-ibi\\\/#breadcrumb\",\"itemListElement\":[{\"@type\":\"ListItem\",\"position\":1,\"name\":\"Portada\",\"item\":\"https:\\\/\\\/www.copealcoy.es\\\/es\\\/\"},{\"@type\":\"ListItem\",\"position\":2,\"name\":\"Declarado un incendio en el paraje natural de Sant Pascual de Ibi\"}]},{\"@type\":\"WebSite\",\"@id\":\"https:\\\/\\\/www.copealcoy.es\\\/es\\\/#website\",\"url\":\"https:\\\/\\\/www.copealcoy.es\\\/es\\\/\",\"name\":\"COPE Alcoy\",\"description\":\"Emisora COPE de radio local con emisi\u00f3n online. Pont de Sant Jordi 8-10 03803 Alcoy\",\"potentialAction\":[{\"@type\":\"SearchAction\",\"target\":{\"@type\":\"EntryPoint\",\"urlTemplate\":\"https:\\\/\\\/www.copealcoy.es\\\/es\\\/?s={search_term_string}\"},\"query-input\":{\"@type\":\"PropertyValueSpecification\",\"valueRequired\":true,\"valueName\":\"search_term_string\"}}],\"inLanguage\":\"es\"},{\"@type\":\"Person\",\"@id\":\"https:\\\/\\\/www.copealcoy.es\\\/es\\\/#\\\/schema\\\/person\\\/e777c87fa024e57d40170af9df39882c\",\"name\":\"Cope Alcoy\",\"image\":{\"@type\":\"ImageObject\",\"inLanguage\":\"es\",\"@id\":\"https:\\\/\\\/secure.gravatar.com\\\/avatar\\\/bb65d0283347e303893ba14f0692005417c1e0e690a325a4c5d8bb2b3943ee14?s=96&d=mm&r=g\",\"url\":\"https:\\\/\\\/secure.gravatar.com\\\/avatar\\\/bb65d0283347e303893ba14f0692005417c1e0e690a325a4c5d8bb2b3943ee14?s=96&d=mm&r=g\",\"contentUrl\":\"https:\\\/\\\/secure.gravatar.com\\\/avatar\\\/bb65d0283347e303893ba14f0692005417c1e0e690a325a4c5d8bb2b3943ee14?s=96&d=mm&r=g\",\"caption\":\"Cope Alcoy\"}}]}<\/script>\n<!-- \/ Yoast SEO plugin. -->","yoast_head_json":{"title":"Declarado un incendio en el paraje natural de Sant Pascual de Ibi - COPE Alcoy","description":"Medios a\u00e9reos y terrestres trabajan en la extinci\u00f3n de un incendio forestal que se ha declarado este mediod\u00eda en Ibi, concretamente en el paraje natural de Sant Pascual","robots":{"index":"index","follow":"follow","max-snippet":"max-snippet:-1","max-image-preview":"max-image-preview:large","max-video-preview":"max-video-preview:-1"},"canonical":"https:\/\/www.copealcoy.es\/es\/declarado-un-incendio-en-el-paraje-natural-de-sant-pascual-de-ibi\/","og_locale":"es_ES","og_type":"article","og_title":"Declarado un incendio en el paraje natural de Sant Pascual de Ibi - COPE Alcoy","og_description":"Medios a\u00e9reos y terrestres trabajan en la extinci\u00f3n de un incendio forestal que se ha declarado este mediod\u00eda en Ibi, concretamente en el paraje natural de Sant Pascual","og_url":"https:\/\/www.copealcoy.es\/es\/declarado-un-incendio-en-el-paraje-natural-de-sant-pascual-de-ibi\/","og_site_name":"COPE Alcoy","article_published_time":"2025-07-18T13:06:00+00:00","article_modified_time":"2025-07-24T13:28:47+00:00","og_image":[{"width":800,"height":572,"url":"https:\/\/www.copealcoy.es\/wp-content\/uploads\/2025\/07\/518829069_1346237007502368_1191519878268769298_n-e1752844410297.jpg","type":"image\/jpeg"}],"author":"Cope Alcoy","twitter_misc":{"Escrito por":"Cope Alcoy","Tiempo de lectura":"2 minutos"},"schema":{"@context":"https:\/\/schema.org","@graph":[{"@type":"Article","@id":"https:\/\/www.copealcoy.es\/es\/declarado-un-incendio-en-el-paraje-natural-de-sant-pascual-de-ibi\/#article","isPartOf":{"@id":"https:\/\/www.copealcoy.es\/es\/declarado-un-incendio-en-el-paraje-natural-de-sant-pascual-de-ibi\/"},"author":{"name":"Cope Alcoy","@id":"https:\/\/www.copealcoy.es\/es\/#\/schema\/person\/e777c87fa024e57d40170af9df39882c"},"headline":"Declarado un incendio en el paraje natural de Sant Pascual de Ibi","datePublished":"2025-07-18T13:06:00+00:00","dateModified":"2025-07-24T13:28:47+00:00","mainEntityOfPage":{"@id":"https:\/\/www.copealcoy.es\/es\/declarado-un-incendio-en-el-paraje-natural-de-sant-pascual-de-ibi\/"},"wordCount":211,"image":{"@id":"https:\/\/www.copealcoy.es\/es\/declarado-un-incendio-en-el-paraje-natural-de-sant-pascual-de-ibi\/#primaryimage"},"thumbnailUrl":"https:\/\/www.copealcoy.es\/wp-content\/uploads\/2025\/07\/518829069_1346237007502368_1191519878268769298_n-e1752844410297.jpg","keywords":["Font Roja","Ibi","Incendio","Sant Pascual"],"articleSection":["Actualidad","Comarcas","Noticias","Portada","Sucesos"],"inLanguage":"es"},{"@type":"WebPage","@id":"https:\/\/www.copealcoy.es\/es\/declarado-un-incendio-en-el-paraje-natural-de-sant-pascual-de-ibi\/","url":"https:\/\/www.copealcoy.es\/es\/declarado-un-incendio-en-el-paraje-natural-de-sant-pascual-de-ibi\/","name":"Declarado un incendio en el paraje natural de Sant Pascual de Ibi - COPE Alcoy","isPartOf":{"@id":"https:\/\/www.copealcoy.es\/es\/#website"},"primaryImageOfPage":{"@id":"https:\/\/www.copealcoy.es\/es\/declarado-un-incendio-en-el-paraje-natural-de-sant-pascual-de-ibi\/#primaryimage"},"image":{"@id":"https:\/\/www.copealcoy.es\/es\/declarado-un-incendio-en-el-paraje-natural-de-sant-pascual-de-ibi\/#primaryimage"},"thumbnailUrl":"https:\/\/www.copealcoy.es\/wp-content\/uploads\/2025\/07\/518829069_1346237007502368_1191519878268769298_n-e1752844410297.jpg","datePublished":"2025-07-18T13:06:00+00:00","dateModified":"2025-07-24T13:28:47+00:00","author":{"@id":"https:\/\/www.copealcoy.es\/es\/#\/schema\/person\/e777c87fa024e57d40170af9df39882c"},"description":"Medios a\u00e9reos y terrestres trabajan en la extinci\u00f3n de un incendio forestal que se ha declarado este mediod\u00eda en Ibi, concretamente en el paraje natural de Sant Pascual","breadcrumb":{"@id":"https:\/\/www.copealcoy.es\/es\/declarado-un-incendio-en-el-paraje-natural-de-sant-pascual-de-ibi\/#breadcrumb"},"inLanguage":"es","potentialAction":[{"@type":"ReadAction","target":["https:\/\/www.copealcoy.es\/es\/declarado-un-incendio-en-el-paraje-natural-de-sant-pascual-de-ibi\/"]}]},{"@type":"ImageObject","inLanguage":"es","@id":"https:\/\/www.copealcoy.es\/es\/declarado-un-incendio-en-el-paraje-natural-de-sant-pascual-de-ibi\/#primaryimage","url":"https:\/\/www.copealcoy.es\/wp-content\/uploads\/2025\/07\/518829069_1346237007502368_1191519878268769298_n-e1752844410297.jpg","contentUrl":"https:\/\/www.copealcoy.es\/wp-content\/uploads\/2025\/07\/518829069_1346237007502368_1191519878268769298_n-e1752844410297.jpg","width":800,"height":572},{"@type":"BreadcrumbList","@id":"https:\/\/www.copealcoy.es\/es\/declarado-un-incendio-en-el-paraje-natural-de-sant-pascual-de-ibi\/#breadcrumb","itemListElement":[{"@type":"ListItem","position":1,"name":"Portada","item":"https:\/\/www.copealcoy.es\/es\/"},{"@type":"ListItem","position":2,"name":"Declarado un incendio en el paraje natural de Sant Pascual de Ibi"}]},{"@type":"WebSite","@id":"https:\/\/www.copealcoy.es\/es\/#website","url":"https:\/\/www.copealcoy.es\/es\/","name":"COPE Alcoy","description":"Emisora COPE de radio local con emisi\u00f3n online. Pont de Sant Jordi 8-10 03803 Alcoy","potentialAction":[{"@type":"SearchAction","target":{"@type":"EntryPoint","urlTemplate":"https:\/\/www.copealcoy.es\/es\/?s={search_term_string}"},"query-input":{"@type":"PropertyValueSpecification","valueRequired":true,"valueName":"search_term_string"}}],"inLanguage":"es"},{"@type":"Person","@id":"https:\/\/www.copealcoy.es\/es\/#\/schema\/person\/e777c87fa024e57d40170af9df39882c","name":"Cope Alcoy","image":{"@type":"ImageObject","inLanguage":"es","@id":"https:\/\/secure.gravatar.com\/avatar\/bb65d0283347e303893ba14f0692005417c1e0e690a325a4c5d8bb2b3943ee14?s=96&d=mm&r=g","url":"https:\/\/secure.gravatar.com\/avatar\/bb65d0283347e303893ba14f0692005417c1e0e690a325a4c5d8bb2b3943ee14?s=96&d=mm&r=g","contentUrl":"https:\/\/secure.gravatar.com\/avatar\/bb65d0283347e303893ba14f0692005417c1e0e690a325a4c5d8bb2b3943ee14?s=96&d=mm&r=g","caption":"Cope Alcoy"}}]}},"_links":{"self":[{"href":"https:\/\/www.copealcoy.es\/es\/wp-json\/wp\/v2\/posts\/155261","targetHints":{"allow":["GET"]}}],"collection":[{"href":"https:\/\/www.copealcoy.es\/es\/wp-json\/wp\/v2\/posts"}],"about":[{"href":"https:\/\/www.copealcoy.es\/es\/wp-json\/wp\/v2\/types\/post"}],"author":[{"embeddable":true,"href":"https:\/\/www.copealcoy.es\/es\/wp-json\/wp\/v2\/users\/1"}],"replies":[{"embeddable":true,"href":"https:\/\/www.copealcoy.es\/es\/wp-json\/wp\/v2\/comments?post=155261"}],"version-history":[{"count":3,"href":"https:\/\/www.copealcoy.es\/es\/wp-json\/wp\/v2\/posts\/155261\/revisions"}],"predecessor-version":[{"id":155272,"href":"https:\/\/www.copealcoy.es\/es\/wp-json\/wp\/v2\/posts\/155261\/revisions\/155272"}],"wp:featuredmedia":[{"embeddable":true,"href":"https:\/\/www.copealcoy.es\/es\/wp-json\/wp\/v2\/media\/155262"}],"wp:attachment":[{"href":"https:\/\/www.copealcoy.es\/es\/wp-json\/wp\/v2\/media?parent=155261"}],"wp:term":[{"taxonomy":"category","embeddable":true,"href":"https:\/\/www.copealcoy.es\/es\/wp-json\/wp\/v2\/categories?post=155261"},{"taxonomy":"post_tag","embeddable":true,"href":"https:\/\/www.copealcoy.es\/es\/wp-json\/wp\/v2\/tags?post=155261"}],"curies":[{"name":"wp","href":"https:\/\/api.w.org\/{rel}","templated":true}]}}