{"id":15522,"date":"2015-09-07T05:00:20","date_gmt":"2015-09-07T05:00:20","guid":{"rendered":"http:\/\/copealcoi.es\/new\/?p=15522"},"modified":"2015-09-07T07:55:05","modified_gmt":"2015-09-07T07:55:05","slug":"la-campana-de-rebajas-de-verano-cierra-con-un-aumento-de-ventas","status":"publish","type":"post","link":"https:\/\/www.copealcoy.es\/es\/la-campana-de-rebajas-de-verano-cierra-con-un-aumento-de-ventas\/","title":{"rendered":"La campa\u00f1a de rebajas de verano cierra con un aumento de ventas"},"content":{"rendered":"<p style=\"text-align: justify;\">Los comerciantes alcoyanos han puesto fin a las rebajas de verano con un aumento de las ventas cercano al 6% con respecto a la campa\u00f1a anterior. As\u00ed lo destacan desde la Asociaci\u00f3n\u00a0Comarcal de Empresarios del Comercio de Alcoy (ACECA) al mismo tiempo que apuntan que el mayor n\u00famero de ventas se registr\u00f3 durante el mes de julio &#8220;empezamos a finales del mes de junio con descuentos que alcanzaban el 20% y hemos llegado a principios de septiembre con una rebaja que en algunos casos supera el 70%&#8221;, explica su presidente, Rafael P\u00e9rez. Adem\u00e1s P\u00e9rez recuerda en Cope Alcoy que los s\u00edntomas de recuperaci\u00f3n del sector van not\u00e1ndose cada a\u00f1o &#8220;podemos decir que lo peor se va alejando porque si comparamos con el a\u00f1o anterior\u00a0este ha ido mejor ya que en 2014 cerramos temporada con un ligero aumento del 3%&#8221;, comenta.<\/p>\n<p style=\"text-align: justify;\">Por su parte desde la\u00a0Federaci\u00f3n Alcoy Comercial apuntan tambi\u00e9n que la campa\u00f1a ha sido muy positiva\u00a0&#8220;se ha mantenido constante el ritmo de ventas y todos los comercios coinciden en que estas han sido superiores al pasado verano&#8221;, apunta la presidenta, Mar\u00eda Jos\u00e9 Franc\u00e9s.<\/p>\n<p style=\"text-align: justify;\">Indicar que las rebajas se han alargado durante los dos \u00faltimos meses y finalizaron el s\u00e1bado aunque algunos comercios seguir\u00e1n con ellas hasta agotar existencias al contar con autorizaci\u00f3n para realizar descuentos de estas caracter\u00edsticas durante todo el a\u00f1o.<\/p>\n","protected":false},"excerpt":{"rendered":"<p>Los comerciantes alcoyanos han puesto fin a las rebajas de verano con un aumento de las ventas cercano al 6%&#8230;<\/p>\n","protected":false},"author":1,"featured_media":9513,"comment_status":"open","ping_status":"open","sticky":false,"template":"","format":"standard","meta":{"footnotes":""},"categories":[97,75,125],"tags":[1494,467,390,511],"class_list":["post-15522","post","type-post","status-publish","format-standard","has-post-thumbnail","hentry","category-alcoy","category-noticias","category-portada","tag-alcoy","tag-comercio","tag-economia","tag-rebajas"],"yoast_head":"<!-- This site is optimized with the Yoast SEO plugin v27.3 - https:\/\/yoast.com\/product\/yoast-seo-wordpress\/ -->\n<title>La campa\u00f1a de rebajas de verano cierra con un aumento de ventas - COPE Alcoy<\/title>\n<meta name=\"robots\" content=\"index, follow, max-snippet:-1, max-image-preview:large, max-video-preview:-1\" \/>\n<link rel=\"canonical\" href=\"https:\/\/www.copealcoy.es\/es\/la-campana-de-rebajas-de-verano-cierra-con-un-aumento-de-ventas\/\" \/>\n<meta property=\"og:locale\" content=\"es_ES\" \/>\n<meta property=\"og:type\" content=\"article\" \/>\n<meta property=\"og:title\" content=\"La campa\u00f1a de rebajas de verano cierra con un aumento de ventas - COPE Alcoy\" \/>\n<meta property=\"og:description\" content=\"Los comerciantes alcoyanos han puesto fin a las rebajas de verano con un aumento de las ventas cercano al 6%...\" \/>\n<meta property=\"og:url\" content=\"https:\/\/www.copealcoy.es\/es\/la-campana-de-rebajas-de-verano-cierra-con-un-aumento-de-ventas\/\" \/>\n<meta property=\"og:site_name\" content=\"COPE Alcoy\" \/>\n<meta property=\"article:published_time\" content=\"2015-09-07T05:00:20+00:00\" \/>\n<meta property=\"article:modified_time\" content=\"2015-09-07T07:55:05+00:00\" \/>\n<meta property=\"og:image\" content=\"https:\/\/www.copealcoy.es\/wp-content\/uploads\/2015\/01\/image31.jpg\" \/>\n\t<meta property=\"og:image:width\" content=\"932\" \/>\n\t<meta property=\"og:image:height\" content=\"730\" \/>\n\t<meta property=\"og:image:type\" content=\"image\/jpeg\" \/>\n<meta name=\"author\" content=\"Cope Alcoy\" \/>\n<meta name=\"twitter:label1\" content=\"Escrito por\" \/>\n\t<meta name=\"twitter:data1\" content=\"Cope Alcoy\" \/>\n\t<meta name=\"twitter:label2\" content=\"Tiempo de lectura\" \/>\n\t<meta name=\"twitter:data2\" content=\"1 minuto\" \/>\n<script type=\"application\/ld+json\" class=\"yoast-schema-graph\">{\"@context\":\"https:\\\/\\\/schema.org\",\"@graph\":[{\"@type\":\"Article\",\"@id\":\"https:\\\/\\\/www.copealcoy.es\\\/es\\\/la-campana-de-rebajas-de-verano-cierra-con-un-aumento-de-ventas\\\/#article\",\"isPartOf\":{\"@id\":\"https:\\\/\\\/www.copealcoy.es\\\/es\\\/la-campana-de-rebajas-de-verano-cierra-con-un-aumento-de-ventas\\\/\"},\"author\":{\"name\":\"Cope Alcoy\",\"@id\":\"https:\\\/\\\/www.copealcoy.es\\\/es\\\/#\\\/schema\\\/person\\\/e777c87fa024e57d40170af9df39882c\"},\"headline\":\"La campa\u00f1a de rebajas de verano cierra con un aumento de ventas\",\"datePublished\":\"2015-09-07T05:00:20+00:00\",\"dateModified\":\"2015-09-07T07:55:05+00:00\",\"mainEntityOfPage\":{\"@id\":\"https:\\\/\\\/www.copealcoy.es\\\/es\\\/la-campana-de-rebajas-de-verano-cierra-con-un-aumento-de-ventas\\\/\"},\"wordCount\":255,\"commentCount\":0,\"image\":{\"@id\":\"https:\\\/\\\/www.copealcoy.es\\\/es\\\/la-campana-de-rebajas-de-verano-cierra-con-un-aumento-de-ventas\\\/#primaryimage\"},\"thumbnailUrl\":\"https:\\\/\\\/www.copealcoy.es\\\/wp-content\\\/uploads\\\/2015\\\/01\\\/image31.jpg\",\"keywords\":[\"Alcoy\",\"Comercio\",\"Econom\u00eda\",\"Rebajas\"],\"articleSection\":[\"Alcoy\",\"Noticias\",\"Portada\"],\"inLanguage\":\"es\"},{\"@type\":\"WebPage\",\"@id\":\"https:\\\/\\\/www.copealcoy.es\\\/es\\\/la-campana-de-rebajas-de-verano-cierra-con-un-aumento-de-ventas\\\/\",\"url\":\"https:\\\/\\\/www.copealcoy.es\\\/es\\\/la-campana-de-rebajas-de-verano-cierra-con-un-aumento-de-ventas\\\/\",\"name\":\"La campa\u00f1a de rebajas de verano cierra con un aumento de ventas - COPE Alcoy\",\"isPartOf\":{\"@id\":\"https:\\\/\\\/www.copealcoy.es\\\/es\\\/#website\"},\"primaryImageOfPage\":{\"@id\":\"https:\\\/\\\/www.copealcoy.es\\\/es\\\/la-campana-de-rebajas-de-verano-cierra-con-un-aumento-de-ventas\\\/#primaryimage\"},\"image\":{\"@id\":\"https:\\\/\\\/www.copealcoy.es\\\/es\\\/la-campana-de-rebajas-de-verano-cierra-con-un-aumento-de-ventas\\\/#primaryimage\"},\"thumbnailUrl\":\"https:\\\/\\\/www.copealcoy.es\\\/wp-content\\\/uploads\\\/2015\\\/01\\\/image31.jpg\",\"datePublished\":\"2015-09-07T05:00:20+00:00\",\"dateModified\":\"2015-09-07T07:55:05+00:00\",\"author\":{\"@id\":\"https:\\\/\\\/www.copealcoy.es\\\/es\\\/#\\\/schema\\\/person\\\/e777c87fa024e57d40170af9df39882c\"},\"breadcrumb\":{\"@id\":\"https:\\\/\\\/www.copealcoy.es\\\/es\\\/la-campana-de-rebajas-de-verano-cierra-con-un-aumento-de-ventas\\\/#breadcrumb\"},\"inLanguage\":\"es\",\"potentialAction\":[{\"@type\":\"ReadAction\",\"target\":[\"https:\\\/\\\/www.copealcoy.es\\\/es\\\/la-campana-de-rebajas-de-verano-cierra-con-un-aumento-de-ventas\\\/\"]}]},{\"@type\":\"ImageObject\",\"inLanguage\":\"es\",\"@id\":\"https:\\\/\\\/www.copealcoy.es\\\/es\\\/la-campana-de-rebajas-de-verano-cierra-con-un-aumento-de-ventas\\\/#primaryimage\",\"url\":\"https:\\\/\\\/www.copealcoy.es\\\/wp-content\\\/uploads\\\/2015\\\/01\\\/image31.jpg\",\"contentUrl\":\"https:\\\/\\\/www.copealcoy.es\\\/wp-content\\\/uploads\\\/2015\\\/01\\\/image31.jpg\",\"width\":932,\"height\":730},{\"@type\":\"BreadcrumbList\",\"@id\":\"https:\\\/\\\/www.copealcoy.es\\\/es\\\/la-campana-de-rebajas-de-verano-cierra-con-un-aumento-de-ventas\\\/#breadcrumb\",\"itemListElement\":[{\"@type\":\"ListItem\",\"position\":1,\"name\":\"Portada\",\"item\":\"https:\\\/\\\/www.copealcoy.es\\\/es\\\/\"},{\"@type\":\"ListItem\",\"position\":2,\"name\":\"La campa\u00f1a de rebajas de verano cierra con un aumento de ventas\"}]},{\"@type\":\"WebSite\",\"@id\":\"https:\\\/\\\/www.copealcoy.es\\\/es\\\/#website\",\"url\":\"https:\\\/\\\/www.copealcoy.es\\\/es\\\/\",\"name\":\"COPE Alcoy\",\"description\":\"Emisora COPE de radio local con emisi\u00f3n online. Pont de Sant Jordi 8-10 03803 Alcoy\",\"potentialAction\":[{\"@type\":\"SearchAction\",\"target\":{\"@type\":\"EntryPoint\",\"urlTemplate\":\"https:\\\/\\\/www.copealcoy.es\\\/es\\\/?s={search_term_string}\"},\"query-input\":{\"@type\":\"PropertyValueSpecification\",\"valueRequired\":true,\"valueName\":\"search_term_string\"}}],\"inLanguage\":\"es\"},{\"@type\":\"Person\",\"@id\":\"https:\\\/\\\/www.copealcoy.es\\\/es\\\/#\\\/schema\\\/person\\\/e777c87fa024e57d40170af9df39882c\",\"name\":\"Cope Alcoy\",\"image\":{\"@type\":\"ImageObject\",\"inLanguage\":\"es\",\"@id\":\"https:\\\/\\\/secure.gravatar.com\\\/avatar\\\/bb65d0283347e303893ba14f0692005417c1e0e690a325a4c5d8bb2b3943ee14?s=96&d=mm&r=g\",\"url\":\"https:\\\/\\\/secure.gravatar.com\\\/avatar\\\/bb65d0283347e303893ba14f0692005417c1e0e690a325a4c5d8bb2b3943ee14?s=96&d=mm&r=g\",\"contentUrl\":\"https:\\\/\\\/secure.gravatar.com\\\/avatar\\\/bb65d0283347e303893ba14f0692005417c1e0e690a325a4c5d8bb2b3943ee14?s=96&d=mm&r=g\",\"caption\":\"Cope Alcoy\"}}]}<\/script>\n<!-- \/ Yoast SEO plugin. -->","yoast_head_json":{"title":"La campa\u00f1a de rebajas de verano cierra con un aumento de ventas - COPE Alcoy","robots":{"index":"index","follow":"follow","max-snippet":"max-snippet:-1","max-image-preview":"max-image-preview:large","max-video-preview":"max-video-preview:-1"},"canonical":"https:\/\/www.copealcoy.es\/es\/la-campana-de-rebajas-de-verano-cierra-con-un-aumento-de-ventas\/","og_locale":"es_ES","og_type":"article","og_title":"La campa\u00f1a de rebajas de verano cierra con un aumento de ventas - COPE Alcoy","og_description":"Los comerciantes alcoyanos han puesto fin a las rebajas de verano con un aumento de las ventas cercano al 6%...","og_url":"https:\/\/www.copealcoy.es\/es\/la-campana-de-rebajas-de-verano-cierra-con-un-aumento-de-ventas\/","og_site_name":"COPE Alcoy","article_published_time":"2015-09-07T05:00:20+00:00","article_modified_time":"2015-09-07T07:55:05+00:00","og_image":[{"width":932,"height":730,"url":"https:\/\/www.copealcoy.es\/wp-content\/uploads\/2015\/01\/image31.jpg","type":"image\/jpeg"}],"author":"Cope Alcoy","twitter_misc":{"Escrito por":"Cope Alcoy","Tiempo de lectura":"1 minuto"},"schema":{"@context":"https:\/\/schema.org","@graph":[{"@type":"Article","@id":"https:\/\/www.copealcoy.es\/es\/la-campana-de-rebajas-de-verano-cierra-con-un-aumento-de-ventas\/#article","isPartOf":{"@id":"https:\/\/www.copealcoy.es\/es\/la-campana-de-rebajas-de-verano-cierra-con-un-aumento-de-ventas\/"},"author":{"name":"Cope Alcoy","@id":"https:\/\/www.copealcoy.es\/es\/#\/schema\/person\/e777c87fa024e57d40170af9df39882c"},"headline":"La campa\u00f1a de rebajas de verano cierra con un aumento de ventas","datePublished":"2015-09-07T05:00:20+00:00","dateModified":"2015-09-07T07:55:05+00:00","mainEntityOfPage":{"@id":"https:\/\/www.copealcoy.es\/es\/la-campana-de-rebajas-de-verano-cierra-con-un-aumento-de-ventas\/"},"wordCount":255,"commentCount":0,"image":{"@id":"https:\/\/www.copealcoy.es\/es\/la-campana-de-rebajas-de-verano-cierra-con-un-aumento-de-ventas\/#primaryimage"},"thumbnailUrl":"https:\/\/www.copealcoy.es\/wp-content\/uploads\/2015\/01\/image31.jpg","keywords":["Alcoy","Comercio","Econom\u00eda","Rebajas"],"articleSection":["Alcoy","Noticias","Portada"],"inLanguage":"es"},{"@type":"WebPage","@id":"https:\/\/www.copealcoy.es\/es\/la-campana-de-rebajas-de-verano-cierra-con-un-aumento-de-ventas\/","url":"https:\/\/www.copealcoy.es\/es\/la-campana-de-rebajas-de-verano-cierra-con-un-aumento-de-ventas\/","name":"La campa\u00f1a de rebajas de verano cierra con un aumento de ventas - COPE Alcoy","isPartOf":{"@id":"https:\/\/www.copealcoy.es\/es\/#website"},"primaryImageOfPage":{"@id":"https:\/\/www.copealcoy.es\/es\/la-campana-de-rebajas-de-verano-cierra-con-un-aumento-de-ventas\/#primaryimage"},"image":{"@id":"https:\/\/www.copealcoy.es\/es\/la-campana-de-rebajas-de-verano-cierra-con-un-aumento-de-ventas\/#primaryimage"},"thumbnailUrl":"https:\/\/www.copealcoy.es\/wp-content\/uploads\/2015\/01\/image31.jpg","datePublished":"2015-09-07T05:00:20+00:00","dateModified":"2015-09-07T07:55:05+00:00","author":{"@id":"https:\/\/www.copealcoy.es\/es\/#\/schema\/person\/e777c87fa024e57d40170af9df39882c"},"breadcrumb":{"@id":"https:\/\/www.copealcoy.es\/es\/la-campana-de-rebajas-de-verano-cierra-con-un-aumento-de-ventas\/#breadcrumb"},"inLanguage":"es","potentialAction":[{"@type":"ReadAction","target":["https:\/\/www.copealcoy.es\/es\/la-campana-de-rebajas-de-verano-cierra-con-un-aumento-de-ventas\/"]}]},{"@type":"ImageObject","inLanguage":"es","@id":"https:\/\/www.copealcoy.es\/es\/la-campana-de-rebajas-de-verano-cierra-con-un-aumento-de-ventas\/#primaryimage","url":"https:\/\/www.copealcoy.es\/wp-content\/uploads\/2015\/01\/image31.jpg","contentUrl":"https:\/\/www.copealcoy.es\/wp-content\/uploads\/2015\/01\/image31.jpg","width":932,"height":730},{"@type":"BreadcrumbList","@id":"https:\/\/www.copealcoy.es\/es\/la-campana-de-rebajas-de-verano-cierra-con-un-aumento-de-ventas\/#breadcrumb","itemListElement":[{"@type":"ListItem","position":1,"name":"Portada","item":"https:\/\/www.copealcoy.es\/es\/"},{"@type":"ListItem","position":2,"name":"La campa\u00f1a de rebajas de verano cierra con un aumento de ventas"}]},{"@type":"WebSite","@id":"https:\/\/www.copealcoy.es\/es\/#website","url":"https:\/\/www.copealcoy.es\/es\/","name":"COPE Alcoy","description":"Emisora COPE de radio local con emisi\u00f3n online. Pont de Sant Jordi 8-10 03803 Alcoy","potentialAction":[{"@type":"SearchAction","target":{"@type":"EntryPoint","urlTemplate":"https:\/\/www.copealcoy.es\/es\/?s={search_term_string}"},"query-input":{"@type":"PropertyValueSpecification","valueRequired":true,"valueName":"search_term_string"}}],"inLanguage":"es"},{"@type":"Person","@id":"https:\/\/www.copealcoy.es\/es\/#\/schema\/person\/e777c87fa024e57d40170af9df39882c","name":"Cope Alcoy","image":{"@type":"ImageObject","inLanguage":"es","@id":"https:\/\/secure.gravatar.com\/avatar\/bb65d0283347e303893ba14f0692005417c1e0e690a325a4c5d8bb2b3943ee14?s=96&d=mm&r=g","url":"https:\/\/secure.gravatar.com\/avatar\/bb65d0283347e303893ba14f0692005417c1e0e690a325a4c5d8bb2b3943ee14?s=96&d=mm&r=g","contentUrl":"https:\/\/secure.gravatar.com\/avatar\/bb65d0283347e303893ba14f0692005417c1e0e690a325a4c5d8bb2b3943ee14?s=96&d=mm&r=g","caption":"Cope Alcoy"}}]}},"_links":{"self":[{"href":"https:\/\/www.copealcoy.es\/es\/wp-json\/wp\/v2\/posts\/15522","targetHints":{"allow":["GET"]}}],"collection":[{"href":"https:\/\/www.copealcoy.es\/es\/wp-json\/wp\/v2\/posts"}],"about":[{"href":"https:\/\/www.copealcoy.es\/es\/wp-json\/wp\/v2\/types\/post"}],"author":[{"embeddable":true,"href":"https:\/\/www.copealcoy.es\/es\/wp-json\/wp\/v2\/users\/1"}],"replies":[{"embeddable":true,"href":"https:\/\/www.copealcoy.es\/es\/wp-json\/wp\/v2\/comments?post=15522"}],"version-history":[{"count":0,"href":"https:\/\/www.copealcoy.es\/es\/wp-json\/wp\/v2\/posts\/15522\/revisions"}],"wp:featuredmedia":[{"embeddable":true,"href":"https:\/\/www.copealcoy.es\/es\/wp-json\/wp\/v2\/media\/9513"}],"wp:attachment":[{"href":"https:\/\/www.copealcoy.es\/es\/wp-json\/wp\/v2\/media?parent=15522"}],"wp:term":[{"taxonomy":"category","embeddable":true,"href":"https:\/\/www.copealcoy.es\/es\/wp-json\/wp\/v2\/categories?post=15522"},{"taxonomy":"post_tag","embeddable":true,"href":"https:\/\/www.copealcoy.es\/es\/wp-json\/wp\/v2\/tags?post=15522"}],"curies":[{"name":"wp","href":"https:\/\/api.w.org\/{rel}","templated":true}]}}