{"id":155124,"date":"2025-07-15T08:15:04","date_gmt":"2025-07-15T07:15:04","guid":{"rendered":"https:\/\/www.copealcoy.es\/?p=155124"},"modified":"2025-07-16T12:34:24","modified_gmt":"2025-07-16T11:34:24","slug":"la-mortalidad-por-calor-se-multiplica-por-diez-en-la-provincia-de-alicante","status":"publish","type":"post","link":"https:\/\/www.copealcoy.es\/es\/la-mortalidad-por-calor-se-multiplica-por-diez-en-la-provincia-de-alicante\/","title":{"rendered":"La mortalidad por calor se multiplica por diez en la provincia de Alicante"},"content":{"rendered":"<p class=\"paragraph\" style=\"text-align: justify;\">El <strong>calor<\/strong> ha sido protagonista desde finales de mayo e incluso ha resultado m\u00e1s intenso en el \u00faltimo mes y medio en la provincia de Alicante, situaci\u00f3n que ha <b>multiplicado por diez<\/b> el n\u00famero de fallecimientos por altas temperaturas. Las muertes atribuibles a este contexto <b>desde el pasado 1 de junio<\/b> ya ascienden en la Comunitat Valenciana a 139 (73 hombres y 66 mujeres), de las que 107 se produjeron en los primeros catorce d\u00edas de este mes de julio seg\u00fan informan desde COPE ALICANTE.<\/p>\n<p class=\"paragraph\" style=\"text-align: justify;\">Estas cifras contrastan con los datos\u00a0<b>del mismo periodo de 2024,\u00a0<\/b>ya que ese a\u00f1o los fallecidos por altas temperaturas del 1 de junio al 14 de julio en la Comunitat Valenciana fueron 17 (9 mujeres y 8 hombres), diez de ellos en los primeros catorce d\u00edas de julio. El Momo, sistema de vigilancia de la mortalidad diaria del Ministerio de Sanidad, ha contabilizado en el \u00faltimo mes y medio 1.178 muertes atribuibles a temperaturas a nivel nacional, 139 de ellas en la Comunitat Valenciana. De ellas,<b> 85 se produjeron en la provincia de Alicante,<\/b> 40 en la de Castell\u00f3n y 14 en la de Val\u00e8ncia.\u00a0En el caso de <b>los primeros catorce d\u00edas de julio,<\/b>\u00a0de las 107 muertes (56 hombres y 51 mujeres), 59 han sido en la provincia de Alicante, 36 en la de Castell\u00f3n y 12 en la de Valencia.<\/p>\n<p><span style=\"color: #0000ff;\"><strong>Consejos a tener en cuenta ante una ola de calor<\/strong><\/span><\/p>\n<p style=\"text-align: justify;\">Durante una ola de calor <strong>es importante tener en cuenta una serie de medidas<\/strong>. Los expertos recuerdan que es fundamental mantenerse hidratado bebiendo al menos ocho vasos de agua al d\u00eda, evitando alcohol y cafe\u00edna que pueden aumentar la deshidrataci\u00f3n, y mantenerse fresco cerrando ventanas y cortinas durante el d\u00eda y abri\u00e9ndolas por la noche. Se recomienda tomar duchas fr\u00edas, usar ropa ligera y holgada, evitar actividades extenuantes en las horas m\u00e1s calurosas, y protegerse con sombrero y gafas de sol. Es importante estar atento a signos de deshidrataci\u00f3n como mareos, fatiga o confusi\u00f3n, y buscar ayuda si se presentan s\u00edntomas graves. Adem\u00e1s, se aconseja cuidar a personas vulnerables como adultos mayores o personas con enfermedades, visit\u00e1ndolos o asegur\u00e1ndose de que est\u00e9n bien hidratados y en lugares frescos; acudir a centros de enfriamiento o bibliotecas con aire acondicionado puede ser \u00fatil para refrescarse. En caso de emergencia, llamar al <a href=\"https:\/\/www.112cv.gva.es\/es\/\" target=\"_blank\" rel=\"noopener\"><strong><span style=\"color: #0000ff;\">112<\/span><\/strong><\/a> es crucial si alguien presenta s\u00edntomas severos.<\/p>\n","protected":false},"excerpt":{"rendered":"<p>El calor ha sido protagonista desde finales de mayo e incluso ha resultado m\u00e1s intenso en el \u00faltimo mes y&#8230;<\/p>\n","protected":false},"author":1,"featured_media":155125,"comment_status":"closed","ping_status":"closed","sticky":false,"template":"","format":"standard","meta":{"footnotes":""},"categories":[6909,98,75,125],"tags":[7815,7382,19806,2815],"class_list":["post-155124","post","type-post","status-publish","format-standard","has-post-thumbnail","hentry","category-actualidad","category-comarcas","category-noticias","category-portada","tag-calor","tag-datos","tag-mortalidad","tag-provincia-de-alicante"],"yoast_head":"<!-- This site is optimized with the Yoast SEO plugin v27.3 - https:\/\/yoast.com\/product\/yoast-seo-wordpress\/ -->\n<title>La mortalidad por calor se multiplica por diez en la provincia de Alicante - COPE Alcoy<\/title>\n<meta name=\"robots\" content=\"index, follow, max-snippet:-1, max-image-preview:large, max-video-preview:-1\" \/>\n<link rel=\"canonical\" href=\"https:\/\/www.copealcoy.es\/es\/la-mortalidad-por-calor-se-multiplica-por-diez-en-la-provincia-de-alicante\/\" \/>\n<meta property=\"og:locale\" content=\"es_ES\" \/>\n<meta property=\"og:type\" content=\"article\" \/>\n<meta property=\"og:title\" content=\"La mortalidad por calor se multiplica por diez en la provincia de Alicante - COPE Alcoy\" \/>\n<meta property=\"og:description\" content=\"El calor ha sido protagonista desde finales de mayo e incluso ha resultado m\u00e1s intenso en el \u00faltimo mes y...\" \/>\n<meta property=\"og:url\" content=\"https:\/\/www.copealcoy.es\/es\/la-mortalidad-por-calor-se-multiplica-por-diez-en-la-provincia-de-alicante\/\" \/>\n<meta property=\"og:site_name\" content=\"COPE Alcoy\" \/>\n<meta property=\"article:published_time\" content=\"2025-07-15T07:15:04+00:00\" \/>\n<meta property=\"article:modified_time\" content=\"2025-07-16T11:34:24+00:00\" \/>\n<meta property=\"og:image\" content=\"https:\/\/www.copealcoy.es\/wp-content\/uploads\/2025\/07\/668c39b5bb5a8.webp\" \/>\n\t<meta property=\"og:image:width\" content=\"768\" \/>\n\t<meta property=\"og:image:height\" content=\"432\" \/>\n\t<meta property=\"og:image:type\" content=\"image\/webp\" \/>\n<meta name=\"author\" content=\"Cope Alcoy\" \/>\n<meta name=\"twitter:label1\" content=\"Escrito por\" \/>\n\t<meta name=\"twitter:data1\" content=\"Cope Alcoy\" \/>\n\t<meta name=\"twitter:label2\" content=\"Tiempo de lectura\" \/>\n\t<meta name=\"twitter:data2\" content=\"3 minutos\" \/>\n<script type=\"application\/ld+json\" class=\"yoast-schema-graph\">{\"@context\":\"https:\\\/\\\/schema.org\",\"@graph\":[{\"@type\":\"Article\",\"@id\":\"https:\\\/\\\/www.copealcoy.es\\\/es\\\/la-mortalidad-por-calor-se-multiplica-por-diez-en-la-provincia-de-alicante\\\/#article\",\"isPartOf\":{\"@id\":\"https:\\\/\\\/www.copealcoy.es\\\/es\\\/la-mortalidad-por-calor-se-multiplica-por-diez-en-la-provincia-de-alicante\\\/\"},\"author\":{\"name\":\"Cope Alcoy\",\"@id\":\"https:\\\/\\\/www.copealcoy.es\\\/es\\\/#\\\/schema\\\/person\\\/e777c87fa024e57d40170af9df39882c\"},\"headline\":\"La mortalidad por calor se multiplica por diez en la provincia de Alicante\",\"datePublished\":\"2025-07-15T07:15:04+00:00\",\"dateModified\":\"2025-07-16T11:34:24+00:00\",\"mainEntityOfPage\":{\"@id\":\"https:\\\/\\\/www.copealcoy.es\\\/es\\\/la-mortalidad-por-calor-se-multiplica-por-diez-en-la-provincia-de-alicante\\\/\"},\"wordCount\":412,\"image\":{\"@id\":\"https:\\\/\\\/www.copealcoy.es\\\/es\\\/la-mortalidad-por-calor-se-multiplica-por-diez-en-la-provincia-de-alicante\\\/#primaryimage\"},\"thumbnailUrl\":\"https:\\\/\\\/www.copealcoy.es\\\/wp-content\\\/uploads\\\/2025\\\/07\\\/668c39b5bb5a8.webp\",\"keywords\":[\"calor\",\"datos\",\"mortalidad\",\"provincia de Alicante\"],\"articleSection\":[\"Actualidad\",\"Comarcas\",\"Noticias\",\"Portada\"],\"inLanguage\":\"es\"},{\"@type\":\"WebPage\",\"@id\":\"https:\\\/\\\/www.copealcoy.es\\\/es\\\/la-mortalidad-por-calor-se-multiplica-por-diez-en-la-provincia-de-alicante\\\/\",\"url\":\"https:\\\/\\\/www.copealcoy.es\\\/es\\\/la-mortalidad-por-calor-se-multiplica-por-diez-en-la-provincia-de-alicante\\\/\",\"name\":\"La mortalidad por calor se multiplica por diez en la provincia de Alicante - COPE Alcoy\",\"isPartOf\":{\"@id\":\"https:\\\/\\\/www.copealcoy.es\\\/es\\\/#website\"},\"primaryImageOfPage\":{\"@id\":\"https:\\\/\\\/www.copealcoy.es\\\/es\\\/la-mortalidad-por-calor-se-multiplica-por-diez-en-la-provincia-de-alicante\\\/#primaryimage\"},\"image\":{\"@id\":\"https:\\\/\\\/www.copealcoy.es\\\/es\\\/la-mortalidad-por-calor-se-multiplica-por-diez-en-la-provincia-de-alicante\\\/#primaryimage\"},\"thumbnailUrl\":\"https:\\\/\\\/www.copealcoy.es\\\/wp-content\\\/uploads\\\/2025\\\/07\\\/668c39b5bb5a8.webp\",\"datePublished\":\"2025-07-15T07:15:04+00:00\",\"dateModified\":\"2025-07-16T11:34:24+00:00\",\"author\":{\"@id\":\"https:\\\/\\\/www.copealcoy.es\\\/es\\\/#\\\/schema\\\/person\\\/e777c87fa024e57d40170af9df39882c\"},\"breadcrumb\":{\"@id\":\"https:\\\/\\\/www.copealcoy.es\\\/es\\\/la-mortalidad-por-calor-se-multiplica-por-diez-en-la-provincia-de-alicante\\\/#breadcrumb\"},\"inLanguage\":\"es\",\"potentialAction\":[{\"@type\":\"ReadAction\",\"target\":[\"https:\\\/\\\/www.copealcoy.es\\\/es\\\/la-mortalidad-por-calor-se-multiplica-por-diez-en-la-provincia-de-alicante\\\/\"]}]},{\"@type\":\"ImageObject\",\"inLanguage\":\"es\",\"@id\":\"https:\\\/\\\/www.copealcoy.es\\\/es\\\/la-mortalidad-por-calor-se-multiplica-por-diez-en-la-provincia-de-alicante\\\/#primaryimage\",\"url\":\"https:\\\/\\\/www.copealcoy.es\\\/wp-content\\\/uploads\\\/2025\\\/07\\\/668c39b5bb5a8.webp\",\"contentUrl\":\"https:\\\/\\\/www.copealcoy.es\\\/wp-content\\\/uploads\\\/2025\\\/07\\\/668c39b5bb5a8.webp\",\"width\":768,\"height\":432},{\"@type\":\"BreadcrumbList\",\"@id\":\"https:\\\/\\\/www.copealcoy.es\\\/es\\\/la-mortalidad-por-calor-se-multiplica-por-diez-en-la-provincia-de-alicante\\\/#breadcrumb\",\"itemListElement\":[{\"@type\":\"ListItem\",\"position\":1,\"name\":\"Portada\",\"item\":\"https:\\\/\\\/www.copealcoy.es\\\/es\\\/\"},{\"@type\":\"ListItem\",\"position\":2,\"name\":\"La mortalidad por calor se multiplica por diez en la provincia de Alicante\"}]},{\"@type\":\"WebSite\",\"@id\":\"https:\\\/\\\/www.copealcoy.es\\\/es\\\/#website\",\"url\":\"https:\\\/\\\/www.copealcoy.es\\\/es\\\/\",\"name\":\"COPE Alcoy\",\"description\":\"Emisora COPE de radio local con emisi\u00f3n online. Pont de Sant Jordi 8-10 03803 Alcoy\",\"potentialAction\":[{\"@type\":\"SearchAction\",\"target\":{\"@type\":\"EntryPoint\",\"urlTemplate\":\"https:\\\/\\\/www.copealcoy.es\\\/es\\\/?s={search_term_string}\"},\"query-input\":{\"@type\":\"PropertyValueSpecification\",\"valueRequired\":true,\"valueName\":\"search_term_string\"}}],\"inLanguage\":\"es\"},{\"@type\":\"Person\",\"@id\":\"https:\\\/\\\/www.copealcoy.es\\\/es\\\/#\\\/schema\\\/person\\\/e777c87fa024e57d40170af9df39882c\",\"name\":\"Cope Alcoy\",\"image\":{\"@type\":\"ImageObject\",\"inLanguage\":\"es\",\"@id\":\"https:\\\/\\\/secure.gravatar.com\\\/avatar\\\/bb65d0283347e303893ba14f0692005417c1e0e690a325a4c5d8bb2b3943ee14?s=96&d=mm&r=g\",\"url\":\"https:\\\/\\\/secure.gravatar.com\\\/avatar\\\/bb65d0283347e303893ba14f0692005417c1e0e690a325a4c5d8bb2b3943ee14?s=96&d=mm&r=g\",\"contentUrl\":\"https:\\\/\\\/secure.gravatar.com\\\/avatar\\\/bb65d0283347e303893ba14f0692005417c1e0e690a325a4c5d8bb2b3943ee14?s=96&d=mm&r=g\",\"caption\":\"Cope Alcoy\"}}]}<\/script>\n<!-- \/ Yoast SEO plugin. -->","yoast_head_json":{"title":"La mortalidad por calor se multiplica por diez en la provincia de Alicante - COPE Alcoy","robots":{"index":"index","follow":"follow","max-snippet":"max-snippet:-1","max-image-preview":"max-image-preview:large","max-video-preview":"max-video-preview:-1"},"canonical":"https:\/\/www.copealcoy.es\/es\/la-mortalidad-por-calor-se-multiplica-por-diez-en-la-provincia-de-alicante\/","og_locale":"es_ES","og_type":"article","og_title":"La mortalidad por calor se multiplica por diez en la provincia de Alicante - COPE Alcoy","og_description":"El calor ha sido protagonista desde finales de mayo e incluso ha resultado m\u00e1s intenso en el \u00faltimo mes y...","og_url":"https:\/\/www.copealcoy.es\/es\/la-mortalidad-por-calor-se-multiplica-por-diez-en-la-provincia-de-alicante\/","og_site_name":"COPE Alcoy","article_published_time":"2025-07-15T07:15:04+00:00","article_modified_time":"2025-07-16T11:34:24+00:00","og_image":[{"width":768,"height":432,"url":"https:\/\/www.copealcoy.es\/wp-content\/uploads\/2025\/07\/668c39b5bb5a8.webp","type":"image\/webp"}],"author":"Cope Alcoy","twitter_misc":{"Escrito por":"Cope Alcoy","Tiempo de lectura":"3 minutos"},"schema":{"@context":"https:\/\/schema.org","@graph":[{"@type":"Article","@id":"https:\/\/www.copealcoy.es\/es\/la-mortalidad-por-calor-se-multiplica-por-diez-en-la-provincia-de-alicante\/#article","isPartOf":{"@id":"https:\/\/www.copealcoy.es\/es\/la-mortalidad-por-calor-se-multiplica-por-diez-en-la-provincia-de-alicante\/"},"author":{"name":"Cope Alcoy","@id":"https:\/\/www.copealcoy.es\/es\/#\/schema\/person\/e777c87fa024e57d40170af9df39882c"},"headline":"La mortalidad por calor se multiplica por diez en la provincia de Alicante","datePublished":"2025-07-15T07:15:04+00:00","dateModified":"2025-07-16T11:34:24+00:00","mainEntityOfPage":{"@id":"https:\/\/www.copealcoy.es\/es\/la-mortalidad-por-calor-se-multiplica-por-diez-en-la-provincia-de-alicante\/"},"wordCount":412,"image":{"@id":"https:\/\/www.copealcoy.es\/es\/la-mortalidad-por-calor-se-multiplica-por-diez-en-la-provincia-de-alicante\/#primaryimage"},"thumbnailUrl":"https:\/\/www.copealcoy.es\/wp-content\/uploads\/2025\/07\/668c39b5bb5a8.webp","keywords":["calor","datos","mortalidad","provincia de Alicante"],"articleSection":["Actualidad","Comarcas","Noticias","Portada"],"inLanguage":"es"},{"@type":"WebPage","@id":"https:\/\/www.copealcoy.es\/es\/la-mortalidad-por-calor-se-multiplica-por-diez-en-la-provincia-de-alicante\/","url":"https:\/\/www.copealcoy.es\/es\/la-mortalidad-por-calor-se-multiplica-por-diez-en-la-provincia-de-alicante\/","name":"La mortalidad por calor se multiplica por diez en la provincia de Alicante - COPE Alcoy","isPartOf":{"@id":"https:\/\/www.copealcoy.es\/es\/#website"},"primaryImageOfPage":{"@id":"https:\/\/www.copealcoy.es\/es\/la-mortalidad-por-calor-se-multiplica-por-diez-en-la-provincia-de-alicante\/#primaryimage"},"image":{"@id":"https:\/\/www.copealcoy.es\/es\/la-mortalidad-por-calor-se-multiplica-por-diez-en-la-provincia-de-alicante\/#primaryimage"},"thumbnailUrl":"https:\/\/www.copealcoy.es\/wp-content\/uploads\/2025\/07\/668c39b5bb5a8.webp","datePublished":"2025-07-15T07:15:04+00:00","dateModified":"2025-07-16T11:34:24+00:00","author":{"@id":"https:\/\/www.copealcoy.es\/es\/#\/schema\/person\/e777c87fa024e57d40170af9df39882c"},"breadcrumb":{"@id":"https:\/\/www.copealcoy.es\/es\/la-mortalidad-por-calor-se-multiplica-por-diez-en-la-provincia-de-alicante\/#breadcrumb"},"inLanguage":"es","potentialAction":[{"@type":"ReadAction","target":["https:\/\/www.copealcoy.es\/es\/la-mortalidad-por-calor-se-multiplica-por-diez-en-la-provincia-de-alicante\/"]}]},{"@type":"ImageObject","inLanguage":"es","@id":"https:\/\/www.copealcoy.es\/es\/la-mortalidad-por-calor-se-multiplica-por-diez-en-la-provincia-de-alicante\/#primaryimage","url":"https:\/\/www.copealcoy.es\/wp-content\/uploads\/2025\/07\/668c39b5bb5a8.webp","contentUrl":"https:\/\/www.copealcoy.es\/wp-content\/uploads\/2025\/07\/668c39b5bb5a8.webp","width":768,"height":432},{"@type":"BreadcrumbList","@id":"https:\/\/www.copealcoy.es\/es\/la-mortalidad-por-calor-se-multiplica-por-diez-en-la-provincia-de-alicante\/#breadcrumb","itemListElement":[{"@type":"ListItem","position":1,"name":"Portada","item":"https:\/\/www.copealcoy.es\/es\/"},{"@type":"ListItem","position":2,"name":"La mortalidad por calor se multiplica por diez en la provincia de Alicante"}]},{"@type":"WebSite","@id":"https:\/\/www.copealcoy.es\/es\/#website","url":"https:\/\/www.copealcoy.es\/es\/","name":"COPE Alcoy","description":"Emisora COPE de radio local con emisi\u00f3n online. Pont de Sant Jordi 8-10 03803 Alcoy","potentialAction":[{"@type":"SearchAction","target":{"@type":"EntryPoint","urlTemplate":"https:\/\/www.copealcoy.es\/es\/?s={search_term_string}"},"query-input":{"@type":"PropertyValueSpecification","valueRequired":true,"valueName":"search_term_string"}}],"inLanguage":"es"},{"@type":"Person","@id":"https:\/\/www.copealcoy.es\/es\/#\/schema\/person\/e777c87fa024e57d40170af9df39882c","name":"Cope Alcoy","image":{"@type":"ImageObject","inLanguage":"es","@id":"https:\/\/secure.gravatar.com\/avatar\/bb65d0283347e303893ba14f0692005417c1e0e690a325a4c5d8bb2b3943ee14?s=96&d=mm&r=g","url":"https:\/\/secure.gravatar.com\/avatar\/bb65d0283347e303893ba14f0692005417c1e0e690a325a4c5d8bb2b3943ee14?s=96&d=mm&r=g","contentUrl":"https:\/\/secure.gravatar.com\/avatar\/bb65d0283347e303893ba14f0692005417c1e0e690a325a4c5d8bb2b3943ee14?s=96&d=mm&r=g","caption":"Cope Alcoy"}}]}},"_links":{"self":[{"href":"https:\/\/www.copealcoy.es\/es\/wp-json\/wp\/v2\/posts\/155124","targetHints":{"allow":["GET"]}}],"collection":[{"href":"https:\/\/www.copealcoy.es\/es\/wp-json\/wp\/v2\/posts"}],"about":[{"href":"https:\/\/www.copealcoy.es\/es\/wp-json\/wp\/v2\/types\/post"}],"author":[{"embeddable":true,"href":"https:\/\/www.copealcoy.es\/es\/wp-json\/wp\/v2\/users\/1"}],"replies":[{"embeddable":true,"href":"https:\/\/www.copealcoy.es\/es\/wp-json\/wp\/v2\/comments?post=155124"}],"version-history":[{"count":3,"href":"https:\/\/www.copealcoy.es\/es\/wp-json\/wp\/v2\/posts\/155124\/revisions"}],"predecessor-version":[{"id":155130,"href":"https:\/\/www.copealcoy.es\/es\/wp-json\/wp\/v2\/posts\/155124\/revisions\/155130"}],"wp:featuredmedia":[{"embeddable":true,"href":"https:\/\/www.copealcoy.es\/es\/wp-json\/wp\/v2\/media\/155125"}],"wp:attachment":[{"href":"https:\/\/www.copealcoy.es\/es\/wp-json\/wp\/v2\/media?parent=155124"}],"wp:term":[{"taxonomy":"category","embeddable":true,"href":"https:\/\/www.copealcoy.es\/es\/wp-json\/wp\/v2\/categories?post=155124"},{"taxonomy":"post_tag","embeddable":true,"href":"https:\/\/www.copealcoy.es\/es\/wp-json\/wp\/v2\/tags?post=155124"}],"curies":[{"name":"wp","href":"https:\/\/api.w.org\/{rel}","templated":true}]}}