{"id":155113,"date":"2025-07-15T12:29:03","date_gmt":"2025-07-15T11:29:03","guid":{"rendered":"https:\/\/www.copealcoy.es\/?p=155113"},"modified":"2025-07-15T12:34:16","modified_gmt":"2025-07-15T11:34:16","slug":"inician-en-alcoy-la-reparacion-del-muro-situado-junto-al-santuario-de-la-font-roja","status":"publish","type":"post","link":"https:\/\/www.copealcoy.es\/es\/inician-en-alcoy-la-reparacion-del-muro-situado-junto-al-santuario-de-la-font-roja\/","title":{"rendered":"Inician en Alcoy la reparaci\u00f3n del muro situado junto al Santuario de la Font Roja"},"content":{"rendered":"<div id=\"chat_conversation\" class=\"flex flex-col items-center text-sm dark:bg-gray-800 w-full\">\n<div class=\"entries_794 w-full border-b2 border-black\/10 dark:border-gray-900\/50 text-gray-800 dark:text-gray-100 group dark:bg-gray-800\">\n<div class=\"text-base gap-4 md:gap-6 m-auto md:max-w-2xl lg:max-w-2xl xl:max-w-4xl p-4 md:py-6 flex lg:px-0\">\n<div class=\"w-[calc(100%-50px)] \">\n<div class=\"relative flex flex-col gap-1 md:gap-3 lg:w-[calc(100%-115px)]\">\n<div id=\"copy_794\" class=\"markdown prose w-full break-words dark:prose-invert dark system_write\">\n<p style=\"text-align: justify;\">El <a href=\"https:\/\/www.alcoi.org\/ca\/portal\/index.html\" target=\"_blank\" rel=\"noopener\"><strong><span style=\"color: #0000ff;\">Ayuntamiento de Alcoy<\/span><\/strong><\/a>, a trav\u00e9s de la Concejal\u00eda de Medio Ambiente, ha iniciado <strong>el proyecto de restauraci\u00f3n<\/strong> de un tramo del muro situado en el <strong>Santuario de la Font Roja<\/strong>. La intervenci\u00f3n, seg\u00fan informan desde el consistorio alcoyano, <strong>responde a la necesidad de garantizar la seguridad estructural de este elemento<\/strong>, que presenta un avanzado estado de deterioro, y forma parte de los esfuerzos por proteger uno de los entornos naturales m\u00e1s emblem\u00e1ticos del municipio.<\/p>\n<p style=\"text-align: justify;\">Con un <strong>presupuesto base de licitaci\u00f3n de 48.389,75 euros (IVA incluido)<\/strong>, los trabajos han sido dise\u00f1ados por la empresa Optimun Proyectos y Estudios S.L. y <strong>consistir\u00e1n<\/strong> en la sustituci\u00f3n del muro da\u00f1ado por una estructura de hormig\u00f3n armado revestida con piedra natural, para mantener la coherencia est\u00e9tica con el paisaje del parque natural. Adem\u00e1s, se incorporar\u00e1 un sistema de drenaje eficiente para evitar acumulaciones de agua y se reutilizar\u00e1n las piedras originales para su coronaci\u00f3n y revestimiento.<\/p>\n<p style=\"text-align: justify;\">La actuaci\u00f3n <strong>tambi\u00e9n contempla<\/strong> la reposici\u00f3n de elementos afectados, como un tramo de escalera, el punto de luz y el cerramiento perimetral. Dado que el muro se encuentra en pleno Parque Natural del Carrascal de la Font Roja, espacio protegido incluido en la Red Natura 2000, el proyecto incorpora medidas ambientales espec\u00edficas y cumple con toda la normativa vigente en prevenci\u00f3n de incendios, conservaci\u00f3n de flora y gesti\u00f3n de residuos &#8220;<em>con esta actuaci\u00f3n seguimos trabajando para garantizar la seguridad y conservaci\u00f3n del entorno natural m\u00e1s querido por Alcoy, respetando sus valores ecol\u00f3gicos y culturale<\/em>s&#8221;, afirma la edil de Medio Ambiente, <strong>Tere Sanju\u00e1n<\/strong>.<\/p>\n<p style=\"text-align: justify;\">Se estima que <strong>los trabajos durar\u00e1n aproximadamente dos meses<\/strong> desde su inicio. La intenci\u00f3n es que la obra pueda estar ya completamente finalizada de cara a la romer\u00eda en honor a la Virgen de los Lirios que ser\u00e1 el domingo 20 de septiembre.<\/p>\n<\/div>\n<\/div>\n<\/div>\n<\/div>\n<\/div>\n<\/div>\n","protected":false},"excerpt":{"rendered":"<p>El Ayuntamiento de Alcoy, a trav\u00e9s de la Concejal\u00eda de Medio Ambiente, ha iniciado el proyecto de restauraci\u00f3n de un&#8230;<\/p>\n","protected":false},"author":1,"featured_media":155114,"comment_status":"closed","ping_status":"closed","sticky":false,"template":"","format":"standard","meta":{"footnotes":""},"categories":[6909,75],"tags":[1494,437,135,145,222],"class_list":["post-155113","post","type-post","status-publish","format-standard","has-post-thumbnail","hentry","category-actualidad","category-noticias","tag-alcoy","tag-font-roja","tag-muro","tag-obras","tag-reparacion"],"yoast_head":"<!-- This site is optimized with the Yoast SEO plugin v27.3 - https:\/\/yoast.com\/product\/yoast-seo-wordpress\/ -->\n<title>Inician en Alcoy la reparaci\u00f3n del muro situado junto al Santuario de la Font Roja - COPE Alcoy<\/title>\n<meta name=\"description\" content=\"Inician en Alcoy la reparaci\u00f3n del muro situado junto al Santuario de la Font Roja\" \/>\n<meta name=\"robots\" content=\"index, follow, max-snippet:-1, max-image-preview:large, max-video-preview:-1\" \/>\n<link rel=\"canonical\" href=\"https:\/\/www.copealcoy.es\/es\/inician-en-alcoy-la-reparacion-del-muro-situado-junto-al-santuario-de-la-font-roja\/\" \/>\n<meta property=\"og:locale\" content=\"es_ES\" \/>\n<meta property=\"og:type\" content=\"article\" \/>\n<meta property=\"og:title\" content=\"Inician en Alcoy la reparaci\u00f3n del muro situado junto al Santuario de la Font Roja - COPE Alcoy\" \/>\n<meta property=\"og:description\" content=\"Inician en Alcoy la reparaci\u00f3n del muro situado junto al Santuario de la Font Roja\" \/>\n<meta property=\"og:url\" content=\"https:\/\/www.copealcoy.es\/es\/inician-en-alcoy-la-reparacion-del-muro-situado-junto-al-santuario-de-la-font-roja\/\" \/>\n<meta property=\"og:site_name\" content=\"COPE Alcoy\" \/>\n<meta property=\"article:published_time\" content=\"2025-07-15T11:29:03+00:00\" \/>\n<meta property=\"article:modified_time\" content=\"2025-07-15T11:34:16+00:00\" \/>\n<meta property=\"og:image\" content=\"https:\/\/www.copealcoy.es\/wp-content\/uploads\/2025\/07\/1-3.jpg\" \/>\n\t<meta property=\"og:image:width\" content=\"847\" \/>\n\t<meta property=\"og:image:height\" content=\"636\" \/>\n\t<meta property=\"og:image:type\" content=\"image\/jpeg\" \/>\n<meta name=\"author\" content=\"Cope Alcoy\" \/>\n<meta name=\"twitter:label1\" content=\"Escrito por\" \/>\n\t<meta name=\"twitter:data1\" content=\"Cope Alcoy\" \/>\n\t<meta name=\"twitter:label2\" content=\"Tiempo de lectura\" \/>\n\t<meta name=\"twitter:data2\" content=\"2 minutos\" \/>\n<script type=\"application\/ld+json\" class=\"yoast-schema-graph\">{\"@context\":\"https:\\\/\\\/schema.org\",\"@graph\":[{\"@type\":\"Article\",\"@id\":\"https:\\\/\\\/www.copealcoy.es\\\/es\\\/inician-en-alcoy-la-reparacion-del-muro-situado-junto-al-santuario-de-la-font-roja\\\/#article\",\"isPartOf\":{\"@id\":\"https:\\\/\\\/www.copealcoy.es\\\/es\\\/inician-en-alcoy-la-reparacion-del-muro-situado-junto-al-santuario-de-la-font-roja\\\/\"},\"author\":{\"name\":\"Cope Alcoy\",\"@id\":\"https:\\\/\\\/www.copealcoy.es\\\/es\\\/#\\\/schema\\\/person\\\/e777c87fa024e57d40170af9df39882c\"},\"headline\":\"Inician en Alcoy la reparaci\u00f3n del muro situado junto al Santuario de la Font Roja\",\"datePublished\":\"2025-07-15T11:29:03+00:00\",\"dateModified\":\"2025-07-15T11:34:16+00:00\",\"mainEntityOfPage\":{\"@id\":\"https:\\\/\\\/www.copealcoy.es\\\/es\\\/inician-en-alcoy-la-reparacion-del-muro-situado-junto-al-santuario-de-la-font-roja\\\/\"},\"wordCount\":343,\"image\":{\"@id\":\"https:\\\/\\\/www.copealcoy.es\\\/es\\\/inician-en-alcoy-la-reparacion-del-muro-situado-junto-al-santuario-de-la-font-roja\\\/#primaryimage\"},\"thumbnailUrl\":\"https:\\\/\\\/www.copealcoy.es\\\/wp-content\\\/uploads\\\/2025\\\/07\\\/1-3.jpg\",\"keywords\":[\"Alcoy\",\"Font Roja\",\"Muro\",\"Obras\",\"Reparaci\u00f3n\"],\"articleSection\":[\"Actualidad\",\"Noticias\"],\"inLanguage\":\"es\"},{\"@type\":\"WebPage\",\"@id\":\"https:\\\/\\\/www.copealcoy.es\\\/es\\\/inician-en-alcoy-la-reparacion-del-muro-situado-junto-al-santuario-de-la-font-roja\\\/\",\"url\":\"https:\\\/\\\/www.copealcoy.es\\\/es\\\/inician-en-alcoy-la-reparacion-del-muro-situado-junto-al-santuario-de-la-font-roja\\\/\",\"name\":\"Inician en Alcoy la reparaci\u00f3n del muro situado junto al Santuario de la Font Roja - COPE Alcoy\",\"isPartOf\":{\"@id\":\"https:\\\/\\\/www.copealcoy.es\\\/es\\\/#website\"},\"primaryImageOfPage\":{\"@id\":\"https:\\\/\\\/www.copealcoy.es\\\/es\\\/inician-en-alcoy-la-reparacion-del-muro-situado-junto-al-santuario-de-la-font-roja\\\/#primaryimage\"},\"image\":{\"@id\":\"https:\\\/\\\/www.copealcoy.es\\\/es\\\/inician-en-alcoy-la-reparacion-del-muro-situado-junto-al-santuario-de-la-font-roja\\\/#primaryimage\"},\"thumbnailUrl\":\"https:\\\/\\\/www.copealcoy.es\\\/wp-content\\\/uploads\\\/2025\\\/07\\\/1-3.jpg\",\"datePublished\":\"2025-07-15T11:29:03+00:00\",\"dateModified\":\"2025-07-15T11:34:16+00:00\",\"author\":{\"@id\":\"https:\\\/\\\/www.copealcoy.es\\\/es\\\/#\\\/schema\\\/person\\\/e777c87fa024e57d40170af9df39882c\"},\"description\":\"Inician en Alcoy la reparaci\u00f3n del muro situado junto al Santuario de la Font Roja\",\"breadcrumb\":{\"@id\":\"https:\\\/\\\/www.copealcoy.es\\\/es\\\/inician-en-alcoy-la-reparacion-del-muro-situado-junto-al-santuario-de-la-font-roja\\\/#breadcrumb\"},\"inLanguage\":\"es\",\"potentialAction\":[{\"@type\":\"ReadAction\",\"target\":[\"https:\\\/\\\/www.copealcoy.es\\\/es\\\/inician-en-alcoy-la-reparacion-del-muro-situado-junto-al-santuario-de-la-font-roja\\\/\"]}]},{\"@type\":\"ImageObject\",\"inLanguage\":\"es\",\"@id\":\"https:\\\/\\\/www.copealcoy.es\\\/es\\\/inician-en-alcoy-la-reparacion-del-muro-situado-junto-al-santuario-de-la-font-roja\\\/#primaryimage\",\"url\":\"https:\\\/\\\/www.copealcoy.es\\\/wp-content\\\/uploads\\\/2025\\\/07\\\/1-3.jpg\",\"contentUrl\":\"https:\\\/\\\/www.copealcoy.es\\\/wp-content\\\/uploads\\\/2025\\\/07\\\/1-3.jpg\",\"width\":847,\"height\":636},{\"@type\":\"BreadcrumbList\",\"@id\":\"https:\\\/\\\/www.copealcoy.es\\\/es\\\/inician-en-alcoy-la-reparacion-del-muro-situado-junto-al-santuario-de-la-font-roja\\\/#breadcrumb\",\"itemListElement\":[{\"@type\":\"ListItem\",\"position\":1,\"name\":\"Portada\",\"item\":\"https:\\\/\\\/www.copealcoy.es\\\/es\\\/\"},{\"@type\":\"ListItem\",\"position\":2,\"name\":\"Inician en Alcoy la reparaci\u00f3n del muro situado junto al Santuario de la Font Roja\"}]},{\"@type\":\"WebSite\",\"@id\":\"https:\\\/\\\/www.copealcoy.es\\\/es\\\/#website\",\"url\":\"https:\\\/\\\/www.copealcoy.es\\\/es\\\/\",\"name\":\"COPE Alcoy\",\"description\":\"Emisora COPE de radio local con emisi\u00f3n online. Pont de Sant Jordi 8-10 03803 Alcoy\",\"potentialAction\":[{\"@type\":\"SearchAction\",\"target\":{\"@type\":\"EntryPoint\",\"urlTemplate\":\"https:\\\/\\\/www.copealcoy.es\\\/es\\\/?s={search_term_string}\"},\"query-input\":{\"@type\":\"PropertyValueSpecification\",\"valueRequired\":true,\"valueName\":\"search_term_string\"}}],\"inLanguage\":\"es\"},{\"@type\":\"Person\",\"@id\":\"https:\\\/\\\/www.copealcoy.es\\\/es\\\/#\\\/schema\\\/person\\\/e777c87fa024e57d40170af9df39882c\",\"name\":\"Cope Alcoy\",\"image\":{\"@type\":\"ImageObject\",\"inLanguage\":\"es\",\"@id\":\"https:\\\/\\\/secure.gravatar.com\\\/avatar\\\/bb65d0283347e303893ba14f0692005417c1e0e690a325a4c5d8bb2b3943ee14?s=96&d=mm&r=g\",\"url\":\"https:\\\/\\\/secure.gravatar.com\\\/avatar\\\/bb65d0283347e303893ba14f0692005417c1e0e690a325a4c5d8bb2b3943ee14?s=96&d=mm&r=g\",\"contentUrl\":\"https:\\\/\\\/secure.gravatar.com\\\/avatar\\\/bb65d0283347e303893ba14f0692005417c1e0e690a325a4c5d8bb2b3943ee14?s=96&d=mm&r=g\",\"caption\":\"Cope Alcoy\"}}]}<\/script>\n<!-- \/ Yoast SEO plugin. -->","yoast_head_json":{"title":"Inician en Alcoy la reparaci\u00f3n del muro situado junto al Santuario de la Font Roja - COPE Alcoy","description":"Inician en Alcoy la reparaci\u00f3n del muro situado junto al Santuario de la Font Roja","robots":{"index":"index","follow":"follow","max-snippet":"max-snippet:-1","max-image-preview":"max-image-preview:large","max-video-preview":"max-video-preview:-1"},"canonical":"https:\/\/www.copealcoy.es\/es\/inician-en-alcoy-la-reparacion-del-muro-situado-junto-al-santuario-de-la-font-roja\/","og_locale":"es_ES","og_type":"article","og_title":"Inician en Alcoy la reparaci\u00f3n del muro situado junto al Santuario de la Font Roja - COPE Alcoy","og_description":"Inician en Alcoy la reparaci\u00f3n del muro situado junto al Santuario de la Font Roja","og_url":"https:\/\/www.copealcoy.es\/es\/inician-en-alcoy-la-reparacion-del-muro-situado-junto-al-santuario-de-la-font-roja\/","og_site_name":"COPE Alcoy","article_published_time":"2025-07-15T11:29:03+00:00","article_modified_time":"2025-07-15T11:34:16+00:00","og_image":[{"width":847,"height":636,"url":"https:\/\/www.copealcoy.es\/wp-content\/uploads\/2025\/07\/1-3.jpg","type":"image\/jpeg"}],"author":"Cope Alcoy","twitter_misc":{"Escrito por":"Cope Alcoy","Tiempo de lectura":"2 minutos"},"schema":{"@context":"https:\/\/schema.org","@graph":[{"@type":"Article","@id":"https:\/\/www.copealcoy.es\/es\/inician-en-alcoy-la-reparacion-del-muro-situado-junto-al-santuario-de-la-font-roja\/#article","isPartOf":{"@id":"https:\/\/www.copealcoy.es\/es\/inician-en-alcoy-la-reparacion-del-muro-situado-junto-al-santuario-de-la-font-roja\/"},"author":{"name":"Cope Alcoy","@id":"https:\/\/www.copealcoy.es\/es\/#\/schema\/person\/e777c87fa024e57d40170af9df39882c"},"headline":"Inician en Alcoy la reparaci\u00f3n del muro situado junto al Santuario de la Font Roja","datePublished":"2025-07-15T11:29:03+00:00","dateModified":"2025-07-15T11:34:16+00:00","mainEntityOfPage":{"@id":"https:\/\/www.copealcoy.es\/es\/inician-en-alcoy-la-reparacion-del-muro-situado-junto-al-santuario-de-la-font-roja\/"},"wordCount":343,"image":{"@id":"https:\/\/www.copealcoy.es\/es\/inician-en-alcoy-la-reparacion-del-muro-situado-junto-al-santuario-de-la-font-roja\/#primaryimage"},"thumbnailUrl":"https:\/\/www.copealcoy.es\/wp-content\/uploads\/2025\/07\/1-3.jpg","keywords":["Alcoy","Font Roja","Muro","Obras","Reparaci\u00f3n"],"articleSection":["Actualidad","Noticias"],"inLanguage":"es"},{"@type":"WebPage","@id":"https:\/\/www.copealcoy.es\/es\/inician-en-alcoy-la-reparacion-del-muro-situado-junto-al-santuario-de-la-font-roja\/","url":"https:\/\/www.copealcoy.es\/es\/inician-en-alcoy-la-reparacion-del-muro-situado-junto-al-santuario-de-la-font-roja\/","name":"Inician en Alcoy la reparaci\u00f3n del muro situado junto al Santuario de la Font Roja - COPE Alcoy","isPartOf":{"@id":"https:\/\/www.copealcoy.es\/es\/#website"},"primaryImageOfPage":{"@id":"https:\/\/www.copealcoy.es\/es\/inician-en-alcoy-la-reparacion-del-muro-situado-junto-al-santuario-de-la-font-roja\/#primaryimage"},"image":{"@id":"https:\/\/www.copealcoy.es\/es\/inician-en-alcoy-la-reparacion-del-muro-situado-junto-al-santuario-de-la-font-roja\/#primaryimage"},"thumbnailUrl":"https:\/\/www.copealcoy.es\/wp-content\/uploads\/2025\/07\/1-3.jpg","datePublished":"2025-07-15T11:29:03+00:00","dateModified":"2025-07-15T11:34:16+00:00","author":{"@id":"https:\/\/www.copealcoy.es\/es\/#\/schema\/person\/e777c87fa024e57d40170af9df39882c"},"description":"Inician en Alcoy la reparaci\u00f3n del muro situado junto al Santuario de la Font Roja","breadcrumb":{"@id":"https:\/\/www.copealcoy.es\/es\/inician-en-alcoy-la-reparacion-del-muro-situado-junto-al-santuario-de-la-font-roja\/#breadcrumb"},"inLanguage":"es","potentialAction":[{"@type":"ReadAction","target":["https:\/\/www.copealcoy.es\/es\/inician-en-alcoy-la-reparacion-del-muro-situado-junto-al-santuario-de-la-font-roja\/"]}]},{"@type":"ImageObject","inLanguage":"es","@id":"https:\/\/www.copealcoy.es\/es\/inician-en-alcoy-la-reparacion-del-muro-situado-junto-al-santuario-de-la-font-roja\/#primaryimage","url":"https:\/\/www.copealcoy.es\/wp-content\/uploads\/2025\/07\/1-3.jpg","contentUrl":"https:\/\/www.copealcoy.es\/wp-content\/uploads\/2025\/07\/1-3.jpg","width":847,"height":636},{"@type":"BreadcrumbList","@id":"https:\/\/www.copealcoy.es\/es\/inician-en-alcoy-la-reparacion-del-muro-situado-junto-al-santuario-de-la-font-roja\/#breadcrumb","itemListElement":[{"@type":"ListItem","position":1,"name":"Portada","item":"https:\/\/www.copealcoy.es\/es\/"},{"@type":"ListItem","position":2,"name":"Inician en Alcoy la reparaci\u00f3n del muro situado junto al Santuario de la Font Roja"}]},{"@type":"WebSite","@id":"https:\/\/www.copealcoy.es\/es\/#website","url":"https:\/\/www.copealcoy.es\/es\/","name":"COPE Alcoy","description":"Emisora COPE de radio local con emisi\u00f3n online. Pont de Sant Jordi 8-10 03803 Alcoy","potentialAction":[{"@type":"SearchAction","target":{"@type":"EntryPoint","urlTemplate":"https:\/\/www.copealcoy.es\/es\/?s={search_term_string}"},"query-input":{"@type":"PropertyValueSpecification","valueRequired":true,"valueName":"search_term_string"}}],"inLanguage":"es"},{"@type":"Person","@id":"https:\/\/www.copealcoy.es\/es\/#\/schema\/person\/e777c87fa024e57d40170af9df39882c","name":"Cope Alcoy","image":{"@type":"ImageObject","inLanguage":"es","@id":"https:\/\/secure.gravatar.com\/avatar\/bb65d0283347e303893ba14f0692005417c1e0e690a325a4c5d8bb2b3943ee14?s=96&d=mm&r=g","url":"https:\/\/secure.gravatar.com\/avatar\/bb65d0283347e303893ba14f0692005417c1e0e690a325a4c5d8bb2b3943ee14?s=96&d=mm&r=g","contentUrl":"https:\/\/secure.gravatar.com\/avatar\/bb65d0283347e303893ba14f0692005417c1e0e690a325a4c5d8bb2b3943ee14?s=96&d=mm&r=g","caption":"Cope Alcoy"}}]}},"_links":{"self":[{"href":"https:\/\/www.copealcoy.es\/es\/wp-json\/wp\/v2\/posts\/155113","targetHints":{"allow":["GET"]}}],"collection":[{"href":"https:\/\/www.copealcoy.es\/es\/wp-json\/wp\/v2\/posts"}],"about":[{"href":"https:\/\/www.copealcoy.es\/es\/wp-json\/wp\/v2\/types\/post"}],"author":[{"embeddable":true,"href":"https:\/\/www.copealcoy.es\/es\/wp-json\/wp\/v2\/users\/1"}],"replies":[{"embeddable":true,"href":"https:\/\/www.copealcoy.es\/es\/wp-json\/wp\/v2\/comments?post=155113"}],"version-history":[{"count":1,"href":"https:\/\/www.copealcoy.es\/es\/wp-json\/wp\/v2\/posts\/155113\/revisions"}],"predecessor-version":[{"id":155116,"href":"https:\/\/www.copealcoy.es\/es\/wp-json\/wp\/v2\/posts\/155113\/revisions\/155116"}],"wp:featuredmedia":[{"embeddable":true,"href":"https:\/\/www.copealcoy.es\/es\/wp-json\/wp\/v2\/media\/155114"}],"wp:attachment":[{"href":"https:\/\/www.copealcoy.es\/es\/wp-json\/wp\/v2\/media?parent=155113"}],"wp:term":[{"taxonomy":"category","embeddable":true,"href":"https:\/\/www.copealcoy.es\/es\/wp-json\/wp\/v2\/categories?post=155113"},{"taxonomy":"post_tag","embeddable":true,"href":"https:\/\/www.copealcoy.es\/es\/wp-json\/wp\/v2\/tags?post=155113"}],"curies":[{"name":"wp","href":"https:\/\/api.w.org\/{rel}","templated":true}]}}