{"id":154989,"date":"2025-07-15T08:00:44","date_gmt":"2025-07-15T07:00:44","guid":{"rendered":"https:\/\/www.copealcoy.es\/?p=154989"},"modified":"2025-07-15T10:34:05","modified_gmt":"2025-07-15T09:34:05","slug":"el-sector-del-transporte-de-la-comarca-celebra-sant-cristofol-en-cocentaina","status":"publish","type":"post","link":"https:\/\/www.copealcoy.es\/es\/el-sector-del-transporte-de-la-comarca-celebra-sant-cristofol-en-cocentaina\/","title":{"rendered":"El sector del transporte de la comarca celebra Sant Crist\u00f2fol en Cocentaina"},"content":{"rendered":"<p style=\"text-align: justify;\">Cada 10 de julio se celebra <strong>la festividad lit\u00fargica de San Crist\u00f3bal<\/strong>, protector de los ch\u00f3feres, y el sector del transporte de nuestras comarcas <strong>lo recuerda siempre con una serie de actos<\/strong> que tienen lugar en Cocentaina. All\u00ed, <strong>en el paraje de Sant Crist\u00f2fol<\/strong>, se reunieron ayer domingo un buen n\u00famero de transportistas y personas vinculadas a la profesi\u00f3n para rendir homenaje al santo en una costumbre que <strong>se une a la particularidad de que la Cofrad\u00eda de San Crist\u00f3bal abre cada a\u00f1o la procesi\u00f3n de Viernes Santo<\/strong> en la Villa Condal con la imagen y la cruz del patr\u00f3n de los conductores.<\/p>\n<p style=\"text-align: justify;\">Sobre las nueve de la ma\u00f1ana <strong>empez\u00f3 a escucharse el ta\u00f1ido de la campana del ermitorio<\/strong>, situado a los pies de la Serra de Mariola, anunciando que era el d\u00eda de la festividad de San Crist\u00f3bal. Mientras tanto, quienes iban acudiendo al paraje, se animaban a degustar licores t\u00edpicos de la zona en un desayuno en el que tampoco faltaron pastas o churros. Pasadas las diez, y dentro de la ermita, se llev\u00f3 a cabo<strong> la misa en honor a San Crist\u00f3bal<\/strong> siendo oficiada este a\u00f1o por <strong>Don Diego Pascual<\/strong>, p\u00e1rroco del Salvador en la capital del Comtat desde el pasado mes de octubre. Finalizada la eucarist\u00eda, y como es tradici\u00f3n, <strong>tuvo lugar la bendici\u00f3n de veh\u00edculos<\/strong> en la plaza principal del citado paraje reparti\u00e9ndose despu\u00e9s estampas del santo a quienes acudieron a la celebraci\u00f3n &#8220;<em>he tenido oportunidad de vivir por primera vez esta tradici\u00f3n, muy entra\u00f1able por cierto, y hoy nos encomendamos a San Crist\u00f3bal para que nos proteja en nuestras trayectos en veh\u00edculo pero para que tambi\u00e9n ayude a quienes se dedican cada d\u00eda al sector del transporte<\/em>&#8220;, se\u00f1alaba Don Diego Pascual al respecto.<\/p>\n<p style=\"text-align: justify;\">La ma\u00f1ana finaliz\u00f3 con <strong>un almuerzo popular<\/strong> en un conocido establecimiento hostelero de Cocentaina y durante el mismo la Cofrad\u00eda de San Crist\u00f3bal aprovech\u00f3 tambi\u00e9n para cerrar el a\u00f1o antes de comenzar la actividad en septiembre una vez pase el periodo vacacional &#8220;<em>hoy es un d\u00eda de reencuentro, entre todos los transportistas y conductores, y un a\u00f1o m\u00e1s lo hemos pasado muy bien en una jornada que es tan especial para nosotros<\/em>&#8220;, manifestaron <strong>Manolo Garc\u00eda y Gabriel Puerto<\/strong> como presidente y vicepresidente, respectivamente, de la entidad. A la fiesta asistieron el <a href=\"https:\/\/www.cocentaina.es\/\" target=\"_blank\" rel=\"noopener\"><span style=\"color: #0000ff;\"><strong>Ayuntamiento de Cocentaina<\/strong><\/span><\/a>, encabezado por el alcalde Rub\u00e9n Mu\u00f1oz y el concejal Javier Sansalvador, e instituciones como <strong>la C\u00e1mara de Comercio e Industria de Alcoy<\/strong> con su presidenta; <strong>Luc\u00eda Pascual<\/strong> al frente.<\/p>\n<div id='gallery-1' class='gallery galleryid-154989 gallery-columns-2 gallery-size-large'><figure class='gallery-item'>\n\t\t\t<div class='gallery-icon landscape'>\n\t\t\t\t<a href='https:\/\/www.copealcoy.es\/es\/el-sector-del-transporte-de-la-comarca-celebra-sant-cristofol-en-cocentaina\/518081169_3908293962814454_2155386431564573865_n-1\/'><img loading=\"lazy\" decoding=\"async\" width=\"980\" height=\"588\" src=\"https:\/\/www.copealcoy.es\/wp-content\/uploads\/2025\/07\/518081169_3908293962814454_2155386431564573865_n-1-980x588.jpg\" class=\"attachment-large size-large\" alt=\"\" \/><\/a>\n\t\t\t<\/div><\/figure><figure class='gallery-item'>\n\t\t\t<div class='gallery-icon landscape'>\n\t\t\t\t<a href='https:\/\/www.copealcoy.es\/es\/el-sector-del-transporte-de-la-comarca-celebra-sant-cristofol-en-cocentaina\/518132245_3908295032814347_6604550328052026283_n\/'><img loading=\"lazy\" decoding=\"async\" width=\"980\" height=\"588\" src=\"https:\/\/www.copealcoy.es\/wp-content\/uploads\/2025\/07\/518132245_3908295032814347_6604550328052026283_n-980x588.jpg\" class=\"attachment-large size-large\" alt=\"\" \/><\/a>\n\t\t\t<\/div><\/figure><figure class='gallery-item'>\n\t\t\t<div class='gallery-icon landscape'>\n\t\t\t\t<a href='https:\/\/www.copealcoy.es\/es\/el-sector-del-transporte-de-la-comarca-celebra-sant-cristofol-en-cocentaina\/517699103_3908299786147205_6593592135462359054_n-1\/'><img loading=\"lazy\" decoding=\"async\" width=\"980\" height=\"588\" src=\"https:\/\/www.copealcoy.es\/wp-content\/uploads\/2025\/07\/517699103_3908299786147205_6593592135462359054_n-1-980x588.jpg\" class=\"attachment-large size-large\" alt=\"\" \/><\/a>\n\t\t\t<\/div><\/figure><figure class='gallery-item'>\n\t\t\t<div class='gallery-icon landscape'>\n\t\t\t\t<a href='https:\/\/www.copealcoy.es\/es\/el-sector-del-transporte-de-la-comarca-celebra-sant-cristofol-en-cocentaina\/517097349_3908299889480528_2381354573996825832_n\/'><img loading=\"lazy\" decoding=\"async\" width=\"980\" height=\"588\" src=\"https:\/\/www.copealcoy.es\/wp-content\/uploads\/2025\/07\/517097349_3908299889480528_2381354573996825832_n-980x588.jpg\" class=\"attachment-large size-large\" alt=\"\" \/><\/a>\n\t\t\t<\/div><\/figure>\n\t\t<\/div>\n\n","protected":false},"excerpt":{"rendered":"<p>Cada 10 de julio se celebra la festividad lit\u00fargica de San Crist\u00f3bal, protector de los ch\u00f3feres, y el sector del&#8230;<\/p>\n","protected":false},"author":1,"featured_media":154990,"comment_status":"closed","ping_status":"closed","sticky":false,"template":"","format":"standard","meta":{"footnotes":""},"categories":[6909,98,75],"tags":[4564,15167,1014],"class_list":["post-154989","post","type-post","status-publish","format-standard","has-post-thumbnail","hentry","category-actualidad","category-comarcas","category-noticias","tag-alcoia-comtat","tag-festividad-de-san-cristobal","tag-transporte"],"yoast_head":"<!-- This site is optimized with the Yoast SEO plugin v27.3 - https:\/\/yoast.com\/product\/yoast-seo-wordpress\/ -->\n<title>El sector del transporte de la comarca celebra Sant Crist\u00f2fol en Cocentaina - COPE Alcoy<\/title>\n<meta name=\"description\" content=\"El sector del transporte de la comarca celebra Sant Crist\u00f2fol en Cocentaina\" \/>\n<meta name=\"robots\" content=\"index, follow, max-snippet:-1, max-image-preview:large, max-video-preview:-1\" \/>\n<link rel=\"canonical\" href=\"https:\/\/www.copealcoy.es\/es\/el-sector-del-transporte-de-la-comarca-celebra-sant-cristofol-en-cocentaina\/\" \/>\n<meta property=\"og:locale\" content=\"es_ES\" \/>\n<meta property=\"og:type\" content=\"article\" \/>\n<meta property=\"og:title\" content=\"El sector del transporte de la comarca celebra Sant Crist\u00f2fol en Cocentaina - COPE Alcoy\" \/>\n<meta property=\"og:description\" content=\"El sector del transporte de la comarca celebra Sant Crist\u00f2fol en Cocentaina\" \/>\n<meta property=\"og:url\" content=\"https:\/\/www.copealcoy.es\/es\/el-sector-del-transporte-de-la-comarca-celebra-sant-cristofol-en-cocentaina\/\" \/>\n<meta property=\"og:site_name\" content=\"COPE Alcoy\" \/>\n<meta property=\"article:published_time\" content=\"2025-07-15T07:00:44+00:00\" \/>\n<meta property=\"article:modified_time\" content=\"2025-07-15T09:34:05+00:00\" \/>\n<meta property=\"og:image\" content=\"https:\/\/www.copealcoy.es\/wp-content\/uploads\/2025\/07\/unnamed-1-5-scaled-e1752487133922.jpg\" \/>\n\t<meta property=\"og:image:width\" content=\"800\" \/>\n\t<meta property=\"og:image:height\" content=\"493\" \/>\n\t<meta property=\"og:image:type\" content=\"image\/jpeg\" \/>\n<meta name=\"author\" content=\"Cope Alcoy\" \/>\n<meta name=\"twitter:label1\" content=\"Escrito por\" \/>\n\t<meta name=\"twitter:data1\" content=\"Cope Alcoy\" \/>\n\t<meta name=\"twitter:label2\" content=\"Tiempo de lectura\" \/>\n\t<meta name=\"twitter:data2\" content=\"3 minutos\" \/>\n<script type=\"application\/ld+json\" class=\"yoast-schema-graph\">{\"@context\":\"https:\\\/\\\/schema.org\",\"@graph\":[{\"@type\":\"Article\",\"@id\":\"https:\\\/\\\/www.copealcoy.es\\\/es\\\/el-sector-del-transporte-de-la-comarca-celebra-sant-cristofol-en-cocentaina\\\/#article\",\"isPartOf\":{\"@id\":\"https:\\\/\\\/www.copealcoy.es\\\/es\\\/el-sector-del-transporte-de-la-comarca-celebra-sant-cristofol-en-cocentaina\\\/\"},\"author\":{\"name\":\"Cope Alcoy\",\"@id\":\"https:\\\/\\\/www.copealcoy.es\\\/es\\\/#\\\/schema\\\/person\\\/e777c87fa024e57d40170af9df39882c\"},\"headline\":\"El sector del transporte de la comarca celebra Sant Crist\u00f2fol en Cocentaina\",\"datePublished\":\"2025-07-15T07:00:44+00:00\",\"dateModified\":\"2025-07-15T09:34:05+00:00\",\"mainEntityOfPage\":{\"@id\":\"https:\\\/\\\/www.copealcoy.es\\\/es\\\/el-sector-del-transporte-de-la-comarca-celebra-sant-cristofol-en-cocentaina\\\/\"},\"wordCount\":475,\"image\":{\"@id\":\"https:\\\/\\\/www.copealcoy.es\\\/es\\\/el-sector-del-transporte-de-la-comarca-celebra-sant-cristofol-en-cocentaina\\\/#primaryimage\"},\"thumbnailUrl\":\"https:\\\/\\\/www.copealcoy.es\\\/wp-content\\\/uploads\\\/2025\\\/07\\\/unnamed-1-5-scaled-e1752487133922.jpg\",\"keywords\":[\"Alcoi\u00e0 Comtat\",\"Festividad de San Crist\u00f3bal\",\"Transporte\"],\"articleSection\":[\"Actualidad\",\"Comarcas\",\"Noticias\"],\"inLanguage\":\"es\"},{\"@type\":\"WebPage\",\"@id\":\"https:\\\/\\\/www.copealcoy.es\\\/es\\\/el-sector-del-transporte-de-la-comarca-celebra-sant-cristofol-en-cocentaina\\\/\",\"url\":\"https:\\\/\\\/www.copealcoy.es\\\/es\\\/el-sector-del-transporte-de-la-comarca-celebra-sant-cristofol-en-cocentaina\\\/\",\"name\":\"El sector del transporte de la comarca celebra Sant Crist\u00f2fol en Cocentaina - COPE Alcoy\",\"isPartOf\":{\"@id\":\"https:\\\/\\\/www.copealcoy.es\\\/es\\\/#website\"},\"primaryImageOfPage\":{\"@id\":\"https:\\\/\\\/www.copealcoy.es\\\/es\\\/el-sector-del-transporte-de-la-comarca-celebra-sant-cristofol-en-cocentaina\\\/#primaryimage\"},\"image\":{\"@id\":\"https:\\\/\\\/www.copealcoy.es\\\/es\\\/el-sector-del-transporte-de-la-comarca-celebra-sant-cristofol-en-cocentaina\\\/#primaryimage\"},\"thumbnailUrl\":\"https:\\\/\\\/www.copealcoy.es\\\/wp-content\\\/uploads\\\/2025\\\/07\\\/unnamed-1-5-scaled-e1752487133922.jpg\",\"datePublished\":\"2025-07-15T07:00:44+00:00\",\"dateModified\":\"2025-07-15T09:34:05+00:00\",\"author\":{\"@id\":\"https:\\\/\\\/www.copealcoy.es\\\/es\\\/#\\\/schema\\\/person\\\/e777c87fa024e57d40170af9df39882c\"},\"description\":\"El sector del transporte de la comarca celebra Sant Crist\u00f2fol en Cocentaina\",\"breadcrumb\":{\"@id\":\"https:\\\/\\\/www.copealcoy.es\\\/es\\\/el-sector-del-transporte-de-la-comarca-celebra-sant-cristofol-en-cocentaina\\\/#breadcrumb\"},\"inLanguage\":\"es\",\"potentialAction\":[{\"@type\":\"ReadAction\",\"target\":[\"https:\\\/\\\/www.copealcoy.es\\\/es\\\/el-sector-del-transporte-de-la-comarca-celebra-sant-cristofol-en-cocentaina\\\/\"]}]},{\"@type\":\"ImageObject\",\"inLanguage\":\"es\",\"@id\":\"https:\\\/\\\/www.copealcoy.es\\\/es\\\/el-sector-del-transporte-de-la-comarca-celebra-sant-cristofol-en-cocentaina\\\/#primaryimage\",\"url\":\"https:\\\/\\\/www.copealcoy.es\\\/wp-content\\\/uploads\\\/2025\\\/07\\\/unnamed-1-5-scaled-e1752487133922.jpg\",\"contentUrl\":\"https:\\\/\\\/www.copealcoy.es\\\/wp-content\\\/uploads\\\/2025\\\/07\\\/unnamed-1-5-scaled-e1752487133922.jpg\",\"width\":800,\"height\":493},{\"@type\":\"BreadcrumbList\",\"@id\":\"https:\\\/\\\/www.copealcoy.es\\\/es\\\/el-sector-del-transporte-de-la-comarca-celebra-sant-cristofol-en-cocentaina\\\/#breadcrumb\",\"itemListElement\":[{\"@type\":\"ListItem\",\"position\":1,\"name\":\"Portada\",\"item\":\"https:\\\/\\\/www.copealcoy.es\\\/es\\\/\"},{\"@type\":\"ListItem\",\"position\":2,\"name\":\"El sector del transporte de la comarca celebra Sant Crist\u00f2fol en Cocentaina\"}]},{\"@type\":\"WebSite\",\"@id\":\"https:\\\/\\\/www.copealcoy.es\\\/es\\\/#website\",\"url\":\"https:\\\/\\\/www.copealcoy.es\\\/es\\\/\",\"name\":\"COPE Alcoy\",\"description\":\"Emisora COPE de radio local con emisi\u00f3n online. Pont de Sant Jordi 8-10 03803 Alcoy\",\"potentialAction\":[{\"@type\":\"SearchAction\",\"target\":{\"@type\":\"EntryPoint\",\"urlTemplate\":\"https:\\\/\\\/www.copealcoy.es\\\/es\\\/?s={search_term_string}\"},\"query-input\":{\"@type\":\"PropertyValueSpecification\",\"valueRequired\":true,\"valueName\":\"search_term_string\"}}],\"inLanguage\":\"es\"},{\"@type\":\"Person\",\"@id\":\"https:\\\/\\\/www.copealcoy.es\\\/es\\\/#\\\/schema\\\/person\\\/e777c87fa024e57d40170af9df39882c\",\"name\":\"Cope Alcoy\",\"image\":{\"@type\":\"ImageObject\",\"inLanguage\":\"es\",\"@id\":\"https:\\\/\\\/secure.gravatar.com\\\/avatar\\\/bb65d0283347e303893ba14f0692005417c1e0e690a325a4c5d8bb2b3943ee14?s=96&d=mm&r=g\",\"url\":\"https:\\\/\\\/secure.gravatar.com\\\/avatar\\\/bb65d0283347e303893ba14f0692005417c1e0e690a325a4c5d8bb2b3943ee14?s=96&d=mm&r=g\",\"contentUrl\":\"https:\\\/\\\/secure.gravatar.com\\\/avatar\\\/bb65d0283347e303893ba14f0692005417c1e0e690a325a4c5d8bb2b3943ee14?s=96&d=mm&r=g\",\"caption\":\"Cope Alcoy\"}}]}<\/script>\n<!-- \/ Yoast SEO plugin. -->","yoast_head_json":{"title":"El sector del transporte de la comarca celebra Sant Crist\u00f2fol en Cocentaina - COPE Alcoy","description":"El sector del transporte de la comarca celebra Sant Crist\u00f2fol en Cocentaina","robots":{"index":"index","follow":"follow","max-snippet":"max-snippet:-1","max-image-preview":"max-image-preview:large","max-video-preview":"max-video-preview:-1"},"canonical":"https:\/\/www.copealcoy.es\/es\/el-sector-del-transporte-de-la-comarca-celebra-sant-cristofol-en-cocentaina\/","og_locale":"es_ES","og_type":"article","og_title":"El sector del transporte de la comarca celebra Sant Crist\u00f2fol en Cocentaina - COPE Alcoy","og_description":"El sector del transporte de la comarca celebra Sant Crist\u00f2fol en Cocentaina","og_url":"https:\/\/www.copealcoy.es\/es\/el-sector-del-transporte-de-la-comarca-celebra-sant-cristofol-en-cocentaina\/","og_site_name":"COPE Alcoy","article_published_time":"2025-07-15T07:00:44+00:00","article_modified_time":"2025-07-15T09:34:05+00:00","og_image":[{"width":800,"height":493,"url":"https:\/\/www.copealcoy.es\/wp-content\/uploads\/2025\/07\/unnamed-1-5-scaled-e1752487133922.jpg","type":"image\/jpeg"}],"author":"Cope Alcoy","twitter_misc":{"Escrito por":"Cope Alcoy","Tiempo de lectura":"3 minutos"},"schema":{"@context":"https:\/\/schema.org","@graph":[{"@type":"Article","@id":"https:\/\/www.copealcoy.es\/es\/el-sector-del-transporte-de-la-comarca-celebra-sant-cristofol-en-cocentaina\/#article","isPartOf":{"@id":"https:\/\/www.copealcoy.es\/es\/el-sector-del-transporte-de-la-comarca-celebra-sant-cristofol-en-cocentaina\/"},"author":{"name":"Cope Alcoy","@id":"https:\/\/www.copealcoy.es\/es\/#\/schema\/person\/e777c87fa024e57d40170af9df39882c"},"headline":"El sector del transporte de la comarca celebra Sant Crist\u00f2fol en Cocentaina","datePublished":"2025-07-15T07:00:44+00:00","dateModified":"2025-07-15T09:34:05+00:00","mainEntityOfPage":{"@id":"https:\/\/www.copealcoy.es\/es\/el-sector-del-transporte-de-la-comarca-celebra-sant-cristofol-en-cocentaina\/"},"wordCount":475,"image":{"@id":"https:\/\/www.copealcoy.es\/es\/el-sector-del-transporte-de-la-comarca-celebra-sant-cristofol-en-cocentaina\/#primaryimage"},"thumbnailUrl":"https:\/\/www.copealcoy.es\/wp-content\/uploads\/2025\/07\/unnamed-1-5-scaled-e1752487133922.jpg","keywords":["Alcoi\u00e0 Comtat","Festividad de San Crist\u00f3bal","Transporte"],"articleSection":["Actualidad","Comarcas","Noticias"],"inLanguage":"es"},{"@type":"WebPage","@id":"https:\/\/www.copealcoy.es\/es\/el-sector-del-transporte-de-la-comarca-celebra-sant-cristofol-en-cocentaina\/","url":"https:\/\/www.copealcoy.es\/es\/el-sector-del-transporte-de-la-comarca-celebra-sant-cristofol-en-cocentaina\/","name":"El sector del transporte de la comarca celebra Sant Crist\u00f2fol en Cocentaina - COPE Alcoy","isPartOf":{"@id":"https:\/\/www.copealcoy.es\/es\/#website"},"primaryImageOfPage":{"@id":"https:\/\/www.copealcoy.es\/es\/el-sector-del-transporte-de-la-comarca-celebra-sant-cristofol-en-cocentaina\/#primaryimage"},"image":{"@id":"https:\/\/www.copealcoy.es\/es\/el-sector-del-transporte-de-la-comarca-celebra-sant-cristofol-en-cocentaina\/#primaryimage"},"thumbnailUrl":"https:\/\/www.copealcoy.es\/wp-content\/uploads\/2025\/07\/unnamed-1-5-scaled-e1752487133922.jpg","datePublished":"2025-07-15T07:00:44+00:00","dateModified":"2025-07-15T09:34:05+00:00","author":{"@id":"https:\/\/www.copealcoy.es\/es\/#\/schema\/person\/e777c87fa024e57d40170af9df39882c"},"description":"El sector del transporte de la comarca celebra Sant Crist\u00f2fol en Cocentaina","breadcrumb":{"@id":"https:\/\/www.copealcoy.es\/es\/el-sector-del-transporte-de-la-comarca-celebra-sant-cristofol-en-cocentaina\/#breadcrumb"},"inLanguage":"es","potentialAction":[{"@type":"ReadAction","target":["https:\/\/www.copealcoy.es\/es\/el-sector-del-transporte-de-la-comarca-celebra-sant-cristofol-en-cocentaina\/"]}]},{"@type":"ImageObject","inLanguage":"es","@id":"https:\/\/www.copealcoy.es\/es\/el-sector-del-transporte-de-la-comarca-celebra-sant-cristofol-en-cocentaina\/#primaryimage","url":"https:\/\/www.copealcoy.es\/wp-content\/uploads\/2025\/07\/unnamed-1-5-scaled-e1752487133922.jpg","contentUrl":"https:\/\/www.copealcoy.es\/wp-content\/uploads\/2025\/07\/unnamed-1-5-scaled-e1752487133922.jpg","width":800,"height":493},{"@type":"BreadcrumbList","@id":"https:\/\/www.copealcoy.es\/es\/el-sector-del-transporte-de-la-comarca-celebra-sant-cristofol-en-cocentaina\/#breadcrumb","itemListElement":[{"@type":"ListItem","position":1,"name":"Portada","item":"https:\/\/www.copealcoy.es\/es\/"},{"@type":"ListItem","position":2,"name":"El sector del transporte de la comarca celebra Sant Crist\u00f2fol en Cocentaina"}]},{"@type":"WebSite","@id":"https:\/\/www.copealcoy.es\/es\/#website","url":"https:\/\/www.copealcoy.es\/es\/","name":"COPE Alcoy","description":"Emisora COPE de radio local con emisi\u00f3n online. Pont de Sant Jordi 8-10 03803 Alcoy","potentialAction":[{"@type":"SearchAction","target":{"@type":"EntryPoint","urlTemplate":"https:\/\/www.copealcoy.es\/es\/?s={search_term_string}"},"query-input":{"@type":"PropertyValueSpecification","valueRequired":true,"valueName":"search_term_string"}}],"inLanguage":"es"},{"@type":"Person","@id":"https:\/\/www.copealcoy.es\/es\/#\/schema\/person\/e777c87fa024e57d40170af9df39882c","name":"Cope Alcoy","image":{"@type":"ImageObject","inLanguage":"es","@id":"https:\/\/secure.gravatar.com\/avatar\/bb65d0283347e303893ba14f0692005417c1e0e690a325a4c5d8bb2b3943ee14?s=96&d=mm&r=g","url":"https:\/\/secure.gravatar.com\/avatar\/bb65d0283347e303893ba14f0692005417c1e0e690a325a4c5d8bb2b3943ee14?s=96&d=mm&r=g","contentUrl":"https:\/\/secure.gravatar.com\/avatar\/bb65d0283347e303893ba14f0692005417c1e0e690a325a4c5d8bb2b3943ee14?s=96&d=mm&r=g","caption":"Cope Alcoy"}}]}},"_links":{"self":[{"href":"https:\/\/www.copealcoy.es\/es\/wp-json\/wp\/v2\/posts\/154989","targetHints":{"allow":["GET"]}}],"collection":[{"href":"https:\/\/www.copealcoy.es\/es\/wp-json\/wp\/v2\/posts"}],"about":[{"href":"https:\/\/www.copealcoy.es\/es\/wp-json\/wp\/v2\/types\/post"}],"author":[{"embeddable":true,"href":"https:\/\/www.copealcoy.es\/es\/wp-json\/wp\/v2\/users\/1"}],"replies":[{"embeddable":true,"href":"https:\/\/www.copealcoy.es\/es\/wp-json\/wp\/v2\/comments?post=154989"}],"version-history":[{"count":4,"href":"https:\/\/www.copealcoy.es\/es\/wp-json\/wp\/v2\/posts\/154989\/revisions"}],"predecessor-version":[{"id":155008,"href":"https:\/\/www.copealcoy.es\/es\/wp-json\/wp\/v2\/posts\/154989\/revisions\/155008"}],"wp:featuredmedia":[{"embeddable":true,"href":"https:\/\/www.copealcoy.es\/es\/wp-json\/wp\/v2\/media\/154990"}],"wp:attachment":[{"href":"https:\/\/www.copealcoy.es\/es\/wp-json\/wp\/v2\/media?parent=154989"}],"wp:term":[{"taxonomy":"category","embeddable":true,"href":"https:\/\/www.copealcoy.es\/es\/wp-json\/wp\/v2\/categories?post=154989"},{"taxonomy":"post_tag","embeddable":true,"href":"https:\/\/www.copealcoy.es\/es\/wp-json\/wp\/v2\/tags?post=154989"}],"curies":[{"name":"wp","href":"https:\/\/api.w.org\/{rel}","templated":true}]}}