{"id":154980,"date":"2025-07-11T18:41:27","date_gmt":"2025-07-11T17:41:27","guid":{"rendered":"https:\/\/www.copealcoy.es\/?p=154980"},"modified":"2025-07-11T18:43:43","modified_gmt":"2025-07-11T17:43:43","slug":"carlos-mazon-no-estara-finalmente-en-alcoy-el-proximo-lunes","status":"publish","type":"post","link":"https:\/\/www.copealcoy.es\/es\/carlos-mazon-no-estara-finalmente-en-alcoy-el-proximo-lunes\/","title":{"rendered":"Carlos Maz\u00f3n no estar\u00e1 finalmente en Alcoy el pr\u00f3ximo lunes"},"content":{"rendered":"<p style=\"text-align: justify;\">En las \u00faltimas horas hab\u00eda trascendido que el Presidente de la <a href=\"https:\/\/www.gva.es\/es\/inicio\/presentacion\" target=\"_blank\" rel=\"noopener\"><span style=\"color: #0000ff;\"><strong>Generalitat Valenciana<\/strong><\/span><\/a>, <strong>Carlos Maz\u00f3n<\/strong>, iba a visitar Alcoy el pr\u00f3ximo lunes <strong>con motivo de la presentaci\u00f3n del nuevo autob\u00fas comarcal<\/strong>. La noticia<strong> hab\u00eda despertado cierto revuelo en la comarca<\/strong>, e incluso se hab\u00edan convocado acciones de protesta ante la visita del Jefe del Consell, pero finalmente <strong>Maz\u00f3n no estar\u00e1 en la ciudad<\/strong> seg\u00fan ha podido confirmar COPE ALCOY.<\/p>\n<p style=\"text-align: justify;\">Cabe recordar que <strong>Guanyar Alcoi y Comprom\u00eds<\/strong>, en este \u00faltimo caso a nivel comarcal, hab\u00edan mostrado su rechazo a la visita de Maz\u00f3n que inicialmente estaba prevista para el lunes. Desde la plataforma se\u00f1alaron que la visita instituci\u00f3n del President &#8220;<em>no puede tapar el malestar y la indignaci\u00f3n existente entre la ciudadan\u00eda por todo lo ocurrido con la gesti\u00f3n pol\u00edtica de la DANA<\/em>&#8220;, seg\u00fan manifest\u00f3 el portavoz <strong>Sergi Rodr\u00edguez<\/strong>, mientras que Comprom\u00eds anunci\u00f3 que sus cargos electos en L&#8217;Alcoi\u00e0 y El Comtat no iban a participar en el acto de presentaci\u00f3n del mencionado servicio de bus comarcal &#8220;<em>un nuevo transporte con muchas deficiencias y un President marcado por la inacci\u00f3n e incluso la falta de asunci\u00f3n de responsabilidades tras la DANA<\/em>&#8220;, signific\u00f3 el secretario comarcal de la formaci\u00f3n; <strong>Samuel Medina<\/strong>.<\/p>\n<p style=\"text-align: justify;\">Por \u00faltimo, <strong>la Plataforma por el Transporte P\u00fablico Comarcal<\/strong> tambi\u00e9n se han pronunciado en los \u00faltimos d\u00edas al conocerse que Carlos Maz\u00f3n iba a visitar Alcoy. Desde el colectivo no comparten los cambios que se han puesto en marcha en el bus comarcal y destacan que, pese a las modificaciones, sigue habiendo un servicio inadecuado &#8220;<em>estamos ante un parque y lo que exigimos es una soluci\u00f3n \u00edntegra y dialogada\u00a0 que atienda las necesidades reales del transporte p\u00fablico en la zona. Esto implica mejorar las conexiones internas de la comarca y con las ciudades importantes de la Comunitat Valenciana. El principal objetivo es que todas las personas tengan la opci\u00f3n de hacer su vida diaria sin depender de un coche, lo cual generar\u00eda m\u00faltiples beneficios econ\u00f3micos y de calidad de vida para la comarca<\/em>&#8220;, sentenciaron en un comunicado.<\/p>\n","protected":false},"excerpt":{"rendered":"<p>En las \u00faltimas horas hab\u00eda trascendido que el Presidente de la Generalitat Valenciana, Carlos Maz\u00f3n, iba a visitar Alcoy el&#8230;<\/p>\n","protected":false},"author":1,"featured_media":145295,"comment_status":"closed","ping_status":"closed","sticky":false,"template":"","format":"standard","meta":{"footnotes":""},"categories":[6909,97,75,79],"tags":[1494,12109,6922,6386,1370,1154],"class_list":["post-154980","post","type-post","status-publish","format-standard","has-post-thumbnail","hentry","category-actualidad","category-alcoy","category-noticias","category-politicayeconomia","tag-alcoy","tag-bus-comarcal","tag-carlos-mazon","tag-nuevo-servicio","tag-presentacion","tag-visita"],"yoast_head":"<!-- This site is optimized with the Yoast SEO plugin v27.3 - https:\/\/yoast.com\/product\/yoast-seo-wordpress\/ -->\n<title>Carlos Maz\u00f3n no estar\u00e1 finalmente en Alcoy el pr\u00f3ximo lunes - COPE Alcoy<\/title>\n<meta name=\"description\" content=\"Carlos Maz\u00f3n no estar\u00e1 finalmente en Alcoy el pr\u00f3ximo lunes\" \/>\n<meta name=\"robots\" content=\"index, follow, max-snippet:-1, max-image-preview:large, max-video-preview:-1\" \/>\n<link rel=\"canonical\" href=\"https:\/\/www.copealcoy.es\/es\/carlos-mazon-no-estara-finalmente-en-alcoy-el-proximo-lunes\/\" \/>\n<meta property=\"og:locale\" content=\"es_ES\" \/>\n<meta property=\"og:type\" content=\"article\" \/>\n<meta property=\"og:title\" content=\"Carlos Maz\u00f3n no estar\u00e1 finalmente en Alcoy el pr\u00f3ximo lunes - COPE Alcoy\" \/>\n<meta property=\"og:description\" content=\"Carlos Maz\u00f3n no estar\u00e1 finalmente en Alcoy el pr\u00f3ximo lunes\" \/>\n<meta property=\"og:url\" content=\"https:\/\/www.copealcoy.es\/es\/carlos-mazon-no-estara-finalmente-en-alcoy-el-proximo-lunes\/\" \/>\n<meta property=\"og:site_name\" content=\"COPE Alcoy\" \/>\n<meta property=\"article:published_time\" content=\"2025-07-11T17:41:27+00:00\" \/>\n<meta property=\"article:modified_time\" content=\"2025-07-11T17:43:43+00:00\" \/>\n<meta property=\"og:image\" content=\"https:\/\/www.copealcoy.es\/wp-content\/uploads\/2025\/01\/250103_PRE_Estudio-viabilidad-tren-Alcoy-Alicante_Foto-1.jpg\" \/>\n\t<meta property=\"og:image:width\" content=\"980\" \/>\n\t<meta property=\"og:image:height\" content=\"654\" \/>\n\t<meta property=\"og:image:type\" content=\"image\/jpeg\" \/>\n<meta name=\"author\" content=\"Cope Alcoy\" \/>\n<meta name=\"twitter:label1\" content=\"Escrito por\" \/>\n\t<meta name=\"twitter:data1\" content=\"Cope Alcoy\" \/>\n\t<meta name=\"twitter:label2\" content=\"Tiempo de lectura\" \/>\n\t<meta name=\"twitter:data2\" content=\"3 minutos\" \/>\n<script type=\"application\/ld+json\" class=\"yoast-schema-graph\">{\"@context\":\"https:\\\/\\\/schema.org\",\"@graph\":[{\"@type\":\"Article\",\"@id\":\"https:\\\/\\\/www.copealcoy.es\\\/es\\\/carlos-mazon-no-estara-finalmente-en-alcoy-el-proximo-lunes\\\/#article\",\"isPartOf\":{\"@id\":\"https:\\\/\\\/www.copealcoy.es\\\/es\\\/carlos-mazon-no-estara-finalmente-en-alcoy-el-proximo-lunes\\\/\"},\"author\":{\"name\":\"Cope Alcoy\",\"@id\":\"https:\\\/\\\/www.copealcoy.es\\\/es\\\/#\\\/schema\\\/person\\\/e777c87fa024e57d40170af9df39882c\"},\"headline\":\"Carlos Maz\u00f3n no estar\u00e1 finalmente en Alcoy el pr\u00f3ximo lunes\",\"datePublished\":\"2025-07-11T17:41:27+00:00\",\"dateModified\":\"2025-07-11T17:43:43+00:00\",\"mainEntityOfPage\":{\"@id\":\"https:\\\/\\\/www.copealcoy.es\\\/es\\\/carlos-mazon-no-estara-finalmente-en-alcoy-el-proximo-lunes\\\/\"},\"wordCount\":384,\"image\":{\"@id\":\"https:\\\/\\\/www.copealcoy.es\\\/es\\\/carlos-mazon-no-estara-finalmente-en-alcoy-el-proximo-lunes\\\/#primaryimage\"},\"thumbnailUrl\":\"https:\\\/\\\/www.copealcoy.es\\\/wp-content\\\/uploads\\\/2025\\\/01\\\/250103_PRE_Estudio-viabilidad-tren-Alcoy-Alicante_Foto-1.jpg\",\"keywords\":[\"Alcoy\",\"bus comarcal\",\"Carlos Maz\u00f3n\",\"nuevo servicio\",\"presentaci\u00f3n\",\"Visita\"],\"articleSection\":[\"Actualidad\",\"Alcoy\",\"Noticias\",\"Pol\u00edtica y Econom\u00eda\"],\"inLanguage\":\"es\"},{\"@type\":\"WebPage\",\"@id\":\"https:\\\/\\\/www.copealcoy.es\\\/es\\\/carlos-mazon-no-estara-finalmente-en-alcoy-el-proximo-lunes\\\/\",\"url\":\"https:\\\/\\\/www.copealcoy.es\\\/es\\\/carlos-mazon-no-estara-finalmente-en-alcoy-el-proximo-lunes\\\/\",\"name\":\"Carlos Maz\u00f3n no estar\u00e1 finalmente en Alcoy el pr\u00f3ximo lunes - COPE Alcoy\",\"isPartOf\":{\"@id\":\"https:\\\/\\\/www.copealcoy.es\\\/es\\\/#website\"},\"primaryImageOfPage\":{\"@id\":\"https:\\\/\\\/www.copealcoy.es\\\/es\\\/carlos-mazon-no-estara-finalmente-en-alcoy-el-proximo-lunes\\\/#primaryimage\"},\"image\":{\"@id\":\"https:\\\/\\\/www.copealcoy.es\\\/es\\\/carlos-mazon-no-estara-finalmente-en-alcoy-el-proximo-lunes\\\/#primaryimage\"},\"thumbnailUrl\":\"https:\\\/\\\/www.copealcoy.es\\\/wp-content\\\/uploads\\\/2025\\\/01\\\/250103_PRE_Estudio-viabilidad-tren-Alcoy-Alicante_Foto-1.jpg\",\"datePublished\":\"2025-07-11T17:41:27+00:00\",\"dateModified\":\"2025-07-11T17:43:43+00:00\",\"author\":{\"@id\":\"https:\\\/\\\/www.copealcoy.es\\\/es\\\/#\\\/schema\\\/person\\\/e777c87fa024e57d40170af9df39882c\"},\"description\":\"Carlos Maz\u00f3n no estar\u00e1 finalmente en Alcoy el pr\u00f3ximo lunes\",\"breadcrumb\":{\"@id\":\"https:\\\/\\\/www.copealcoy.es\\\/es\\\/carlos-mazon-no-estara-finalmente-en-alcoy-el-proximo-lunes\\\/#breadcrumb\"},\"inLanguage\":\"es\",\"potentialAction\":[{\"@type\":\"ReadAction\",\"target\":[\"https:\\\/\\\/www.copealcoy.es\\\/es\\\/carlos-mazon-no-estara-finalmente-en-alcoy-el-proximo-lunes\\\/\"]}]},{\"@type\":\"ImageObject\",\"inLanguage\":\"es\",\"@id\":\"https:\\\/\\\/www.copealcoy.es\\\/es\\\/carlos-mazon-no-estara-finalmente-en-alcoy-el-proximo-lunes\\\/#primaryimage\",\"url\":\"https:\\\/\\\/www.copealcoy.es\\\/wp-content\\\/uploads\\\/2025\\\/01\\\/250103_PRE_Estudio-viabilidad-tren-Alcoy-Alicante_Foto-1.jpg\",\"contentUrl\":\"https:\\\/\\\/www.copealcoy.es\\\/wp-content\\\/uploads\\\/2025\\\/01\\\/250103_PRE_Estudio-viabilidad-tren-Alcoy-Alicante_Foto-1.jpg\",\"width\":980,\"height\":654},{\"@type\":\"BreadcrumbList\",\"@id\":\"https:\\\/\\\/www.copealcoy.es\\\/es\\\/carlos-mazon-no-estara-finalmente-en-alcoy-el-proximo-lunes\\\/#breadcrumb\",\"itemListElement\":[{\"@type\":\"ListItem\",\"position\":1,\"name\":\"Portada\",\"item\":\"https:\\\/\\\/www.copealcoy.es\\\/es\\\/\"},{\"@type\":\"ListItem\",\"position\":2,\"name\":\"Carlos Maz\u00f3n no estar\u00e1 finalmente en Alcoy el pr\u00f3ximo lunes\"}]},{\"@type\":\"WebSite\",\"@id\":\"https:\\\/\\\/www.copealcoy.es\\\/es\\\/#website\",\"url\":\"https:\\\/\\\/www.copealcoy.es\\\/es\\\/\",\"name\":\"COPE Alcoy\",\"description\":\"Emisora COPE de radio local con emisi\u00f3n online. Pont de Sant Jordi 8-10 03803 Alcoy\",\"potentialAction\":[{\"@type\":\"SearchAction\",\"target\":{\"@type\":\"EntryPoint\",\"urlTemplate\":\"https:\\\/\\\/www.copealcoy.es\\\/es\\\/?s={search_term_string}\"},\"query-input\":{\"@type\":\"PropertyValueSpecification\",\"valueRequired\":true,\"valueName\":\"search_term_string\"}}],\"inLanguage\":\"es\"},{\"@type\":\"Person\",\"@id\":\"https:\\\/\\\/www.copealcoy.es\\\/es\\\/#\\\/schema\\\/person\\\/e777c87fa024e57d40170af9df39882c\",\"name\":\"Cope Alcoy\",\"image\":{\"@type\":\"ImageObject\",\"inLanguage\":\"es\",\"@id\":\"https:\\\/\\\/secure.gravatar.com\\\/avatar\\\/bb65d0283347e303893ba14f0692005417c1e0e690a325a4c5d8bb2b3943ee14?s=96&d=mm&r=g\",\"url\":\"https:\\\/\\\/secure.gravatar.com\\\/avatar\\\/bb65d0283347e303893ba14f0692005417c1e0e690a325a4c5d8bb2b3943ee14?s=96&d=mm&r=g\",\"contentUrl\":\"https:\\\/\\\/secure.gravatar.com\\\/avatar\\\/bb65d0283347e303893ba14f0692005417c1e0e690a325a4c5d8bb2b3943ee14?s=96&d=mm&r=g\",\"caption\":\"Cope Alcoy\"}}]}<\/script>\n<!-- \/ Yoast SEO plugin. -->","yoast_head_json":{"title":"Carlos Maz\u00f3n no estar\u00e1 finalmente en Alcoy el pr\u00f3ximo lunes - COPE Alcoy","description":"Carlos Maz\u00f3n no estar\u00e1 finalmente en Alcoy el pr\u00f3ximo lunes","robots":{"index":"index","follow":"follow","max-snippet":"max-snippet:-1","max-image-preview":"max-image-preview:large","max-video-preview":"max-video-preview:-1"},"canonical":"https:\/\/www.copealcoy.es\/es\/carlos-mazon-no-estara-finalmente-en-alcoy-el-proximo-lunes\/","og_locale":"es_ES","og_type":"article","og_title":"Carlos Maz\u00f3n no estar\u00e1 finalmente en Alcoy el pr\u00f3ximo lunes - COPE Alcoy","og_description":"Carlos Maz\u00f3n no estar\u00e1 finalmente en Alcoy el pr\u00f3ximo lunes","og_url":"https:\/\/www.copealcoy.es\/es\/carlos-mazon-no-estara-finalmente-en-alcoy-el-proximo-lunes\/","og_site_name":"COPE Alcoy","article_published_time":"2025-07-11T17:41:27+00:00","article_modified_time":"2025-07-11T17:43:43+00:00","og_image":[{"width":980,"height":654,"url":"https:\/\/www.copealcoy.es\/wp-content\/uploads\/2025\/01\/250103_PRE_Estudio-viabilidad-tren-Alcoy-Alicante_Foto-1.jpg","type":"image\/jpeg"}],"author":"Cope Alcoy","twitter_misc":{"Escrito por":"Cope Alcoy","Tiempo de lectura":"3 minutos"},"schema":{"@context":"https:\/\/schema.org","@graph":[{"@type":"Article","@id":"https:\/\/www.copealcoy.es\/es\/carlos-mazon-no-estara-finalmente-en-alcoy-el-proximo-lunes\/#article","isPartOf":{"@id":"https:\/\/www.copealcoy.es\/es\/carlos-mazon-no-estara-finalmente-en-alcoy-el-proximo-lunes\/"},"author":{"name":"Cope Alcoy","@id":"https:\/\/www.copealcoy.es\/es\/#\/schema\/person\/e777c87fa024e57d40170af9df39882c"},"headline":"Carlos Maz\u00f3n no estar\u00e1 finalmente en Alcoy el pr\u00f3ximo lunes","datePublished":"2025-07-11T17:41:27+00:00","dateModified":"2025-07-11T17:43:43+00:00","mainEntityOfPage":{"@id":"https:\/\/www.copealcoy.es\/es\/carlos-mazon-no-estara-finalmente-en-alcoy-el-proximo-lunes\/"},"wordCount":384,"image":{"@id":"https:\/\/www.copealcoy.es\/es\/carlos-mazon-no-estara-finalmente-en-alcoy-el-proximo-lunes\/#primaryimage"},"thumbnailUrl":"https:\/\/www.copealcoy.es\/wp-content\/uploads\/2025\/01\/250103_PRE_Estudio-viabilidad-tren-Alcoy-Alicante_Foto-1.jpg","keywords":["Alcoy","bus comarcal","Carlos Maz\u00f3n","nuevo servicio","presentaci\u00f3n","Visita"],"articleSection":["Actualidad","Alcoy","Noticias","Pol\u00edtica y Econom\u00eda"],"inLanguage":"es"},{"@type":"WebPage","@id":"https:\/\/www.copealcoy.es\/es\/carlos-mazon-no-estara-finalmente-en-alcoy-el-proximo-lunes\/","url":"https:\/\/www.copealcoy.es\/es\/carlos-mazon-no-estara-finalmente-en-alcoy-el-proximo-lunes\/","name":"Carlos Maz\u00f3n no estar\u00e1 finalmente en Alcoy el pr\u00f3ximo lunes - COPE Alcoy","isPartOf":{"@id":"https:\/\/www.copealcoy.es\/es\/#website"},"primaryImageOfPage":{"@id":"https:\/\/www.copealcoy.es\/es\/carlos-mazon-no-estara-finalmente-en-alcoy-el-proximo-lunes\/#primaryimage"},"image":{"@id":"https:\/\/www.copealcoy.es\/es\/carlos-mazon-no-estara-finalmente-en-alcoy-el-proximo-lunes\/#primaryimage"},"thumbnailUrl":"https:\/\/www.copealcoy.es\/wp-content\/uploads\/2025\/01\/250103_PRE_Estudio-viabilidad-tren-Alcoy-Alicante_Foto-1.jpg","datePublished":"2025-07-11T17:41:27+00:00","dateModified":"2025-07-11T17:43:43+00:00","author":{"@id":"https:\/\/www.copealcoy.es\/es\/#\/schema\/person\/e777c87fa024e57d40170af9df39882c"},"description":"Carlos Maz\u00f3n no estar\u00e1 finalmente en Alcoy el pr\u00f3ximo lunes","breadcrumb":{"@id":"https:\/\/www.copealcoy.es\/es\/carlos-mazon-no-estara-finalmente-en-alcoy-el-proximo-lunes\/#breadcrumb"},"inLanguage":"es","potentialAction":[{"@type":"ReadAction","target":["https:\/\/www.copealcoy.es\/es\/carlos-mazon-no-estara-finalmente-en-alcoy-el-proximo-lunes\/"]}]},{"@type":"ImageObject","inLanguage":"es","@id":"https:\/\/www.copealcoy.es\/es\/carlos-mazon-no-estara-finalmente-en-alcoy-el-proximo-lunes\/#primaryimage","url":"https:\/\/www.copealcoy.es\/wp-content\/uploads\/2025\/01\/250103_PRE_Estudio-viabilidad-tren-Alcoy-Alicante_Foto-1.jpg","contentUrl":"https:\/\/www.copealcoy.es\/wp-content\/uploads\/2025\/01\/250103_PRE_Estudio-viabilidad-tren-Alcoy-Alicante_Foto-1.jpg","width":980,"height":654},{"@type":"BreadcrumbList","@id":"https:\/\/www.copealcoy.es\/es\/carlos-mazon-no-estara-finalmente-en-alcoy-el-proximo-lunes\/#breadcrumb","itemListElement":[{"@type":"ListItem","position":1,"name":"Portada","item":"https:\/\/www.copealcoy.es\/es\/"},{"@type":"ListItem","position":2,"name":"Carlos Maz\u00f3n no estar\u00e1 finalmente en Alcoy el pr\u00f3ximo lunes"}]},{"@type":"WebSite","@id":"https:\/\/www.copealcoy.es\/es\/#website","url":"https:\/\/www.copealcoy.es\/es\/","name":"COPE Alcoy","description":"Emisora COPE de radio local con emisi\u00f3n online. Pont de Sant Jordi 8-10 03803 Alcoy","potentialAction":[{"@type":"SearchAction","target":{"@type":"EntryPoint","urlTemplate":"https:\/\/www.copealcoy.es\/es\/?s={search_term_string}"},"query-input":{"@type":"PropertyValueSpecification","valueRequired":true,"valueName":"search_term_string"}}],"inLanguage":"es"},{"@type":"Person","@id":"https:\/\/www.copealcoy.es\/es\/#\/schema\/person\/e777c87fa024e57d40170af9df39882c","name":"Cope Alcoy","image":{"@type":"ImageObject","inLanguage":"es","@id":"https:\/\/secure.gravatar.com\/avatar\/bb65d0283347e303893ba14f0692005417c1e0e690a325a4c5d8bb2b3943ee14?s=96&d=mm&r=g","url":"https:\/\/secure.gravatar.com\/avatar\/bb65d0283347e303893ba14f0692005417c1e0e690a325a4c5d8bb2b3943ee14?s=96&d=mm&r=g","contentUrl":"https:\/\/secure.gravatar.com\/avatar\/bb65d0283347e303893ba14f0692005417c1e0e690a325a4c5d8bb2b3943ee14?s=96&d=mm&r=g","caption":"Cope Alcoy"}}]}},"_links":{"self":[{"href":"https:\/\/www.copealcoy.es\/es\/wp-json\/wp\/v2\/posts\/154980","targetHints":{"allow":["GET"]}}],"collection":[{"href":"https:\/\/www.copealcoy.es\/es\/wp-json\/wp\/v2\/posts"}],"about":[{"href":"https:\/\/www.copealcoy.es\/es\/wp-json\/wp\/v2\/types\/post"}],"author":[{"embeddable":true,"href":"https:\/\/www.copealcoy.es\/es\/wp-json\/wp\/v2\/users\/1"}],"replies":[{"embeddable":true,"href":"https:\/\/www.copealcoy.es\/es\/wp-json\/wp\/v2\/comments?post=154980"}],"version-history":[{"count":3,"href":"https:\/\/www.copealcoy.es\/es\/wp-json\/wp\/v2\/posts\/154980\/revisions"}],"predecessor-version":[{"id":154984,"href":"https:\/\/www.copealcoy.es\/es\/wp-json\/wp\/v2\/posts\/154980\/revisions\/154984"}],"wp:featuredmedia":[{"embeddable":true,"href":"https:\/\/www.copealcoy.es\/es\/wp-json\/wp\/v2\/media\/145295"}],"wp:attachment":[{"href":"https:\/\/www.copealcoy.es\/es\/wp-json\/wp\/v2\/media?parent=154980"}],"wp:term":[{"taxonomy":"category","embeddable":true,"href":"https:\/\/www.copealcoy.es\/es\/wp-json\/wp\/v2\/categories?post=154980"},{"taxonomy":"post_tag","embeddable":true,"href":"https:\/\/www.copealcoy.es\/es\/wp-json\/wp\/v2\/tags?post=154980"}],"curies":[{"name":"wp","href":"https:\/\/api.w.org\/{rel}","templated":true}]}}