{"id":154956,"date":"2025-07-11T17:52:29","date_gmt":"2025-07-11T16:52:29","guid":{"rendered":"https:\/\/www.copealcoy.es\/?p=154956"},"modified":"2025-07-12T21:35:18","modified_gmt":"2025-07-12T20:35:18","slug":"el-campus-de-alcoy-de-la-upv-completa-la-preinscripcion-de-cerca-de-900-nuevos-estudiantes","status":"publish","type":"post","link":"https:\/\/www.copealcoy.es\/es\/el-campus-de-alcoy-de-la-upv-completa-la-preinscripcion-de-cerca-de-900-nuevos-estudiantes\/","title":{"rendered":"El Campus de Alcoy de la UPV completa la preinscripci\u00f3n de cerca de 900 nuevos estudiantes"},"content":{"rendered":"<p style=\"text-align: justify;\">El <span style=\"color: #0000ff;\"><strong><a style=\"color: #0000ff;\" href=\"https:\/\/www.upv.es\/otros\/como-llegar-upv\/campus-alcoy\/index-es.html\" target=\"_blank\" rel=\"noopener\">Campus de Alcoy de la Universitat Polit\u00e8cnica de Val\u00e8ncia (UPV) <\/a><\/strong><\/span>ha registrado cifras muy positivas <strong>en las preinscripciones<\/strong> para el pr\u00f3ximo curso acad\u00e9mico, con cerca de 900 estudiantes inscritos en sus diferentes titulaciones. Desde la instituci\u00f3n universitaria <strong>han hecho p\u00fablicos hoy los datos\u00a0<\/strong>se\u00f1alando tambi\u00e9n el creciente inter\u00e9s que existe cada a\u00f1o en cursar la completa oferta formativa con la que actualmente cuenta el campus alcoyano de la Polit\u00e9cnica.<\/p>\n<p style=\"text-align: justify;\">El Campus ofrece <strong>879 plazas distribuidas en 11 grados y doble grados<\/strong>, y todas ellas han sido cubiertas, dejando a <strong>1.196 estudiantes en lista de espera<\/strong>. Los <strong>grados m\u00e1s solicitados<\/strong> son Ingenier\u00eda Mec\u00e1nica (135 preinscripciones + 245 en lista), Ingenier\u00eda Inform\u00e1tica (100 + 205), Ingenier\u00eda El\u00e9ctrica (90 + 121) e Inform\u00e1tica Industrial y Rob\u00f3tica (85 + 111). Destaca especialmente el aumento en solicitudes para estos \u00faltimos, evidenciando la alta demanda laboral en estas \u00e1reas. Asimismo, <strong>las nuevas titulaciones<\/strong> estrenadas este a\u00f1o tambi\u00e9n han tenido buena acogida. El grado en Inteligencia Artificial cuenta con 100 preinscritos y 130 en lista, mientras que el doble grado en Ingenier\u00eda Qu\u00edmica + Ingenier\u00eda de Tecnolog\u00eda y Dise\u00f1o Textil ha cubierto sus 25 plazas iniciales y otras 35 disponibles en una segunda fase, con siete estudiantes en lista de espera. En cuanto a <strong>los 6 M\u00e1steres universitarios<\/strong> que se imparten en Alcoy, de momento se han matriculado 91 personas, aunque el proceso finaliza el 5 de septiembre en su \u00faltima fase &#8220;<em>son datos a\u00fan mejores que las del a\u00f1o pasado. Aunque las definitivas son las de matriculaci\u00f3n, la preinscripci\u00f3n nos ayuda a saber que la docencia que se imparte en Alcoy satisface al estudiantado de toda Espa\u00f1a. Los resultados de la preinscripci\u00f3n revelan, una vez m\u00e1s, que la docencia que se imparte en Alcoy satisface al estudiantado, as\u00ed como la proximidad que se establece entre estudiantes y profesores, el acceso a laboratorios, pr\u00e1cticas en empresas y el hecho de residir en una ciudad media, accesible, segura y con buenos precios por lo que a la vivienda se refiere<\/em>&#8220;, concluye Pau Bernab\u00e9u, director del mismo Campus de Alcoy de la UPV.<\/p>\n<p style=\"text-align: justify;\">El <strong>plazo ordinario de matr\u00edcula<\/strong> para estudiantes de grado y doble grado de nuevo ingreso en el Campus de Alcoy de la UPV comprende los d\u00edas 15 y 16 de julio. Si no se ha sido admitido en su primera opci\u00f3n o la que desea, el estudiante puede activarse en la lista de espera correspondiente. Habr\u00e1 nueve llamamientos para adjudicar las plazas vacantes, que se realizar\u00e1n a partir del 18 de julio.<\/p>\n","protected":false},"excerpt":{"rendered":"<p>El Campus de Alcoy de la Universitat Polit\u00e8cnica de Val\u00e8ncia (UPV) ha registrado cifras muy positivas en las preinscripciones para&#8230;<\/p>\n","protected":false},"author":1,"featured_media":154957,"comment_status":"closed","ping_status":"closed","sticky":false,"template":"","format":"standard","meta":{"footnotes":""},"categories":[6909,75,125],"tags":[1494,886,19793,1354,674],"class_list":["post-154956","post","type-post","status-publish","format-standard","has-post-thumbnail","hentry","category-actualidad","category-noticias","category-portada","tag-alcoy","tag-campus","tag-cerca-de-900-alumnos","tag-preinscripcion","tag-upv"],"yoast_head":"<!-- This site is optimized with the Yoast SEO plugin v27.3 - https:\/\/yoast.com\/product\/yoast-seo-wordpress\/ -->\n<title>El Campus de Alcoy de la UPV completa la preinscripci\u00f3n de cerca de 900 nuevos estudiantes - COPE Alcoy<\/title>\n<meta name=\"description\" content=\"El Campus de Alcoy de la UPV completa la preinscripci\u00f3n de cerca de 900 nuevos estudiantes\" \/>\n<meta name=\"robots\" content=\"index, follow, max-snippet:-1, max-image-preview:large, max-video-preview:-1\" \/>\n<link rel=\"canonical\" href=\"https:\/\/www.copealcoy.es\/es\/el-campus-de-alcoy-de-la-upv-completa-la-preinscripcion-de-cerca-de-900-nuevos-estudiantes\/\" \/>\n<meta property=\"og:locale\" content=\"es_ES\" \/>\n<meta property=\"og:type\" content=\"article\" \/>\n<meta property=\"og:title\" content=\"El Campus de Alcoy de la UPV completa la preinscripci\u00f3n de cerca de 900 nuevos estudiantes - COPE Alcoy\" \/>\n<meta property=\"og:description\" content=\"El Campus de Alcoy de la UPV completa la preinscripci\u00f3n de cerca de 900 nuevos estudiantes\" \/>\n<meta property=\"og:url\" content=\"https:\/\/www.copealcoy.es\/es\/el-campus-de-alcoy-de-la-upv-completa-la-preinscripcion-de-cerca-de-900-nuevos-estudiantes\/\" \/>\n<meta property=\"og:site_name\" content=\"COPE Alcoy\" \/>\n<meta property=\"article:published_time\" content=\"2025-07-11T16:52:29+00:00\" \/>\n<meta property=\"article:modified_time\" content=\"2025-07-12T20:35:18+00:00\" \/>\n<meta property=\"og:image\" content=\"https:\/\/www.copealcoy.es\/wp-content\/uploads\/2025\/07\/foto-preinscripcio-2.jpg\" \/>\n\t<meta property=\"og:image:width\" content=\"1920\" \/>\n\t<meta property=\"og:image:height\" content=\"1080\" \/>\n\t<meta property=\"og:image:type\" content=\"image\/jpeg\" \/>\n<meta name=\"author\" content=\"Cope Alcoy\" \/>\n<meta name=\"twitter:label1\" content=\"Escrito por\" \/>\n\t<meta name=\"twitter:data1\" content=\"Cope Alcoy\" \/>\n\t<meta name=\"twitter:label2\" content=\"Tiempo de lectura\" \/>\n\t<meta name=\"twitter:data2\" content=\"3 minutos\" \/>\n<script type=\"application\/ld+json\" class=\"yoast-schema-graph\">{\"@context\":\"https:\\\/\\\/schema.org\",\"@graph\":[{\"@type\":\"Article\",\"@id\":\"https:\\\/\\\/www.copealcoy.es\\\/es\\\/el-campus-de-alcoy-de-la-upv-completa-la-preinscripcion-de-cerca-de-900-nuevos-estudiantes\\\/#article\",\"isPartOf\":{\"@id\":\"https:\\\/\\\/www.copealcoy.es\\\/es\\\/el-campus-de-alcoy-de-la-upv-completa-la-preinscripcion-de-cerca-de-900-nuevos-estudiantes\\\/\"},\"author\":{\"name\":\"Cope Alcoy\",\"@id\":\"https:\\\/\\\/www.copealcoy.es\\\/es\\\/#\\\/schema\\\/person\\\/e777c87fa024e57d40170af9df39882c\"},\"headline\":\"El Campus de Alcoy de la UPV completa la preinscripci\u00f3n de cerca de 900 nuevos estudiantes\",\"datePublished\":\"2025-07-11T16:52:29+00:00\",\"dateModified\":\"2025-07-12T20:35:18+00:00\",\"mainEntityOfPage\":{\"@id\":\"https:\\\/\\\/www.copealcoy.es\\\/es\\\/el-campus-de-alcoy-de-la-upv-completa-la-preinscripcion-de-cerca-de-900-nuevos-estudiantes\\\/\"},\"wordCount\":447,\"image\":{\"@id\":\"https:\\\/\\\/www.copealcoy.es\\\/es\\\/el-campus-de-alcoy-de-la-upv-completa-la-preinscripcion-de-cerca-de-900-nuevos-estudiantes\\\/#primaryimage\"},\"thumbnailUrl\":\"https:\\\/\\\/www.copealcoy.es\\\/wp-content\\\/uploads\\\/2025\\\/07\\\/foto-preinscripcio-2.jpg\",\"keywords\":[\"Alcoy\",\"Campus\",\"cerca de 900 alumnos\",\"Preinscripci\u00f3n\",\"UPV\"],\"articleSection\":[\"Actualidad\",\"Noticias\",\"Portada\"],\"inLanguage\":\"es\"},{\"@type\":\"WebPage\",\"@id\":\"https:\\\/\\\/www.copealcoy.es\\\/es\\\/el-campus-de-alcoy-de-la-upv-completa-la-preinscripcion-de-cerca-de-900-nuevos-estudiantes\\\/\",\"url\":\"https:\\\/\\\/www.copealcoy.es\\\/es\\\/el-campus-de-alcoy-de-la-upv-completa-la-preinscripcion-de-cerca-de-900-nuevos-estudiantes\\\/\",\"name\":\"El Campus de Alcoy de la UPV completa la preinscripci\u00f3n de cerca de 900 nuevos estudiantes - COPE Alcoy\",\"isPartOf\":{\"@id\":\"https:\\\/\\\/www.copealcoy.es\\\/es\\\/#website\"},\"primaryImageOfPage\":{\"@id\":\"https:\\\/\\\/www.copealcoy.es\\\/es\\\/el-campus-de-alcoy-de-la-upv-completa-la-preinscripcion-de-cerca-de-900-nuevos-estudiantes\\\/#primaryimage\"},\"image\":{\"@id\":\"https:\\\/\\\/www.copealcoy.es\\\/es\\\/el-campus-de-alcoy-de-la-upv-completa-la-preinscripcion-de-cerca-de-900-nuevos-estudiantes\\\/#primaryimage\"},\"thumbnailUrl\":\"https:\\\/\\\/www.copealcoy.es\\\/wp-content\\\/uploads\\\/2025\\\/07\\\/foto-preinscripcio-2.jpg\",\"datePublished\":\"2025-07-11T16:52:29+00:00\",\"dateModified\":\"2025-07-12T20:35:18+00:00\",\"author\":{\"@id\":\"https:\\\/\\\/www.copealcoy.es\\\/es\\\/#\\\/schema\\\/person\\\/e777c87fa024e57d40170af9df39882c\"},\"description\":\"El Campus de Alcoy de la UPV completa la preinscripci\u00f3n de cerca de 900 nuevos estudiantes\",\"breadcrumb\":{\"@id\":\"https:\\\/\\\/www.copealcoy.es\\\/es\\\/el-campus-de-alcoy-de-la-upv-completa-la-preinscripcion-de-cerca-de-900-nuevos-estudiantes\\\/#breadcrumb\"},\"inLanguage\":\"es\",\"potentialAction\":[{\"@type\":\"ReadAction\",\"target\":[\"https:\\\/\\\/www.copealcoy.es\\\/es\\\/el-campus-de-alcoy-de-la-upv-completa-la-preinscripcion-de-cerca-de-900-nuevos-estudiantes\\\/\"]}]},{\"@type\":\"ImageObject\",\"inLanguage\":\"es\",\"@id\":\"https:\\\/\\\/www.copealcoy.es\\\/es\\\/el-campus-de-alcoy-de-la-upv-completa-la-preinscripcion-de-cerca-de-900-nuevos-estudiantes\\\/#primaryimage\",\"url\":\"https:\\\/\\\/www.copealcoy.es\\\/wp-content\\\/uploads\\\/2025\\\/07\\\/foto-preinscripcio-2.jpg\",\"contentUrl\":\"https:\\\/\\\/www.copealcoy.es\\\/wp-content\\\/uploads\\\/2025\\\/07\\\/foto-preinscripcio-2.jpg\",\"width\":1920,\"height\":1080},{\"@type\":\"BreadcrumbList\",\"@id\":\"https:\\\/\\\/www.copealcoy.es\\\/es\\\/el-campus-de-alcoy-de-la-upv-completa-la-preinscripcion-de-cerca-de-900-nuevos-estudiantes\\\/#breadcrumb\",\"itemListElement\":[{\"@type\":\"ListItem\",\"position\":1,\"name\":\"Portada\",\"item\":\"https:\\\/\\\/www.copealcoy.es\\\/es\\\/\"},{\"@type\":\"ListItem\",\"position\":2,\"name\":\"El Campus de Alcoy de la UPV completa la preinscripci\u00f3n de cerca de 900 nuevos estudiantes\"}]},{\"@type\":\"WebSite\",\"@id\":\"https:\\\/\\\/www.copealcoy.es\\\/es\\\/#website\",\"url\":\"https:\\\/\\\/www.copealcoy.es\\\/es\\\/\",\"name\":\"COPE Alcoy\",\"description\":\"Emisora COPE de radio local con emisi\u00f3n online. Pont de Sant Jordi 8-10 03803 Alcoy\",\"potentialAction\":[{\"@type\":\"SearchAction\",\"target\":{\"@type\":\"EntryPoint\",\"urlTemplate\":\"https:\\\/\\\/www.copealcoy.es\\\/es\\\/?s={search_term_string}\"},\"query-input\":{\"@type\":\"PropertyValueSpecification\",\"valueRequired\":true,\"valueName\":\"search_term_string\"}}],\"inLanguage\":\"es\"},{\"@type\":\"Person\",\"@id\":\"https:\\\/\\\/www.copealcoy.es\\\/es\\\/#\\\/schema\\\/person\\\/e777c87fa024e57d40170af9df39882c\",\"name\":\"Cope Alcoy\",\"image\":{\"@type\":\"ImageObject\",\"inLanguage\":\"es\",\"@id\":\"https:\\\/\\\/secure.gravatar.com\\\/avatar\\\/bb65d0283347e303893ba14f0692005417c1e0e690a325a4c5d8bb2b3943ee14?s=96&d=mm&r=g\",\"url\":\"https:\\\/\\\/secure.gravatar.com\\\/avatar\\\/bb65d0283347e303893ba14f0692005417c1e0e690a325a4c5d8bb2b3943ee14?s=96&d=mm&r=g\",\"contentUrl\":\"https:\\\/\\\/secure.gravatar.com\\\/avatar\\\/bb65d0283347e303893ba14f0692005417c1e0e690a325a4c5d8bb2b3943ee14?s=96&d=mm&r=g\",\"caption\":\"Cope Alcoy\"}}]}<\/script>\n<!-- \/ Yoast SEO plugin. -->","yoast_head_json":{"title":"El Campus de Alcoy de la UPV completa la preinscripci\u00f3n de cerca de 900 nuevos estudiantes - COPE Alcoy","description":"El Campus de Alcoy de la UPV completa la preinscripci\u00f3n de cerca de 900 nuevos estudiantes","robots":{"index":"index","follow":"follow","max-snippet":"max-snippet:-1","max-image-preview":"max-image-preview:large","max-video-preview":"max-video-preview:-1"},"canonical":"https:\/\/www.copealcoy.es\/es\/el-campus-de-alcoy-de-la-upv-completa-la-preinscripcion-de-cerca-de-900-nuevos-estudiantes\/","og_locale":"es_ES","og_type":"article","og_title":"El Campus de Alcoy de la UPV completa la preinscripci\u00f3n de cerca de 900 nuevos estudiantes - COPE Alcoy","og_description":"El Campus de Alcoy de la UPV completa la preinscripci\u00f3n de cerca de 900 nuevos estudiantes","og_url":"https:\/\/www.copealcoy.es\/es\/el-campus-de-alcoy-de-la-upv-completa-la-preinscripcion-de-cerca-de-900-nuevos-estudiantes\/","og_site_name":"COPE Alcoy","article_published_time":"2025-07-11T16:52:29+00:00","article_modified_time":"2025-07-12T20:35:18+00:00","og_image":[{"width":1920,"height":1080,"url":"https:\/\/www.copealcoy.es\/wp-content\/uploads\/2025\/07\/foto-preinscripcio-2.jpg","type":"image\/jpeg"}],"author":"Cope Alcoy","twitter_misc":{"Escrito por":"Cope Alcoy","Tiempo de lectura":"3 minutos"},"schema":{"@context":"https:\/\/schema.org","@graph":[{"@type":"Article","@id":"https:\/\/www.copealcoy.es\/es\/el-campus-de-alcoy-de-la-upv-completa-la-preinscripcion-de-cerca-de-900-nuevos-estudiantes\/#article","isPartOf":{"@id":"https:\/\/www.copealcoy.es\/es\/el-campus-de-alcoy-de-la-upv-completa-la-preinscripcion-de-cerca-de-900-nuevos-estudiantes\/"},"author":{"name":"Cope Alcoy","@id":"https:\/\/www.copealcoy.es\/es\/#\/schema\/person\/e777c87fa024e57d40170af9df39882c"},"headline":"El Campus de Alcoy de la UPV completa la preinscripci\u00f3n de cerca de 900 nuevos estudiantes","datePublished":"2025-07-11T16:52:29+00:00","dateModified":"2025-07-12T20:35:18+00:00","mainEntityOfPage":{"@id":"https:\/\/www.copealcoy.es\/es\/el-campus-de-alcoy-de-la-upv-completa-la-preinscripcion-de-cerca-de-900-nuevos-estudiantes\/"},"wordCount":447,"image":{"@id":"https:\/\/www.copealcoy.es\/es\/el-campus-de-alcoy-de-la-upv-completa-la-preinscripcion-de-cerca-de-900-nuevos-estudiantes\/#primaryimage"},"thumbnailUrl":"https:\/\/www.copealcoy.es\/wp-content\/uploads\/2025\/07\/foto-preinscripcio-2.jpg","keywords":["Alcoy","Campus","cerca de 900 alumnos","Preinscripci\u00f3n","UPV"],"articleSection":["Actualidad","Noticias","Portada"],"inLanguage":"es"},{"@type":"WebPage","@id":"https:\/\/www.copealcoy.es\/es\/el-campus-de-alcoy-de-la-upv-completa-la-preinscripcion-de-cerca-de-900-nuevos-estudiantes\/","url":"https:\/\/www.copealcoy.es\/es\/el-campus-de-alcoy-de-la-upv-completa-la-preinscripcion-de-cerca-de-900-nuevos-estudiantes\/","name":"El Campus de Alcoy de la UPV completa la preinscripci\u00f3n de cerca de 900 nuevos estudiantes - COPE Alcoy","isPartOf":{"@id":"https:\/\/www.copealcoy.es\/es\/#website"},"primaryImageOfPage":{"@id":"https:\/\/www.copealcoy.es\/es\/el-campus-de-alcoy-de-la-upv-completa-la-preinscripcion-de-cerca-de-900-nuevos-estudiantes\/#primaryimage"},"image":{"@id":"https:\/\/www.copealcoy.es\/es\/el-campus-de-alcoy-de-la-upv-completa-la-preinscripcion-de-cerca-de-900-nuevos-estudiantes\/#primaryimage"},"thumbnailUrl":"https:\/\/www.copealcoy.es\/wp-content\/uploads\/2025\/07\/foto-preinscripcio-2.jpg","datePublished":"2025-07-11T16:52:29+00:00","dateModified":"2025-07-12T20:35:18+00:00","author":{"@id":"https:\/\/www.copealcoy.es\/es\/#\/schema\/person\/e777c87fa024e57d40170af9df39882c"},"description":"El Campus de Alcoy de la UPV completa la preinscripci\u00f3n de cerca de 900 nuevos estudiantes","breadcrumb":{"@id":"https:\/\/www.copealcoy.es\/es\/el-campus-de-alcoy-de-la-upv-completa-la-preinscripcion-de-cerca-de-900-nuevos-estudiantes\/#breadcrumb"},"inLanguage":"es","potentialAction":[{"@type":"ReadAction","target":["https:\/\/www.copealcoy.es\/es\/el-campus-de-alcoy-de-la-upv-completa-la-preinscripcion-de-cerca-de-900-nuevos-estudiantes\/"]}]},{"@type":"ImageObject","inLanguage":"es","@id":"https:\/\/www.copealcoy.es\/es\/el-campus-de-alcoy-de-la-upv-completa-la-preinscripcion-de-cerca-de-900-nuevos-estudiantes\/#primaryimage","url":"https:\/\/www.copealcoy.es\/wp-content\/uploads\/2025\/07\/foto-preinscripcio-2.jpg","contentUrl":"https:\/\/www.copealcoy.es\/wp-content\/uploads\/2025\/07\/foto-preinscripcio-2.jpg","width":1920,"height":1080},{"@type":"BreadcrumbList","@id":"https:\/\/www.copealcoy.es\/es\/el-campus-de-alcoy-de-la-upv-completa-la-preinscripcion-de-cerca-de-900-nuevos-estudiantes\/#breadcrumb","itemListElement":[{"@type":"ListItem","position":1,"name":"Portada","item":"https:\/\/www.copealcoy.es\/es\/"},{"@type":"ListItem","position":2,"name":"El Campus de Alcoy de la UPV completa la preinscripci\u00f3n de cerca de 900 nuevos estudiantes"}]},{"@type":"WebSite","@id":"https:\/\/www.copealcoy.es\/es\/#website","url":"https:\/\/www.copealcoy.es\/es\/","name":"COPE Alcoy","description":"Emisora COPE de radio local con emisi\u00f3n online. Pont de Sant Jordi 8-10 03803 Alcoy","potentialAction":[{"@type":"SearchAction","target":{"@type":"EntryPoint","urlTemplate":"https:\/\/www.copealcoy.es\/es\/?s={search_term_string}"},"query-input":{"@type":"PropertyValueSpecification","valueRequired":true,"valueName":"search_term_string"}}],"inLanguage":"es"},{"@type":"Person","@id":"https:\/\/www.copealcoy.es\/es\/#\/schema\/person\/e777c87fa024e57d40170af9df39882c","name":"Cope Alcoy","image":{"@type":"ImageObject","inLanguage":"es","@id":"https:\/\/secure.gravatar.com\/avatar\/bb65d0283347e303893ba14f0692005417c1e0e690a325a4c5d8bb2b3943ee14?s=96&d=mm&r=g","url":"https:\/\/secure.gravatar.com\/avatar\/bb65d0283347e303893ba14f0692005417c1e0e690a325a4c5d8bb2b3943ee14?s=96&d=mm&r=g","contentUrl":"https:\/\/secure.gravatar.com\/avatar\/bb65d0283347e303893ba14f0692005417c1e0e690a325a4c5d8bb2b3943ee14?s=96&d=mm&r=g","caption":"Cope Alcoy"}}]}},"_links":{"self":[{"href":"https:\/\/www.copealcoy.es\/es\/wp-json\/wp\/v2\/posts\/154956","targetHints":{"allow":["GET"]}}],"collection":[{"href":"https:\/\/www.copealcoy.es\/es\/wp-json\/wp\/v2\/posts"}],"about":[{"href":"https:\/\/www.copealcoy.es\/es\/wp-json\/wp\/v2\/types\/post"}],"author":[{"embeddable":true,"href":"https:\/\/www.copealcoy.es\/es\/wp-json\/wp\/v2\/users\/1"}],"replies":[{"embeddable":true,"href":"https:\/\/www.copealcoy.es\/es\/wp-json\/wp\/v2\/comments?post=154956"}],"version-history":[{"count":3,"href":"https:\/\/www.copealcoy.es\/es\/wp-json\/wp\/v2\/posts\/154956\/revisions"}],"predecessor-version":[{"id":154988,"href":"https:\/\/www.copealcoy.es\/es\/wp-json\/wp\/v2\/posts\/154956\/revisions\/154988"}],"wp:featuredmedia":[{"embeddable":true,"href":"https:\/\/www.copealcoy.es\/es\/wp-json\/wp\/v2\/media\/154957"}],"wp:attachment":[{"href":"https:\/\/www.copealcoy.es\/es\/wp-json\/wp\/v2\/media?parent=154956"}],"wp:term":[{"taxonomy":"category","embeddable":true,"href":"https:\/\/www.copealcoy.es\/es\/wp-json\/wp\/v2\/categories?post=154956"},{"taxonomy":"post_tag","embeddable":true,"href":"https:\/\/www.copealcoy.es\/es\/wp-json\/wp\/v2\/tags?post=154956"}],"curies":[{"name":"wp","href":"https:\/\/api.w.org\/{rel}","templated":true}]}}