{"id":154927,"date":"2025-07-10T17:41:54","date_gmt":"2025-07-10T16:41:54","guid":{"rendered":"https:\/\/www.copealcoy.es\/?p=154927"},"modified":"2025-07-10T17:45:15","modified_gmt":"2025-07-10T16:45:15","slug":"alex-cerradelo-vicealcalde-de-alcoy-el-pacto-del-parterre-tiene-muy-buena-salud","status":"publish","type":"post","link":"https:\/\/www.copealcoy.es\/es\/alex-cerradelo-vicealcalde-de-alcoy-el-pacto-del-parterre-tiene-muy-buena-salud\/","title":{"rendered":"\u00c0lex Cerradelo, vicealcalde de Alcoy: &#8220;el Pacto del Parterre tiene muy buena salud&#8221;"},"content":{"rendered":"<p style=\"text-align: justify;\">A mediados de junio <strong>se lleg\u00f3 al ecuador del inicio de la actual legislatura<\/strong> y hace unos d\u00edas pasaba por COPE ALCOY <strong>el grupo municipal de <a href=\"https:\/\/alcoi.compromis.net\/\" target=\"_blank\" rel=\"noopener\"><span style=\"color: #0000ff;\">Comprom\u00eds<\/span><\/a><\/strong> de cara a hacer balance de todo el tiempo que ha transcurrido desde las \u00faltimas Elecciones Locales. Para el partido <strong>han sido dos a\u00f1os muy positivos<\/strong> en los que han vuelto a formar parte del gobierno local de la ciudad, tras la experiencia del tripartito\u00a0 con PSPV y Esquerra Unida, que se form\u00f3 en 2011 desbancando al PP del Ejecutivo y que acab\u00f3 saltando por los aires un a\u00f1o despu\u00e9s.<\/p>\n<p style=\"text-align: justify;\">El vicealcalde de la ciudad y l\u00edder de la formaci\u00f3n,<strong> \u00c0lex Cerradelo<\/strong>, destaca la buena sinton\u00eda que existe con el Partido Socialista al mismo tiempo que se\u00f1ala la buena salud de la que goza el llamado Pacto del Parterre suscrito en junio de 2023 entre Comprom\u00eds y Socialistas &#8220;<em>evidentemente que en algunas cosas discrepamos, como es l\u00f3gico y normal cuando se trata de dos partidos distintos, pero tenemos muy claras las pol\u00edticas que queremos para la ciudad frente al avance de la derecha y la ultradrecha<\/em>&#8220;, afirm\u00f3. Cerradelo <strong>resta hierro a la postura de Guanyar Alcoi<\/strong>, plataforma de la que necesita apoyos el gobierno para sacar adelante por mayor\u00eda cuestiones como los Presupuestos Municipales, y agrupaci\u00f3n que ha roto cualquier colaboraci\u00f3n con PSPV y Comprom\u00eds mientras no se paralice el proyecto para desarrollar suelo industrial en la zona de Alcoy Sur &#8220;trataremos de llegar a buen entendimiento porque al final, tanto ellos como nosotros, queremos lo mejor para Alcoy&#8221;, dijo.<\/p>\n<p style=\"text-align: justify;\">\u00c0lex Cerradelo destac\u00f3 tambi\u00e9n<strong> algunos de los logros<\/strong> que, a su juicio, se han conseguido en los dos \u00faltimos a\u00f1os con la llegada de Comprom\u00eds al gobierno local. En este sentido, ha hecho referencia al fomento de la actividad cultural con iniciativas como la MADA, el impulso de festivales como el <em>SoundJordi,\u00a0<\/em>los avances para materializar el traslado del consultorio m\u00e9dico de la Zona Alta, la dinamizaci\u00f3n del comercio local a trav\u00e9s de propuestas como la\u00a0<em>Llotja de KM 0 i del producte de proximitat<\/em> o los pasos para que todas las \u00e1reas industriales de Alcoy sean catalogadas como EGM; entre otras muchas.<\/p>\n<p>Aqu\u00ed <strong>puedes escuchar<\/strong> la entrevista:<\/p>\n","protected":false},"excerpt":{"rendered":"<p>A mediados de junio se lleg\u00f3 al ecuador del inicio de la actual legislatura y hace unos d\u00edas pasaba por&#8230;<\/p>\n","protected":false},"author":1,"featured_media":154928,"comment_status":"closed","ping_status":"closed","sticky":false,"template":"","format":"standard","meta":{"footnotes":""},"categories":[6909,97,75,79],"tags":[1494,1899,430,1927,560],"class_list":["post-154927","post","type-post","status-publish","format-standard","has-post-thumbnail","hentry","category-actualidad","category-alcoy","category-noticias","category-politicayeconomia","tag-alcoy","tag-alex-cerradelo","tag-balance","tag-compromis-alcoi","tag-legislatura"],"yoast_head":"<!-- This site is optimized with the Yoast SEO plugin v27.3 - https:\/\/yoast.com\/product\/yoast-seo-wordpress\/ -->\n<title>\u00c0lex Cerradelo, vicealcalde de Alcoy: &quot;el Pacto del Parterre tiene muy buena salud&quot; - COPE Alcoy<\/title>\n<meta name=\"robots\" content=\"index, follow, max-snippet:-1, max-image-preview:large, max-video-preview:-1\" \/>\n<link rel=\"canonical\" href=\"https:\/\/www.copealcoy.es\/es\/alex-cerradelo-vicealcalde-de-alcoy-el-pacto-del-parterre-tiene-muy-buena-salud\/\" \/>\n<meta property=\"og:locale\" content=\"es_ES\" \/>\n<meta property=\"og:type\" content=\"article\" \/>\n<meta property=\"og:title\" content=\"\u00c0lex Cerradelo, vicealcalde de Alcoy: &quot;el Pacto del Parterre tiene muy buena salud&quot; - COPE Alcoy\" \/>\n<meta property=\"og:description\" content=\"A mediados de junio se lleg\u00f3 al ecuador del inicio de la actual legislatura y hace unos d\u00edas pasaba por...\" \/>\n<meta property=\"og:url\" content=\"https:\/\/www.copealcoy.es\/es\/alex-cerradelo-vicealcalde-de-alcoy-el-pacto-del-parterre-tiene-muy-buena-salud\/\" \/>\n<meta property=\"og:site_name\" content=\"COPE Alcoy\" \/>\n<meta property=\"article:published_time\" content=\"2025-07-10T16:41:54+00:00\" \/>\n<meta property=\"article:modified_time\" content=\"2025-07-10T16:45:15+00:00\" \/>\n<meta property=\"og:image\" content=\"https:\/\/www.copealcoy.es\/wp-content\/uploads\/2025\/07\/unnamed-1-4-scaled.jpg\" \/>\n\t<meta property=\"og:image:width\" content=\"2560\" \/>\n\t<meta property=\"og:image:height\" content=\"1506\" \/>\n\t<meta property=\"og:image:type\" content=\"image\/jpeg\" \/>\n<meta name=\"author\" content=\"Cope Alcoy\" \/>\n<meta name=\"twitter:label1\" content=\"Escrito por\" \/>\n\t<meta name=\"twitter:data1\" content=\"Cope Alcoy\" \/>\n\t<meta name=\"twitter:label2\" content=\"Tiempo de lectura\" \/>\n\t<meta name=\"twitter:data2\" content=\"3 minutos\" \/>\n<script type=\"application\/ld+json\" class=\"yoast-schema-graph\">{\"@context\":\"https:\\\/\\\/schema.org\",\"@graph\":[{\"@type\":\"Article\",\"@id\":\"https:\\\/\\\/www.copealcoy.es\\\/es\\\/alex-cerradelo-vicealcalde-de-alcoy-el-pacto-del-parterre-tiene-muy-buena-salud\\\/#article\",\"isPartOf\":{\"@id\":\"https:\\\/\\\/www.copealcoy.es\\\/es\\\/alex-cerradelo-vicealcalde-de-alcoy-el-pacto-del-parterre-tiene-muy-buena-salud\\\/\"},\"author\":{\"name\":\"Cope Alcoy\",\"@id\":\"https:\\\/\\\/www.copealcoy.es\\\/es\\\/#\\\/schema\\\/person\\\/e777c87fa024e57d40170af9df39882c\"},\"headline\":\"\u00c0lex Cerradelo, vicealcalde de Alcoy: &#8220;el Pacto del Parterre tiene muy buena salud&#8221;\",\"datePublished\":\"2025-07-10T16:41:54+00:00\",\"dateModified\":\"2025-07-10T16:45:15+00:00\",\"mainEntityOfPage\":{\"@id\":\"https:\\\/\\\/www.copealcoy.es\\\/es\\\/alex-cerradelo-vicealcalde-de-alcoy-el-pacto-del-parterre-tiene-muy-buena-salud\\\/\"},\"wordCount\":397,\"image\":{\"@id\":\"https:\\\/\\\/www.copealcoy.es\\\/es\\\/alex-cerradelo-vicealcalde-de-alcoy-el-pacto-del-parterre-tiene-muy-buena-salud\\\/#primaryimage\"},\"thumbnailUrl\":\"https:\\\/\\\/www.copealcoy.es\\\/wp-content\\\/uploads\\\/2025\\\/07\\\/unnamed-1-4-scaled.jpg\",\"keywords\":[\"Alcoy\",\"\u00c1lex Cerradelo\",\"Balance\",\"Comprom\u00eds Alcoi\",\"Legislatura\"],\"articleSection\":[\"Actualidad\",\"Alcoy\",\"Noticias\",\"Pol\u00edtica y Econom\u00eda\"],\"inLanguage\":\"es\"},{\"@type\":\"WebPage\",\"@id\":\"https:\\\/\\\/www.copealcoy.es\\\/es\\\/alex-cerradelo-vicealcalde-de-alcoy-el-pacto-del-parterre-tiene-muy-buena-salud\\\/\",\"url\":\"https:\\\/\\\/www.copealcoy.es\\\/es\\\/alex-cerradelo-vicealcalde-de-alcoy-el-pacto-del-parterre-tiene-muy-buena-salud\\\/\",\"name\":\"\u00c0lex Cerradelo, vicealcalde de Alcoy: \\\"el Pacto del Parterre tiene muy buena salud\\\" - COPE Alcoy\",\"isPartOf\":{\"@id\":\"https:\\\/\\\/www.copealcoy.es\\\/es\\\/#website\"},\"primaryImageOfPage\":{\"@id\":\"https:\\\/\\\/www.copealcoy.es\\\/es\\\/alex-cerradelo-vicealcalde-de-alcoy-el-pacto-del-parterre-tiene-muy-buena-salud\\\/#primaryimage\"},\"image\":{\"@id\":\"https:\\\/\\\/www.copealcoy.es\\\/es\\\/alex-cerradelo-vicealcalde-de-alcoy-el-pacto-del-parterre-tiene-muy-buena-salud\\\/#primaryimage\"},\"thumbnailUrl\":\"https:\\\/\\\/www.copealcoy.es\\\/wp-content\\\/uploads\\\/2025\\\/07\\\/unnamed-1-4-scaled.jpg\",\"datePublished\":\"2025-07-10T16:41:54+00:00\",\"dateModified\":\"2025-07-10T16:45:15+00:00\",\"author\":{\"@id\":\"https:\\\/\\\/www.copealcoy.es\\\/es\\\/#\\\/schema\\\/person\\\/e777c87fa024e57d40170af9df39882c\"},\"breadcrumb\":{\"@id\":\"https:\\\/\\\/www.copealcoy.es\\\/es\\\/alex-cerradelo-vicealcalde-de-alcoy-el-pacto-del-parterre-tiene-muy-buena-salud\\\/#breadcrumb\"},\"inLanguage\":\"es\",\"potentialAction\":[{\"@type\":\"ReadAction\",\"target\":[\"https:\\\/\\\/www.copealcoy.es\\\/es\\\/alex-cerradelo-vicealcalde-de-alcoy-el-pacto-del-parterre-tiene-muy-buena-salud\\\/\"]}]},{\"@type\":\"ImageObject\",\"inLanguage\":\"es\",\"@id\":\"https:\\\/\\\/www.copealcoy.es\\\/es\\\/alex-cerradelo-vicealcalde-de-alcoy-el-pacto-del-parterre-tiene-muy-buena-salud\\\/#primaryimage\",\"url\":\"https:\\\/\\\/www.copealcoy.es\\\/wp-content\\\/uploads\\\/2025\\\/07\\\/unnamed-1-4-scaled.jpg\",\"contentUrl\":\"https:\\\/\\\/www.copealcoy.es\\\/wp-content\\\/uploads\\\/2025\\\/07\\\/unnamed-1-4-scaled.jpg\",\"width\":2560,\"height\":1506},{\"@type\":\"BreadcrumbList\",\"@id\":\"https:\\\/\\\/www.copealcoy.es\\\/es\\\/alex-cerradelo-vicealcalde-de-alcoy-el-pacto-del-parterre-tiene-muy-buena-salud\\\/#breadcrumb\",\"itemListElement\":[{\"@type\":\"ListItem\",\"position\":1,\"name\":\"Portada\",\"item\":\"https:\\\/\\\/www.copealcoy.es\\\/es\\\/\"},{\"@type\":\"ListItem\",\"position\":2,\"name\":\"\u00c0lex Cerradelo, vicealcalde de Alcoy: &#8220;el Pacto del Parterre tiene muy buena salud&#8221;\"}]},{\"@type\":\"WebSite\",\"@id\":\"https:\\\/\\\/www.copealcoy.es\\\/es\\\/#website\",\"url\":\"https:\\\/\\\/www.copealcoy.es\\\/es\\\/\",\"name\":\"COPE Alcoy\",\"description\":\"Emisora COPE de radio local con emisi\u00f3n online. Pont de Sant Jordi 8-10 03803 Alcoy\",\"potentialAction\":[{\"@type\":\"SearchAction\",\"target\":{\"@type\":\"EntryPoint\",\"urlTemplate\":\"https:\\\/\\\/www.copealcoy.es\\\/es\\\/?s={search_term_string}\"},\"query-input\":{\"@type\":\"PropertyValueSpecification\",\"valueRequired\":true,\"valueName\":\"search_term_string\"}}],\"inLanguage\":\"es\"},{\"@type\":\"Person\",\"@id\":\"https:\\\/\\\/www.copealcoy.es\\\/es\\\/#\\\/schema\\\/person\\\/e777c87fa024e57d40170af9df39882c\",\"name\":\"Cope Alcoy\",\"image\":{\"@type\":\"ImageObject\",\"inLanguage\":\"es\",\"@id\":\"https:\\\/\\\/secure.gravatar.com\\\/avatar\\\/bb65d0283347e303893ba14f0692005417c1e0e690a325a4c5d8bb2b3943ee14?s=96&d=mm&r=g\",\"url\":\"https:\\\/\\\/secure.gravatar.com\\\/avatar\\\/bb65d0283347e303893ba14f0692005417c1e0e690a325a4c5d8bb2b3943ee14?s=96&d=mm&r=g\",\"contentUrl\":\"https:\\\/\\\/secure.gravatar.com\\\/avatar\\\/bb65d0283347e303893ba14f0692005417c1e0e690a325a4c5d8bb2b3943ee14?s=96&d=mm&r=g\",\"caption\":\"Cope Alcoy\"}}]}<\/script>\n<!-- \/ Yoast SEO plugin. -->","yoast_head_json":{"title":"\u00c0lex Cerradelo, vicealcalde de Alcoy: \"el Pacto del Parterre tiene muy buena salud\" - COPE Alcoy","robots":{"index":"index","follow":"follow","max-snippet":"max-snippet:-1","max-image-preview":"max-image-preview:large","max-video-preview":"max-video-preview:-1"},"canonical":"https:\/\/www.copealcoy.es\/es\/alex-cerradelo-vicealcalde-de-alcoy-el-pacto-del-parterre-tiene-muy-buena-salud\/","og_locale":"es_ES","og_type":"article","og_title":"\u00c0lex Cerradelo, vicealcalde de Alcoy: \"el Pacto del Parterre tiene muy buena salud\" - COPE Alcoy","og_description":"A mediados de junio se lleg\u00f3 al ecuador del inicio de la actual legislatura y hace unos d\u00edas pasaba por...","og_url":"https:\/\/www.copealcoy.es\/es\/alex-cerradelo-vicealcalde-de-alcoy-el-pacto-del-parterre-tiene-muy-buena-salud\/","og_site_name":"COPE Alcoy","article_published_time":"2025-07-10T16:41:54+00:00","article_modified_time":"2025-07-10T16:45:15+00:00","og_image":[{"width":2560,"height":1506,"url":"https:\/\/www.copealcoy.es\/wp-content\/uploads\/2025\/07\/unnamed-1-4-scaled.jpg","type":"image\/jpeg"}],"author":"Cope Alcoy","twitter_misc":{"Escrito por":"Cope Alcoy","Tiempo de lectura":"3 minutos"},"schema":{"@context":"https:\/\/schema.org","@graph":[{"@type":"Article","@id":"https:\/\/www.copealcoy.es\/es\/alex-cerradelo-vicealcalde-de-alcoy-el-pacto-del-parterre-tiene-muy-buena-salud\/#article","isPartOf":{"@id":"https:\/\/www.copealcoy.es\/es\/alex-cerradelo-vicealcalde-de-alcoy-el-pacto-del-parterre-tiene-muy-buena-salud\/"},"author":{"name":"Cope Alcoy","@id":"https:\/\/www.copealcoy.es\/es\/#\/schema\/person\/e777c87fa024e57d40170af9df39882c"},"headline":"\u00c0lex Cerradelo, vicealcalde de Alcoy: &#8220;el Pacto del Parterre tiene muy buena salud&#8221;","datePublished":"2025-07-10T16:41:54+00:00","dateModified":"2025-07-10T16:45:15+00:00","mainEntityOfPage":{"@id":"https:\/\/www.copealcoy.es\/es\/alex-cerradelo-vicealcalde-de-alcoy-el-pacto-del-parterre-tiene-muy-buena-salud\/"},"wordCount":397,"image":{"@id":"https:\/\/www.copealcoy.es\/es\/alex-cerradelo-vicealcalde-de-alcoy-el-pacto-del-parterre-tiene-muy-buena-salud\/#primaryimage"},"thumbnailUrl":"https:\/\/www.copealcoy.es\/wp-content\/uploads\/2025\/07\/unnamed-1-4-scaled.jpg","keywords":["Alcoy","\u00c1lex Cerradelo","Balance","Comprom\u00eds Alcoi","Legislatura"],"articleSection":["Actualidad","Alcoy","Noticias","Pol\u00edtica y Econom\u00eda"],"inLanguage":"es"},{"@type":"WebPage","@id":"https:\/\/www.copealcoy.es\/es\/alex-cerradelo-vicealcalde-de-alcoy-el-pacto-del-parterre-tiene-muy-buena-salud\/","url":"https:\/\/www.copealcoy.es\/es\/alex-cerradelo-vicealcalde-de-alcoy-el-pacto-del-parterre-tiene-muy-buena-salud\/","name":"\u00c0lex Cerradelo, vicealcalde de Alcoy: \"el Pacto del Parterre tiene muy buena salud\" - COPE Alcoy","isPartOf":{"@id":"https:\/\/www.copealcoy.es\/es\/#website"},"primaryImageOfPage":{"@id":"https:\/\/www.copealcoy.es\/es\/alex-cerradelo-vicealcalde-de-alcoy-el-pacto-del-parterre-tiene-muy-buena-salud\/#primaryimage"},"image":{"@id":"https:\/\/www.copealcoy.es\/es\/alex-cerradelo-vicealcalde-de-alcoy-el-pacto-del-parterre-tiene-muy-buena-salud\/#primaryimage"},"thumbnailUrl":"https:\/\/www.copealcoy.es\/wp-content\/uploads\/2025\/07\/unnamed-1-4-scaled.jpg","datePublished":"2025-07-10T16:41:54+00:00","dateModified":"2025-07-10T16:45:15+00:00","author":{"@id":"https:\/\/www.copealcoy.es\/es\/#\/schema\/person\/e777c87fa024e57d40170af9df39882c"},"breadcrumb":{"@id":"https:\/\/www.copealcoy.es\/es\/alex-cerradelo-vicealcalde-de-alcoy-el-pacto-del-parterre-tiene-muy-buena-salud\/#breadcrumb"},"inLanguage":"es","potentialAction":[{"@type":"ReadAction","target":["https:\/\/www.copealcoy.es\/es\/alex-cerradelo-vicealcalde-de-alcoy-el-pacto-del-parterre-tiene-muy-buena-salud\/"]}]},{"@type":"ImageObject","inLanguage":"es","@id":"https:\/\/www.copealcoy.es\/es\/alex-cerradelo-vicealcalde-de-alcoy-el-pacto-del-parterre-tiene-muy-buena-salud\/#primaryimage","url":"https:\/\/www.copealcoy.es\/wp-content\/uploads\/2025\/07\/unnamed-1-4-scaled.jpg","contentUrl":"https:\/\/www.copealcoy.es\/wp-content\/uploads\/2025\/07\/unnamed-1-4-scaled.jpg","width":2560,"height":1506},{"@type":"BreadcrumbList","@id":"https:\/\/www.copealcoy.es\/es\/alex-cerradelo-vicealcalde-de-alcoy-el-pacto-del-parterre-tiene-muy-buena-salud\/#breadcrumb","itemListElement":[{"@type":"ListItem","position":1,"name":"Portada","item":"https:\/\/www.copealcoy.es\/es\/"},{"@type":"ListItem","position":2,"name":"\u00c0lex Cerradelo, vicealcalde de Alcoy: &#8220;el Pacto del Parterre tiene muy buena salud&#8221;"}]},{"@type":"WebSite","@id":"https:\/\/www.copealcoy.es\/es\/#website","url":"https:\/\/www.copealcoy.es\/es\/","name":"COPE Alcoy","description":"Emisora COPE de radio local con emisi\u00f3n online. Pont de Sant Jordi 8-10 03803 Alcoy","potentialAction":[{"@type":"SearchAction","target":{"@type":"EntryPoint","urlTemplate":"https:\/\/www.copealcoy.es\/es\/?s={search_term_string}"},"query-input":{"@type":"PropertyValueSpecification","valueRequired":true,"valueName":"search_term_string"}}],"inLanguage":"es"},{"@type":"Person","@id":"https:\/\/www.copealcoy.es\/es\/#\/schema\/person\/e777c87fa024e57d40170af9df39882c","name":"Cope Alcoy","image":{"@type":"ImageObject","inLanguage":"es","@id":"https:\/\/secure.gravatar.com\/avatar\/bb65d0283347e303893ba14f0692005417c1e0e690a325a4c5d8bb2b3943ee14?s=96&d=mm&r=g","url":"https:\/\/secure.gravatar.com\/avatar\/bb65d0283347e303893ba14f0692005417c1e0e690a325a4c5d8bb2b3943ee14?s=96&d=mm&r=g","contentUrl":"https:\/\/secure.gravatar.com\/avatar\/bb65d0283347e303893ba14f0692005417c1e0e690a325a4c5d8bb2b3943ee14?s=96&d=mm&r=g","caption":"Cope Alcoy"}}]}},"_links":{"self":[{"href":"https:\/\/www.copealcoy.es\/es\/wp-json\/wp\/v2\/posts\/154927","targetHints":{"allow":["GET"]}}],"collection":[{"href":"https:\/\/www.copealcoy.es\/es\/wp-json\/wp\/v2\/posts"}],"about":[{"href":"https:\/\/www.copealcoy.es\/es\/wp-json\/wp\/v2\/types\/post"}],"author":[{"embeddable":true,"href":"https:\/\/www.copealcoy.es\/es\/wp-json\/wp\/v2\/users\/1"}],"replies":[{"embeddable":true,"href":"https:\/\/www.copealcoy.es\/es\/wp-json\/wp\/v2\/comments?post=154927"}],"version-history":[{"count":3,"href":"https:\/\/www.copealcoy.es\/es\/wp-json\/wp\/v2\/posts\/154927\/revisions"}],"predecessor-version":[{"id":154931,"href":"https:\/\/www.copealcoy.es\/es\/wp-json\/wp\/v2\/posts\/154927\/revisions\/154931"}],"wp:featuredmedia":[{"embeddable":true,"href":"https:\/\/www.copealcoy.es\/es\/wp-json\/wp\/v2\/media\/154928"}],"wp:attachment":[{"href":"https:\/\/www.copealcoy.es\/es\/wp-json\/wp\/v2\/media?parent=154927"}],"wp:term":[{"taxonomy":"category","embeddable":true,"href":"https:\/\/www.copealcoy.es\/es\/wp-json\/wp\/v2\/categories?post=154927"},{"taxonomy":"post_tag","embeddable":true,"href":"https:\/\/www.copealcoy.es\/es\/wp-json\/wp\/v2\/tags?post=154927"}],"curies":[{"name":"wp","href":"https:\/\/api.w.org\/{rel}","templated":true}]}}