{"id":154844,"date":"2025-07-09T10:14:34","date_gmt":"2025-07-09T09:14:34","guid":{"rendered":"https:\/\/www.copealcoy.es\/?p=154844"},"modified":"2025-07-09T10:14:34","modified_gmt":"2025-07-09T09:14:34","slug":"el-sent-me-llega-a-su-ecuador-en-cocentaina-superando-todas-las-expectativas","status":"publish","type":"post","link":"https:\/\/www.copealcoy.es\/es\/el-sent-me-llega-a-su-ecuador-en-cocentaina-superando-todas-las-expectativas\/","title":{"rendered":"El SENT-ME llega a su ecuador en Cocentaina superando todas las expectativas"},"content":{"rendered":"<p style=\"text-align: justify;\">La und\u00e9cima edici\u00f3n del <span style=\"color: #0000ff;\"><a style=\"color: #0000ff;\" href=\"https:\/\/www.cocentaina.es\/es\/patrimonio-y-cultura\/sent-me\"><strong>Simposio-Encuentro de Nuevas Tendencias en M\u00fasica y Educaci\u00f3n, SENT-ME,<\/strong><\/a><\/span> llega a su ecuador en Cocentaina <strong>dejando muy buen sabor de boca entre el p\u00fablico<\/strong> gracias a las propuestas musicales que se llevan a cabo en la capital del Comtat cada d\u00eda al caer la noche. Todo ello se une a <strong>una completa oferta formativa<\/strong>, de la que participan cerca de un centenar de estudiantes, profundizando en diferentes disciplinas relacionadas con la m\u00fasica a trav\u00e9s de diversos cursos de especializaci\u00f3n pero tambi\u00e9n en otros aspectos de inter\u00e9s. Tambi\u00e9n los m\u00e1s peque\u00f1os tiene su hueco en el <strong>SENT-MET<\/strong>, con una formaci\u00f3n adaptada a sus necesidades centrada en el movimiento y en la m\u00fasica, y que coordinan Elena Huidobro y Marta Muguruza.<\/p>\n<p style=\"text-align: justify;\">El certamen arranc\u00f3 el pasado lunes, con la recepci\u00f3n de estudiantes y las primeras actividades acad\u00e9micas, dando paso a uno de los platos fuertes previstos dentro del <strong>ciclo de conciertos nocturnos<\/strong> que arropan al SENT-ME. Se trata de la actuaci\u00f3n de la Orquesta y Coro de RTVE, un acto previsto inicialmente para el patio de Armas del Palau Comtal pero que finalmente se traslad\u00f3 al Centre Cultural El Teular a causa de la previsi\u00f3n de lluvias &#8220;<em>estamos llevando a cabo todo un espacio que fomenta la convivencia, entre quienes vienen al SENT-ME a aprender y a actuar, pero entre todos ellos y un p\u00fablico entregado proveniente tanto de Cocentaina como de las poblaciones de estas comarcas. El balance, hasta el momento, es m\u00e1s que positivo<\/em>&#8220;, asegura <strong>Ignacio Garc\u00eda Vidal<\/strong> como director art\u00edstico del mismo Simposio.<\/p>\n<p style=\"text-align: justify;\">Las <strong>iniciativas musicales del SENT-ME<\/strong> continuaron ayer con el recital l\u00edrico \u201cLes Arts amb tu&#8221;, a cargo de cantantes del Centre de Perfeccionament del Palau de Les Arts, llenando de nuevo el patio de armas del Palau Comtal en una noche m\u00e1gica de verano. Tras ello, tendremos hoy el concierto familiar \u2018Pedro y el lobo en el Palacio Mediterr\u00e1neo\u2019 , el concierto de m\u00fasica de c\u00e1mara \u2018Sent la m\u00fasica en la Torreta de Jaume I\u2019 el jueves y el concierto de clausura de la Orquesta del SENT-ME y del SENT-MET \u2018Don Quijote del SENT-ME\u2019 el viernes.<\/p>\n","protected":false},"excerpt":{"rendered":"<p>La und\u00e9cima edici\u00f3n del Simposio-Encuentro de Nuevas Tendencias en M\u00fasica y Educaci\u00f3n, SENT-ME, llega a su ecuador en Cocentaina dejando&#8230;<\/p>\n","protected":false},"author":1,"featured_media":154845,"comment_status":"closed","ping_status":"closed","sticky":false,"template":"","format":"standard","meta":{"footnotes":""},"categories":[6909,98,75],"tags":[132,2222,973,19783],"class_list":["post-154844","post","type-post","status-publish","format-standard","has-post-thumbnail","hentry","category-actualidad","category-comarcas","category-noticias","tag-cocentaina","tag-ignacio-garcia-vidal","tag-sent-me","tag-undecima-edicion"],"yoast_head":"<!-- This site is optimized with the Yoast SEO plugin v27.3 - https:\/\/yoast.com\/product\/yoast-seo-wordpress\/ -->\n<title>El SENT-ME llega a su ecuador en Cocentaina superando todas las expectativas - COPE Alcoy<\/title>\n<meta name=\"description\" content=\"El SENT-ME llega a su ecuador en Cocentaina superando todas las expectativas\" \/>\n<meta name=\"robots\" content=\"index, follow, max-snippet:-1, max-image-preview:large, max-video-preview:-1\" \/>\n<link rel=\"canonical\" href=\"https:\/\/www.copealcoy.es\/es\/el-sent-me-llega-a-su-ecuador-en-cocentaina-superando-todas-las-expectativas\/\" \/>\n<meta property=\"og:locale\" content=\"es_ES\" \/>\n<meta property=\"og:type\" content=\"article\" \/>\n<meta property=\"og:title\" content=\"El SENT-ME llega a su ecuador en Cocentaina superando todas las expectativas - COPE Alcoy\" \/>\n<meta property=\"og:description\" content=\"El SENT-ME llega a su ecuador en Cocentaina superando todas las expectativas\" \/>\n<meta property=\"og:url\" content=\"https:\/\/www.copealcoy.es\/es\/el-sent-me-llega-a-su-ecuador-en-cocentaina-superando-todas-las-expectativas\/\" \/>\n<meta property=\"og:site_name\" content=\"COPE Alcoy\" \/>\n<meta property=\"article:published_time\" content=\"2025-07-09T09:14:34+00:00\" \/>\n<meta property=\"og:image\" content=\"https:\/\/www.copealcoy.es\/wp-content\/uploads\/2025\/07\/516819577_1159423682659891_8326254482306261296_n.jpg\" \/>\n\t<meta property=\"og:image:width\" content=\"1549\" \/>\n\t<meta property=\"og:image:height\" content=\"906\" \/>\n\t<meta property=\"og:image:type\" content=\"image\/jpeg\" \/>\n<meta name=\"author\" content=\"Cope Alcoy\" \/>\n<meta name=\"twitter:label1\" content=\"Escrito por\" \/>\n\t<meta name=\"twitter:data1\" content=\"Cope Alcoy\" \/>\n\t<meta name=\"twitter:label2\" content=\"Tiempo de lectura\" \/>\n\t<meta name=\"twitter:data2\" content=\"3 minutos\" \/>\n<script type=\"application\/ld+json\" class=\"yoast-schema-graph\">{\"@context\":\"https:\\\/\\\/schema.org\",\"@graph\":[{\"@type\":\"Article\",\"@id\":\"https:\\\/\\\/www.copealcoy.es\\\/es\\\/el-sent-me-llega-a-su-ecuador-en-cocentaina-superando-todas-las-expectativas\\\/#article\",\"isPartOf\":{\"@id\":\"https:\\\/\\\/www.copealcoy.es\\\/es\\\/el-sent-me-llega-a-su-ecuador-en-cocentaina-superando-todas-las-expectativas\\\/\"},\"author\":{\"name\":\"Cope Alcoy\",\"@id\":\"https:\\\/\\\/www.copealcoy.es\\\/es\\\/#\\\/schema\\\/person\\\/e777c87fa024e57d40170af9df39882c\"},\"headline\":\"El SENT-ME llega a su ecuador en Cocentaina superando todas las expectativas\",\"datePublished\":\"2025-07-09T09:14:34+00:00\",\"mainEntityOfPage\":{\"@id\":\"https:\\\/\\\/www.copealcoy.es\\\/es\\\/el-sent-me-llega-a-su-ecuador-en-cocentaina-superando-todas-las-expectativas\\\/\"},\"wordCount\":395,\"image\":{\"@id\":\"https:\\\/\\\/www.copealcoy.es\\\/es\\\/el-sent-me-llega-a-su-ecuador-en-cocentaina-superando-todas-las-expectativas\\\/#primaryimage\"},\"thumbnailUrl\":\"https:\\\/\\\/www.copealcoy.es\\\/wp-content\\\/uploads\\\/2025\\\/07\\\/516819577_1159423682659891_8326254482306261296_n.jpg\",\"keywords\":[\"Cocentaina\",\"Ignacio Garc\u00eda Vidal\",\"Sent-Me\",\"und\u00e9cima edici\u00f3n\"],\"articleSection\":[\"Actualidad\",\"Comarcas\",\"Noticias\"],\"inLanguage\":\"es\"},{\"@type\":\"WebPage\",\"@id\":\"https:\\\/\\\/www.copealcoy.es\\\/es\\\/el-sent-me-llega-a-su-ecuador-en-cocentaina-superando-todas-las-expectativas\\\/\",\"url\":\"https:\\\/\\\/www.copealcoy.es\\\/es\\\/el-sent-me-llega-a-su-ecuador-en-cocentaina-superando-todas-las-expectativas\\\/\",\"name\":\"El SENT-ME llega a su ecuador en Cocentaina superando todas las expectativas - COPE Alcoy\",\"isPartOf\":{\"@id\":\"https:\\\/\\\/www.copealcoy.es\\\/es\\\/#website\"},\"primaryImageOfPage\":{\"@id\":\"https:\\\/\\\/www.copealcoy.es\\\/es\\\/el-sent-me-llega-a-su-ecuador-en-cocentaina-superando-todas-las-expectativas\\\/#primaryimage\"},\"image\":{\"@id\":\"https:\\\/\\\/www.copealcoy.es\\\/es\\\/el-sent-me-llega-a-su-ecuador-en-cocentaina-superando-todas-las-expectativas\\\/#primaryimage\"},\"thumbnailUrl\":\"https:\\\/\\\/www.copealcoy.es\\\/wp-content\\\/uploads\\\/2025\\\/07\\\/516819577_1159423682659891_8326254482306261296_n.jpg\",\"datePublished\":\"2025-07-09T09:14:34+00:00\",\"author\":{\"@id\":\"https:\\\/\\\/www.copealcoy.es\\\/es\\\/#\\\/schema\\\/person\\\/e777c87fa024e57d40170af9df39882c\"},\"description\":\"El SENT-ME llega a su ecuador en Cocentaina superando todas las expectativas\",\"breadcrumb\":{\"@id\":\"https:\\\/\\\/www.copealcoy.es\\\/es\\\/el-sent-me-llega-a-su-ecuador-en-cocentaina-superando-todas-las-expectativas\\\/#breadcrumb\"},\"inLanguage\":\"es\",\"potentialAction\":[{\"@type\":\"ReadAction\",\"target\":[\"https:\\\/\\\/www.copealcoy.es\\\/es\\\/el-sent-me-llega-a-su-ecuador-en-cocentaina-superando-todas-las-expectativas\\\/\"]}]},{\"@type\":\"ImageObject\",\"inLanguage\":\"es\",\"@id\":\"https:\\\/\\\/www.copealcoy.es\\\/es\\\/el-sent-me-llega-a-su-ecuador-en-cocentaina-superando-todas-las-expectativas\\\/#primaryimage\",\"url\":\"https:\\\/\\\/www.copealcoy.es\\\/wp-content\\\/uploads\\\/2025\\\/07\\\/516819577_1159423682659891_8326254482306261296_n.jpg\",\"contentUrl\":\"https:\\\/\\\/www.copealcoy.es\\\/wp-content\\\/uploads\\\/2025\\\/07\\\/516819577_1159423682659891_8326254482306261296_n.jpg\",\"width\":1549,\"height\":906},{\"@type\":\"BreadcrumbList\",\"@id\":\"https:\\\/\\\/www.copealcoy.es\\\/es\\\/el-sent-me-llega-a-su-ecuador-en-cocentaina-superando-todas-las-expectativas\\\/#breadcrumb\",\"itemListElement\":[{\"@type\":\"ListItem\",\"position\":1,\"name\":\"Portada\",\"item\":\"https:\\\/\\\/www.copealcoy.es\\\/es\\\/\"},{\"@type\":\"ListItem\",\"position\":2,\"name\":\"El SENT-ME llega a su ecuador en Cocentaina superando todas las expectativas\"}]},{\"@type\":\"WebSite\",\"@id\":\"https:\\\/\\\/www.copealcoy.es\\\/es\\\/#website\",\"url\":\"https:\\\/\\\/www.copealcoy.es\\\/es\\\/\",\"name\":\"COPE Alcoy\",\"description\":\"Emisora COPE de radio local con emisi\u00f3n online. Pont de Sant Jordi 8-10 03803 Alcoy\",\"potentialAction\":[{\"@type\":\"SearchAction\",\"target\":{\"@type\":\"EntryPoint\",\"urlTemplate\":\"https:\\\/\\\/www.copealcoy.es\\\/es\\\/?s={search_term_string}\"},\"query-input\":{\"@type\":\"PropertyValueSpecification\",\"valueRequired\":true,\"valueName\":\"search_term_string\"}}],\"inLanguage\":\"es\"},{\"@type\":\"Person\",\"@id\":\"https:\\\/\\\/www.copealcoy.es\\\/es\\\/#\\\/schema\\\/person\\\/e777c87fa024e57d40170af9df39882c\",\"name\":\"Cope Alcoy\",\"image\":{\"@type\":\"ImageObject\",\"inLanguage\":\"es\",\"@id\":\"https:\\\/\\\/secure.gravatar.com\\\/avatar\\\/bb65d0283347e303893ba14f0692005417c1e0e690a325a4c5d8bb2b3943ee14?s=96&d=mm&r=g\",\"url\":\"https:\\\/\\\/secure.gravatar.com\\\/avatar\\\/bb65d0283347e303893ba14f0692005417c1e0e690a325a4c5d8bb2b3943ee14?s=96&d=mm&r=g\",\"contentUrl\":\"https:\\\/\\\/secure.gravatar.com\\\/avatar\\\/bb65d0283347e303893ba14f0692005417c1e0e690a325a4c5d8bb2b3943ee14?s=96&d=mm&r=g\",\"caption\":\"Cope Alcoy\"}}]}<\/script>\n<!-- \/ Yoast SEO plugin. -->","yoast_head_json":{"title":"El SENT-ME llega a su ecuador en Cocentaina superando todas las expectativas - COPE Alcoy","description":"El SENT-ME llega a su ecuador en Cocentaina superando todas las expectativas","robots":{"index":"index","follow":"follow","max-snippet":"max-snippet:-1","max-image-preview":"max-image-preview:large","max-video-preview":"max-video-preview:-1"},"canonical":"https:\/\/www.copealcoy.es\/es\/el-sent-me-llega-a-su-ecuador-en-cocentaina-superando-todas-las-expectativas\/","og_locale":"es_ES","og_type":"article","og_title":"El SENT-ME llega a su ecuador en Cocentaina superando todas las expectativas - COPE Alcoy","og_description":"El SENT-ME llega a su ecuador en Cocentaina superando todas las expectativas","og_url":"https:\/\/www.copealcoy.es\/es\/el-sent-me-llega-a-su-ecuador-en-cocentaina-superando-todas-las-expectativas\/","og_site_name":"COPE Alcoy","article_published_time":"2025-07-09T09:14:34+00:00","og_image":[{"width":1549,"height":906,"url":"https:\/\/www.copealcoy.es\/wp-content\/uploads\/2025\/07\/516819577_1159423682659891_8326254482306261296_n.jpg","type":"image\/jpeg"}],"author":"Cope Alcoy","twitter_misc":{"Escrito por":"Cope Alcoy","Tiempo de lectura":"3 minutos"},"schema":{"@context":"https:\/\/schema.org","@graph":[{"@type":"Article","@id":"https:\/\/www.copealcoy.es\/es\/el-sent-me-llega-a-su-ecuador-en-cocentaina-superando-todas-las-expectativas\/#article","isPartOf":{"@id":"https:\/\/www.copealcoy.es\/es\/el-sent-me-llega-a-su-ecuador-en-cocentaina-superando-todas-las-expectativas\/"},"author":{"name":"Cope Alcoy","@id":"https:\/\/www.copealcoy.es\/es\/#\/schema\/person\/e777c87fa024e57d40170af9df39882c"},"headline":"El SENT-ME llega a su ecuador en Cocentaina superando todas las expectativas","datePublished":"2025-07-09T09:14:34+00:00","mainEntityOfPage":{"@id":"https:\/\/www.copealcoy.es\/es\/el-sent-me-llega-a-su-ecuador-en-cocentaina-superando-todas-las-expectativas\/"},"wordCount":395,"image":{"@id":"https:\/\/www.copealcoy.es\/es\/el-sent-me-llega-a-su-ecuador-en-cocentaina-superando-todas-las-expectativas\/#primaryimage"},"thumbnailUrl":"https:\/\/www.copealcoy.es\/wp-content\/uploads\/2025\/07\/516819577_1159423682659891_8326254482306261296_n.jpg","keywords":["Cocentaina","Ignacio Garc\u00eda Vidal","Sent-Me","und\u00e9cima edici\u00f3n"],"articleSection":["Actualidad","Comarcas","Noticias"],"inLanguage":"es"},{"@type":"WebPage","@id":"https:\/\/www.copealcoy.es\/es\/el-sent-me-llega-a-su-ecuador-en-cocentaina-superando-todas-las-expectativas\/","url":"https:\/\/www.copealcoy.es\/es\/el-sent-me-llega-a-su-ecuador-en-cocentaina-superando-todas-las-expectativas\/","name":"El SENT-ME llega a su ecuador en Cocentaina superando todas las expectativas - COPE Alcoy","isPartOf":{"@id":"https:\/\/www.copealcoy.es\/es\/#website"},"primaryImageOfPage":{"@id":"https:\/\/www.copealcoy.es\/es\/el-sent-me-llega-a-su-ecuador-en-cocentaina-superando-todas-las-expectativas\/#primaryimage"},"image":{"@id":"https:\/\/www.copealcoy.es\/es\/el-sent-me-llega-a-su-ecuador-en-cocentaina-superando-todas-las-expectativas\/#primaryimage"},"thumbnailUrl":"https:\/\/www.copealcoy.es\/wp-content\/uploads\/2025\/07\/516819577_1159423682659891_8326254482306261296_n.jpg","datePublished":"2025-07-09T09:14:34+00:00","author":{"@id":"https:\/\/www.copealcoy.es\/es\/#\/schema\/person\/e777c87fa024e57d40170af9df39882c"},"description":"El SENT-ME llega a su ecuador en Cocentaina superando todas las expectativas","breadcrumb":{"@id":"https:\/\/www.copealcoy.es\/es\/el-sent-me-llega-a-su-ecuador-en-cocentaina-superando-todas-las-expectativas\/#breadcrumb"},"inLanguage":"es","potentialAction":[{"@type":"ReadAction","target":["https:\/\/www.copealcoy.es\/es\/el-sent-me-llega-a-su-ecuador-en-cocentaina-superando-todas-las-expectativas\/"]}]},{"@type":"ImageObject","inLanguage":"es","@id":"https:\/\/www.copealcoy.es\/es\/el-sent-me-llega-a-su-ecuador-en-cocentaina-superando-todas-las-expectativas\/#primaryimage","url":"https:\/\/www.copealcoy.es\/wp-content\/uploads\/2025\/07\/516819577_1159423682659891_8326254482306261296_n.jpg","contentUrl":"https:\/\/www.copealcoy.es\/wp-content\/uploads\/2025\/07\/516819577_1159423682659891_8326254482306261296_n.jpg","width":1549,"height":906},{"@type":"BreadcrumbList","@id":"https:\/\/www.copealcoy.es\/es\/el-sent-me-llega-a-su-ecuador-en-cocentaina-superando-todas-las-expectativas\/#breadcrumb","itemListElement":[{"@type":"ListItem","position":1,"name":"Portada","item":"https:\/\/www.copealcoy.es\/es\/"},{"@type":"ListItem","position":2,"name":"El SENT-ME llega a su ecuador en Cocentaina superando todas las expectativas"}]},{"@type":"WebSite","@id":"https:\/\/www.copealcoy.es\/es\/#website","url":"https:\/\/www.copealcoy.es\/es\/","name":"COPE Alcoy","description":"Emisora COPE de radio local con emisi\u00f3n online. Pont de Sant Jordi 8-10 03803 Alcoy","potentialAction":[{"@type":"SearchAction","target":{"@type":"EntryPoint","urlTemplate":"https:\/\/www.copealcoy.es\/es\/?s={search_term_string}"},"query-input":{"@type":"PropertyValueSpecification","valueRequired":true,"valueName":"search_term_string"}}],"inLanguage":"es"},{"@type":"Person","@id":"https:\/\/www.copealcoy.es\/es\/#\/schema\/person\/e777c87fa024e57d40170af9df39882c","name":"Cope Alcoy","image":{"@type":"ImageObject","inLanguage":"es","@id":"https:\/\/secure.gravatar.com\/avatar\/bb65d0283347e303893ba14f0692005417c1e0e690a325a4c5d8bb2b3943ee14?s=96&d=mm&r=g","url":"https:\/\/secure.gravatar.com\/avatar\/bb65d0283347e303893ba14f0692005417c1e0e690a325a4c5d8bb2b3943ee14?s=96&d=mm&r=g","contentUrl":"https:\/\/secure.gravatar.com\/avatar\/bb65d0283347e303893ba14f0692005417c1e0e690a325a4c5d8bb2b3943ee14?s=96&d=mm&r=g","caption":"Cope Alcoy"}}]}},"_links":{"self":[{"href":"https:\/\/www.copealcoy.es\/es\/wp-json\/wp\/v2\/posts\/154844","targetHints":{"allow":["GET"]}}],"collection":[{"href":"https:\/\/www.copealcoy.es\/es\/wp-json\/wp\/v2\/posts"}],"about":[{"href":"https:\/\/www.copealcoy.es\/es\/wp-json\/wp\/v2\/types\/post"}],"author":[{"embeddable":true,"href":"https:\/\/www.copealcoy.es\/es\/wp-json\/wp\/v2\/users\/1"}],"replies":[{"embeddable":true,"href":"https:\/\/www.copealcoy.es\/es\/wp-json\/wp\/v2\/comments?post=154844"}],"version-history":[{"count":2,"href":"https:\/\/www.copealcoy.es\/es\/wp-json\/wp\/v2\/posts\/154844\/revisions"}],"predecessor-version":[{"id":154849,"href":"https:\/\/www.copealcoy.es\/es\/wp-json\/wp\/v2\/posts\/154844\/revisions\/154849"}],"wp:featuredmedia":[{"embeddable":true,"href":"https:\/\/www.copealcoy.es\/es\/wp-json\/wp\/v2\/media\/154845"}],"wp:attachment":[{"href":"https:\/\/www.copealcoy.es\/es\/wp-json\/wp\/v2\/media?parent=154844"}],"wp:term":[{"taxonomy":"category","embeddable":true,"href":"https:\/\/www.copealcoy.es\/es\/wp-json\/wp\/v2\/categories?post=154844"},{"taxonomy":"post_tag","embeddable":true,"href":"https:\/\/www.copealcoy.es\/es\/wp-json\/wp\/v2\/tags?post=154844"}],"curies":[{"name":"wp","href":"https:\/\/api.w.org\/{rel}","templated":true}]}}