{"id":154826,"date":"2025-07-11T08:00:59","date_gmt":"2025-07-11T07:00:59","guid":{"rendered":"https:\/\/www.copealcoy.es\/?p=154826"},"modified":"2025-07-11T17:39:50","modified_gmt":"2025-07-11T16:39:50","slug":"el-patronat-celebro-su-fiesta-anual-con-gran-participacion-en-todos-los-actos","status":"publish","type":"post","link":"https:\/\/www.copealcoy.es\/es\/el-patronat-celebro-su-fiesta-anual-con-gran-participacion-en-todos-los-actos\/","title":{"rendered":"El Patronat celebr\u00f3 su fiesta anual con gran participaci\u00f3n en todos los actos"},"content":{"rendered":"<p style=\"text-align: justify;\">El <a href=\"https:\/\/www.instagram.com\/patronatcocentaina\/\" target=\"_blank\" rel=\"noopener\"><span style=\"color: #0000ff;\"><strong>Patronat Sagrat Cor de Jes\u00fas de Cocentaina<\/strong><\/span><\/a> celebr\u00f3 a finales de junio sus fiestas anuales, <strong>una tradici\u00f3n muy arraigada en la capital del Comtat<\/strong> y cuyos actos cuentan cada a\u00f1o con una destacada participaci\u00f3n. La jornada central de las celebraciones fue el viernes 27 de junio aunque durante la semana previa se llevaron a cabo diferentes iniciativas de car\u00e1cter cultural, religioso o deportivo.<\/p>\n<p style=\"text-align: justify;\">La programaci\u00f3n arranc\u00f3 con <strong>la colocaci\u00f3n de la ornamentaci\u00f3n<\/strong> en el patio del edificio del Patronat, y en la plaza contigua dedicada al recordado Moss\u00e9n Eugenio Raduan, mientras que el <strong>domingo 22 de junio<\/strong> se llev\u00f3\u00a0 cabo un partido de f\u00fatbol\u00a0 en el campo del Polideportivo Municipal de la Villa Condal. El <strong>lunes 23 de junio<\/strong> por la tarde tuvieron lugar varios torneos deportivos en el mismo Patronat y el <strong>martes 24<\/strong>, coincidiendo con la festividad de San Juan, actu\u00f3 la Rondalla y Coral La Amistad desde las nueve de la noche bajo la direcci\u00f3n de Jos\u00e9 Javier Alvado Serrano. Ya el <strong>mi\u00e9rcoles 25<\/strong>, en el Monasterio de la Mare de D\u00e9u del Miracle, destac\u00f3 la celebraci\u00f3n de una Hora Santa con la participaci\u00f3n de Hakuna Alcoy; una novedad en el programa de Fiestas que tuvo muy buena acogida. Por \u00faltimo, el <strong>jueves 26<\/strong> de junio se efectu\u00f3 la actuaci\u00f3n del Grup de Teatre El Patronat con la puesta en escena de\u00a0 las obras &#8216;La Baixa&#8217; i &#8216;Jutjat de Pau&#8217;.<\/p>\n<p style=\"text-align: justify;\">Los festejos finalizaron el <strong>viernes 27 de junio<\/strong>, festividad del Sagrado Coraz\u00f3n de Jes\u00fas, con la celebraci\u00f3n de una eucarist\u00eda en la iglesia de Santa Mar\u00eda seguida de la posterior procesi\u00f3n desde El Patronat en la que tomaron parte de nuevo los peque\u00f1os de Cocentaina que han recibido este a\u00f1o la Primera Comuni\u00f3n &#8220;<em>estamos muy contentos por la gran acogida que han tenido todas las propuestas que hemos preparado y seguimos trabajando para mantener vivo el importante legado que, a trav\u00e9s del Patronat, dej\u00f3 Moss\u00e9n Eugenio Raduan en nuestro pueblo<\/em>&#8220;, manifest\u00f3 en COPE ALCOY el actual presidente de la instituci\u00f3n. La jornada finaliz\u00f3 con<strong> la entrega de varios trofeos<\/strong>, a los participantes en las actividades deportivas celebradas, y con varios homenajes. Uno a <strong>Pilar Valls<\/strong>, por su entrega al mismo Patronat, y al <strong>Handbol Comtat Femen\u00ed<\/strong> en reconocimiento a su trayectoria deportiva.<\/p>\n<div id='gallery-1' class='gallery galleryid-154826 gallery-columns-2 gallery-size-large'><figure class='gallery-item'>\n\t\t\t<div class='gallery-icon landscape'>\n\t\t\t\t<a href='https:\/\/www.copealcoy.es\/es\/el-patronat-celebro-su-fiesta-anual-con-gran-participacion-en-todos-los-actos\/513917981_3893901737587010_8559663112989607658_n\/'><img loading=\"lazy\" decoding=\"async\" width=\"980\" height=\"588\" src=\"https:\/\/www.copealcoy.es\/wp-content\/uploads\/2025\/07\/513917981_3893901737587010_8559663112989607658_n-980x588.jpg\" class=\"attachment-large size-large\" alt=\"\" \/><\/a>\n\t\t\t<\/div><\/figure><figure class='gallery-item'>\n\t\t\t<div class='gallery-icon landscape'>\n\t\t\t\t<a href='https:\/\/www.copealcoy.es\/es\/el-patronat-celebro-su-fiesta-anual-con-gran-participacion-en-todos-los-actos\/513571819_3893904527586731_774530948858064523_n\/'><img loading=\"lazy\" decoding=\"async\" width=\"980\" height=\"588\" src=\"https:\/\/www.copealcoy.es\/wp-content\/uploads\/2025\/07\/513571819_3893904527586731_774530948858064523_n-980x588.jpg\" class=\"attachment-large size-large\" alt=\"\" \/><\/a>\n\t\t\t<\/div><\/figure><figure class='gallery-item'>\n\t\t\t<div class='gallery-icon landscape'>\n\t\t\t\t<a href='https:\/\/www.copealcoy.es\/es\/el-patronat-celebro-su-fiesta-anual-con-gran-participacion-en-todos-los-actos\/513087247_3893904297586754_1935768418917734095_n\/'><img loading=\"lazy\" decoding=\"async\" width=\"980\" height=\"588\" src=\"https:\/\/www.copealcoy.es\/wp-content\/uploads\/2025\/07\/513087247_3893904297586754_1935768418917734095_n-980x588.jpg\" class=\"attachment-large size-large\" alt=\"\" \/><\/a>\n\t\t\t<\/div><\/figure><figure class='gallery-item'>\n\t\t\t<div class='gallery-icon landscape'>\n\t\t\t\t<a href='https:\/\/www.copealcoy.es\/es\/el-patronat-celebro-su-fiesta-anual-con-gran-participacion-en-todos-los-actos\/512670932_3893912234252627_1818903575800469283_n\/'><img loading=\"lazy\" decoding=\"async\" width=\"980\" height=\"588\" src=\"https:\/\/www.copealcoy.es\/wp-content\/uploads\/2025\/07\/512670932_3893912234252627_1818903575800469283_n-980x588.jpg\" class=\"attachment-large size-large\" alt=\"\" \/><\/a>\n\t\t\t<\/div><\/figure>\n\t\t<\/div>\n\n","protected":false},"excerpt":{"rendered":"<p>El Patronat Sagrat Cor de Jes\u00fas de Cocentaina celebr\u00f3 a finales de junio sus fiestas anuales, una tradici\u00f3n muy arraigada&#8230;<\/p>\n","protected":false},"author":1,"featured_media":154827,"comment_status":"closed","ping_status":"closed","sticky":false,"template":"","format":"standard","meta":{"footnotes":""},"categories":[6909,98,75],"tags":[132,6997,2353,4322],"class_list":["post-154826","post","type-post","status-publish","format-standard","has-post-thumbnail","hentry","category-actualidad","category-comarcas","category-noticias","tag-cocentaina","tag-festividad","tag-patronat","tag-sagrado-corazon-de-jesus"],"yoast_head":"<!-- This site is optimized with the Yoast SEO plugin v27.3 - https:\/\/yoast.com\/product\/yoast-seo-wordpress\/ -->\n<title>El Patronat celebr\u00f3 su fiesta anual con gran participaci\u00f3n en todos los actos - COPE Alcoy<\/title>\n<meta name=\"description\" content=\"El Patronat Sagrat Cor de Jes\u00fas de Cocentaina celebr\u00f3 a finales de junio sus fiestas anuales, una tradici\u00f3n muy arraigada en la capital del Comtat y cuyos actos cuentan cada a\u00f1o con una destacada participaci\u00f3n.\" \/>\n<meta name=\"robots\" content=\"index, follow, max-snippet:-1, max-image-preview:large, max-video-preview:-1\" \/>\n<link rel=\"canonical\" href=\"https:\/\/www.copealcoy.es\/es\/el-patronat-celebro-su-fiesta-anual-con-gran-participacion-en-todos-los-actos\/\" \/>\n<meta property=\"og:locale\" content=\"es_ES\" \/>\n<meta property=\"og:type\" content=\"article\" \/>\n<meta property=\"og:title\" content=\"El Patronat celebr\u00f3 su fiesta anual con gran participaci\u00f3n en todos los actos - COPE Alcoy\" \/>\n<meta property=\"og:description\" content=\"El Patronat Sagrat Cor de Jes\u00fas de Cocentaina celebr\u00f3 a finales de junio sus fiestas anuales, una tradici\u00f3n muy arraigada en la capital del Comtat y cuyos actos cuentan cada a\u00f1o con una destacada participaci\u00f3n.\" \/>\n<meta property=\"og:url\" content=\"https:\/\/www.copealcoy.es\/es\/el-patronat-celebro-su-fiesta-anual-con-gran-participacion-en-todos-los-actos\/\" \/>\n<meta property=\"og:site_name\" content=\"COPE Alcoy\" \/>\n<meta property=\"article:published_time\" content=\"2025-07-11T07:00:59+00:00\" \/>\n<meta property=\"article:modified_time\" content=\"2025-07-11T16:39:50+00:00\" \/>\n<meta property=\"og:image\" content=\"https:\/\/www.copealcoy.es\/wp-content\/uploads\/2025\/07\/513917981_3893901737587010_8559663112989607658_n.jpg\" \/>\n\t<meta property=\"og:image:width\" content=\"1179\" \/>\n\t<meta property=\"og:image:height\" content=\"792\" \/>\n\t<meta property=\"og:image:type\" content=\"image\/jpeg\" \/>\n<meta name=\"author\" content=\"Cope Alcoy\" \/>\n<meta name=\"twitter:label1\" content=\"Escrito por\" \/>\n\t<meta name=\"twitter:data1\" content=\"Cope Alcoy\" \/>\n\t<meta name=\"twitter:label2\" content=\"Tiempo de lectura\" \/>\n\t<meta name=\"twitter:data2\" content=\"3 minutos\" \/>\n<script type=\"application\/ld+json\" class=\"yoast-schema-graph\">{\"@context\":\"https:\\\/\\\/schema.org\",\"@graph\":[{\"@type\":\"Article\",\"@id\":\"https:\\\/\\\/www.copealcoy.es\\\/es\\\/el-patronat-celebro-su-fiesta-anual-con-gran-participacion-en-todos-los-actos\\\/#article\",\"isPartOf\":{\"@id\":\"https:\\\/\\\/www.copealcoy.es\\\/es\\\/el-patronat-celebro-su-fiesta-anual-con-gran-participacion-en-todos-los-actos\\\/\"},\"author\":{\"name\":\"Cope Alcoy\",\"@id\":\"https:\\\/\\\/www.copealcoy.es\\\/es\\\/#\\\/schema\\\/person\\\/e777c87fa024e57d40170af9df39882c\"},\"headline\":\"El Patronat celebr\u00f3 su fiesta anual con gran participaci\u00f3n en todos los actos\",\"datePublished\":\"2025-07-11T07:00:59+00:00\",\"dateModified\":\"2025-07-11T16:39:50+00:00\",\"mainEntityOfPage\":{\"@id\":\"https:\\\/\\\/www.copealcoy.es\\\/es\\\/el-patronat-celebro-su-fiesta-anual-con-gran-participacion-en-todos-los-actos\\\/\"},\"wordCount\":416,\"image\":{\"@id\":\"https:\\\/\\\/www.copealcoy.es\\\/es\\\/el-patronat-celebro-su-fiesta-anual-con-gran-participacion-en-todos-los-actos\\\/#primaryimage\"},\"thumbnailUrl\":\"https:\\\/\\\/www.copealcoy.es\\\/wp-content\\\/uploads\\\/2025\\\/07\\\/513917981_3893901737587010_8559663112989607658_n.jpg\",\"keywords\":[\"Cocentaina\",\"festividad\",\"Patronat\",\"Sagrado Coraz\u00f3n de Jes\u00fas\"],\"articleSection\":[\"Actualidad\",\"Comarcas\",\"Noticias\"],\"inLanguage\":\"es\"},{\"@type\":\"WebPage\",\"@id\":\"https:\\\/\\\/www.copealcoy.es\\\/es\\\/el-patronat-celebro-su-fiesta-anual-con-gran-participacion-en-todos-los-actos\\\/\",\"url\":\"https:\\\/\\\/www.copealcoy.es\\\/es\\\/el-patronat-celebro-su-fiesta-anual-con-gran-participacion-en-todos-los-actos\\\/\",\"name\":\"El Patronat celebr\u00f3 su fiesta anual con gran participaci\u00f3n en todos los actos - COPE Alcoy\",\"isPartOf\":{\"@id\":\"https:\\\/\\\/www.copealcoy.es\\\/es\\\/#website\"},\"primaryImageOfPage\":{\"@id\":\"https:\\\/\\\/www.copealcoy.es\\\/es\\\/el-patronat-celebro-su-fiesta-anual-con-gran-participacion-en-todos-los-actos\\\/#primaryimage\"},\"image\":{\"@id\":\"https:\\\/\\\/www.copealcoy.es\\\/es\\\/el-patronat-celebro-su-fiesta-anual-con-gran-participacion-en-todos-los-actos\\\/#primaryimage\"},\"thumbnailUrl\":\"https:\\\/\\\/www.copealcoy.es\\\/wp-content\\\/uploads\\\/2025\\\/07\\\/513917981_3893901737587010_8559663112989607658_n.jpg\",\"datePublished\":\"2025-07-11T07:00:59+00:00\",\"dateModified\":\"2025-07-11T16:39:50+00:00\",\"author\":{\"@id\":\"https:\\\/\\\/www.copealcoy.es\\\/es\\\/#\\\/schema\\\/person\\\/e777c87fa024e57d40170af9df39882c\"},\"description\":\"El Patronat Sagrat Cor de Jes\u00fas de Cocentaina celebr\u00f3 a finales de junio sus fiestas anuales, una tradici\u00f3n muy arraigada en la capital del Comtat y cuyos actos cuentan cada a\u00f1o con una destacada participaci\u00f3n.\",\"breadcrumb\":{\"@id\":\"https:\\\/\\\/www.copealcoy.es\\\/es\\\/el-patronat-celebro-su-fiesta-anual-con-gran-participacion-en-todos-los-actos\\\/#breadcrumb\"},\"inLanguage\":\"es\",\"potentialAction\":[{\"@type\":\"ReadAction\",\"target\":[\"https:\\\/\\\/www.copealcoy.es\\\/es\\\/el-patronat-celebro-su-fiesta-anual-con-gran-participacion-en-todos-los-actos\\\/\"]}]},{\"@type\":\"ImageObject\",\"inLanguage\":\"es\",\"@id\":\"https:\\\/\\\/www.copealcoy.es\\\/es\\\/el-patronat-celebro-su-fiesta-anual-con-gran-participacion-en-todos-los-actos\\\/#primaryimage\",\"url\":\"https:\\\/\\\/www.copealcoy.es\\\/wp-content\\\/uploads\\\/2025\\\/07\\\/513917981_3893901737587010_8559663112989607658_n.jpg\",\"contentUrl\":\"https:\\\/\\\/www.copealcoy.es\\\/wp-content\\\/uploads\\\/2025\\\/07\\\/513917981_3893901737587010_8559663112989607658_n.jpg\",\"width\":1179,\"height\":792},{\"@type\":\"BreadcrumbList\",\"@id\":\"https:\\\/\\\/www.copealcoy.es\\\/es\\\/el-patronat-celebro-su-fiesta-anual-con-gran-participacion-en-todos-los-actos\\\/#breadcrumb\",\"itemListElement\":[{\"@type\":\"ListItem\",\"position\":1,\"name\":\"Portada\",\"item\":\"https:\\\/\\\/www.copealcoy.es\\\/es\\\/\"},{\"@type\":\"ListItem\",\"position\":2,\"name\":\"El Patronat celebr\u00f3 su fiesta anual con gran participaci\u00f3n en todos los actos\"}]},{\"@type\":\"WebSite\",\"@id\":\"https:\\\/\\\/www.copealcoy.es\\\/es\\\/#website\",\"url\":\"https:\\\/\\\/www.copealcoy.es\\\/es\\\/\",\"name\":\"COPE Alcoy\",\"description\":\"Emisora COPE de radio local con emisi\u00f3n online. Pont de Sant Jordi 8-10 03803 Alcoy\",\"potentialAction\":[{\"@type\":\"SearchAction\",\"target\":{\"@type\":\"EntryPoint\",\"urlTemplate\":\"https:\\\/\\\/www.copealcoy.es\\\/es\\\/?s={search_term_string}\"},\"query-input\":{\"@type\":\"PropertyValueSpecification\",\"valueRequired\":true,\"valueName\":\"search_term_string\"}}],\"inLanguage\":\"es\"},{\"@type\":\"Person\",\"@id\":\"https:\\\/\\\/www.copealcoy.es\\\/es\\\/#\\\/schema\\\/person\\\/e777c87fa024e57d40170af9df39882c\",\"name\":\"Cope Alcoy\",\"image\":{\"@type\":\"ImageObject\",\"inLanguage\":\"es\",\"@id\":\"https:\\\/\\\/secure.gravatar.com\\\/avatar\\\/bb65d0283347e303893ba14f0692005417c1e0e690a325a4c5d8bb2b3943ee14?s=96&d=mm&r=g\",\"url\":\"https:\\\/\\\/secure.gravatar.com\\\/avatar\\\/bb65d0283347e303893ba14f0692005417c1e0e690a325a4c5d8bb2b3943ee14?s=96&d=mm&r=g\",\"contentUrl\":\"https:\\\/\\\/secure.gravatar.com\\\/avatar\\\/bb65d0283347e303893ba14f0692005417c1e0e690a325a4c5d8bb2b3943ee14?s=96&d=mm&r=g\",\"caption\":\"Cope Alcoy\"}}]}<\/script>\n<!-- \/ Yoast SEO plugin. -->","yoast_head_json":{"title":"El Patronat celebr\u00f3 su fiesta anual con gran participaci\u00f3n en todos los actos - COPE Alcoy","description":"El Patronat Sagrat Cor de Jes\u00fas de Cocentaina celebr\u00f3 a finales de junio sus fiestas anuales, una tradici\u00f3n muy arraigada en la capital del Comtat y cuyos actos cuentan cada a\u00f1o con una destacada participaci\u00f3n.","robots":{"index":"index","follow":"follow","max-snippet":"max-snippet:-1","max-image-preview":"max-image-preview:large","max-video-preview":"max-video-preview:-1"},"canonical":"https:\/\/www.copealcoy.es\/es\/el-patronat-celebro-su-fiesta-anual-con-gran-participacion-en-todos-los-actos\/","og_locale":"es_ES","og_type":"article","og_title":"El Patronat celebr\u00f3 su fiesta anual con gran participaci\u00f3n en todos los actos - COPE Alcoy","og_description":"El Patronat Sagrat Cor de Jes\u00fas de Cocentaina celebr\u00f3 a finales de junio sus fiestas anuales, una tradici\u00f3n muy arraigada en la capital del Comtat y cuyos actos cuentan cada a\u00f1o con una destacada participaci\u00f3n.","og_url":"https:\/\/www.copealcoy.es\/es\/el-patronat-celebro-su-fiesta-anual-con-gran-participacion-en-todos-los-actos\/","og_site_name":"COPE Alcoy","article_published_time":"2025-07-11T07:00:59+00:00","article_modified_time":"2025-07-11T16:39:50+00:00","og_image":[{"width":1179,"height":792,"url":"https:\/\/www.copealcoy.es\/wp-content\/uploads\/2025\/07\/513917981_3893901737587010_8559663112989607658_n.jpg","type":"image\/jpeg"}],"author":"Cope Alcoy","twitter_misc":{"Escrito por":"Cope Alcoy","Tiempo de lectura":"3 minutos"},"schema":{"@context":"https:\/\/schema.org","@graph":[{"@type":"Article","@id":"https:\/\/www.copealcoy.es\/es\/el-patronat-celebro-su-fiesta-anual-con-gran-participacion-en-todos-los-actos\/#article","isPartOf":{"@id":"https:\/\/www.copealcoy.es\/es\/el-patronat-celebro-su-fiesta-anual-con-gran-participacion-en-todos-los-actos\/"},"author":{"name":"Cope Alcoy","@id":"https:\/\/www.copealcoy.es\/es\/#\/schema\/person\/e777c87fa024e57d40170af9df39882c"},"headline":"El Patronat celebr\u00f3 su fiesta anual con gran participaci\u00f3n en todos los actos","datePublished":"2025-07-11T07:00:59+00:00","dateModified":"2025-07-11T16:39:50+00:00","mainEntityOfPage":{"@id":"https:\/\/www.copealcoy.es\/es\/el-patronat-celebro-su-fiesta-anual-con-gran-participacion-en-todos-los-actos\/"},"wordCount":416,"image":{"@id":"https:\/\/www.copealcoy.es\/es\/el-patronat-celebro-su-fiesta-anual-con-gran-participacion-en-todos-los-actos\/#primaryimage"},"thumbnailUrl":"https:\/\/www.copealcoy.es\/wp-content\/uploads\/2025\/07\/513917981_3893901737587010_8559663112989607658_n.jpg","keywords":["Cocentaina","festividad","Patronat","Sagrado Coraz\u00f3n de Jes\u00fas"],"articleSection":["Actualidad","Comarcas","Noticias"],"inLanguage":"es"},{"@type":"WebPage","@id":"https:\/\/www.copealcoy.es\/es\/el-patronat-celebro-su-fiesta-anual-con-gran-participacion-en-todos-los-actos\/","url":"https:\/\/www.copealcoy.es\/es\/el-patronat-celebro-su-fiesta-anual-con-gran-participacion-en-todos-los-actos\/","name":"El Patronat celebr\u00f3 su fiesta anual con gran participaci\u00f3n en todos los actos - COPE Alcoy","isPartOf":{"@id":"https:\/\/www.copealcoy.es\/es\/#website"},"primaryImageOfPage":{"@id":"https:\/\/www.copealcoy.es\/es\/el-patronat-celebro-su-fiesta-anual-con-gran-participacion-en-todos-los-actos\/#primaryimage"},"image":{"@id":"https:\/\/www.copealcoy.es\/es\/el-patronat-celebro-su-fiesta-anual-con-gran-participacion-en-todos-los-actos\/#primaryimage"},"thumbnailUrl":"https:\/\/www.copealcoy.es\/wp-content\/uploads\/2025\/07\/513917981_3893901737587010_8559663112989607658_n.jpg","datePublished":"2025-07-11T07:00:59+00:00","dateModified":"2025-07-11T16:39:50+00:00","author":{"@id":"https:\/\/www.copealcoy.es\/es\/#\/schema\/person\/e777c87fa024e57d40170af9df39882c"},"description":"El Patronat Sagrat Cor de Jes\u00fas de Cocentaina celebr\u00f3 a finales de junio sus fiestas anuales, una tradici\u00f3n muy arraigada en la capital del Comtat y cuyos actos cuentan cada a\u00f1o con una destacada participaci\u00f3n.","breadcrumb":{"@id":"https:\/\/www.copealcoy.es\/es\/el-patronat-celebro-su-fiesta-anual-con-gran-participacion-en-todos-los-actos\/#breadcrumb"},"inLanguage":"es","potentialAction":[{"@type":"ReadAction","target":["https:\/\/www.copealcoy.es\/es\/el-patronat-celebro-su-fiesta-anual-con-gran-participacion-en-todos-los-actos\/"]}]},{"@type":"ImageObject","inLanguage":"es","@id":"https:\/\/www.copealcoy.es\/es\/el-patronat-celebro-su-fiesta-anual-con-gran-participacion-en-todos-los-actos\/#primaryimage","url":"https:\/\/www.copealcoy.es\/wp-content\/uploads\/2025\/07\/513917981_3893901737587010_8559663112989607658_n.jpg","contentUrl":"https:\/\/www.copealcoy.es\/wp-content\/uploads\/2025\/07\/513917981_3893901737587010_8559663112989607658_n.jpg","width":1179,"height":792},{"@type":"BreadcrumbList","@id":"https:\/\/www.copealcoy.es\/es\/el-patronat-celebro-su-fiesta-anual-con-gran-participacion-en-todos-los-actos\/#breadcrumb","itemListElement":[{"@type":"ListItem","position":1,"name":"Portada","item":"https:\/\/www.copealcoy.es\/es\/"},{"@type":"ListItem","position":2,"name":"El Patronat celebr\u00f3 su fiesta anual con gran participaci\u00f3n en todos los actos"}]},{"@type":"WebSite","@id":"https:\/\/www.copealcoy.es\/es\/#website","url":"https:\/\/www.copealcoy.es\/es\/","name":"COPE Alcoy","description":"Emisora COPE de radio local con emisi\u00f3n online. Pont de Sant Jordi 8-10 03803 Alcoy","potentialAction":[{"@type":"SearchAction","target":{"@type":"EntryPoint","urlTemplate":"https:\/\/www.copealcoy.es\/es\/?s={search_term_string}"},"query-input":{"@type":"PropertyValueSpecification","valueRequired":true,"valueName":"search_term_string"}}],"inLanguage":"es"},{"@type":"Person","@id":"https:\/\/www.copealcoy.es\/es\/#\/schema\/person\/e777c87fa024e57d40170af9df39882c","name":"Cope Alcoy","image":{"@type":"ImageObject","inLanguage":"es","@id":"https:\/\/secure.gravatar.com\/avatar\/bb65d0283347e303893ba14f0692005417c1e0e690a325a4c5d8bb2b3943ee14?s=96&d=mm&r=g","url":"https:\/\/secure.gravatar.com\/avatar\/bb65d0283347e303893ba14f0692005417c1e0e690a325a4c5d8bb2b3943ee14?s=96&d=mm&r=g","contentUrl":"https:\/\/secure.gravatar.com\/avatar\/bb65d0283347e303893ba14f0692005417c1e0e690a325a4c5d8bb2b3943ee14?s=96&d=mm&r=g","caption":"Cope Alcoy"}}]}},"_links":{"self":[{"href":"https:\/\/www.copealcoy.es\/es\/wp-json\/wp\/v2\/posts\/154826","targetHints":{"allow":["GET"]}}],"collection":[{"href":"https:\/\/www.copealcoy.es\/es\/wp-json\/wp\/v2\/posts"}],"about":[{"href":"https:\/\/www.copealcoy.es\/es\/wp-json\/wp\/v2\/types\/post"}],"author":[{"embeddable":true,"href":"https:\/\/www.copealcoy.es\/es\/wp-json\/wp\/v2\/users\/1"}],"replies":[{"embeddable":true,"href":"https:\/\/www.copealcoy.es\/es\/wp-json\/wp\/v2\/comments?post=154826"}],"version-history":[{"count":3,"href":"https:\/\/www.copealcoy.es\/es\/wp-json\/wp\/v2\/posts\/154826\/revisions"}],"predecessor-version":[{"id":154842,"href":"https:\/\/www.copealcoy.es\/es\/wp-json\/wp\/v2\/posts\/154826\/revisions\/154842"}],"wp:featuredmedia":[{"embeddable":true,"href":"https:\/\/www.copealcoy.es\/es\/wp-json\/wp\/v2\/media\/154827"}],"wp:attachment":[{"href":"https:\/\/www.copealcoy.es\/es\/wp-json\/wp\/v2\/media?parent=154826"}],"wp:term":[{"taxonomy":"category","embeddable":true,"href":"https:\/\/www.copealcoy.es\/es\/wp-json\/wp\/v2\/categories?post=154826"},{"taxonomy":"post_tag","embeddable":true,"href":"https:\/\/www.copealcoy.es\/es\/wp-json\/wp\/v2\/tags?post=154826"}],"curies":[{"name":"wp","href":"https:\/\/api.w.org\/{rel}","templated":true}]}}