{"id":154779,"date":"2025-07-08T14:00:41","date_gmt":"2025-07-08T13:00:41","guid":{"rendered":"https:\/\/www.copealcoy.es\/?p=154779"},"modified":"2025-07-08T14:05:10","modified_gmt":"2025-07-08T13:05:10","slug":"el-comercio-de-alcoy-optimista-ante-las-rebajas-de-verano-esperamos-una-buena-campana","status":"publish","type":"post","link":"https:\/\/www.copealcoy.es\/es\/el-comercio-de-alcoy-optimista-ante-las-rebajas-de-verano-esperamos-una-buena-campana\/","title":{"rendered":"El comercio de Alcoy optimista ante las rebajas de verano: &#8220;esperamos una buena campa\u00f1a&#8221;"},"content":{"rendered":"<p style=\"text-align: justify;\">Pese a que los descuentos ya se aplican pr\u00e1cticamente durante buena parte del a\u00f1o, <strong>los periodos de rebajas de invierno y verano<\/strong> siguen siendo un importante aliciente para el comercio. La campa\u00f1a de rebajas, en esta caso de verano, ya est\u00e1 en marcha en Alcoy y los comerciantes de la ciudad la afrontan con cierto optimismo confiando en que haya un buen ritmo de ventas durante estas semanas.<\/p>\n<p style=\"text-align: justify;\">As\u00ed lo ha explicado en COPE ALCOY <strong>Alejandro Cerro<\/strong>, al frente de <a href=\"https:\/\/www.facebook.com\/alcoycomercial\/?locale=es_ES\" target=\"_blank\" rel=\"noopener\"><span style=\"color: #0000ff;\"><strong>la Federaci\u00f3n de Alcoy Comercial<\/strong><\/span><\/a>, y tambi\u00e9n responsable de un negocio en la ciudad. Este \u00faltimo ha recordado que al actual periodo de rebajas se llega tras una temporada que en t\u00e9rminos generales ha sido m\u00e1s satisfactoria que las anteriores &#8220;<em>el hecho de que la climatolog\u00eda haya sido acorde, especialmente en invierno y en buena parte de la primavera, ha propiciado que los establecimientos de ropa o complementos tuvieran un importante ritmo de ventas que fue tambi\u00e9n notable de cara a periodos concretos como las Fiestas de Moros y Cristiano<\/em>s&#8221;, asegura. Pese a esas buenas sensaciones, deja claro que el comercio local &#8220;<em>no est\u00e1 para echar cohetes<\/em>&#8221; al mismo tiempo que conf\u00eda en los resultados que puedan dejar estas rebajas veraniegas &#8220;<em>es una \u00e9poca en la que, de nuevo, moda y complementos despiertan el inter\u00e9s de los clientes. Aprovechamos para realizar una liberaci\u00f3n de stock para que entren nuevos productos pero tambi\u00e9n se ofrecen importantes descuentos en art\u00edculos propios del periodo estival. Todo esto, unido a que el calor ha venido fuerte desde junio, nos hace pensar en que ser\u00e1 una campa\u00f1a relativamente positiva para nuestro comercio<\/em>&#8221; concluye el presidente de la Federaci\u00f3n Alcoy Comercial.<\/p>\n<p style=\"text-align: justify;\">Las rebajas de verano <strong>est\u00e1n ofreciendo descuentos en sus primeros d\u00edas del 40% e incluso 50%<\/strong> en algunas tiendas y negocios. Este periodo, que comenz\u00f3 de forma oficial el pasado 27 de junio, estar\u00e1 en marcha hasta el 31 de agosto.<\/p>\n<p><em>Imagen: COPE<\/em><\/p>\n","protected":false},"excerpt":{"rendered":"<p>Pese a que los descuentos ya se aplican pr\u00e1cticamente durante buena parte del a\u00f1o, los periodos de rebajas de invierno&#8230;<\/p>\n","protected":false},"author":1,"featured_media":154780,"comment_status":"closed","ping_status":"closed","sticky":false,"template":"","format":"standard","meta":{"footnotes":""},"categories":[6909,97,75,125],"tags":[1494,199,3336,511,1149],"class_list":["post-154779","post","type-post","status-publish","format-standard","has-post-thumbnail","hentry","category-actualidad","category-alcoy","category-noticias","category-portada","tag-alcoy","tag-campana","tag-federacion-alcoy-comercial","tag-rebajas","tag-verano"],"yoast_head":"<!-- This site is optimized with the Yoast SEO plugin v27.3 - https:\/\/yoast.com\/product\/yoast-seo-wordpress\/ -->\n<title>El comercio de Alcoy optimista ante las rebajas de verano: &quot;esperamos una buena campa\u00f1a&quot; - COPE Alcoy<\/title>\n<meta name=\"description\" content=\"El comercio de Alcoy optimista ante las rebajas de verano: &quot;esperamos una buena campa\u00f1a&quot;\" \/>\n<meta name=\"robots\" content=\"index, follow, max-snippet:-1, max-image-preview:large, max-video-preview:-1\" \/>\n<link rel=\"canonical\" href=\"https:\/\/www.copealcoy.es\/es\/el-comercio-de-alcoy-optimista-ante-las-rebajas-de-verano-esperamos-una-buena-campana\/\" \/>\n<meta property=\"og:locale\" content=\"es_ES\" \/>\n<meta property=\"og:type\" content=\"article\" \/>\n<meta property=\"og:title\" content=\"El comercio de Alcoy optimista ante las rebajas de verano: &quot;esperamos una buena campa\u00f1a&quot; - COPE Alcoy\" \/>\n<meta property=\"og:description\" content=\"El comercio de Alcoy optimista ante las rebajas de verano: &quot;esperamos una buena campa\u00f1a&quot;\" \/>\n<meta property=\"og:url\" content=\"https:\/\/www.copealcoy.es\/es\/el-comercio-de-alcoy-optimista-ante-las-rebajas-de-verano-esperamos-una-buena-campana\/\" \/>\n<meta property=\"og:site_name\" content=\"COPE Alcoy\" \/>\n<meta property=\"article:published_time\" content=\"2025-07-08T13:00:41+00:00\" \/>\n<meta property=\"article:modified_time\" content=\"2025-07-08T13:05:10+00:00\" \/>\n<meta property=\"og:image\" content=\"https:\/\/www.copealcoy.es\/wp-content\/uploads\/2025\/07\/677d2f1dbee80-1.jpg\" \/>\n\t<meta property=\"og:image:width\" content=\"583\" \/>\n\t<meta property=\"og:image:height\" content=\"330\" \/>\n\t<meta property=\"og:image:type\" content=\"image\/jpeg\" \/>\n<meta name=\"author\" content=\"Cope Alcoy\" \/>\n<meta name=\"twitter:label1\" content=\"Escrito por\" \/>\n\t<meta name=\"twitter:data1\" content=\"Cope Alcoy\" \/>\n\t<meta name=\"twitter:label2\" content=\"Tiempo de lectura\" \/>\n\t<meta name=\"twitter:data2\" content=\"2 minutos\" \/>\n<script type=\"application\/ld+json\" class=\"yoast-schema-graph\">{\"@context\":\"https:\\\/\\\/schema.org\",\"@graph\":[{\"@type\":\"Article\",\"@id\":\"https:\\\/\\\/www.copealcoy.es\\\/es\\\/el-comercio-de-alcoy-optimista-ante-las-rebajas-de-verano-esperamos-una-buena-campana\\\/#article\",\"isPartOf\":{\"@id\":\"https:\\\/\\\/www.copealcoy.es\\\/es\\\/el-comercio-de-alcoy-optimista-ante-las-rebajas-de-verano-esperamos-una-buena-campana\\\/\"},\"author\":{\"name\":\"Cope Alcoy\",\"@id\":\"https:\\\/\\\/www.copealcoy.es\\\/es\\\/#\\\/schema\\\/person\\\/e777c87fa024e57d40170af9df39882c\"},\"headline\":\"El comercio de Alcoy optimista ante las rebajas de verano: &#8220;esperamos una buena campa\u00f1a&#8221;\",\"datePublished\":\"2025-07-08T13:00:41+00:00\",\"dateModified\":\"2025-07-08T13:05:10+00:00\",\"mainEntityOfPage\":{\"@id\":\"https:\\\/\\\/www.copealcoy.es\\\/es\\\/el-comercio-de-alcoy-optimista-ante-las-rebajas-de-verano-esperamos-una-buena-campana\\\/\"},\"wordCount\":347,\"image\":{\"@id\":\"https:\\\/\\\/www.copealcoy.es\\\/es\\\/el-comercio-de-alcoy-optimista-ante-las-rebajas-de-verano-esperamos-una-buena-campana\\\/#primaryimage\"},\"thumbnailUrl\":\"https:\\\/\\\/www.copealcoy.es\\\/wp-content\\\/uploads\\\/2025\\\/07\\\/677d2f1dbee80-1.jpg\",\"keywords\":[\"Alcoy\",\"Campa\u00f1a\",\"Federaci\u00f3n Alcoy Comercial\",\"Rebajas\",\"Verano\"],\"articleSection\":[\"Actualidad\",\"Alcoy\",\"Noticias\",\"Portada\"],\"inLanguage\":\"es\"},{\"@type\":\"WebPage\",\"@id\":\"https:\\\/\\\/www.copealcoy.es\\\/es\\\/el-comercio-de-alcoy-optimista-ante-las-rebajas-de-verano-esperamos-una-buena-campana\\\/\",\"url\":\"https:\\\/\\\/www.copealcoy.es\\\/es\\\/el-comercio-de-alcoy-optimista-ante-las-rebajas-de-verano-esperamos-una-buena-campana\\\/\",\"name\":\"El comercio de Alcoy optimista ante las rebajas de verano: \\\"esperamos una buena campa\u00f1a\\\" - COPE Alcoy\",\"isPartOf\":{\"@id\":\"https:\\\/\\\/www.copealcoy.es\\\/es\\\/#website\"},\"primaryImageOfPage\":{\"@id\":\"https:\\\/\\\/www.copealcoy.es\\\/es\\\/el-comercio-de-alcoy-optimista-ante-las-rebajas-de-verano-esperamos-una-buena-campana\\\/#primaryimage\"},\"image\":{\"@id\":\"https:\\\/\\\/www.copealcoy.es\\\/es\\\/el-comercio-de-alcoy-optimista-ante-las-rebajas-de-verano-esperamos-una-buena-campana\\\/#primaryimage\"},\"thumbnailUrl\":\"https:\\\/\\\/www.copealcoy.es\\\/wp-content\\\/uploads\\\/2025\\\/07\\\/677d2f1dbee80-1.jpg\",\"datePublished\":\"2025-07-08T13:00:41+00:00\",\"dateModified\":\"2025-07-08T13:05:10+00:00\",\"author\":{\"@id\":\"https:\\\/\\\/www.copealcoy.es\\\/es\\\/#\\\/schema\\\/person\\\/e777c87fa024e57d40170af9df39882c\"},\"description\":\"El comercio de Alcoy optimista ante las rebajas de verano: \\\"esperamos una buena campa\u00f1a\\\"\",\"breadcrumb\":{\"@id\":\"https:\\\/\\\/www.copealcoy.es\\\/es\\\/el-comercio-de-alcoy-optimista-ante-las-rebajas-de-verano-esperamos-una-buena-campana\\\/#breadcrumb\"},\"inLanguage\":\"es\",\"potentialAction\":[{\"@type\":\"ReadAction\",\"target\":[\"https:\\\/\\\/www.copealcoy.es\\\/es\\\/el-comercio-de-alcoy-optimista-ante-las-rebajas-de-verano-esperamos-una-buena-campana\\\/\"]}]},{\"@type\":\"ImageObject\",\"inLanguage\":\"es\",\"@id\":\"https:\\\/\\\/www.copealcoy.es\\\/es\\\/el-comercio-de-alcoy-optimista-ante-las-rebajas-de-verano-esperamos-una-buena-campana\\\/#primaryimage\",\"url\":\"https:\\\/\\\/www.copealcoy.es\\\/wp-content\\\/uploads\\\/2025\\\/07\\\/677d2f1dbee80-1.jpg\",\"contentUrl\":\"https:\\\/\\\/www.copealcoy.es\\\/wp-content\\\/uploads\\\/2025\\\/07\\\/677d2f1dbee80-1.jpg\",\"width\":583,\"height\":330},{\"@type\":\"BreadcrumbList\",\"@id\":\"https:\\\/\\\/www.copealcoy.es\\\/es\\\/el-comercio-de-alcoy-optimista-ante-las-rebajas-de-verano-esperamos-una-buena-campana\\\/#breadcrumb\",\"itemListElement\":[{\"@type\":\"ListItem\",\"position\":1,\"name\":\"Portada\",\"item\":\"https:\\\/\\\/www.copealcoy.es\\\/es\\\/\"},{\"@type\":\"ListItem\",\"position\":2,\"name\":\"El comercio de Alcoy optimista ante las rebajas de verano: &#8220;esperamos una buena campa\u00f1a&#8221;\"}]},{\"@type\":\"WebSite\",\"@id\":\"https:\\\/\\\/www.copealcoy.es\\\/es\\\/#website\",\"url\":\"https:\\\/\\\/www.copealcoy.es\\\/es\\\/\",\"name\":\"COPE Alcoy\",\"description\":\"Emisora COPE de radio local con emisi\u00f3n online. Pont de Sant Jordi 8-10 03803 Alcoy\",\"potentialAction\":[{\"@type\":\"SearchAction\",\"target\":{\"@type\":\"EntryPoint\",\"urlTemplate\":\"https:\\\/\\\/www.copealcoy.es\\\/es\\\/?s={search_term_string}\"},\"query-input\":{\"@type\":\"PropertyValueSpecification\",\"valueRequired\":true,\"valueName\":\"search_term_string\"}}],\"inLanguage\":\"es\"},{\"@type\":\"Person\",\"@id\":\"https:\\\/\\\/www.copealcoy.es\\\/es\\\/#\\\/schema\\\/person\\\/e777c87fa024e57d40170af9df39882c\",\"name\":\"Cope Alcoy\",\"image\":{\"@type\":\"ImageObject\",\"inLanguage\":\"es\",\"@id\":\"https:\\\/\\\/secure.gravatar.com\\\/avatar\\\/bb65d0283347e303893ba14f0692005417c1e0e690a325a4c5d8bb2b3943ee14?s=96&d=mm&r=g\",\"url\":\"https:\\\/\\\/secure.gravatar.com\\\/avatar\\\/bb65d0283347e303893ba14f0692005417c1e0e690a325a4c5d8bb2b3943ee14?s=96&d=mm&r=g\",\"contentUrl\":\"https:\\\/\\\/secure.gravatar.com\\\/avatar\\\/bb65d0283347e303893ba14f0692005417c1e0e690a325a4c5d8bb2b3943ee14?s=96&d=mm&r=g\",\"caption\":\"Cope Alcoy\"}}]}<\/script>\n<!-- \/ Yoast SEO plugin. -->","yoast_head_json":{"title":"El comercio de Alcoy optimista ante las rebajas de verano: \"esperamos una buena campa\u00f1a\" - COPE Alcoy","description":"El comercio de Alcoy optimista ante las rebajas de verano: \"esperamos una buena campa\u00f1a\"","robots":{"index":"index","follow":"follow","max-snippet":"max-snippet:-1","max-image-preview":"max-image-preview:large","max-video-preview":"max-video-preview:-1"},"canonical":"https:\/\/www.copealcoy.es\/es\/el-comercio-de-alcoy-optimista-ante-las-rebajas-de-verano-esperamos-una-buena-campana\/","og_locale":"es_ES","og_type":"article","og_title":"El comercio de Alcoy optimista ante las rebajas de verano: \"esperamos una buena campa\u00f1a\" - COPE Alcoy","og_description":"El comercio de Alcoy optimista ante las rebajas de verano: \"esperamos una buena campa\u00f1a\"","og_url":"https:\/\/www.copealcoy.es\/es\/el-comercio-de-alcoy-optimista-ante-las-rebajas-de-verano-esperamos-una-buena-campana\/","og_site_name":"COPE Alcoy","article_published_time":"2025-07-08T13:00:41+00:00","article_modified_time":"2025-07-08T13:05:10+00:00","og_image":[{"width":583,"height":330,"url":"https:\/\/www.copealcoy.es\/wp-content\/uploads\/2025\/07\/677d2f1dbee80-1.jpg","type":"image\/jpeg"}],"author":"Cope Alcoy","twitter_misc":{"Escrito por":"Cope Alcoy","Tiempo de lectura":"2 minutos"},"schema":{"@context":"https:\/\/schema.org","@graph":[{"@type":"Article","@id":"https:\/\/www.copealcoy.es\/es\/el-comercio-de-alcoy-optimista-ante-las-rebajas-de-verano-esperamos-una-buena-campana\/#article","isPartOf":{"@id":"https:\/\/www.copealcoy.es\/es\/el-comercio-de-alcoy-optimista-ante-las-rebajas-de-verano-esperamos-una-buena-campana\/"},"author":{"name":"Cope Alcoy","@id":"https:\/\/www.copealcoy.es\/es\/#\/schema\/person\/e777c87fa024e57d40170af9df39882c"},"headline":"El comercio de Alcoy optimista ante las rebajas de verano: &#8220;esperamos una buena campa\u00f1a&#8221;","datePublished":"2025-07-08T13:00:41+00:00","dateModified":"2025-07-08T13:05:10+00:00","mainEntityOfPage":{"@id":"https:\/\/www.copealcoy.es\/es\/el-comercio-de-alcoy-optimista-ante-las-rebajas-de-verano-esperamos-una-buena-campana\/"},"wordCount":347,"image":{"@id":"https:\/\/www.copealcoy.es\/es\/el-comercio-de-alcoy-optimista-ante-las-rebajas-de-verano-esperamos-una-buena-campana\/#primaryimage"},"thumbnailUrl":"https:\/\/www.copealcoy.es\/wp-content\/uploads\/2025\/07\/677d2f1dbee80-1.jpg","keywords":["Alcoy","Campa\u00f1a","Federaci\u00f3n Alcoy Comercial","Rebajas","Verano"],"articleSection":["Actualidad","Alcoy","Noticias","Portada"],"inLanguage":"es"},{"@type":"WebPage","@id":"https:\/\/www.copealcoy.es\/es\/el-comercio-de-alcoy-optimista-ante-las-rebajas-de-verano-esperamos-una-buena-campana\/","url":"https:\/\/www.copealcoy.es\/es\/el-comercio-de-alcoy-optimista-ante-las-rebajas-de-verano-esperamos-una-buena-campana\/","name":"El comercio de Alcoy optimista ante las rebajas de verano: \"esperamos una buena campa\u00f1a\" - COPE Alcoy","isPartOf":{"@id":"https:\/\/www.copealcoy.es\/es\/#website"},"primaryImageOfPage":{"@id":"https:\/\/www.copealcoy.es\/es\/el-comercio-de-alcoy-optimista-ante-las-rebajas-de-verano-esperamos-una-buena-campana\/#primaryimage"},"image":{"@id":"https:\/\/www.copealcoy.es\/es\/el-comercio-de-alcoy-optimista-ante-las-rebajas-de-verano-esperamos-una-buena-campana\/#primaryimage"},"thumbnailUrl":"https:\/\/www.copealcoy.es\/wp-content\/uploads\/2025\/07\/677d2f1dbee80-1.jpg","datePublished":"2025-07-08T13:00:41+00:00","dateModified":"2025-07-08T13:05:10+00:00","author":{"@id":"https:\/\/www.copealcoy.es\/es\/#\/schema\/person\/e777c87fa024e57d40170af9df39882c"},"description":"El comercio de Alcoy optimista ante las rebajas de verano: \"esperamos una buena campa\u00f1a\"","breadcrumb":{"@id":"https:\/\/www.copealcoy.es\/es\/el-comercio-de-alcoy-optimista-ante-las-rebajas-de-verano-esperamos-una-buena-campana\/#breadcrumb"},"inLanguage":"es","potentialAction":[{"@type":"ReadAction","target":["https:\/\/www.copealcoy.es\/es\/el-comercio-de-alcoy-optimista-ante-las-rebajas-de-verano-esperamos-una-buena-campana\/"]}]},{"@type":"ImageObject","inLanguage":"es","@id":"https:\/\/www.copealcoy.es\/es\/el-comercio-de-alcoy-optimista-ante-las-rebajas-de-verano-esperamos-una-buena-campana\/#primaryimage","url":"https:\/\/www.copealcoy.es\/wp-content\/uploads\/2025\/07\/677d2f1dbee80-1.jpg","contentUrl":"https:\/\/www.copealcoy.es\/wp-content\/uploads\/2025\/07\/677d2f1dbee80-1.jpg","width":583,"height":330},{"@type":"BreadcrumbList","@id":"https:\/\/www.copealcoy.es\/es\/el-comercio-de-alcoy-optimista-ante-las-rebajas-de-verano-esperamos-una-buena-campana\/#breadcrumb","itemListElement":[{"@type":"ListItem","position":1,"name":"Portada","item":"https:\/\/www.copealcoy.es\/es\/"},{"@type":"ListItem","position":2,"name":"El comercio de Alcoy optimista ante las rebajas de verano: &#8220;esperamos una buena campa\u00f1a&#8221;"}]},{"@type":"WebSite","@id":"https:\/\/www.copealcoy.es\/es\/#website","url":"https:\/\/www.copealcoy.es\/es\/","name":"COPE Alcoy","description":"Emisora COPE de radio local con emisi\u00f3n online. Pont de Sant Jordi 8-10 03803 Alcoy","potentialAction":[{"@type":"SearchAction","target":{"@type":"EntryPoint","urlTemplate":"https:\/\/www.copealcoy.es\/es\/?s={search_term_string}"},"query-input":{"@type":"PropertyValueSpecification","valueRequired":true,"valueName":"search_term_string"}}],"inLanguage":"es"},{"@type":"Person","@id":"https:\/\/www.copealcoy.es\/es\/#\/schema\/person\/e777c87fa024e57d40170af9df39882c","name":"Cope Alcoy","image":{"@type":"ImageObject","inLanguage":"es","@id":"https:\/\/secure.gravatar.com\/avatar\/bb65d0283347e303893ba14f0692005417c1e0e690a325a4c5d8bb2b3943ee14?s=96&d=mm&r=g","url":"https:\/\/secure.gravatar.com\/avatar\/bb65d0283347e303893ba14f0692005417c1e0e690a325a4c5d8bb2b3943ee14?s=96&d=mm&r=g","contentUrl":"https:\/\/secure.gravatar.com\/avatar\/bb65d0283347e303893ba14f0692005417c1e0e690a325a4c5d8bb2b3943ee14?s=96&d=mm&r=g","caption":"Cope Alcoy"}}]}},"_links":{"self":[{"href":"https:\/\/www.copealcoy.es\/es\/wp-json\/wp\/v2\/posts\/154779","targetHints":{"allow":["GET"]}}],"collection":[{"href":"https:\/\/www.copealcoy.es\/es\/wp-json\/wp\/v2\/posts"}],"about":[{"href":"https:\/\/www.copealcoy.es\/es\/wp-json\/wp\/v2\/types\/post"}],"author":[{"embeddable":true,"href":"https:\/\/www.copealcoy.es\/es\/wp-json\/wp\/v2\/users\/1"}],"replies":[{"embeddable":true,"href":"https:\/\/www.copealcoy.es\/es\/wp-json\/wp\/v2\/comments?post=154779"}],"version-history":[{"count":3,"href":"https:\/\/www.copealcoy.es\/es\/wp-json\/wp\/v2\/posts\/154779\/revisions"}],"predecessor-version":[{"id":154785,"href":"https:\/\/www.copealcoy.es\/es\/wp-json\/wp\/v2\/posts\/154779\/revisions\/154785"}],"wp:featuredmedia":[{"embeddable":true,"href":"https:\/\/www.copealcoy.es\/es\/wp-json\/wp\/v2\/media\/154780"}],"wp:attachment":[{"href":"https:\/\/www.copealcoy.es\/es\/wp-json\/wp\/v2\/media?parent=154779"}],"wp:term":[{"taxonomy":"category","embeddable":true,"href":"https:\/\/www.copealcoy.es\/es\/wp-json\/wp\/v2\/categories?post=154779"},{"taxonomy":"post_tag","embeddable":true,"href":"https:\/\/www.copealcoy.es\/es\/wp-json\/wp\/v2\/tags?post=154779"}],"curies":[{"name":"wp","href":"https:\/\/api.w.org\/{rel}","templated":true}]}}