{"id":154763,"date":"2025-07-10T08:30:59","date_gmt":"2025-07-10T07:30:59","guid":{"rendered":"https:\/\/www.copealcoy.es\/?p=154763"},"modified":"2025-07-10T16:41:41","modified_gmt":"2025-07-10T15:41:41","slug":"la-festa-de-cocentaina-presenta-a-los-cargos-del-ano-2025","status":"publish","type":"post","link":"https:\/\/www.copealcoy.es\/es\/la-festa-de-cocentaina-presenta-a-los-cargos-del-ano-2025\/","title":{"rendered":"La Festa de Cocentaina presenta a los Cargos del a\u00f1o 2025"},"content":{"rendered":"<p style=\"text-align: justify;\">El <strong>patio de armas del Palau Comtal de Cocentaina<\/strong> volvi\u00f3 a servir de escenario el pasado s\u00e1bado 5 de julio para<strong> la Presentaci\u00f3n de los Cargos Festeros<\/strong>, acto que sirve cada a\u00f1o para <strong>dar a conocer en sociedad a los principales protagonistas de las celebraciones en honor a San Hip\u00f3lito M\u00e1rtir<\/strong>. La gala, que cont\u00f3 con la asistencia de festeros y festeras de cada una de las Filaes, arranc\u00f3 a las nueve de la noche y estuvo conducida en esta ocasi\u00f3n por el periodista <strong>David Javaloyes Palac\u00ed<\/strong>.<\/p>\n<p style=\"text-align: justify;\">La ceremonia avanz\u00f3 con la intervenci\u00f3n del presidente de la <a href=\"http:\/\/www.jfcocentaina.com\/\" target=\"_blank\" rel=\"noopener\"><span style=\"color: #0000ff;\"><strong>Junta de Festes<\/strong><\/span><\/a>, <strong>Rafael Monar<\/strong>, y este \u00faltimo aprovech\u00f3 sus palabras para agradecer el apoyo recibido durante los tres \u00faltimos a\u00f1os en los que ha estado al frente de la m\u00e1xima entidad festera contestana. Todo ello antes de que se despida de esta responsabilidad una vez pase la trilog\u00eda del 2025. A continuaci\u00f3n se descubri\u00f3 el cartel anunciador de Fiestas, <strong>obra de la contestana Tere Cerver<\/strong>, y en el que sobresalen la figura de un moro y un cristiano junto a elementos que identifican a ambos bandos, el Castell, la m\u00fasica o el logotipo conmemorativo del 425 aniversario de la elecci\u00f3n y proclamaci\u00f3n de San Hip\u00f3lito M\u00e1rtir como patr\u00f3n de la localidad &#8220;<em>espero que el resultado guste a la gente y estoy muy agradecida por el hecho de que hayan pensando en m\u00ed para realizar este trabajo<\/em>&#8220;, afirm\u00f3 la creadora.<\/p>\n<p style=\"text-align: justify;\">Tras ello se dio a conocer al m\u00fasico <strong>Jaume Gavil\u00e1n <\/strong>como director del Himno de Fiestas y, posteriormente, subieron al escenario quienes centrar\u00e1n todas las miradas durante los Moros y Cristianos del segundo fin de semana de agosto. Se trata de <strong>Diego Pascual<\/strong> (Abanderado Moro de la Fil\u00e0 Bereberes &#8216;Els Borts&#8217;), <strong>Olimpia Cerd\u00e0<\/strong> (Abanderada Cristiana de la Fil\u00e0 Contestanos), <strong>Ignasi Belda<\/strong> (Capit\u00e1n Moro de la Fil\u00e0 Manta Roja) y <strong>Germ\u00e1n Palac\u00ed<\/strong> (Capit\u00e1n Cristiano de la Fil\u00e0 Creuats). Como es habitual, <strong>recibieron un detalle en recuerdo de esta jornada tan especial y tambi\u00e9n intervinieron ante el p\u00fablico<\/strong> destacando lo que para ellos supone ejercer los diferentes cargos que llevar\u00e1n a cabo en las pr\u00f3ximas Fiestas.<\/p>\n<p style=\"text-align: justify;\">La Presentaci\u00f3n de Cargos lleg\u00f3 a su fin con las palabras del mantenedor del acto, <strong>el m\u00fasico y compositor contestano Francisco Valor<\/strong>, y el discurso de <strong>Rub\u00e9n Mu\u00f1oz<\/strong> como nuevo alcalde de la capital del Comtat. Con la interpretaci\u00f3n del Himno de Fiestas finaliz\u00f3 la gala dando paso despu\u00e9s a <strong>una cena<\/strong> que se alarg\u00f3 hasta bien entrada la madrugada.<\/p>\n","protected":false},"excerpt":{"rendered":"<p>El patio de armas del Palau Comtal de Cocentaina volvi\u00f3 a servir de escenario el pasado s\u00e1bado 5 de julio&#8230;<\/p>\n","protected":false},"author":1,"featured_media":154764,"comment_status":"closed","ping_status":"closed","sticky":false,"template":"","format":"standard","meta":{"footnotes":""},"categories":[6909,98,75],"tags":[132,565,609,4354,4488],"class_list":["post-154763","post","type-post","status-publish","format-standard","has-post-thumbnail","hentry","category-actualidad","category-comarcas","category-noticias","tag-cocentaina","tag-fiestas","tag-moros-y-cristianos","tag-presentacion-de-cargos","tag-san-hipolito-martir"],"yoast_head":"<!-- This site is optimized with the Yoast SEO plugin v27.3 - https:\/\/yoast.com\/product\/yoast-seo-wordpress\/ -->\n<title>La Festa de Cocentaina presenta a los Cargos del a\u00f1o 2025 - COPE Alcoy<\/title>\n<meta name=\"description\" content=\"La Festa de Cocentaina presenta a los Cargos del a\u00f1o 2025\" \/>\n<meta name=\"robots\" content=\"index, follow, max-snippet:-1, max-image-preview:large, max-video-preview:-1\" \/>\n<link rel=\"canonical\" href=\"https:\/\/www.copealcoy.es\/es\/la-festa-de-cocentaina-presenta-a-los-cargos-del-ano-2025\/\" \/>\n<meta property=\"og:locale\" content=\"es_ES\" \/>\n<meta property=\"og:type\" content=\"article\" \/>\n<meta property=\"og:title\" content=\"La Festa de Cocentaina presenta a los Cargos del a\u00f1o 2025 - COPE Alcoy\" \/>\n<meta property=\"og:description\" content=\"La Festa de Cocentaina presenta a los Cargos del a\u00f1o 2025\" \/>\n<meta property=\"og:url\" content=\"https:\/\/www.copealcoy.es\/es\/la-festa-de-cocentaina-presenta-a-los-cargos-del-ano-2025\/\" \/>\n<meta property=\"og:site_name\" content=\"COPE Alcoy\" \/>\n<meta property=\"article:published_time\" content=\"2025-07-10T07:30:59+00:00\" \/>\n<meta property=\"article:modified_time\" content=\"2025-07-10T15:41:41+00:00\" \/>\n<meta property=\"og:image\" content=\"https:\/\/www.copealcoy.es\/wp-content\/uploads\/2025\/07\/unnamed-1-2.jpg\" \/>\n\t<meta property=\"og:image:width\" content=\"1477\" \/>\n\t<meta property=\"og:image:height\" content=\"916\" \/>\n\t<meta property=\"og:image:type\" content=\"image\/jpeg\" \/>\n<meta name=\"author\" content=\"Cope Alcoy\" \/>\n<meta name=\"twitter:label1\" content=\"Escrito por\" \/>\n\t<meta name=\"twitter:data1\" content=\"Cope Alcoy\" \/>\n\t<meta name=\"twitter:label2\" content=\"Tiempo de lectura\" \/>\n\t<meta name=\"twitter:data2\" content=\"3 minutos\" \/>\n<script type=\"application\/ld+json\" class=\"yoast-schema-graph\">{\"@context\":\"https:\\\/\\\/schema.org\",\"@graph\":[{\"@type\":\"Article\",\"@id\":\"https:\\\/\\\/www.copealcoy.es\\\/es\\\/la-festa-de-cocentaina-presenta-a-los-cargos-del-ano-2025\\\/#article\",\"isPartOf\":{\"@id\":\"https:\\\/\\\/www.copealcoy.es\\\/es\\\/la-festa-de-cocentaina-presenta-a-los-cargos-del-ano-2025\\\/\"},\"author\":{\"name\":\"Cope Alcoy\",\"@id\":\"https:\\\/\\\/www.copealcoy.es\\\/es\\\/#\\\/schema\\\/person\\\/e777c87fa024e57d40170af9df39882c\"},\"headline\":\"La Festa de Cocentaina presenta a los Cargos del a\u00f1o 2025\",\"datePublished\":\"2025-07-10T07:30:59+00:00\",\"dateModified\":\"2025-07-10T15:41:41+00:00\",\"mainEntityOfPage\":{\"@id\":\"https:\\\/\\\/www.copealcoy.es\\\/es\\\/la-festa-de-cocentaina-presenta-a-los-cargos-del-ano-2025\\\/\"},\"wordCount\":452,\"image\":{\"@id\":\"https:\\\/\\\/www.copealcoy.es\\\/es\\\/la-festa-de-cocentaina-presenta-a-los-cargos-del-ano-2025\\\/#primaryimage\"},\"thumbnailUrl\":\"https:\\\/\\\/www.copealcoy.es\\\/wp-content\\\/uploads\\\/2025\\\/07\\\/unnamed-1-2.jpg\",\"keywords\":[\"Cocentaina\",\"Fiestas\",\"Moros Y Cristianos\",\"Presentaci\u00f3n de Cargos\",\"San Hip\u00f3lito M\u00e1rtir\"],\"articleSection\":[\"Actualidad\",\"Comarcas\",\"Noticias\"],\"inLanguage\":\"es\"},{\"@type\":\"WebPage\",\"@id\":\"https:\\\/\\\/www.copealcoy.es\\\/es\\\/la-festa-de-cocentaina-presenta-a-los-cargos-del-ano-2025\\\/\",\"url\":\"https:\\\/\\\/www.copealcoy.es\\\/es\\\/la-festa-de-cocentaina-presenta-a-los-cargos-del-ano-2025\\\/\",\"name\":\"La Festa de Cocentaina presenta a los Cargos del a\u00f1o 2025 - COPE Alcoy\",\"isPartOf\":{\"@id\":\"https:\\\/\\\/www.copealcoy.es\\\/es\\\/#website\"},\"primaryImageOfPage\":{\"@id\":\"https:\\\/\\\/www.copealcoy.es\\\/es\\\/la-festa-de-cocentaina-presenta-a-los-cargos-del-ano-2025\\\/#primaryimage\"},\"image\":{\"@id\":\"https:\\\/\\\/www.copealcoy.es\\\/es\\\/la-festa-de-cocentaina-presenta-a-los-cargos-del-ano-2025\\\/#primaryimage\"},\"thumbnailUrl\":\"https:\\\/\\\/www.copealcoy.es\\\/wp-content\\\/uploads\\\/2025\\\/07\\\/unnamed-1-2.jpg\",\"datePublished\":\"2025-07-10T07:30:59+00:00\",\"dateModified\":\"2025-07-10T15:41:41+00:00\",\"author\":{\"@id\":\"https:\\\/\\\/www.copealcoy.es\\\/es\\\/#\\\/schema\\\/person\\\/e777c87fa024e57d40170af9df39882c\"},\"description\":\"La Festa de Cocentaina presenta a los Cargos del a\u00f1o 2025\",\"breadcrumb\":{\"@id\":\"https:\\\/\\\/www.copealcoy.es\\\/es\\\/la-festa-de-cocentaina-presenta-a-los-cargos-del-ano-2025\\\/#breadcrumb\"},\"inLanguage\":\"es\",\"potentialAction\":[{\"@type\":\"ReadAction\",\"target\":[\"https:\\\/\\\/www.copealcoy.es\\\/es\\\/la-festa-de-cocentaina-presenta-a-los-cargos-del-ano-2025\\\/\"]}]},{\"@type\":\"ImageObject\",\"inLanguage\":\"es\",\"@id\":\"https:\\\/\\\/www.copealcoy.es\\\/es\\\/la-festa-de-cocentaina-presenta-a-los-cargos-del-ano-2025\\\/#primaryimage\",\"url\":\"https:\\\/\\\/www.copealcoy.es\\\/wp-content\\\/uploads\\\/2025\\\/07\\\/unnamed-1-2.jpg\",\"contentUrl\":\"https:\\\/\\\/www.copealcoy.es\\\/wp-content\\\/uploads\\\/2025\\\/07\\\/unnamed-1-2.jpg\",\"width\":1477,\"height\":916},{\"@type\":\"BreadcrumbList\",\"@id\":\"https:\\\/\\\/www.copealcoy.es\\\/es\\\/la-festa-de-cocentaina-presenta-a-los-cargos-del-ano-2025\\\/#breadcrumb\",\"itemListElement\":[{\"@type\":\"ListItem\",\"position\":1,\"name\":\"Portada\",\"item\":\"https:\\\/\\\/www.copealcoy.es\\\/es\\\/\"},{\"@type\":\"ListItem\",\"position\":2,\"name\":\"La Festa de Cocentaina presenta a los Cargos del a\u00f1o 2025\"}]},{\"@type\":\"WebSite\",\"@id\":\"https:\\\/\\\/www.copealcoy.es\\\/es\\\/#website\",\"url\":\"https:\\\/\\\/www.copealcoy.es\\\/es\\\/\",\"name\":\"COPE Alcoy\",\"description\":\"Emisora COPE de radio local con emisi\u00f3n online. Pont de Sant Jordi 8-10 03803 Alcoy\",\"potentialAction\":[{\"@type\":\"SearchAction\",\"target\":{\"@type\":\"EntryPoint\",\"urlTemplate\":\"https:\\\/\\\/www.copealcoy.es\\\/es\\\/?s={search_term_string}\"},\"query-input\":{\"@type\":\"PropertyValueSpecification\",\"valueRequired\":true,\"valueName\":\"search_term_string\"}}],\"inLanguage\":\"es\"},{\"@type\":\"Person\",\"@id\":\"https:\\\/\\\/www.copealcoy.es\\\/es\\\/#\\\/schema\\\/person\\\/e777c87fa024e57d40170af9df39882c\",\"name\":\"Cope Alcoy\",\"image\":{\"@type\":\"ImageObject\",\"inLanguage\":\"es\",\"@id\":\"https:\\\/\\\/secure.gravatar.com\\\/avatar\\\/bb65d0283347e303893ba14f0692005417c1e0e690a325a4c5d8bb2b3943ee14?s=96&d=mm&r=g\",\"url\":\"https:\\\/\\\/secure.gravatar.com\\\/avatar\\\/bb65d0283347e303893ba14f0692005417c1e0e690a325a4c5d8bb2b3943ee14?s=96&d=mm&r=g\",\"contentUrl\":\"https:\\\/\\\/secure.gravatar.com\\\/avatar\\\/bb65d0283347e303893ba14f0692005417c1e0e690a325a4c5d8bb2b3943ee14?s=96&d=mm&r=g\",\"caption\":\"Cope Alcoy\"}}]}<\/script>\n<!-- \/ Yoast SEO plugin. -->","yoast_head_json":{"title":"La Festa de Cocentaina presenta a los Cargos del a\u00f1o 2025 - COPE Alcoy","description":"La Festa de Cocentaina presenta a los Cargos del a\u00f1o 2025","robots":{"index":"index","follow":"follow","max-snippet":"max-snippet:-1","max-image-preview":"max-image-preview:large","max-video-preview":"max-video-preview:-1"},"canonical":"https:\/\/www.copealcoy.es\/es\/la-festa-de-cocentaina-presenta-a-los-cargos-del-ano-2025\/","og_locale":"es_ES","og_type":"article","og_title":"La Festa de Cocentaina presenta a los Cargos del a\u00f1o 2025 - COPE Alcoy","og_description":"La Festa de Cocentaina presenta a los Cargos del a\u00f1o 2025","og_url":"https:\/\/www.copealcoy.es\/es\/la-festa-de-cocentaina-presenta-a-los-cargos-del-ano-2025\/","og_site_name":"COPE Alcoy","article_published_time":"2025-07-10T07:30:59+00:00","article_modified_time":"2025-07-10T15:41:41+00:00","og_image":[{"width":1477,"height":916,"url":"https:\/\/www.copealcoy.es\/wp-content\/uploads\/2025\/07\/unnamed-1-2.jpg","type":"image\/jpeg"}],"author":"Cope Alcoy","twitter_misc":{"Escrito por":"Cope Alcoy","Tiempo de lectura":"3 minutos"},"schema":{"@context":"https:\/\/schema.org","@graph":[{"@type":"Article","@id":"https:\/\/www.copealcoy.es\/es\/la-festa-de-cocentaina-presenta-a-los-cargos-del-ano-2025\/#article","isPartOf":{"@id":"https:\/\/www.copealcoy.es\/es\/la-festa-de-cocentaina-presenta-a-los-cargos-del-ano-2025\/"},"author":{"name":"Cope Alcoy","@id":"https:\/\/www.copealcoy.es\/es\/#\/schema\/person\/e777c87fa024e57d40170af9df39882c"},"headline":"La Festa de Cocentaina presenta a los Cargos del a\u00f1o 2025","datePublished":"2025-07-10T07:30:59+00:00","dateModified":"2025-07-10T15:41:41+00:00","mainEntityOfPage":{"@id":"https:\/\/www.copealcoy.es\/es\/la-festa-de-cocentaina-presenta-a-los-cargos-del-ano-2025\/"},"wordCount":452,"image":{"@id":"https:\/\/www.copealcoy.es\/es\/la-festa-de-cocentaina-presenta-a-los-cargos-del-ano-2025\/#primaryimage"},"thumbnailUrl":"https:\/\/www.copealcoy.es\/wp-content\/uploads\/2025\/07\/unnamed-1-2.jpg","keywords":["Cocentaina","Fiestas","Moros Y Cristianos","Presentaci\u00f3n de Cargos","San Hip\u00f3lito M\u00e1rtir"],"articleSection":["Actualidad","Comarcas","Noticias"],"inLanguage":"es"},{"@type":"WebPage","@id":"https:\/\/www.copealcoy.es\/es\/la-festa-de-cocentaina-presenta-a-los-cargos-del-ano-2025\/","url":"https:\/\/www.copealcoy.es\/es\/la-festa-de-cocentaina-presenta-a-los-cargos-del-ano-2025\/","name":"La Festa de Cocentaina presenta a los Cargos del a\u00f1o 2025 - COPE Alcoy","isPartOf":{"@id":"https:\/\/www.copealcoy.es\/es\/#website"},"primaryImageOfPage":{"@id":"https:\/\/www.copealcoy.es\/es\/la-festa-de-cocentaina-presenta-a-los-cargos-del-ano-2025\/#primaryimage"},"image":{"@id":"https:\/\/www.copealcoy.es\/es\/la-festa-de-cocentaina-presenta-a-los-cargos-del-ano-2025\/#primaryimage"},"thumbnailUrl":"https:\/\/www.copealcoy.es\/wp-content\/uploads\/2025\/07\/unnamed-1-2.jpg","datePublished":"2025-07-10T07:30:59+00:00","dateModified":"2025-07-10T15:41:41+00:00","author":{"@id":"https:\/\/www.copealcoy.es\/es\/#\/schema\/person\/e777c87fa024e57d40170af9df39882c"},"description":"La Festa de Cocentaina presenta a los Cargos del a\u00f1o 2025","breadcrumb":{"@id":"https:\/\/www.copealcoy.es\/es\/la-festa-de-cocentaina-presenta-a-los-cargos-del-ano-2025\/#breadcrumb"},"inLanguage":"es","potentialAction":[{"@type":"ReadAction","target":["https:\/\/www.copealcoy.es\/es\/la-festa-de-cocentaina-presenta-a-los-cargos-del-ano-2025\/"]}]},{"@type":"ImageObject","inLanguage":"es","@id":"https:\/\/www.copealcoy.es\/es\/la-festa-de-cocentaina-presenta-a-los-cargos-del-ano-2025\/#primaryimage","url":"https:\/\/www.copealcoy.es\/wp-content\/uploads\/2025\/07\/unnamed-1-2.jpg","contentUrl":"https:\/\/www.copealcoy.es\/wp-content\/uploads\/2025\/07\/unnamed-1-2.jpg","width":1477,"height":916},{"@type":"BreadcrumbList","@id":"https:\/\/www.copealcoy.es\/es\/la-festa-de-cocentaina-presenta-a-los-cargos-del-ano-2025\/#breadcrumb","itemListElement":[{"@type":"ListItem","position":1,"name":"Portada","item":"https:\/\/www.copealcoy.es\/es\/"},{"@type":"ListItem","position":2,"name":"La Festa de Cocentaina presenta a los Cargos del a\u00f1o 2025"}]},{"@type":"WebSite","@id":"https:\/\/www.copealcoy.es\/es\/#website","url":"https:\/\/www.copealcoy.es\/es\/","name":"COPE Alcoy","description":"Emisora COPE de radio local con emisi\u00f3n online. Pont de Sant Jordi 8-10 03803 Alcoy","potentialAction":[{"@type":"SearchAction","target":{"@type":"EntryPoint","urlTemplate":"https:\/\/www.copealcoy.es\/es\/?s={search_term_string}"},"query-input":{"@type":"PropertyValueSpecification","valueRequired":true,"valueName":"search_term_string"}}],"inLanguage":"es"},{"@type":"Person","@id":"https:\/\/www.copealcoy.es\/es\/#\/schema\/person\/e777c87fa024e57d40170af9df39882c","name":"Cope Alcoy","image":{"@type":"ImageObject","inLanguage":"es","@id":"https:\/\/secure.gravatar.com\/avatar\/bb65d0283347e303893ba14f0692005417c1e0e690a325a4c5d8bb2b3943ee14?s=96&d=mm&r=g","url":"https:\/\/secure.gravatar.com\/avatar\/bb65d0283347e303893ba14f0692005417c1e0e690a325a4c5d8bb2b3943ee14?s=96&d=mm&r=g","contentUrl":"https:\/\/secure.gravatar.com\/avatar\/bb65d0283347e303893ba14f0692005417c1e0e690a325a4c5d8bb2b3943ee14?s=96&d=mm&r=g","caption":"Cope Alcoy"}}]}},"_links":{"self":[{"href":"https:\/\/www.copealcoy.es\/es\/wp-json\/wp\/v2\/posts\/154763","targetHints":{"allow":["GET"]}}],"collection":[{"href":"https:\/\/www.copealcoy.es\/es\/wp-json\/wp\/v2\/posts"}],"about":[{"href":"https:\/\/www.copealcoy.es\/es\/wp-json\/wp\/v2\/types\/post"}],"author":[{"embeddable":true,"href":"https:\/\/www.copealcoy.es\/es\/wp-json\/wp\/v2\/users\/1"}],"replies":[{"embeddable":true,"href":"https:\/\/www.copealcoy.es\/es\/wp-json\/wp\/v2\/comments?post=154763"}],"version-history":[{"count":1,"href":"https:\/\/www.copealcoy.es\/es\/wp-json\/wp\/v2\/posts\/154763\/revisions"}],"predecessor-version":[{"id":154766,"href":"https:\/\/www.copealcoy.es\/es\/wp-json\/wp\/v2\/posts\/154763\/revisions\/154766"}],"wp:featuredmedia":[{"embeddable":true,"href":"https:\/\/www.copealcoy.es\/es\/wp-json\/wp\/v2\/media\/154764"}],"wp:attachment":[{"href":"https:\/\/www.copealcoy.es\/es\/wp-json\/wp\/v2\/media?parent=154763"}],"wp:term":[{"taxonomy":"category","embeddable":true,"href":"https:\/\/www.copealcoy.es\/es\/wp-json\/wp\/v2\/categories?post=154763"},{"taxonomy":"post_tag","embeddable":true,"href":"https:\/\/www.copealcoy.es\/es\/wp-json\/wp\/v2\/tags?post=154763"}],"curies":[{"name":"wp","href":"https:\/\/api.w.org\/{rel}","templated":true}]}}