{"id":154744,"date":"2025-07-07T12:14:26","date_gmt":"2025-07-07T11:14:26","guid":{"rendered":"https:\/\/www.copealcoy.es\/?p=154744"},"modified":"2025-07-07T12:15:02","modified_gmt":"2025-07-07T11:15:02","slug":"estas-son-las-obras-previstas-en-la-uixola-de-alcoy-para-adaptar-la-plaza-al-cambio-climatico","status":"publish","type":"post","link":"https:\/\/www.copealcoy.es\/es\/estas-son-las-obras-previstas-en-la-uixola-de-alcoy-para-adaptar-la-plaza-al-cambio-climatico\/","title":{"rendered":"Estas son las obras previstas en La Uixola de Alcoy para adaptar la plaza al cambio clim\u00e1tico"},"content":{"rendered":"<p style=\"text-align: justify;\">El <a href=\"https:\/\/www.alcoi.org\/ca\/portal\/index.html\" target=\"_blank\" rel=\"noopener\"><strong><span style=\"color: #0000ff;\">Ayuntamiento de Alcoy<\/span><\/strong><\/a> ha licitado esta semana, seg\u00fan la informaci\u00f3n facilitada, dos importantes proyectos dentro del <strong>programa AlcoiBioUp!. <\/strong>Esta \u00faltima, como ya venimos informando en COPE ALCOY, se concibe como una estrategia local para <strong>promover la biodiversidad y la adaptaci\u00f3n al cambio clim\u00e1tico<\/strong> en el entorno urbano, contando adem\u00e1s con apoyo financiero de la Uni\u00f3n Europea mediante el Plan de Recuperaci\u00f3n, Transformaci\u00f3n y Resiliencia (PRTR) financiado por NextGenerationEU.<\/p>\n<p style=\"text-align: justify;\">La <strong>primera actuaci\u00f3n<\/strong> contempla la renaturalizaci\u00f3n y mejora de la plaza Enric Valor, conocida como La Uixola. Con un presupuesto base de 130.661,53 euros (sin impuestos) y un importe total de 158.100,45 euros, las obras <strong>buscan incrementar la superficie vegetal, crear una cubierta verde y potenciar la biodiversidad<\/strong> en un espacio actualmente dominado por superficies de hormig\u00f3n. El plazo previsto para su ejecuci\u00f3n es de cuatro meses, con finalizaci\u00f3n antes del 15 de diciembre de 2025. La intervenci\u00f3n, redactada por la UTE formada por Ingenier\u00eda del Entorno Natural y Belda Ingenieros, incluye revegetaci\u00f3n con especies aut\u00f3ctonas y de bajo consumo h\u00eddrico, adem\u00e1s de mejoras en zonas de estancia y espacios infantiles. Tambi\u00e9n se contempla una propuesta voluntaria valorada en m\u00e1s de 10.000 euros para garantizar el mantenimiento a largo plazo &#8220;<em>son proyectos que permiten seguir avanzando en la transformaci\u00f3n verde de Alcoy. No solo recuperamos espacios degradados sino que tambi\u00e9n creamos entornos m\u00e1s saludables y resilientes para toda la ciudadan\u00eda&#8221;\u00a0<\/em>detalla la edil de Transici\u00f3n Ecol\u00f3gica; <strong>Tere Sanju\u00e1n<\/strong>.<\/p>\n<p style=\"text-align: justify;\">Por otro lado, <strong>tambi\u00e9n se han licitado las obras para transformar el entorno del camino de Solsides<\/strong>, dentro de la acci\u00f3n B12 del mismo programa. Con un presupuesto base de 82.568,48 euros (sin impuestos) y un coste total cercano a los 100.000 euros, este proyecto tiene como objetivo recuperar un espacio degradado mediante la eliminaci\u00f3n de residuos y ruinas presentes en una superficie de 9,09 hect\u00e1reas. Posteriormente, se proceder\u00e1 a la restauraci\u00f3n vegetal con especies aut\u00f3ctonas adaptadas al cambio clim\u00e1tico, adem\u00e1s de instalar se\u00f1al\u00e9tica interpretativa y mejorar el acceso peatonal al \u00e1rea.<\/p>\n","protected":false},"excerpt":{"rendered":"<p>El Ayuntamiento de Alcoy ha licitado esta semana, seg\u00fan la informaci\u00f3n facilitada, dos importantes proyectos dentro del programa AlcoiBioUp!. Esta&#8230;<\/p>\n","protected":false},"author":1,"featured_media":154745,"comment_status":"closed","ping_status":"closed","sticky":false,"template":"","format":"standard","meta":{"footnotes":""},"categories":[6909,97,75,125],"tags":[10726,1494,2863,19778,452],"class_list":["post-154744","post","type-post","status-publish","format-standard","has-post-thumbnail","hentry","category-actualidad","category-alcoy","category-noticias","category-portada","tag-adaptacion","tag-alcoy","tag-cambio-climatico","tag-la-uixola","tag-proyectos"],"yoast_head":"<!-- This site is optimized with the Yoast SEO plugin v27.3 - https:\/\/yoast.com\/product\/yoast-seo-wordpress\/ -->\n<title>Estas son las obras previstas en La Uixola de Alcoy para adaptar la plaza al cambio clim\u00e1tico - COPE Alcoy<\/title>\n<meta name=\"description\" content=\"El Ayuntamiento de Alcoy ha licitado esta semana, seg\u00fan la informaci\u00f3n facilitada, dos importantes proyectos dentro del programa AlcoiBioUp!\" \/>\n<meta name=\"robots\" content=\"index, follow, max-snippet:-1, max-image-preview:large, max-video-preview:-1\" \/>\n<link rel=\"canonical\" href=\"https:\/\/www.copealcoy.es\/es\/estas-son-las-obras-previstas-en-la-uixola-de-alcoy-para-adaptar-la-plaza-al-cambio-climatico\/\" \/>\n<meta property=\"og:locale\" content=\"es_ES\" \/>\n<meta property=\"og:type\" content=\"article\" \/>\n<meta property=\"og:title\" content=\"Estas son las obras previstas en La Uixola de Alcoy para adaptar la plaza al cambio clim\u00e1tico - COPE Alcoy\" \/>\n<meta property=\"og:description\" content=\"El Ayuntamiento de Alcoy ha licitado esta semana, seg\u00fan la informaci\u00f3n facilitada, dos importantes proyectos dentro del programa AlcoiBioUp!\" \/>\n<meta property=\"og:url\" content=\"https:\/\/www.copealcoy.es\/es\/estas-son-las-obras-previstas-en-la-uixola-de-alcoy-para-adaptar-la-plaza-al-cambio-climatico\/\" \/>\n<meta property=\"og:site_name\" content=\"COPE Alcoy\" \/>\n<meta property=\"article:published_time\" content=\"2025-07-07T11:14:26+00:00\" \/>\n<meta property=\"article:modified_time\" content=\"2025-07-07T11:15:02+00:00\" \/>\n<meta property=\"og:image\" content=\"https:\/\/www.copealcoy.es\/wp-content\/uploads\/2025\/07\/1.png\" \/>\n\t<meta property=\"og:image:width\" content=\"1318\" \/>\n\t<meta property=\"og:image:height\" content=\"606\" \/>\n\t<meta property=\"og:image:type\" content=\"image\/png\" \/>\n<meta name=\"author\" content=\"Cope Alcoy\" \/>\n<meta name=\"twitter:label1\" content=\"Escrito por\" \/>\n\t<meta name=\"twitter:data1\" content=\"Cope Alcoy\" \/>\n\t<meta name=\"twitter:label2\" content=\"Tiempo de lectura\" \/>\n\t<meta name=\"twitter:data2\" content=\"2 minutos\" \/>\n<script type=\"application\/ld+json\" class=\"yoast-schema-graph\">{\"@context\":\"https:\\\/\\\/schema.org\",\"@graph\":[{\"@type\":\"Article\",\"@id\":\"https:\\\/\\\/www.copealcoy.es\\\/es\\\/estas-son-las-obras-previstas-en-la-uixola-de-alcoy-para-adaptar-la-plaza-al-cambio-climatico\\\/#article\",\"isPartOf\":{\"@id\":\"https:\\\/\\\/www.copealcoy.es\\\/es\\\/estas-son-las-obras-previstas-en-la-uixola-de-alcoy-para-adaptar-la-plaza-al-cambio-climatico\\\/\"},\"author\":{\"name\":\"Cope Alcoy\",\"@id\":\"https:\\\/\\\/www.copealcoy.es\\\/es\\\/#\\\/schema\\\/person\\\/e777c87fa024e57d40170af9df39882c\"},\"headline\":\"Estas son las obras previstas en La Uixola de Alcoy para adaptar la plaza al cambio clim\u00e1tico\",\"datePublished\":\"2025-07-07T11:14:26+00:00\",\"dateModified\":\"2025-07-07T11:15:02+00:00\",\"mainEntityOfPage\":{\"@id\":\"https:\\\/\\\/www.copealcoy.es\\\/es\\\/estas-son-las-obras-previstas-en-la-uixola-de-alcoy-para-adaptar-la-plaza-al-cambio-climatico\\\/\"},\"wordCount\":377,\"image\":{\"@id\":\"https:\\\/\\\/www.copealcoy.es\\\/es\\\/estas-son-las-obras-previstas-en-la-uixola-de-alcoy-para-adaptar-la-plaza-al-cambio-climatico\\\/#primaryimage\"},\"thumbnailUrl\":\"https:\\\/\\\/www.copealcoy.es\\\/wp-content\\\/uploads\\\/2025\\\/07\\\/1.png\",\"keywords\":[\"adaptaci\u00f3n\",\"Alcoy\",\"cambio clim\u00e1tico\",\"La Uixola\",\"Proyectos\"],\"articleSection\":[\"Actualidad\",\"Alcoy\",\"Noticias\",\"Portada\"],\"inLanguage\":\"es\"},{\"@type\":\"WebPage\",\"@id\":\"https:\\\/\\\/www.copealcoy.es\\\/es\\\/estas-son-las-obras-previstas-en-la-uixola-de-alcoy-para-adaptar-la-plaza-al-cambio-climatico\\\/\",\"url\":\"https:\\\/\\\/www.copealcoy.es\\\/es\\\/estas-son-las-obras-previstas-en-la-uixola-de-alcoy-para-adaptar-la-plaza-al-cambio-climatico\\\/\",\"name\":\"Estas son las obras previstas en La Uixola de Alcoy para adaptar la plaza al cambio clim\u00e1tico - COPE Alcoy\",\"isPartOf\":{\"@id\":\"https:\\\/\\\/www.copealcoy.es\\\/es\\\/#website\"},\"primaryImageOfPage\":{\"@id\":\"https:\\\/\\\/www.copealcoy.es\\\/es\\\/estas-son-las-obras-previstas-en-la-uixola-de-alcoy-para-adaptar-la-plaza-al-cambio-climatico\\\/#primaryimage\"},\"image\":{\"@id\":\"https:\\\/\\\/www.copealcoy.es\\\/es\\\/estas-son-las-obras-previstas-en-la-uixola-de-alcoy-para-adaptar-la-plaza-al-cambio-climatico\\\/#primaryimage\"},\"thumbnailUrl\":\"https:\\\/\\\/www.copealcoy.es\\\/wp-content\\\/uploads\\\/2025\\\/07\\\/1.png\",\"datePublished\":\"2025-07-07T11:14:26+00:00\",\"dateModified\":\"2025-07-07T11:15:02+00:00\",\"author\":{\"@id\":\"https:\\\/\\\/www.copealcoy.es\\\/es\\\/#\\\/schema\\\/person\\\/e777c87fa024e57d40170af9df39882c\"},\"description\":\"El Ayuntamiento de Alcoy ha licitado esta semana, seg\u00fan la informaci\u00f3n facilitada, dos importantes proyectos dentro del programa AlcoiBioUp!\",\"breadcrumb\":{\"@id\":\"https:\\\/\\\/www.copealcoy.es\\\/es\\\/estas-son-las-obras-previstas-en-la-uixola-de-alcoy-para-adaptar-la-plaza-al-cambio-climatico\\\/#breadcrumb\"},\"inLanguage\":\"es\",\"potentialAction\":[{\"@type\":\"ReadAction\",\"target\":[\"https:\\\/\\\/www.copealcoy.es\\\/es\\\/estas-son-las-obras-previstas-en-la-uixola-de-alcoy-para-adaptar-la-plaza-al-cambio-climatico\\\/\"]}]},{\"@type\":\"ImageObject\",\"inLanguage\":\"es\",\"@id\":\"https:\\\/\\\/www.copealcoy.es\\\/es\\\/estas-son-las-obras-previstas-en-la-uixola-de-alcoy-para-adaptar-la-plaza-al-cambio-climatico\\\/#primaryimage\",\"url\":\"https:\\\/\\\/www.copealcoy.es\\\/wp-content\\\/uploads\\\/2025\\\/07\\\/1.png\",\"contentUrl\":\"https:\\\/\\\/www.copealcoy.es\\\/wp-content\\\/uploads\\\/2025\\\/07\\\/1.png\",\"width\":1318,\"height\":606},{\"@type\":\"BreadcrumbList\",\"@id\":\"https:\\\/\\\/www.copealcoy.es\\\/es\\\/estas-son-las-obras-previstas-en-la-uixola-de-alcoy-para-adaptar-la-plaza-al-cambio-climatico\\\/#breadcrumb\",\"itemListElement\":[{\"@type\":\"ListItem\",\"position\":1,\"name\":\"Portada\",\"item\":\"https:\\\/\\\/www.copealcoy.es\\\/es\\\/\"},{\"@type\":\"ListItem\",\"position\":2,\"name\":\"Estas son las obras previstas en La Uixola de Alcoy para adaptar la plaza al cambio clim\u00e1tico\"}]},{\"@type\":\"WebSite\",\"@id\":\"https:\\\/\\\/www.copealcoy.es\\\/es\\\/#website\",\"url\":\"https:\\\/\\\/www.copealcoy.es\\\/es\\\/\",\"name\":\"COPE Alcoy\",\"description\":\"Emisora COPE de radio local con emisi\u00f3n online. Pont de Sant Jordi 8-10 03803 Alcoy\",\"potentialAction\":[{\"@type\":\"SearchAction\",\"target\":{\"@type\":\"EntryPoint\",\"urlTemplate\":\"https:\\\/\\\/www.copealcoy.es\\\/es\\\/?s={search_term_string}\"},\"query-input\":{\"@type\":\"PropertyValueSpecification\",\"valueRequired\":true,\"valueName\":\"search_term_string\"}}],\"inLanguage\":\"es\"},{\"@type\":\"Person\",\"@id\":\"https:\\\/\\\/www.copealcoy.es\\\/es\\\/#\\\/schema\\\/person\\\/e777c87fa024e57d40170af9df39882c\",\"name\":\"Cope Alcoy\",\"image\":{\"@type\":\"ImageObject\",\"inLanguage\":\"es\",\"@id\":\"https:\\\/\\\/secure.gravatar.com\\\/avatar\\\/bb65d0283347e303893ba14f0692005417c1e0e690a325a4c5d8bb2b3943ee14?s=96&d=mm&r=g\",\"url\":\"https:\\\/\\\/secure.gravatar.com\\\/avatar\\\/bb65d0283347e303893ba14f0692005417c1e0e690a325a4c5d8bb2b3943ee14?s=96&d=mm&r=g\",\"contentUrl\":\"https:\\\/\\\/secure.gravatar.com\\\/avatar\\\/bb65d0283347e303893ba14f0692005417c1e0e690a325a4c5d8bb2b3943ee14?s=96&d=mm&r=g\",\"caption\":\"Cope Alcoy\"}}]}<\/script>\n<!-- \/ Yoast SEO plugin. -->","yoast_head_json":{"title":"Estas son las obras previstas en La Uixola de Alcoy para adaptar la plaza al cambio clim\u00e1tico - COPE Alcoy","description":"El Ayuntamiento de Alcoy ha licitado esta semana, seg\u00fan la informaci\u00f3n facilitada, dos importantes proyectos dentro del programa AlcoiBioUp!","robots":{"index":"index","follow":"follow","max-snippet":"max-snippet:-1","max-image-preview":"max-image-preview:large","max-video-preview":"max-video-preview:-1"},"canonical":"https:\/\/www.copealcoy.es\/es\/estas-son-las-obras-previstas-en-la-uixola-de-alcoy-para-adaptar-la-plaza-al-cambio-climatico\/","og_locale":"es_ES","og_type":"article","og_title":"Estas son las obras previstas en La Uixola de Alcoy para adaptar la plaza al cambio clim\u00e1tico - COPE Alcoy","og_description":"El Ayuntamiento de Alcoy ha licitado esta semana, seg\u00fan la informaci\u00f3n facilitada, dos importantes proyectos dentro del programa AlcoiBioUp!","og_url":"https:\/\/www.copealcoy.es\/es\/estas-son-las-obras-previstas-en-la-uixola-de-alcoy-para-adaptar-la-plaza-al-cambio-climatico\/","og_site_name":"COPE Alcoy","article_published_time":"2025-07-07T11:14:26+00:00","article_modified_time":"2025-07-07T11:15:02+00:00","og_image":[{"width":1318,"height":606,"url":"https:\/\/www.copealcoy.es\/wp-content\/uploads\/2025\/07\/1.png","type":"image\/png"}],"author":"Cope Alcoy","twitter_misc":{"Escrito por":"Cope Alcoy","Tiempo de lectura":"2 minutos"},"schema":{"@context":"https:\/\/schema.org","@graph":[{"@type":"Article","@id":"https:\/\/www.copealcoy.es\/es\/estas-son-las-obras-previstas-en-la-uixola-de-alcoy-para-adaptar-la-plaza-al-cambio-climatico\/#article","isPartOf":{"@id":"https:\/\/www.copealcoy.es\/es\/estas-son-las-obras-previstas-en-la-uixola-de-alcoy-para-adaptar-la-plaza-al-cambio-climatico\/"},"author":{"name":"Cope Alcoy","@id":"https:\/\/www.copealcoy.es\/es\/#\/schema\/person\/e777c87fa024e57d40170af9df39882c"},"headline":"Estas son las obras previstas en La Uixola de Alcoy para adaptar la plaza al cambio clim\u00e1tico","datePublished":"2025-07-07T11:14:26+00:00","dateModified":"2025-07-07T11:15:02+00:00","mainEntityOfPage":{"@id":"https:\/\/www.copealcoy.es\/es\/estas-son-las-obras-previstas-en-la-uixola-de-alcoy-para-adaptar-la-plaza-al-cambio-climatico\/"},"wordCount":377,"image":{"@id":"https:\/\/www.copealcoy.es\/es\/estas-son-las-obras-previstas-en-la-uixola-de-alcoy-para-adaptar-la-plaza-al-cambio-climatico\/#primaryimage"},"thumbnailUrl":"https:\/\/www.copealcoy.es\/wp-content\/uploads\/2025\/07\/1.png","keywords":["adaptaci\u00f3n","Alcoy","cambio clim\u00e1tico","La Uixola","Proyectos"],"articleSection":["Actualidad","Alcoy","Noticias","Portada"],"inLanguage":"es"},{"@type":"WebPage","@id":"https:\/\/www.copealcoy.es\/es\/estas-son-las-obras-previstas-en-la-uixola-de-alcoy-para-adaptar-la-plaza-al-cambio-climatico\/","url":"https:\/\/www.copealcoy.es\/es\/estas-son-las-obras-previstas-en-la-uixola-de-alcoy-para-adaptar-la-plaza-al-cambio-climatico\/","name":"Estas son las obras previstas en La Uixola de Alcoy para adaptar la plaza al cambio clim\u00e1tico - COPE Alcoy","isPartOf":{"@id":"https:\/\/www.copealcoy.es\/es\/#website"},"primaryImageOfPage":{"@id":"https:\/\/www.copealcoy.es\/es\/estas-son-las-obras-previstas-en-la-uixola-de-alcoy-para-adaptar-la-plaza-al-cambio-climatico\/#primaryimage"},"image":{"@id":"https:\/\/www.copealcoy.es\/es\/estas-son-las-obras-previstas-en-la-uixola-de-alcoy-para-adaptar-la-plaza-al-cambio-climatico\/#primaryimage"},"thumbnailUrl":"https:\/\/www.copealcoy.es\/wp-content\/uploads\/2025\/07\/1.png","datePublished":"2025-07-07T11:14:26+00:00","dateModified":"2025-07-07T11:15:02+00:00","author":{"@id":"https:\/\/www.copealcoy.es\/es\/#\/schema\/person\/e777c87fa024e57d40170af9df39882c"},"description":"El Ayuntamiento de Alcoy ha licitado esta semana, seg\u00fan la informaci\u00f3n facilitada, dos importantes proyectos dentro del programa AlcoiBioUp!","breadcrumb":{"@id":"https:\/\/www.copealcoy.es\/es\/estas-son-las-obras-previstas-en-la-uixola-de-alcoy-para-adaptar-la-plaza-al-cambio-climatico\/#breadcrumb"},"inLanguage":"es","potentialAction":[{"@type":"ReadAction","target":["https:\/\/www.copealcoy.es\/es\/estas-son-las-obras-previstas-en-la-uixola-de-alcoy-para-adaptar-la-plaza-al-cambio-climatico\/"]}]},{"@type":"ImageObject","inLanguage":"es","@id":"https:\/\/www.copealcoy.es\/es\/estas-son-las-obras-previstas-en-la-uixola-de-alcoy-para-adaptar-la-plaza-al-cambio-climatico\/#primaryimage","url":"https:\/\/www.copealcoy.es\/wp-content\/uploads\/2025\/07\/1.png","contentUrl":"https:\/\/www.copealcoy.es\/wp-content\/uploads\/2025\/07\/1.png","width":1318,"height":606},{"@type":"BreadcrumbList","@id":"https:\/\/www.copealcoy.es\/es\/estas-son-las-obras-previstas-en-la-uixola-de-alcoy-para-adaptar-la-plaza-al-cambio-climatico\/#breadcrumb","itemListElement":[{"@type":"ListItem","position":1,"name":"Portada","item":"https:\/\/www.copealcoy.es\/es\/"},{"@type":"ListItem","position":2,"name":"Estas son las obras previstas en La Uixola de Alcoy para adaptar la plaza al cambio clim\u00e1tico"}]},{"@type":"WebSite","@id":"https:\/\/www.copealcoy.es\/es\/#website","url":"https:\/\/www.copealcoy.es\/es\/","name":"COPE Alcoy","description":"Emisora COPE de radio local con emisi\u00f3n online. Pont de Sant Jordi 8-10 03803 Alcoy","potentialAction":[{"@type":"SearchAction","target":{"@type":"EntryPoint","urlTemplate":"https:\/\/www.copealcoy.es\/es\/?s={search_term_string}"},"query-input":{"@type":"PropertyValueSpecification","valueRequired":true,"valueName":"search_term_string"}}],"inLanguage":"es"},{"@type":"Person","@id":"https:\/\/www.copealcoy.es\/es\/#\/schema\/person\/e777c87fa024e57d40170af9df39882c","name":"Cope Alcoy","image":{"@type":"ImageObject","inLanguage":"es","@id":"https:\/\/secure.gravatar.com\/avatar\/bb65d0283347e303893ba14f0692005417c1e0e690a325a4c5d8bb2b3943ee14?s=96&d=mm&r=g","url":"https:\/\/secure.gravatar.com\/avatar\/bb65d0283347e303893ba14f0692005417c1e0e690a325a4c5d8bb2b3943ee14?s=96&d=mm&r=g","contentUrl":"https:\/\/secure.gravatar.com\/avatar\/bb65d0283347e303893ba14f0692005417c1e0e690a325a4c5d8bb2b3943ee14?s=96&d=mm&r=g","caption":"Cope Alcoy"}}]}},"_links":{"self":[{"href":"https:\/\/www.copealcoy.es\/es\/wp-json\/wp\/v2\/posts\/154744","targetHints":{"allow":["GET"]}}],"collection":[{"href":"https:\/\/www.copealcoy.es\/es\/wp-json\/wp\/v2\/posts"}],"about":[{"href":"https:\/\/www.copealcoy.es\/es\/wp-json\/wp\/v2\/types\/post"}],"author":[{"embeddable":true,"href":"https:\/\/www.copealcoy.es\/es\/wp-json\/wp\/v2\/users\/1"}],"replies":[{"embeddable":true,"href":"https:\/\/www.copealcoy.es\/es\/wp-json\/wp\/v2\/comments?post=154744"}],"version-history":[{"count":1,"href":"https:\/\/www.copealcoy.es\/es\/wp-json\/wp\/v2\/posts\/154744\/revisions"}],"predecessor-version":[{"id":154747,"href":"https:\/\/www.copealcoy.es\/es\/wp-json\/wp\/v2\/posts\/154744\/revisions\/154747"}],"wp:featuredmedia":[{"embeddable":true,"href":"https:\/\/www.copealcoy.es\/es\/wp-json\/wp\/v2\/media\/154745"}],"wp:attachment":[{"href":"https:\/\/www.copealcoy.es\/es\/wp-json\/wp\/v2\/media?parent=154744"}],"wp:term":[{"taxonomy":"category","embeddable":true,"href":"https:\/\/www.copealcoy.es\/es\/wp-json\/wp\/v2\/categories?post=154744"},{"taxonomy":"post_tag","embeddable":true,"href":"https:\/\/www.copealcoy.es\/es\/wp-json\/wp\/v2\/tags?post=154744"}],"curies":[{"name":"wp","href":"https:\/\/api.w.org\/{rel}","templated":true}]}}