{"id":15474,"date":"2015-09-04T17:06:57","date_gmt":"2015-09-04T17:06:57","guid":{"rendered":"http:\/\/copealcoi.es\/new\/?p=15474"},"modified":"2015-09-04T17:06:57","modified_gmt":"2015-09-04T17:06:57","slug":"muro-organiza-una-nueva-feria-del-comercio-de-oportunidades","status":"publish","type":"post","link":"https:\/\/www.copealcoy.es\/es\/muro-organiza-una-nueva-feria-del-comercio-de-oportunidades\/","title":{"rendered":"Muro organiza una nueva Feria del Comercio de Oportunidades"},"content":{"rendered":"<p style=\"text-align: justify;\">Muro acoge \u00a0durante este fin de semana una nueva edici\u00f3n de la la Fira del Comer\u00e7\u00a0d\u2019 Oportunitats en el complejo del Central Palace \u00a0y con horario de 10 de la ma\u00f1ana a 9 de la noche el s\u00e1bado y de 10 de la ma\u00f1ana a 8 de la noche el domingo. En el evento participar\u00e1n un total de 16 establecimientos del municipio que ofrecer\u00e1n una amplia oferta de complementos, ropa para ni\u00f1os y adultos, muebles, decoraci\u00f3n, deporte, joyer\u00eda o moda \u00edntima, con descuentos de hasta m\u00e1s del 95%. Adem\u00e1s durante\u00a0los d\u00edas de la Feria se celebrar\u00e1n actos varios y habr\u00e1 servicio de cafeter\u00eda, castillos hinchables y atracciones para los m\u00e1s peque\u00f1os as\u00ed como una matinal de vespas y una exposici\u00f3n de motocicletas antiguas. Pepi Franc\u00e9s, presidenta de los Comerciantes de Muro, ha explicado este viernes en La Ma\u00f1ana de Cope\u00a0\u00a0Alcoy que el certamen tiene siempre una\u00a0gran acogida &#8220;esta feria es la n\u00famero 18 y hemos incorporado ideas nuevas para que la gente siga viniendo a comprar y sobre todo a disfrutar con nosotros de todas las actividades&#8221;, indica. Por \u00faltimo la Asociaci\u00f3n de Comerciantes recuerda que la hosteler\u00eda se suma a la Feria y los asistentes podr\u00e1n disfrutar de la gastronom\u00eda local &#8220;tendremos productos t\u00edpicos de Muro que aportar\u00e1n varios establecimientos de restauraci\u00f3n y panader\u00edas as\u00ed despu\u00e9s de comprar podemos aprovechar para tomar un aperitivo&#8221;, concluye,<\/p>\n","protected":false},"excerpt":{"rendered":"<p>Muro acoge \u00a0durante este fin de semana una nueva edici\u00f3n de la la Fira del Comer\u00e7\u00a0d\u2019 Oportunitats en el complejo&#8230;<\/p>\n","protected":false},"author":1,"featured_media":10933,"comment_status":"open","ping_status":"open","sticky":false,"template":"","format":"standard","meta":{"footnotes":""},"categories":[98,75],"tags":[467,237,390,1120,135,776],"class_list":["post-15474","post","type-post","status-publish","format-standard","has-post-thumbnail","hentry","category-comarcas","category-noticias","tag-comercio","tag-comtat","tag-economia","tag-feria","tag-muro","tag-oportunidades"],"yoast_head":"<!-- This site is optimized with the Yoast SEO plugin v27.3 - https:\/\/yoast.com\/product\/yoast-seo-wordpress\/ -->\n<title>Muro organiza una nueva Feria del Comercio de Oportunidades - COPE Alcoy<\/title>\n<meta name=\"robots\" content=\"index, follow, max-snippet:-1, max-image-preview:large, max-video-preview:-1\" \/>\n<link rel=\"canonical\" href=\"https:\/\/www.copealcoy.es\/es\/muro-organiza-una-nueva-feria-del-comercio-de-oportunidades\/\" \/>\n<meta property=\"og:locale\" content=\"es_ES\" \/>\n<meta property=\"og:type\" content=\"article\" \/>\n<meta property=\"og:title\" content=\"Muro organiza una nueva Feria del Comercio de Oportunidades - COPE Alcoy\" \/>\n<meta property=\"og:description\" content=\"Muro acoge \u00a0durante este fin de semana una nueva edici\u00f3n de la la Fira del Comer\u00e7\u00a0d\u2019 Oportunitats en el complejo...\" \/>\n<meta property=\"og:url\" content=\"https:\/\/www.copealcoy.es\/es\/muro-organiza-una-nueva-feria-del-comercio-de-oportunidades\/\" \/>\n<meta property=\"og:site_name\" content=\"COPE Alcoy\" \/>\n<meta property=\"article:published_time\" content=\"2015-09-04T17:06:57+00:00\" \/>\n<meta property=\"og:image\" content=\"https:\/\/www.copealcoy.es\/wp-content\/uploads\/2015\/02\/image78-1024x768.jpg\" \/>\n\t<meta property=\"og:image:width\" content=\"1024\" \/>\n\t<meta property=\"og:image:height\" content=\"768\" \/>\n\t<meta property=\"og:image:type\" content=\"image\/jpeg\" \/>\n<meta name=\"author\" content=\"Cope Alcoy\" \/>\n<meta name=\"twitter:label1\" content=\"Escrito por\" \/>\n\t<meta name=\"twitter:data1\" content=\"Cope Alcoy\" \/>\n\t<meta name=\"twitter:label2\" content=\"Tiempo de lectura\" \/>\n\t<meta name=\"twitter:data2\" content=\"1 minuto\" \/>\n<script type=\"application\/ld+json\" class=\"yoast-schema-graph\">{\"@context\":\"https:\\\/\\\/schema.org\",\"@graph\":[{\"@type\":\"Article\",\"@id\":\"https:\\\/\\\/www.copealcoy.es\\\/es\\\/muro-organiza-una-nueva-feria-del-comercio-de-oportunidades\\\/#article\",\"isPartOf\":{\"@id\":\"https:\\\/\\\/www.copealcoy.es\\\/es\\\/muro-organiza-una-nueva-feria-del-comercio-de-oportunidades\\\/\"},\"author\":{\"name\":\"Cope Alcoy\",\"@id\":\"https:\\\/\\\/www.copealcoy.es\\\/es\\\/#\\\/schema\\\/person\\\/e777c87fa024e57d40170af9df39882c\"},\"headline\":\"Muro organiza una nueva Feria del Comercio de Oportunidades\",\"datePublished\":\"2015-09-04T17:06:57+00:00\",\"mainEntityOfPage\":{\"@id\":\"https:\\\/\\\/www.copealcoy.es\\\/es\\\/muro-organiza-una-nueva-feria-del-comercio-de-oportunidades\\\/\"},\"wordCount\":261,\"commentCount\":0,\"image\":{\"@id\":\"https:\\\/\\\/www.copealcoy.es\\\/es\\\/muro-organiza-una-nueva-feria-del-comercio-de-oportunidades\\\/#primaryimage\"},\"thumbnailUrl\":\"https:\\\/\\\/www.copealcoy.es\\\/wp-content\\\/uploads\\\/2015\\\/02\\\/image78.jpg\",\"keywords\":[\"Comercio\",\"Comtat\",\"Econom\u00eda\",\"Feria\",\"Muro\",\"Oportunidades\"],\"articleSection\":[\"Comarcas\",\"Noticias\"],\"inLanguage\":\"es\"},{\"@type\":\"WebPage\",\"@id\":\"https:\\\/\\\/www.copealcoy.es\\\/es\\\/muro-organiza-una-nueva-feria-del-comercio-de-oportunidades\\\/\",\"url\":\"https:\\\/\\\/www.copealcoy.es\\\/es\\\/muro-organiza-una-nueva-feria-del-comercio-de-oportunidades\\\/\",\"name\":\"Muro organiza una nueva Feria del Comercio de Oportunidades - COPE Alcoy\",\"isPartOf\":{\"@id\":\"https:\\\/\\\/www.copealcoy.es\\\/es\\\/#website\"},\"primaryImageOfPage\":{\"@id\":\"https:\\\/\\\/www.copealcoy.es\\\/es\\\/muro-organiza-una-nueva-feria-del-comercio-de-oportunidades\\\/#primaryimage\"},\"image\":{\"@id\":\"https:\\\/\\\/www.copealcoy.es\\\/es\\\/muro-organiza-una-nueva-feria-del-comercio-de-oportunidades\\\/#primaryimage\"},\"thumbnailUrl\":\"https:\\\/\\\/www.copealcoy.es\\\/wp-content\\\/uploads\\\/2015\\\/02\\\/image78.jpg\",\"datePublished\":\"2015-09-04T17:06:57+00:00\",\"author\":{\"@id\":\"https:\\\/\\\/www.copealcoy.es\\\/es\\\/#\\\/schema\\\/person\\\/e777c87fa024e57d40170af9df39882c\"},\"breadcrumb\":{\"@id\":\"https:\\\/\\\/www.copealcoy.es\\\/es\\\/muro-organiza-una-nueva-feria-del-comercio-de-oportunidades\\\/#breadcrumb\"},\"inLanguage\":\"es\",\"potentialAction\":[{\"@type\":\"ReadAction\",\"target\":[\"https:\\\/\\\/www.copealcoy.es\\\/es\\\/muro-organiza-una-nueva-feria-del-comercio-de-oportunidades\\\/\"]}]},{\"@type\":\"ImageObject\",\"inLanguage\":\"es\",\"@id\":\"https:\\\/\\\/www.copealcoy.es\\\/es\\\/muro-organiza-una-nueva-feria-del-comercio-de-oportunidades\\\/#primaryimage\",\"url\":\"https:\\\/\\\/www.copealcoy.es\\\/wp-content\\\/uploads\\\/2015\\\/02\\\/image78.jpg\",\"contentUrl\":\"https:\\\/\\\/www.copealcoy.es\\\/wp-content\\\/uploads\\\/2015\\\/02\\\/image78.jpg\",\"width\":1440,\"height\":1080,\"caption\":\"La Feria del Comercio de Oportunidades re\u00fane siempre gran cantidad de productos\"},{\"@type\":\"BreadcrumbList\",\"@id\":\"https:\\\/\\\/www.copealcoy.es\\\/es\\\/muro-organiza-una-nueva-feria-del-comercio-de-oportunidades\\\/#breadcrumb\",\"itemListElement\":[{\"@type\":\"ListItem\",\"position\":1,\"name\":\"Portada\",\"item\":\"https:\\\/\\\/www.copealcoy.es\\\/es\\\/\"},{\"@type\":\"ListItem\",\"position\":2,\"name\":\"Muro organiza una nueva Feria del Comercio de Oportunidades\"}]},{\"@type\":\"WebSite\",\"@id\":\"https:\\\/\\\/www.copealcoy.es\\\/es\\\/#website\",\"url\":\"https:\\\/\\\/www.copealcoy.es\\\/es\\\/\",\"name\":\"COPE Alcoy\",\"description\":\"Emisora COPE de radio local con emisi\u00f3n online. Pont de Sant Jordi 8-10 03803 Alcoy\",\"potentialAction\":[{\"@type\":\"SearchAction\",\"target\":{\"@type\":\"EntryPoint\",\"urlTemplate\":\"https:\\\/\\\/www.copealcoy.es\\\/es\\\/?s={search_term_string}\"},\"query-input\":{\"@type\":\"PropertyValueSpecification\",\"valueRequired\":true,\"valueName\":\"search_term_string\"}}],\"inLanguage\":\"es\"},{\"@type\":\"Person\",\"@id\":\"https:\\\/\\\/www.copealcoy.es\\\/es\\\/#\\\/schema\\\/person\\\/e777c87fa024e57d40170af9df39882c\",\"name\":\"Cope Alcoy\",\"image\":{\"@type\":\"ImageObject\",\"inLanguage\":\"es\",\"@id\":\"https:\\\/\\\/secure.gravatar.com\\\/avatar\\\/bb65d0283347e303893ba14f0692005417c1e0e690a325a4c5d8bb2b3943ee14?s=96&d=mm&r=g\",\"url\":\"https:\\\/\\\/secure.gravatar.com\\\/avatar\\\/bb65d0283347e303893ba14f0692005417c1e0e690a325a4c5d8bb2b3943ee14?s=96&d=mm&r=g\",\"contentUrl\":\"https:\\\/\\\/secure.gravatar.com\\\/avatar\\\/bb65d0283347e303893ba14f0692005417c1e0e690a325a4c5d8bb2b3943ee14?s=96&d=mm&r=g\",\"caption\":\"Cope Alcoy\"}}]}<\/script>\n<!-- \/ Yoast SEO plugin. -->","yoast_head_json":{"title":"Muro organiza una nueva Feria del Comercio de Oportunidades - COPE Alcoy","robots":{"index":"index","follow":"follow","max-snippet":"max-snippet:-1","max-image-preview":"max-image-preview:large","max-video-preview":"max-video-preview:-1"},"canonical":"https:\/\/www.copealcoy.es\/es\/muro-organiza-una-nueva-feria-del-comercio-de-oportunidades\/","og_locale":"es_ES","og_type":"article","og_title":"Muro organiza una nueva Feria del Comercio de Oportunidades - COPE Alcoy","og_description":"Muro acoge \u00a0durante este fin de semana una nueva edici\u00f3n de la la Fira del Comer\u00e7\u00a0d\u2019 Oportunitats en el complejo...","og_url":"https:\/\/www.copealcoy.es\/es\/muro-organiza-una-nueva-feria-del-comercio-de-oportunidades\/","og_site_name":"COPE Alcoy","article_published_time":"2015-09-04T17:06:57+00:00","og_image":[{"width":1024,"height":768,"url":"https:\/\/www.copealcoy.es\/wp-content\/uploads\/2015\/02\/image78-1024x768.jpg","type":"image\/jpeg"}],"author":"Cope Alcoy","twitter_misc":{"Escrito por":"Cope Alcoy","Tiempo de lectura":"1 minuto"},"schema":{"@context":"https:\/\/schema.org","@graph":[{"@type":"Article","@id":"https:\/\/www.copealcoy.es\/es\/muro-organiza-una-nueva-feria-del-comercio-de-oportunidades\/#article","isPartOf":{"@id":"https:\/\/www.copealcoy.es\/es\/muro-organiza-una-nueva-feria-del-comercio-de-oportunidades\/"},"author":{"name":"Cope Alcoy","@id":"https:\/\/www.copealcoy.es\/es\/#\/schema\/person\/e777c87fa024e57d40170af9df39882c"},"headline":"Muro organiza una nueva Feria del Comercio de Oportunidades","datePublished":"2015-09-04T17:06:57+00:00","mainEntityOfPage":{"@id":"https:\/\/www.copealcoy.es\/es\/muro-organiza-una-nueva-feria-del-comercio-de-oportunidades\/"},"wordCount":261,"commentCount":0,"image":{"@id":"https:\/\/www.copealcoy.es\/es\/muro-organiza-una-nueva-feria-del-comercio-de-oportunidades\/#primaryimage"},"thumbnailUrl":"https:\/\/www.copealcoy.es\/wp-content\/uploads\/2015\/02\/image78.jpg","keywords":["Comercio","Comtat","Econom\u00eda","Feria","Muro","Oportunidades"],"articleSection":["Comarcas","Noticias"],"inLanguage":"es"},{"@type":"WebPage","@id":"https:\/\/www.copealcoy.es\/es\/muro-organiza-una-nueva-feria-del-comercio-de-oportunidades\/","url":"https:\/\/www.copealcoy.es\/es\/muro-organiza-una-nueva-feria-del-comercio-de-oportunidades\/","name":"Muro organiza una nueva Feria del Comercio de Oportunidades - COPE Alcoy","isPartOf":{"@id":"https:\/\/www.copealcoy.es\/es\/#website"},"primaryImageOfPage":{"@id":"https:\/\/www.copealcoy.es\/es\/muro-organiza-una-nueva-feria-del-comercio-de-oportunidades\/#primaryimage"},"image":{"@id":"https:\/\/www.copealcoy.es\/es\/muro-organiza-una-nueva-feria-del-comercio-de-oportunidades\/#primaryimage"},"thumbnailUrl":"https:\/\/www.copealcoy.es\/wp-content\/uploads\/2015\/02\/image78.jpg","datePublished":"2015-09-04T17:06:57+00:00","author":{"@id":"https:\/\/www.copealcoy.es\/es\/#\/schema\/person\/e777c87fa024e57d40170af9df39882c"},"breadcrumb":{"@id":"https:\/\/www.copealcoy.es\/es\/muro-organiza-una-nueva-feria-del-comercio-de-oportunidades\/#breadcrumb"},"inLanguage":"es","potentialAction":[{"@type":"ReadAction","target":["https:\/\/www.copealcoy.es\/es\/muro-organiza-una-nueva-feria-del-comercio-de-oportunidades\/"]}]},{"@type":"ImageObject","inLanguage":"es","@id":"https:\/\/www.copealcoy.es\/es\/muro-organiza-una-nueva-feria-del-comercio-de-oportunidades\/#primaryimage","url":"https:\/\/www.copealcoy.es\/wp-content\/uploads\/2015\/02\/image78.jpg","contentUrl":"https:\/\/www.copealcoy.es\/wp-content\/uploads\/2015\/02\/image78.jpg","width":1440,"height":1080,"caption":"La Feria del Comercio de Oportunidades re\u00fane siempre gran cantidad de productos"},{"@type":"BreadcrumbList","@id":"https:\/\/www.copealcoy.es\/es\/muro-organiza-una-nueva-feria-del-comercio-de-oportunidades\/#breadcrumb","itemListElement":[{"@type":"ListItem","position":1,"name":"Portada","item":"https:\/\/www.copealcoy.es\/es\/"},{"@type":"ListItem","position":2,"name":"Muro organiza una nueva Feria del Comercio de Oportunidades"}]},{"@type":"WebSite","@id":"https:\/\/www.copealcoy.es\/es\/#website","url":"https:\/\/www.copealcoy.es\/es\/","name":"COPE Alcoy","description":"Emisora COPE de radio local con emisi\u00f3n online. Pont de Sant Jordi 8-10 03803 Alcoy","potentialAction":[{"@type":"SearchAction","target":{"@type":"EntryPoint","urlTemplate":"https:\/\/www.copealcoy.es\/es\/?s={search_term_string}"},"query-input":{"@type":"PropertyValueSpecification","valueRequired":true,"valueName":"search_term_string"}}],"inLanguage":"es"},{"@type":"Person","@id":"https:\/\/www.copealcoy.es\/es\/#\/schema\/person\/e777c87fa024e57d40170af9df39882c","name":"Cope Alcoy","image":{"@type":"ImageObject","inLanguage":"es","@id":"https:\/\/secure.gravatar.com\/avatar\/bb65d0283347e303893ba14f0692005417c1e0e690a325a4c5d8bb2b3943ee14?s=96&d=mm&r=g","url":"https:\/\/secure.gravatar.com\/avatar\/bb65d0283347e303893ba14f0692005417c1e0e690a325a4c5d8bb2b3943ee14?s=96&d=mm&r=g","contentUrl":"https:\/\/secure.gravatar.com\/avatar\/bb65d0283347e303893ba14f0692005417c1e0e690a325a4c5d8bb2b3943ee14?s=96&d=mm&r=g","caption":"Cope Alcoy"}}]}},"_links":{"self":[{"href":"https:\/\/www.copealcoy.es\/es\/wp-json\/wp\/v2\/posts\/15474","targetHints":{"allow":["GET"]}}],"collection":[{"href":"https:\/\/www.copealcoy.es\/es\/wp-json\/wp\/v2\/posts"}],"about":[{"href":"https:\/\/www.copealcoy.es\/es\/wp-json\/wp\/v2\/types\/post"}],"author":[{"embeddable":true,"href":"https:\/\/www.copealcoy.es\/es\/wp-json\/wp\/v2\/users\/1"}],"replies":[{"embeddable":true,"href":"https:\/\/www.copealcoy.es\/es\/wp-json\/wp\/v2\/comments?post=15474"}],"version-history":[{"count":0,"href":"https:\/\/www.copealcoy.es\/es\/wp-json\/wp\/v2\/posts\/15474\/revisions"}],"wp:featuredmedia":[{"embeddable":true,"href":"https:\/\/www.copealcoy.es\/es\/wp-json\/wp\/v2\/media\/10933"}],"wp:attachment":[{"href":"https:\/\/www.copealcoy.es\/es\/wp-json\/wp\/v2\/media?parent=15474"}],"wp:term":[{"taxonomy":"category","embeddable":true,"href":"https:\/\/www.copealcoy.es\/es\/wp-json\/wp\/v2\/categories?post=15474"},{"taxonomy":"post_tag","embeddable":true,"href":"https:\/\/www.copealcoy.es\/es\/wp-json\/wp\/v2\/tags?post=15474"}],"curies":[{"name":"wp","href":"https:\/\/api.w.org\/{rel}","templated":true}]}}