{"id":154738,"date":"2025-07-07T07:30:06","date_gmt":"2025-07-07T06:30:06","guid":{"rendered":"https:\/\/www.copealcoy.es\/?p=154738"},"modified":"2025-07-07T12:03:20","modified_gmt":"2025-07-07T11:03:20","slug":"informativo-matinal-lunes-7-de-julio-2025-0750h","status":"publish","type":"post","link":"https:\/\/www.copealcoy.es\/es\/informativo-matinal-lunes-7-de-julio-2025-0750h\/","title":{"rendered":"Informativo matinal lunes 7 de julio 2025 (07:50h)"},"content":{"rendered":"<p><iframe loading=\"lazy\" title=\"Informativo Matinal Lunes 7 De Julio 2025 (07:50h)\" width=\"100%\" height=\"120\" src=\"https:\/\/www.mixcloud.com\/widget\/iframe\/?feed=https%3A%2F%2Fwww.mixcloud.com%2FCOPEAlcoy%2Finformativo-matinal-lunes-7-de-julio-2025-0750h%2F&amp;hide_cover=1\" frameborder=\"0\" allow=\"encrypted-media; fullscreen; autoplay; idle-detection; speaker-selection; web-share;\"><\/iframe><\/p>\n<p style=\"text-align: justify;\">Hoy lunes os hemos contado que <strong>los festivos locales de Alcoy del pr\u00f3ximo a\u00f1o se aprobar\u00e1n en una pr\u00f3xima sesi\u00f3n plenaria<\/strong> tras haber ratificado el Consejo Econ\u00f3mico y Social de nuestra ciudad (CES), la pasada semana, las fechas de las Fiestas de Moros y Cristianos de 2026. Tambi\u00e9n hemos destacado que <strong>Caixa Ontinyent llev\u00f3 a cabo una importante cita en Alcoy hace unos d\u00edas<\/strong>.<\/p>\n<p style=\"text-align: justify;\">El pasado jueves por la tarde, el Consejo de Administraci\u00f3n de <span style=\"color: #0000ff;\"><a style=\"color: #0000ff;\" href=\"https:\/\/www.caixaontinyent.es\/\" target=\"_blank\" rel=\"noopener\"><strong>Caixa Ontinyent<\/strong>\u00a0<\/a><\/span>llev\u00f3 a cabo por primera vez en su historia\u00a0<strong>una reuni\u00f3n en la ciudad de Alcoy<\/strong>, concretamente en el parque tecnol\u00f3gico de Rodes Esta iniciativa responde a la voluntad del consejo de\u00a0<strong>visibilizar la proximidad de la entidad con el territorio<\/strong>\u00a0y su compromiso con el desarrollo sostenible de la zona.<\/p>\n<p style=\"text-align: justify;\">Fundada en 1884, Caixa Ontinyent es la \u00fanica entidad financiera con sede en las comarcas centrales valencianas y contribuye activamente al crecimiento econ\u00f3mico y social del territorio, que abarca las provincias de Valencia y Alicante. La celebraci\u00f3n de esta sesi\u00f3n en Alcoy\u00a0<strong>forma parte del plan estrat\u00e9gico 2023-2025<\/strong>, que busca consolidar a la entidad como referente en la Comunitat Valenciana.<\/p>\n<p style=\"text-align: justify;\">El presidente de Caixa Ontinyent,<strong>\u00a0Jos\u00e9 Pla<\/strong>, destac\u00f3 que \u201c<em>visitar nuestras ciudades nos permite conocer, respirar, percibir e impregnarnos de sus necesidades y peculiaridades para orientar nuestros servicios hacia sus intereses. Somos banca territorial, pr\u00f3xima y comprometida con la econom\u00eda local y las familias. Nuestra obra social tiene un valor incalculable y cada vez est\u00e1 m\u00e1s orientada a la sostenibilidad territorial, activa en la protecci\u00f3n del medio ambiente y en la lucha contra el cambio clim\u00e1tico<\/em>\u201d, dijo.<\/p>\n<p style=\"text-align: justify;\">Cabe recordar que\u00a0<strong>Caixa Ontinyent abri\u00f3 su primera oficina en Alcoi hace 23 a\u00f1os<\/strong>\u00a0y actualmente cuenta con 44 oficinas distribuidas por las comarcas centrales valencianas, ocho de ellas situadas en la provincia de Alicante (Alcoi, Banyeres, Muro, Cocentaina, Ibi y Alicante). Seg\u00fan afirm\u00f3 el presidente, \u201c<em>la expansi\u00f3n en Alicante se gestiona desde la territorial de Alcoi. Estamos muy satisfechos con las nuevas aperturas en la provincia y tenemos previsto abrir una nueva oficina en Elche antes que finalice el a\u00f1o<\/em>\u201d, concluy\u00f3.<\/p>\n<p style=\"text-align: justify;\">Como caja de ahorros,\u00a0<strong>Caixa Ontinyent es la \u00fanica entidad financiera que reinvierte sus beneficios en obras sociales<\/strong>. En esta zona, estas acciones se han materializado en diversas publicaciones, colaboraciones con colectivos sociales, dotaci\u00f3n de veh\u00edculos para transporte social y presencia permanente en el Campus de la UPV en Alcoy mediante una Aula de dise\u00f1o y fabricaci\u00f3n digital que mantiene desde hace diez a\u00f1os. Este a\u00f1o se ampliar\u00e1 con una nueva aula destinada a formaci\u00f3n, informaci\u00f3n y sensibilizaci\u00f3n sobre sostenibilidad.<\/p>\n","protected":false},"excerpt":{"rendered":"<p>Hoy lunes os hemos contado que los festivos locales de Alcoy del pr\u00f3ximo a\u00f1o se aprobar\u00e1n en una pr\u00f3xima sesi\u00f3n&#8230;<\/p>\n","protected":false},"author":1,"featured_media":147651,"comment_status":"closed","ping_status":"closed","sticky":false,"template":"","format":"standard","meta":{"footnotes":""},"categories":[6909,89,91,75],"tags":[],"class_list":["post-154738","post","type-post","status-publish","format-standard","has-post-thumbnail","hentry","category-actualidad","category-audiosdelosprogramas","category-informativos","category-noticias"],"yoast_head":"<!-- This site is optimized with the Yoast SEO plugin v27.3 - https:\/\/yoast.com\/product\/yoast-seo-wordpress\/ -->\n<title>Informativo matinal lunes 7 de julio 2025 (07:50h) - COPE Alcoy<\/title>\n<meta name=\"robots\" content=\"index, follow, max-snippet:-1, max-image-preview:large, max-video-preview:-1\" \/>\n<link rel=\"canonical\" href=\"https:\/\/www.copealcoy.es\/es\/informativo-matinal-lunes-7-de-julio-2025-0750h\/\" \/>\n<meta property=\"og:locale\" content=\"es_ES\" \/>\n<meta property=\"og:type\" content=\"article\" \/>\n<meta property=\"og:title\" content=\"Informativo matinal lunes 7 de julio 2025 (07:50h) - COPE Alcoy\" \/>\n<meta property=\"og:description\" content=\"Hoy lunes os hemos contado que los festivos locales de Alcoy del pr\u00f3ximo a\u00f1o se aprobar\u00e1n en una pr\u00f3xima sesi\u00f3n...\" \/>\n<meta property=\"og:url\" content=\"https:\/\/www.copealcoy.es\/es\/informativo-matinal-lunes-7-de-julio-2025-0750h\/\" \/>\n<meta property=\"og:site_name\" content=\"COPE Alcoy\" \/>\n<meta property=\"article:published_time\" content=\"2025-07-07T06:30:06+00:00\" \/>\n<meta property=\"article:modified_time\" content=\"2025-07-07T11:03:20+00:00\" \/>\n<meta property=\"og:image\" content=\"https:\/\/www.copealcoy.es\/wp-content\/uploads\/2025\/02\/Informativo-Matinal.png\" \/>\n\t<meta property=\"og:image:width\" content=\"357\" \/>\n\t<meta property=\"og:image:height\" content=\"290\" \/>\n\t<meta property=\"og:image:type\" content=\"image\/png\" \/>\n<meta name=\"author\" content=\"Cope Alcoy\" \/>\n<meta name=\"twitter:label1\" content=\"Escrito por\" \/>\n\t<meta name=\"twitter:data1\" content=\"Cope Alcoy\" \/>\n\t<meta name=\"twitter:label2\" content=\"Tiempo de lectura\" \/>\n\t<meta name=\"twitter:data2\" content=\"3 minutos\" \/>\n<script type=\"application\/ld+json\" class=\"yoast-schema-graph\">{\"@context\":\"https:\\\/\\\/schema.org\",\"@graph\":[{\"@type\":\"Article\",\"@id\":\"https:\\\/\\\/www.copealcoy.es\\\/es\\\/informativo-matinal-lunes-7-de-julio-2025-0750h\\\/#article\",\"isPartOf\":{\"@id\":\"https:\\\/\\\/www.copealcoy.es\\\/es\\\/informativo-matinal-lunes-7-de-julio-2025-0750h\\\/\"},\"author\":{\"name\":\"Cope Alcoy\",\"@id\":\"https:\\\/\\\/www.copealcoy.es\\\/es\\\/#\\\/schema\\\/person\\\/e777c87fa024e57d40170af9df39882c\"},\"headline\":\"Informativo matinal lunes 7 de julio 2025 (07:50h)\",\"datePublished\":\"2025-07-07T06:30:06+00:00\",\"dateModified\":\"2025-07-07T11:03:20+00:00\",\"mainEntityOfPage\":{\"@id\":\"https:\\\/\\\/www.copealcoy.es\\\/es\\\/informativo-matinal-lunes-7-de-julio-2025-0750h\\\/\"},\"wordCount\":471,\"image\":{\"@id\":\"https:\\\/\\\/www.copealcoy.es\\\/es\\\/informativo-matinal-lunes-7-de-julio-2025-0750h\\\/#primaryimage\"},\"thumbnailUrl\":\"https:\\\/\\\/www.copealcoy.es\\\/wp-content\\\/uploads\\\/2025\\\/02\\\/Informativo-Matinal.png\",\"articleSection\":[\"Actualidad\",\"Audios de los programas\",\"Informativos\",\"Noticias\"],\"inLanguage\":\"es\"},{\"@type\":\"WebPage\",\"@id\":\"https:\\\/\\\/www.copealcoy.es\\\/es\\\/informativo-matinal-lunes-7-de-julio-2025-0750h\\\/\",\"url\":\"https:\\\/\\\/www.copealcoy.es\\\/es\\\/informativo-matinal-lunes-7-de-julio-2025-0750h\\\/\",\"name\":\"Informativo matinal lunes 7 de julio 2025 (07:50h) - COPE Alcoy\",\"isPartOf\":{\"@id\":\"https:\\\/\\\/www.copealcoy.es\\\/es\\\/#website\"},\"primaryImageOfPage\":{\"@id\":\"https:\\\/\\\/www.copealcoy.es\\\/es\\\/informativo-matinal-lunes-7-de-julio-2025-0750h\\\/#primaryimage\"},\"image\":{\"@id\":\"https:\\\/\\\/www.copealcoy.es\\\/es\\\/informativo-matinal-lunes-7-de-julio-2025-0750h\\\/#primaryimage\"},\"thumbnailUrl\":\"https:\\\/\\\/www.copealcoy.es\\\/wp-content\\\/uploads\\\/2025\\\/02\\\/Informativo-Matinal.png\",\"datePublished\":\"2025-07-07T06:30:06+00:00\",\"dateModified\":\"2025-07-07T11:03:20+00:00\",\"author\":{\"@id\":\"https:\\\/\\\/www.copealcoy.es\\\/es\\\/#\\\/schema\\\/person\\\/e777c87fa024e57d40170af9df39882c\"},\"breadcrumb\":{\"@id\":\"https:\\\/\\\/www.copealcoy.es\\\/es\\\/informativo-matinal-lunes-7-de-julio-2025-0750h\\\/#breadcrumb\"},\"inLanguage\":\"es\",\"potentialAction\":[{\"@type\":\"ReadAction\",\"target\":[\"https:\\\/\\\/www.copealcoy.es\\\/es\\\/informativo-matinal-lunes-7-de-julio-2025-0750h\\\/\"]}]},{\"@type\":\"ImageObject\",\"inLanguage\":\"es\",\"@id\":\"https:\\\/\\\/www.copealcoy.es\\\/es\\\/informativo-matinal-lunes-7-de-julio-2025-0750h\\\/#primaryimage\",\"url\":\"https:\\\/\\\/www.copealcoy.es\\\/wp-content\\\/uploads\\\/2025\\\/02\\\/Informativo-Matinal.png\",\"contentUrl\":\"https:\\\/\\\/www.copealcoy.es\\\/wp-content\\\/uploads\\\/2025\\\/02\\\/Informativo-Matinal.png\",\"width\":357,\"height\":290},{\"@type\":\"BreadcrumbList\",\"@id\":\"https:\\\/\\\/www.copealcoy.es\\\/es\\\/informativo-matinal-lunes-7-de-julio-2025-0750h\\\/#breadcrumb\",\"itemListElement\":[{\"@type\":\"ListItem\",\"position\":1,\"name\":\"Portada\",\"item\":\"https:\\\/\\\/www.copealcoy.es\\\/es\\\/\"},{\"@type\":\"ListItem\",\"position\":2,\"name\":\"Informativo matinal lunes 7 de julio 2025 (07:50h)\"}]},{\"@type\":\"WebSite\",\"@id\":\"https:\\\/\\\/www.copealcoy.es\\\/es\\\/#website\",\"url\":\"https:\\\/\\\/www.copealcoy.es\\\/es\\\/\",\"name\":\"COPE Alcoy\",\"description\":\"Emisora COPE de radio local con emisi\u00f3n online. Pont de Sant Jordi 8-10 03803 Alcoy\",\"potentialAction\":[{\"@type\":\"SearchAction\",\"target\":{\"@type\":\"EntryPoint\",\"urlTemplate\":\"https:\\\/\\\/www.copealcoy.es\\\/es\\\/?s={search_term_string}\"},\"query-input\":{\"@type\":\"PropertyValueSpecification\",\"valueRequired\":true,\"valueName\":\"search_term_string\"}}],\"inLanguage\":\"es\"},{\"@type\":\"Person\",\"@id\":\"https:\\\/\\\/www.copealcoy.es\\\/es\\\/#\\\/schema\\\/person\\\/e777c87fa024e57d40170af9df39882c\",\"name\":\"Cope Alcoy\",\"image\":{\"@type\":\"ImageObject\",\"inLanguage\":\"es\",\"@id\":\"https:\\\/\\\/secure.gravatar.com\\\/avatar\\\/bb65d0283347e303893ba14f0692005417c1e0e690a325a4c5d8bb2b3943ee14?s=96&d=mm&r=g\",\"url\":\"https:\\\/\\\/secure.gravatar.com\\\/avatar\\\/bb65d0283347e303893ba14f0692005417c1e0e690a325a4c5d8bb2b3943ee14?s=96&d=mm&r=g\",\"contentUrl\":\"https:\\\/\\\/secure.gravatar.com\\\/avatar\\\/bb65d0283347e303893ba14f0692005417c1e0e690a325a4c5d8bb2b3943ee14?s=96&d=mm&r=g\",\"caption\":\"Cope Alcoy\"}}]}<\/script>\n<!-- \/ Yoast SEO plugin. -->","yoast_head_json":{"title":"Informativo matinal lunes 7 de julio 2025 (07:50h) - COPE Alcoy","robots":{"index":"index","follow":"follow","max-snippet":"max-snippet:-1","max-image-preview":"max-image-preview:large","max-video-preview":"max-video-preview:-1"},"canonical":"https:\/\/www.copealcoy.es\/es\/informativo-matinal-lunes-7-de-julio-2025-0750h\/","og_locale":"es_ES","og_type":"article","og_title":"Informativo matinal lunes 7 de julio 2025 (07:50h) - COPE Alcoy","og_description":"Hoy lunes os hemos contado que los festivos locales de Alcoy del pr\u00f3ximo a\u00f1o se aprobar\u00e1n en una pr\u00f3xima sesi\u00f3n...","og_url":"https:\/\/www.copealcoy.es\/es\/informativo-matinal-lunes-7-de-julio-2025-0750h\/","og_site_name":"COPE Alcoy","article_published_time":"2025-07-07T06:30:06+00:00","article_modified_time":"2025-07-07T11:03:20+00:00","og_image":[{"width":357,"height":290,"url":"https:\/\/www.copealcoy.es\/wp-content\/uploads\/2025\/02\/Informativo-Matinal.png","type":"image\/png"}],"author":"Cope Alcoy","twitter_misc":{"Escrito por":"Cope Alcoy","Tiempo de lectura":"3 minutos"},"schema":{"@context":"https:\/\/schema.org","@graph":[{"@type":"Article","@id":"https:\/\/www.copealcoy.es\/es\/informativo-matinal-lunes-7-de-julio-2025-0750h\/#article","isPartOf":{"@id":"https:\/\/www.copealcoy.es\/es\/informativo-matinal-lunes-7-de-julio-2025-0750h\/"},"author":{"name":"Cope Alcoy","@id":"https:\/\/www.copealcoy.es\/es\/#\/schema\/person\/e777c87fa024e57d40170af9df39882c"},"headline":"Informativo matinal lunes 7 de julio 2025 (07:50h)","datePublished":"2025-07-07T06:30:06+00:00","dateModified":"2025-07-07T11:03:20+00:00","mainEntityOfPage":{"@id":"https:\/\/www.copealcoy.es\/es\/informativo-matinal-lunes-7-de-julio-2025-0750h\/"},"wordCount":471,"image":{"@id":"https:\/\/www.copealcoy.es\/es\/informativo-matinal-lunes-7-de-julio-2025-0750h\/#primaryimage"},"thumbnailUrl":"https:\/\/www.copealcoy.es\/wp-content\/uploads\/2025\/02\/Informativo-Matinal.png","articleSection":["Actualidad","Audios de los programas","Informativos","Noticias"],"inLanguage":"es"},{"@type":"WebPage","@id":"https:\/\/www.copealcoy.es\/es\/informativo-matinal-lunes-7-de-julio-2025-0750h\/","url":"https:\/\/www.copealcoy.es\/es\/informativo-matinal-lunes-7-de-julio-2025-0750h\/","name":"Informativo matinal lunes 7 de julio 2025 (07:50h) - COPE Alcoy","isPartOf":{"@id":"https:\/\/www.copealcoy.es\/es\/#website"},"primaryImageOfPage":{"@id":"https:\/\/www.copealcoy.es\/es\/informativo-matinal-lunes-7-de-julio-2025-0750h\/#primaryimage"},"image":{"@id":"https:\/\/www.copealcoy.es\/es\/informativo-matinal-lunes-7-de-julio-2025-0750h\/#primaryimage"},"thumbnailUrl":"https:\/\/www.copealcoy.es\/wp-content\/uploads\/2025\/02\/Informativo-Matinal.png","datePublished":"2025-07-07T06:30:06+00:00","dateModified":"2025-07-07T11:03:20+00:00","author":{"@id":"https:\/\/www.copealcoy.es\/es\/#\/schema\/person\/e777c87fa024e57d40170af9df39882c"},"breadcrumb":{"@id":"https:\/\/www.copealcoy.es\/es\/informativo-matinal-lunes-7-de-julio-2025-0750h\/#breadcrumb"},"inLanguage":"es","potentialAction":[{"@type":"ReadAction","target":["https:\/\/www.copealcoy.es\/es\/informativo-matinal-lunes-7-de-julio-2025-0750h\/"]}]},{"@type":"ImageObject","inLanguage":"es","@id":"https:\/\/www.copealcoy.es\/es\/informativo-matinal-lunes-7-de-julio-2025-0750h\/#primaryimage","url":"https:\/\/www.copealcoy.es\/wp-content\/uploads\/2025\/02\/Informativo-Matinal.png","contentUrl":"https:\/\/www.copealcoy.es\/wp-content\/uploads\/2025\/02\/Informativo-Matinal.png","width":357,"height":290},{"@type":"BreadcrumbList","@id":"https:\/\/www.copealcoy.es\/es\/informativo-matinal-lunes-7-de-julio-2025-0750h\/#breadcrumb","itemListElement":[{"@type":"ListItem","position":1,"name":"Portada","item":"https:\/\/www.copealcoy.es\/es\/"},{"@type":"ListItem","position":2,"name":"Informativo matinal lunes 7 de julio 2025 (07:50h)"}]},{"@type":"WebSite","@id":"https:\/\/www.copealcoy.es\/es\/#website","url":"https:\/\/www.copealcoy.es\/es\/","name":"COPE Alcoy","description":"Emisora COPE de radio local con emisi\u00f3n online. Pont de Sant Jordi 8-10 03803 Alcoy","potentialAction":[{"@type":"SearchAction","target":{"@type":"EntryPoint","urlTemplate":"https:\/\/www.copealcoy.es\/es\/?s={search_term_string}"},"query-input":{"@type":"PropertyValueSpecification","valueRequired":true,"valueName":"search_term_string"}}],"inLanguage":"es"},{"@type":"Person","@id":"https:\/\/www.copealcoy.es\/es\/#\/schema\/person\/e777c87fa024e57d40170af9df39882c","name":"Cope Alcoy","image":{"@type":"ImageObject","inLanguage":"es","@id":"https:\/\/secure.gravatar.com\/avatar\/bb65d0283347e303893ba14f0692005417c1e0e690a325a4c5d8bb2b3943ee14?s=96&d=mm&r=g","url":"https:\/\/secure.gravatar.com\/avatar\/bb65d0283347e303893ba14f0692005417c1e0e690a325a4c5d8bb2b3943ee14?s=96&d=mm&r=g","contentUrl":"https:\/\/secure.gravatar.com\/avatar\/bb65d0283347e303893ba14f0692005417c1e0e690a325a4c5d8bb2b3943ee14?s=96&d=mm&r=g","caption":"Cope Alcoy"}}]}},"_links":{"self":[{"href":"https:\/\/www.copealcoy.es\/es\/wp-json\/wp\/v2\/posts\/154738","targetHints":{"allow":["GET"]}}],"collection":[{"href":"https:\/\/www.copealcoy.es\/es\/wp-json\/wp\/v2\/posts"}],"about":[{"href":"https:\/\/www.copealcoy.es\/es\/wp-json\/wp\/v2\/types\/post"}],"author":[{"embeddable":true,"href":"https:\/\/www.copealcoy.es\/es\/wp-json\/wp\/v2\/users\/1"}],"replies":[{"embeddable":true,"href":"https:\/\/www.copealcoy.es\/es\/wp-json\/wp\/v2\/comments?post=154738"}],"version-history":[{"count":2,"href":"https:\/\/www.copealcoy.es\/es\/wp-json\/wp\/v2\/posts\/154738\/revisions"}],"predecessor-version":[{"id":154741,"href":"https:\/\/www.copealcoy.es\/es\/wp-json\/wp\/v2\/posts\/154738\/revisions\/154741"}],"wp:featuredmedia":[{"embeddable":true,"href":"https:\/\/www.copealcoy.es\/es\/wp-json\/wp\/v2\/media\/147651"}],"wp:attachment":[{"href":"https:\/\/www.copealcoy.es\/es\/wp-json\/wp\/v2\/media?parent=154738"}],"wp:term":[{"taxonomy":"category","embeddable":true,"href":"https:\/\/www.copealcoy.es\/es\/wp-json\/wp\/v2\/categories?post=154738"},{"taxonomy":"post_tag","embeddable":true,"href":"https:\/\/www.copealcoy.es\/es\/wp-json\/wp\/v2\/tags?post=154738"}],"curies":[{"name":"wp","href":"https:\/\/api.w.org\/{rel}","templated":true}]}}