{"id":154733,"date":"2025-07-08T08:15:16","date_gmt":"2025-07-08T07:15:16","guid":{"rendered":"https:\/\/www.copealcoy.es\/?p=154733"},"modified":"2025-07-08T11:06:57","modified_gmt":"2025-07-08T10:06:57","slug":"ultimos-dias-para-visitar-la-cova-de-lor-de-beniarres-hasta-despues-del-verano-estas-son-las-fechas","status":"publish","type":"post","link":"https:\/\/www.copealcoy.es\/es\/ultimos-dias-para-visitar-la-cova-de-lor-de-beniarres-hasta-despues-del-verano-estas-son-las-fechas\/","title":{"rendered":"\u00daltimos d\u00edas para visitar la Cova de l&#8217;Or de Beniarr\u00e9s hasta despu\u00e9s del verano. Estas son las fechas"},"content":{"rendered":"<p style=\"text-align: justify;\">El calor y las altas temperaturas llevan de nuevo a que <a href=\"https:\/\/www.marqalicante.com\/es\/Paginas\/es\/COVA-DE-LOR-MUSEO-DE-SITIO-P651-M1.html\/\" target=\"_blank\" rel=\"noopener\"><span style=\"color: #0000ff;\"><strong>la Cova de l&#8217;Or de Beniarr\u00e9s<\/strong><\/span><\/a> cierre sus puertas al p\u00fablico hasta despu\u00e9s del verano. La actividad cultural y las visitas guiadas al yacimiento del Neol\u00edtico, gestionadas por la Fundaci\u00f3n CV Marq en colaboraci\u00f3n con el Ayuntamiento de Beniarr\u00e9s, <strong>se suspender\u00e1n desde el pr\u00f3ximo fin de semana del 12 y 13 de julio<\/strong> hasta su reapertura prevista para el 6 de septiembre, cuando se espera que las temperaturas bajen en el conjunto de la provincia de Alicante.<\/p>\n<p style=\"text-align: justify;\">Las citadas excursiones, que han registrado m\u00e1s de 3.000 asistentes desde su apertura en junio de 2021, <strong>ofrecen<\/strong> un recorrido completo por el enclave y su Centro de Interpretaci\u00f3n. La visita comienza con un recorrido guiado por el museo y la proyecci\u00f3n de un v\u00eddeo que contextualiza el espacio y su entorno. Posteriormente, los visitantes acceden en veh\u00edculo hasta el inicio del sendero que conduce a la cavidad, donde podr\u00e1n recorrer diferentes grutas mediante una pasarela acondicionada desde 2016 &#8220;<em>sin duda alguna, es un importante revulsivo para un municipio con apenas mil habitantes. La Diputaci\u00f3n mantiene el compromiso, no s\u00f3lo con la puesta en valor de nuestro patrimonio hist\u00f3rico y cultural, sino con los municipios en riesgo de despoblamiento. En el caso de la Cova de l&#8217;Or de Beniarr\u00e9s disponemos de dos recursos de primer orden que, adem\u00e1s, ofrecen la oportunidad de realizar un sugestivo recorrido de inter\u00e9s cultural y paisaj\u00edstico que se inicia en el Centro de Interpretaci\u00f3n situado en el mismo n\u00facleo urbano de la localidad<\/em>\u201d, explica al respecto el Diputado de Cultura; <strong>Juan de Dios Navarro<\/strong>.<\/p>\n<p style=\"text-align: justify;\">Los <strong>horarios de las visitas<\/strong> estar\u00e1n disponibles los s\u00e1bados, domingos y festivos durante la temporada. Para <strong>reservar entradas o consultar m\u00e1s informaci\u00f3n<\/strong>, los interesados pueden visitar\u00a0<strong><span style=\"color: #0000ff;\"><a style=\"color: #0000ff;\" href=\"http:\/\/www.marqalicante.com\/\" target=\"_blank\" rel=\"noopener noreferrer\">www.marqalicante.com<\/a><\/span><\/strong>.<\/p>\n","protected":false},"excerpt":{"rendered":"<p>El calor y las altas temperaturas llevan de nuevo a que la Cova de l&#8217;Or de Beniarr\u00e9s cierre sus puertas&#8230;<\/p>\n","protected":false},"author":1,"featured_media":141569,"comment_status":"closed","ping_status":"closed","sticky":false,"template":"","format":"standard","meta":{"footnotes":""},"categories":[6909,98,75],"tags":[851,3211,947,1031,2041],"class_list":["post-154733","post","type-post","status-publish","format-standard","has-post-thumbnail","hentry","category-actualidad","category-comarcas","category-noticias","tag-beniarres","tag-cova-de-lor","tag-diputacion-de-alicante","tag-marq","tag-visitas"],"yoast_head":"<!-- This site is optimized with the Yoast SEO plugin v27.3 - https:\/\/yoast.com\/product\/yoast-seo-wordpress\/ -->\n<title>\u00daltimos d\u00edas para visitar la Cova de l&#039;Or de Beniarr\u00e9s hasta despu\u00e9s del verano. Estas son las fechas - COPE Alcoy<\/title>\n<meta name=\"description\" content=\"El calor y las altas temperaturas llevan de nuevo a que la Cova de l&#039;Or de Beniarr\u00e9s cierre sus puertas al p\u00fablico hasta despu\u00e9s del verano\" \/>\n<meta name=\"robots\" content=\"index, follow, max-snippet:-1, max-image-preview:large, max-video-preview:-1\" \/>\n<link rel=\"canonical\" href=\"https:\/\/www.copealcoy.es\/es\/ultimos-dias-para-visitar-la-cova-de-lor-de-beniarres-hasta-despues-del-verano-estas-son-las-fechas\/\" \/>\n<meta property=\"og:locale\" content=\"es_ES\" \/>\n<meta property=\"og:type\" content=\"article\" \/>\n<meta property=\"og:title\" content=\"\u00daltimos d\u00edas para visitar la Cova de l&#039;Or de Beniarr\u00e9s hasta despu\u00e9s del verano. Estas son las fechas - COPE Alcoy\" \/>\n<meta property=\"og:description\" content=\"El calor y las altas temperaturas llevan de nuevo a que la Cova de l&#039;Or de Beniarr\u00e9s cierre sus puertas al p\u00fablico hasta despu\u00e9s del verano\" \/>\n<meta property=\"og:url\" content=\"https:\/\/www.copealcoy.es\/es\/ultimos-dias-para-visitar-la-cova-de-lor-de-beniarres-hasta-despues-del-verano-estas-son-las-fechas\/\" \/>\n<meta property=\"og:site_name\" content=\"COPE Alcoy\" \/>\n<meta property=\"article:published_time\" content=\"2025-07-08T07:15:16+00:00\" \/>\n<meta property=\"article:modified_time\" content=\"2025-07-08T10:06:57+00:00\" \/>\n<meta property=\"og:image\" content=\"https:\/\/www.copealcoy.es\/wp-content\/uploads\/2024\/10\/325.jpg\" \/>\n\t<meta property=\"og:image:width\" content=\"1503\" \/>\n\t<meta property=\"og:image:height\" content=\"989\" \/>\n\t<meta property=\"og:image:type\" content=\"image\/jpeg\" \/>\n<meta name=\"author\" content=\"Cope Alcoy\" \/>\n<meta name=\"twitter:label1\" content=\"Escrito por\" \/>\n\t<meta name=\"twitter:data1\" content=\"Cope Alcoy\" \/>\n\t<meta name=\"twitter:label2\" content=\"Tiempo de lectura\" \/>\n\t<meta name=\"twitter:data2\" content=\"2 minutos\" \/>\n<script type=\"application\/ld+json\" class=\"yoast-schema-graph\">{\"@context\":\"https:\\\/\\\/schema.org\",\"@graph\":[{\"@type\":\"Article\",\"@id\":\"https:\\\/\\\/www.copealcoy.es\\\/es\\\/ultimos-dias-para-visitar-la-cova-de-lor-de-beniarres-hasta-despues-del-verano-estas-son-las-fechas\\\/#article\",\"isPartOf\":{\"@id\":\"https:\\\/\\\/www.copealcoy.es\\\/es\\\/ultimos-dias-para-visitar-la-cova-de-lor-de-beniarres-hasta-despues-del-verano-estas-son-las-fechas\\\/\"},\"author\":{\"name\":\"Cope Alcoy\",\"@id\":\"https:\\\/\\\/www.copealcoy.es\\\/es\\\/#\\\/schema\\\/person\\\/e777c87fa024e57d40170af9df39882c\"},\"headline\":\"\u00daltimos d\u00edas para visitar la Cova de l&#8217;Or de Beniarr\u00e9s hasta despu\u00e9s del verano. Estas son las fechas\",\"datePublished\":\"2025-07-08T07:15:16+00:00\",\"dateModified\":\"2025-07-08T10:06:57+00:00\",\"mainEntityOfPage\":{\"@id\":\"https:\\\/\\\/www.copealcoy.es\\\/es\\\/ultimos-dias-para-visitar-la-cova-de-lor-de-beniarres-hasta-despues-del-verano-estas-son-las-fechas\\\/\"},\"wordCount\":342,\"image\":{\"@id\":\"https:\\\/\\\/www.copealcoy.es\\\/es\\\/ultimos-dias-para-visitar-la-cova-de-lor-de-beniarres-hasta-despues-del-verano-estas-son-las-fechas\\\/#primaryimage\"},\"thumbnailUrl\":\"https:\\\/\\\/www.copealcoy.es\\\/wp-content\\\/uploads\\\/2024\\\/10\\\/325.jpg\",\"keywords\":[\"Beniarres\",\"Cova de l\u00b4Or\",\"Diputaci\u00f3n de Alicante\",\"MARQ\",\"visitas\"],\"articleSection\":[\"Actualidad\",\"Comarcas\",\"Noticias\"],\"inLanguage\":\"es\"},{\"@type\":\"WebPage\",\"@id\":\"https:\\\/\\\/www.copealcoy.es\\\/es\\\/ultimos-dias-para-visitar-la-cova-de-lor-de-beniarres-hasta-despues-del-verano-estas-son-las-fechas\\\/\",\"url\":\"https:\\\/\\\/www.copealcoy.es\\\/es\\\/ultimos-dias-para-visitar-la-cova-de-lor-de-beniarres-hasta-despues-del-verano-estas-son-las-fechas\\\/\",\"name\":\"\u00daltimos d\u00edas para visitar la Cova de l'Or de Beniarr\u00e9s hasta despu\u00e9s del verano. Estas son las fechas - COPE Alcoy\",\"isPartOf\":{\"@id\":\"https:\\\/\\\/www.copealcoy.es\\\/es\\\/#website\"},\"primaryImageOfPage\":{\"@id\":\"https:\\\/\\\/www.copealcoy.es\\\/es\\\/ultimos-dias-para-visitar-la-cova-de-lor-de-beniarres-hasta-despues-del-verano-estas-son-las-fechas\\\/#primaryimage\"},\"image\":{\"@id\":\"https:\\\/\\\/www.copealcoy.es\\\/es\\\/ultimos-dias-para-visitar-la-cova-de-lor-de-beniarres-hasta-despues-del-verano-estas-son-las-fechas\\\/#primaryimage\"},\"thumbnailUrl\":\"https:\\\/\\\/www.copealcoy.es\\\/wp-content\\\/uploads\\\/2024\\\/10\\\/325.jpg\",\"datePublished\":\"2025-07-08T07:15:16+00:00\",\"dateModified\":\"2025-07-08T10:06:57+00:00\",\"author\":{\"@id\":\"https:\\\/\\\/www.copealcoy.es\\\/es\\\/#\\\/schema\\\/person\\\/e777c87fa024e57d40170af9df39882c\"},\"description\":\"El calor y las altas temperaturas llevan de nuevo a que la Cova de l'Or de Beniarr\u00e9s cierre sus puertas al p\u00fablico hasta despu\u00e9s del verano\",\"breadcrumb\":{\"@id\":\"https:\\\/\\\/www.copealcoy.es\\\/es\\\/ultimos-dias-para-visitar-la-cova-de-lor-de-beniarres-hasta-despues-del-verano-estas-son-las-fechas\\\/#breadcrumb\"},\"inLanguage\":\"es\",\"potentialAction\":[{\"@type\":\"ReadAction\",\"target\":[\"https:\\\/\\\/www.copealcoy.es\\\/es\\\/ultimos-dias-para-visitar-la-cova-de-lor-de-beniarres-hasta-despues-del-verano-estas-son-las-fechas\\\/\"]}]},{\"@type\":\"ImageObject\",\"inLanguage\":\"es\",\"@id\":\"https:\\\/\\\/www.copealcoy.es\\\/es\\\/ultimos-dias-para-visitar-la-cova-de-lor-de-beniarres-hasta-despues-del-verano-estas-son-las-fechas\\\/#primaryimage\",\"url\":\"https:\\\/\\\/www.copealcoy.es\\\/wp-content\\\/uploads\\\/2024\\\/10\\\/325.jpg\",\"contentUrl\":\"https:\\\/\\\/www.copealcoy.es\\\/wp-content\\\/uploads\\\/2024\\\/10\\\/325.jpg\",\"width\":1503,\"height\":989},{\"@type\":\"BreadcrumbList\",\"@id\":\"https:\\\/\\\/www.copealcoy.es\\\/es\\\/ultimos-dias-para-visitar-la-cova-de-lor-de-beniarres-hasta-despues-del-verano-estas-son-las-fechas\\\/#breadcrumb\",\"itemListElement\":[{\"@type\":\"ListItem\",\"position\":1,\"name\":\"Portada\",\"item\":\"https:\\\/\\\/www.copealcoy.es\\\/es\\\/\"},{\"@type\":\"ListItem\",\"position\":2,\"name\":\"\u00daltimos d\u00edas para visitar la Cova de l&#8217;Or de Beniarr\u00e9s hasta despu\u00e9s del verano. Estas son las fechas\"}]},{\"@type\":\"WebSite\",\"@id\":\"https:\\\/\\\/www.copealcoy.es\\\/es\\\/#website\",\"url\":\"https:\\\/\\\/www.copealcoy.es\\\/es\\\/\",\"name\":\"COPE Alcoy\",\"description\":\"Emisora COPE de radio local con emisi\u00f3n online. Pont de Sant Jordi 8-10 03803 Alcoy\",\"potentialAction\":[{\"@type\":\"SearchAction\",\"target\":{\"@type\":\"EntryPoint\",\"urlTemplate\":\"https:\\\/\\\/www.copealcoy.es\\\/es\\\/?s={search_term_string}\"},\"query-input\":{\"@type\":\"PropertyValueSpecification\",\"valueRequired\":true,\"valueName\":\"search_term_string\"}}],\"inLanguage\":\"es\"},{\"@type\":\"Person\",\"@id\":\"https:\\\/\\\/www.copealcoy.es\\\/es\\\/#\\\/schema\\\/person\\\/e777c87fa024e57d40170af9df39882c\",\"name\":\"Cope Alcoy\",\"image\":{\"@type\":\"ImageObject\",\"inLanguage\":\"es\",\"@id\":\"https:\\\/\\\/secure.gravatar.com\\\/avatar\\\/bb65d0283347e303893ba14f0692005417c1e0e690a325a4c5d8bb2b3943ee14?s=96&d=mm&r=g\",\"url\":\"https:\\\/\\\/secure.gravatar.com\\\/avatar\\\/bb65d0283347e303893ba14f0692005417c1e0e690a325a4c5d8bb2b3943ee14?s=96&d=mm&r=g\",\"contentUrl\":\"https:\\\/\\\/secure.gravatar.com\\\/avatar\\\/bb65d0283347e303893ba14f0692005417c1e0e690a325a4c5d8bb2b3943ee14?s=96&d=mm&r=g\",\"caption\":\"Cope Alcoy\"}}]}<\/script>\n<!-- \/ Yoast SEO plugin. -->","yoast_head_json":{"title":"\u00daltimos d\u00edas para visitar la Cova de l'Or de Beniarr\u00e9s hasta despu\u00e9s del verano. Estas son las fechas - COPE Alcoy","description":"El calor y las altas temperaturas llevan de nuevo a que la Cova de l'Or de Beniarr\u00e9s cierre sus puertas al p\u00fablico hasta despu\u00e9s del verano","robots":{"index":"index","follow":"follow","max-snippet":"max-snippet:-1","max-image-preview":"max-image-preview:large","max-video-preview":"max-video-preview:-1"},"canonical":"https:\/\/www.copealcoy.es\/es\/ultimos-dias-para-visitar-la-cova-de-lor-de-beniarres-hasta-despues-del-verano-estas-son-las-fechas\/","og_locale":"es_ES","og_type":"article","og_title":"\u00daltimos d\u00edas para visitar la Cova de l'Or de Beniarr\u00e9s hasta despu\u00e9s del verano. Estas son las fechas - COPE Alcoy","og_description":"El calor y las altas temperaturas llevan de nuevo a que la Cova de l'Or de Beniarr\u00e9s cierre sus puertas al p\u00fablico hasta despu\u00e9s del verano","og_url":"https:\/\/www.copealcoy.es\/es\/ultimos-dias-para-visitar-la-cova-de-lor-de-beniarres-hasta-despues-del-verano-estas-son-las-fechas\/","og_site_name":"COPE Alcoy","article_published_time":"2025-07-08T07:15:16+00:00","article_modified_time":"2025-07-08T10:06:57+00:00","og_image":[{"width":1503,"height":989,"url":"https:\/\/www.copealcoy.es\/wp-content\/uploads\/2024\/10\/325.jpg","type":"image\/jpeg"}],"author":"Cope Alcoy","twitter_misc":{"Escrito por":"Cope Alcoy","Tiempo de lectura":"2 minutos"},"schema":{"@context":"https:\/\/schema.org","@graph":[{"@type":"Article","@id":"https:\/\/www.copealcoy.es\/es\/ultimos-dias-para-visitar-la-cova-de-lor-de-beniarres-hasta-despues-del-verano-estas-son-las-fechas\/#article","isPartOf":{"@id":"https:\/\/www.copealcoy.es\/es\/ultimos-dias-para-visitar-la-cova-de-lor-de-beniarres-hasta-despues-del-verano-estas-son-las-fechas\/"},"author":{"name":"Cope Alcoy","@id":"https:\/\/www.copealcoy.es\/es\/#\/schema\/person\/e777c87fa024e57d40170af9df39882c"},"headline":"\u00daltimos d\u00edas para visitar la Cova de l&#8217;Or de Beniarr\u00e9s hasta despu\u00e9s del verano. Estas son las fechas","datePublished":"2025-07-08T07:15:16+00:00","dateModified":"2025-07-08T10:06:57+00:00","mainEntityOfPage":{"@id":"https:\/\/www.copealcoy.es\/es\/ultimos-dias-para-visitar-la-cova-de-lor-de-beniarres-hasta-despues-del-verano-estas-son-las-fechas\/"},"wordCount":342,"image":{"@id":"https:\/\/www.copealcoy.es\/es\/ultimos-dias-para-visitar-la-cova-de-lor-de-beniarres-hasta-despues-del-verano-estas-son-las-fechas\/#primaryimage"},"thumbnailUrl":"https:\/\/www.copealcoy.es\/wp-content\/uploads\/2024\/10\/325.jpg","keywords":["Beniarres","Cova de l\u00b4Or","Diputaci\u00f3n de Alicante","MARQ","visitas"],"articleSection":["Actualidad","Comarcas","Noticias"],"inLanguage":"es"},{"@type":"WebPage","@id":"https:\/\/www.copealcoy.es\/es\/ultimos-dias-para-visitar-la-cova-de-lor-de-beniarres-hasta-despues-del-verano-estas-son-las-fechas\/","url":"https:\/\/www.copealcoy.es\/es\/ultimos-dias-para-visitar-la-cova-de-lor-de-beniarres-hasta-despues-del-verano-estas-son-las-fechas\/","name":"\u00daltimos d\u00edas para visitar la Cova de l'Or de Beniarr\u00e9s hasta despu\u00e9s del verano. Estas son las fechas - COPE Alcoy","isPartOf":{"@id":"https:\/\/www.copealcoy.es\/es\/#website"},"primaryImageOfPage":{"@id":"https:\/\/www.copealcoy.es\/es\/ultimos-dias-para-visitar-la-cova-de-lor-de-beniarres-hasta-despues-del-verano-estas-son-las-fechas\/#primaryimage"},"image":{"@id":"https:\/\/www.copealcoy.es\/es\/ultimos-dias-para-visitar-la-cova-de-lor-de-beniarres-hasta-despues-del-verano-estas-son-las-fechas\/#primaryimage"},"thumbnailUrl":"https:\/\/www.copealcoy.es\/wp-content\/uploads\/2024\/10\/325.jpg","datePublished":"2025-07-08T07:15:16+00:00","dateModified":"2025-07-08T10:06:57+00:00","author":{"@id":"https:\/\/www.copealcoy.es\/es\/#\/schema\/person\/e777c87fa024e57d40170af9df39882c"},"description":"El calor y las altas temperaturas llevan de nuevo a que la Cova de l'Or de Beniarr\u00e9s cierre sus puertas al p\u00fablico hasta despu\u00e9s del verano","breadcrumb":{"@id":"https:\/\/www.copealcoy.es\/es\/ultimos-dias-para-visitar-la-cova-de-lor-de-beniarres-hasta-despues-del-verano-estas-son-las-fechas\/#breadcrumb"},"inLanguage":"es","potentialAction":[{"@type":"ReadAction","target":["https:\/\/www.copealcoy.es\/es\/ultimos-dias-para-visitar-la-cova-de-lor-de-beniarres-hasta-despues-del-verano-estas-son-las-fechas\/"]}]},{"@type":"ImageObject","inLanguage":"es","@id":"https:\/\/www.copealcoy.es\/es\/ultimos-dias-para-visitar-la-cova-de-lor-de-beniarres-hasta-despues-del-verano-estas-son-las-fechas\/#primaryimage","url":"https:\/\/www.copealcoy.es\/wp-content\/uploads\/2024\/10\/325.jpg","contentUrl":"https:\/\/www.copealcoy.es\/wp-content\/uploads\/2024\/10\/325.jpg","width":1503,"height":989},{"@type":"BreadcrumbList","@id":"https:\/\/www.copealcoy.es\/es\/ultimos-dias-para-visitar-la-cova-de-lor-de-beniarres-hasta-despues-del-verano-estas-son-las-fechas\/#breadcrumb","itemListElement":[{"@type":"ListItem","position":1,"name":"Portada","item":"https:\/\/www.copealcoy.es\/es\/"},{"@type":"ListItem","position":2,"name":"\u00daltimos d\u00edas para visitar la Cova de l&#8217;Or de Beniarr\u00e9s hasta despu\u00e9s del verano. Estas son las fechas"}]},{"@type":"WebSite","@id":"https:\/\/www.copealcoy.es\/es\/#website","url":"https:\/\/www.copealcoy.es\/es\/","name":"COPE Alcoy","description":"Emisora COPE de radio local con emisi\u00f3n online. Pont de Sant Jordi 8-10 03803 Alcoy","potentialAction":[{"@type":"SearchAction","target":{"@type":"EntryPoint","urlTemplate":"https:\/\/www.copealcoy.es\/es\/?s={search_term_string}"},"query-input":{"@type":"PropertyValueSpecification","valueRequired":true,"valueName":"search_term_string"}}],"inLanguage":"es"},{"@type":"Person","@id":"https:\/\/www.copealcoy.es\/es\/#\/schema\/person\/e777c87fa024e57d40170af9df39882c","name":"Cope Alcoy","image":{"@type":"ImageObject","inLanguage":"es","@id":"https:\/\/secure.gravatar.com\/avatar\/bb65d0283347e303893ba14f0692005417c1e0e690a325a4c5d8bb2b3943ee14?s=96&d=mm&r=g","url":"https:\/\/secure.gravatar.com\/avatar\/bb65d0283347e303893ba14f0692005417c1e0e690a325a4c5d8bb2b3943ee14?s=96&d=mm&r=g","contentUrl":"https:\/\/secure.gravatar.com\/avatar\/bb65d0283347e303893ba14f0692005417c1e0e690a325a4c5d8bb2b3943ee14?s=96&d=mm&r=g","caption":"Cope Alcoy"}}]}},"_links":{"self":[{"href":"https:\/\/www.copealcoy.es\/es\/wp-json\/wp\/v2\/posts\/154733","targetHints":{"allow":["GET"]}}],"collection":[{"href":"https:\/\/www.copealcoy.es\/es\/wp-json\/wp\/v2\/posts"}],"about":[{"href":"https:\/\/www.copealcoy.es\/es\/wp-json\/wp\/v2\/types\/post"}],"author":[{"embeddable":true,"href":"https:\/\/www.copealcoy.es\/es\/wp-json\/wp\/v2\/users\/1"}],"replies":[{"embeddable":true,"href":"https:\/\/www.copealcoy.es\/es\/wp-json\/wp\/v2\/comments?post=154733"}],"version-history":[{"count":2,"href":"https:\/\/www.copealcoy.es\/es\/wp-json\/wp\/v2\/posts\/154733\/revisions"}],"predecessor-version":[{"id":154736,"href":"https:\/\/www.copealcoy.es\/es\/wp-json\/wp\/v2\/posts\/154733\/revisions\/154736"}],"wp:featuredmedia":[{"embeddable":true,"href":"https:\/\/www.copealcoy.es\/es\/wp-json\/wp\/v2\/media\/141569"}],"wp:attachment":[{"href":"https:\/\/www.copealcoy.es\/es\/wp-json\/wp\/v2\/media?parent=154733"}],"wp:term":[{"taxonomy":"category","embeddable":true,"href":"https:\/\/www.copealcoy.es\/es\/wp-json\/wp\/v2\/categories?post=154733"},{"taxonomy":"post_tag","embeddable":true,"href":"https:\/\/www.copealcoy.es\/es\/wp-json\/wp\/v2\/tags?post=154733"}],"curies":[{"name":"wp","href":"https:\/\/api.w.org\/{rel}","templated":true}]}}