{"id":154712,"date":"2025-07-07T09:00:49","date_gmt":"2025-07-07T08:00:49","guid":{"rendered":"https:\/\/www.copealcoy.es\/?p=154712"},"modified":"2025-07-07T11:09:48","modified_gmt":"2025-07-07T10:09:48","slug":"el-sent-me-vuelve-a-situar-a-cocentaina-en-epicentro-de-la-cultura-y-la-musica","status":"publish","type":"post","link":"https:\/\/www.copealcoy.es\/es\/el-sent-me-vuelve-a-situar-a-cocentaina-en-epicentro-de-la-cultura-y-la-musica\/","title":{"rendered":"El SENT-ME vuelve a situar a Cocentaina en epicentro de la cultura y la m\u00fasica"},"content":{"rendered":"<p style=\"text-align: justify;\">Cocentaina se prepara para convertirse nuevamente en <strong>capital musical y cultural de la Comunitat Valenciana<\/strong> durante esta semana, gracias a la celebraci\u00f3n del <a href=\"https:\/\/www.cocentaina.es\/es\/patrimonio-y-cultura\/sent-me\" target=\"_blank\" rel=\"noopener\"><span style=\"color: #0000ff;\"><strong>Simposio Encuentro de Nuevas Tendencias en M\u00fasica y Educaci\u00f3n (SENTME)<\/strong><\/span><\/a>. Este evento, que arranca el lunes y se extender\u00e1 hasta el viernes, <strong>ofrece una amplia variedad de actividades educativas y culturales<\/strong> dirigidas a numerosos estudiantes y pero tambi\u00e9n a amantes de la m\u00fasica.<\/p>\n<p style=\"text-align: justify;\">El SENTME <strong>incluye una oferta formativa<\/strong> compuesta por cursos de especializaci\u00f3n instrumental en viol\u00edn, viola, violonchelo, contrabajo, flauta y clarinete, impartidos por destacados expertos. Adem\u00e1s, los participantes podr\u00e1n profundizar en disciplinas complementarias como educaci\u00f3n postural, relajaci\u00f3n en escena, sesiones orquestales, composici\u00f3n para grupos de m\u00fasica de c\u00e1mara y encuentros previos a los conciertos con artistas invitados.<\/p>\n<p style=\"text-align: justify;\">El certamen tambi\u00e9n <strong>presenta iniciativas dirigidas a ni\u00f1os entre 4 y 10 a\u00f1os<\/strong>, coordinadas por Elena Huidobro y Marta Muguruza, y que se articulan en torno al SENT-MET. Y junto a ello, una completa oferta cultural en la que figuran propuestas como <strong>la actuaci\u00f3n de la Orquesta Sinf\u00f3nica y Coro RTVE<\/strong> este lunes a las 22:00 horas en el patio de armas del Palau Comtal. La orquesta interpretar\u00e1 un programa dedicado a Mozart, acercando la grandeza del clasicismo vien\u00e9s a un entorno hist\u00f3rico \u00fanico en Cocentaina, seg\u00fan explic\u00f3 Ignacio Garc\u00eda Vidal, director art\u00edstico del SENT-ME y director de la formaci\u00f3n.<\/p>\n<p style=\"text-align: justify;\">A lo largo de la semana, el programa contin\u00faa con recitales como <strong>\u201cLes Arts amb tu\u201d<\/strong> el martes, protagonizado por cantantes del Centre de Perfeccionament del Palau de Les Arts; <strong>\u201cPedro y el lobo\u201d<\/strong> con t\u00edteres y m\u00fasica en vivo el mi\u00e9rcoles en el Palau Mediterrani; y un concierto de m\u00fasica de c\u00e1mara titulado <strong>\u201cSent la m\u00fasica a la Torreta de Jaume I\u201d<\/strong> el jueves en esta emblem\u00e1tica ubicaci\u00f3n, con entrada gratuita. La clausura tendr\u00e1 lugar el viernes a las 20:00 horas con la audici\u00f3n <strong>\u201cDon Quijote del SENTME\u201d<\/strong>, interpretada por la Orquesta del evento junto a ni\u00f1os del SENT-MET en el Centre Cultural El Teular.<\/p>\n<p style=\"text-align: justify;\">Como cada a\u00f1o, el Ayuntamiento de Cocentaina respalda esta iniciativa facilitando recursos e infraestructura a la organizaci\u00f3n para garantizar el \u00e9xito del SENT-ME. Tras diez ediciones consolid\u00e1ndose como uno de los eventos musicales m\u00e1s importantes de nuestras comarcas, el SENT-ME <strong>mira hacia un futuro prometedor<\/strong> lleno de nuevas tendencias y talentos emergentes.<\/p>\n","protected":false},"excerpt":{"rendered":"<p>Cocentaina se prepara para convertirse nuevamente en capital musical y cultural de la Comunitat Valenciana durante esta semana, gracias a&#8230;<\/p>\n","protected":false},"author":1,"featured_media":136126,"comment_status":"closed","ping_status":"closed","sticky":false,"template":"","format":"standard","meta":{"footnotes":""},"categories":[6909,98,75],"tags":[132,2222,1215,973],"class_list":["post-154712","post","type-post","status-publish","format-standard","has-post-thumbnail","hentry","category-actualidad","category-comarcas","category-noticias","tag-cocentaina","tag-ignacio-garcia-vidal","tag-inicio","tag-sent-me"],"yoast_head":"<!-- This site is optimized with the Yoast SEO plugin v27.3 - https:\/\/yoast.com\/product\/yoast-seo-wordpress\/ -->\n<title>El SENT-ME vuelve a situar a Cocentaina en epicentro de la cultura y la m\u00fasica - COPE Alcoy<\/title>\n<meta name=\"description\" content=\"El SENT-ME vuelve a situar a Cocentaina en epicentro de la cultura y la m\u00fasica\" \/>\n<meta name=\"robots\" content=\"index, follow, max-snippet:-1, max-image-preview:large, max-video-preview:-1\" \/>\n<link rel=\"canonical\" href=\"https:\/\/www.copealcoy.es\/es\/el-sent-me-vuelve-a-situar-a-cocentaina-en-epicentro-de-la-cultura-y-la-musica\/\" \/>\n<meta property=\"og:locale\" content=\"es_ES\" \/>\n<meta property=\"og:type\" content=\"article\" \/>\n<meta property=\"og:title\" content=\"El SENT-ME vuelve a situar a Cocentaina en epicentro de la cultura y la m\u00fasica - COPE Alcoy\" \/>\n<meta property=\"og:description\" content=\"El SENT-ME vuelve a situar a Cocentaina en epicentro de la cultura y la m\u00fasica\" \/>\n<meta property=\"og:url\" content=\"https:\/\/www.copealcoy.es\/es\/el-sent-me-vuelve-a-situar-a-cocentaina-en-epicentro-de-la-cultura-y-la-musica\/\" \/>\n<meta property=\"og:site_name\" content=\"COPE Alcoy\" \/>\n<meta property=\"article:published_time\" content=\"2025-07-07T08:00:49+00:00\" \/>\n<meta property=\"article:modified_time\" content=\"2025-07-07T10:09:48+00:00\" \/>\n<meta property=\"og:image\" content=\"https:\/\/www.copealcoy.es\/wp-content\/uploads\/2024\/07\/451021979_912490377353224_4835302479885510519_n-scaled.jpg\" \/>\n\t<meta property=\"og:image:width\" content=\"1920\" \/>\n\t<meta property=\"og:image:height\" content=\"1074\" \/>\n\t<meta property=\"og:image:type\" content=\"image\/jpeg\" \/>\n<meta name=\"author\" content=\"Cope Alcoy\" \/>\n<meta name=\"twitter:label1\" content=\"Escrito por\" \/>\n\t<meta name=\"twitter:data1\" content=\"Cope Alcoy\" \/>\n\t<meta name=\"twitter:label2\" content=\"Tiempo de lectura\" \/>\n\t<meta name=\"twitter:data2\" content=\"3 minutos\" \/>\n<script type=\"application\/ld+json\" class=\"yoast-schema-graph\">{\"@context\":\"https:\\\/\\\/schema.org\",\"@graph\":[{\"@type\":\"Article\",\"@id\":\"https:\\\/\\\/www.copealcoy.es\\\/es\\\/el-sent-me-vuelve-a-situar-a-cocentaina-en-epicentro-de-la-cultura-y-la-musica\\\/#article\",\"isPartOf\":{\"@id\":\"https:\\\/\\\/www.copealcoy.es\\\/es\\\/el-sent-me-vuelve-a-situar-a-cocentaina-en-epicentro-de-la-cultura-y-la-musica\\\/\"},\"author\":{\"name\":\"Cope Alcoy\",\"@id\":\"https:\\\/\\\/www.copealcoy.es\\\/es\\\/#\\\/schema\\\/person\\\/e777c87fa024e57d40170af9df39882c\"},\"headline\":\"El SENT-ME vuelve a situar a Cocentaina en epicentro de la cultura y la m\u00fasica\",\"datePublished\":\"2025-07-07T08:00:49+00:00\",\"dateModified\":\"2025-07-07T10:09:48+00:00\",\"mainEntityOfPage\":{\"@id\":\"https:\\\/\\\/www.copealcoy.es\\\/es\\\/el-sent-me-vuelve-a-situar-a-cocentaina-en-epicentro-de-la-cultura-y-la-musica\\\/\"},\"wordCount\":432,\"image\":{\"@id\":\"https:\\\/\\\/www.copealcoy.es\\\/es\\\/el-sent-me-vuelve-a-situar-a-cocentaina-en-epicentro-de-la-cultura-y-la-musica\\\/#primaryimage\"},\"thumbnailUrl\":\"https:\\\/\\\/www.copealcoy.es\\\/wp-content\\\/uploads\\\/2024\\\/07\\\/451021979_912490377353224_4835302479885510519_n-scaled.jpg\",\"keywords\":[\"Cocentaina\",\"Ignacio Garc\u00eda Vidal\",\"inicio\",\"Sent-Me\"],\"articleSection\":[\"Actualidad\",\"Comarcas\",\"Noticias\"],\"inLanguage\":\"es\"},{\"@type\":\"WebPage\",\"@id\":\"https:\\\/\\\/www.copealcoy.es\\\/es\\\/el-sent-me-vuelve-a-situar-a-cocentaina-en-epicentro-de-la-cultura-y-la-musica\\\/\",\"url\":\"https:\\\/\\\/www.copealcoy.es\\\/es\\\/el-sent-me-vuelve-a-situar-a-cocentaina-en-epicentro-de-la-cultura-y-la-musica\\\/\",\"name\":\"El SENT-ME vuelve a situar a Cocentaina en epicentro de la cultura y la m\u00fasica - COPE Alcoy\",\"isPartOf\":{\"@id\":\"https:\\\/\\\/www.copealcoy.es\\\/es\\\/#website\"},\"primaryImageOfPage\":{\"@id\":\"https:\\\/\\\/www.copealcoy.es\\\/es\\\/el-sent-me-vuelve-a-situar-a-cocentaina-en-epicentro-de-la-cultura-y-la-musica\\\/#primaryimage\"},\"image\":{\"@id\":\"https:\\\/\\\/www.copealcoy.es\\\/es\\\/el-sent-me-vuelve-a-situar-a-cocentaina-en-epicentro-de-la-cultura-y-la-musica\\\/#primaryimage\"},\"thumbnailUrl\":\"https:\\\/\\\/www.copealcoy.es\\\/wp-content\\\/uploads\\\/2024\\\/07\\\/451021979_912490377353224_4835302479885510519_n-scaled.jpg\",\"datePublished\":\"2025-07-07T08:00:49+00:00\",\"dateModified\":\"2025-07-07T10:09:48+00:00\",\"author\":{\"@id\":\"https:\\\/\\\/www.copealcoy.es\\\/es\\\/#\\\/schema\\\/person\\\/e777c87fa024e57d40170af9df39882c\"},\"description\":\"El SENT-ME vuelve a situar a Cocentaina en epicentro de la cultura y la m\u00fasica\",\"breadcrumb\":{\"@id\":\"https:\\\/\\\/www.copealcoy.es\\\/es\\\/el-sent-me-vuelve-a-situar-a-cocentaina-en-epicentro-de-la-cultura-y-la-musica\\\/#breadcrumb\"},\"inLanguage\":\"es\",\"potentialAction\":[{\"@type\":\"ReadAction\",\"target\":[\"https:\\\/\\\/www.copealcoy.es\\\/es\\\/el-sent-me-vuelve-a-situar-a-cocentaina-en-epicentro-de-la-cultura-y-la-musica\\\/\"]}]},{\"@type\":\"ImageObject\",\"inLanguage\":\"es\",\"@id\":\"https:\\\/\\\/www.copealcoy.es\\\/es\\\/el-sent-me-vuelve-a-situar-a-cocentaina-en-epicentro-de-la-cultura-y-la-musica\\\/#primaryimage\",\"url\":\"https:\\\/\\\/www.copealcoy.es\\\/wp-content\\\/uploads\\\/2024\\\/07\\\/451021979_912490377353224_4835302479885510519_n-scaled.jpg\",\"contentUrl\":\"https:\\\/\\\/www.copealcoy.es\\\/wp-content\\\/uploads\\\/2024\\\/07\\\/451021979_912490377353224_4835302479885510519_n-scaled.jpg\",\"width\":1920,\"height\":1074},{\"@type\":\"BreadcrumbList\",\"@id\":\"https:\\\/\\\/www.copealcoy.es\\\/es\\\/el-sent-me-vuelve-a-situar-a-cocentaina-en-epicentro-de-la-cultura-y-la-musica\\\/#breadcrumb\",\"itemListElement\":[{\"@type\":\"ListItem\",\"position\":1,\"name\":\"Portada\",\"item\":\"https:\\\/\\\/www.copealcoy.es\\\/es\\\/\"},{\"@type\":\"ListItem\",\"position\":2,\"name\":\"El SENT-ME vuelve a situar a Cocentaina en epicentro de la cultura y la m\u00fasica\"}]},{\"@type\":\"WebSite\",\"@id\":\"https:\\\/\\\/www.copealcoy.es\\\/es\\\/#website\",\"url\":\"https:\\\/\\\/www.copealcoy.es\\\/es\\\/\",\"name\":\"COPE Alcoy\",\"description\":\"Emisora COPE de radio local con emisi\u00f3n online. Pont de Sant Jordi 8-10 03803 Alcoy\",\"potentialAction\":[{\"@type\":\"SearchAction\",\"target\":{\"@type\":\"EntryPoint\",\"urlTemplate\":\"https:\\\/\\\/www.copealcoy.es\\\/es\\\/?s={search_term_string}\"},\"query-input\":{\"@type\":\"PropertyValueSpecification\",\"valueRequired\":true,\"valueName\":\"search_term_string\"}}],\"inLanguage\":\"es\"},{\"@type\":\"Person\",\"@id\":\"https:\\\/\\\/www.copealcoy.es\\\/es\\\/#\\\/schema\\\/person\\\/e777c87fa024e57d40170af9df39882c\",\"name\":\"Cope Alcoy\",\"image\":{\"@type\":\"ImageObject\",\"inLanguage\":\"es\",\"@id\":\"https:\\\/\\\/secure.gravatar.com\\\/avatar\\\/bb65d0283347e303893ba14f0692005417c1e0e690a325a4c5d8bb2b3943ee14?s=96&d=mm&r=g\",\"url\":\"https:\\\/\\\/secure.gravatar.com\\\/avatar\\\/bb65d0283347e303893ba14f0692005417c1e0e690a325a4c5d8bb2b3943ee14?s=96&d=mm&r=g\",\"contentUrl\":\"https:\\\/\\\/secure.gravatar.com\\\/avatar\\\/bb65d0283347e303893ba14f0692005417c1e0e690a325a4c5d8bb2b3943ee14?s=96&d=mm&r=g\",\"caption\":\"Cope Alcoy\"}}]}<\/script>\n<!-- \/ Yoast SEO plugin. -->","yoast_head_json":{"title":"El SENT-ME vuelve a situar a Cocentaina en epicentro de la cultura y la m\u00fasica - COPE Alcoy","description":"El SENT-ME vuelve a situar a Cocentaina en epicentro de la cultura y la m\u00fasica","robots":{"index":"index","follow":"follow","max-snippet":"max-snippet:-1","max-image-preview":"max-image-preview:large","max-video-preview":"max-video-preview:-1"},"canonical":"https:\/\/www.copealcoy.es\/es\/el-sent-me-vuelve-a-situar-a-cocentaina-en-epicentro-de-la-cultura-y-la-musica\/","og_locale":"es_ES","og_type":"article","og_title":"El SENT-ME vuelve a situar a Cocentaina en epicentro de la cultura y la m\u00fasica - COPE Alcoy","og_description":"El SENT-ME vuelve a situar a Cocentaina en epicentro de la cultura y la m\u00fasica","og_url":"https:\/\/www.copealcoy.es\/es\/el-sent-me-vuelve-a-situar-a-cocentaina-en-epicentro-de-la-cultura-y-la-musica\/","og_site_name":"COPE Alcoy","article_published_time":"2025-07-07T08:00:49+00:00","article_modified_time":"2025-07-07T10:09:48+00:00","og_image":[{"width":1920,"height":1074,"url":"https:\/\/www.copealcoy.es\/wp-content\/uploads\/2024\/07\/451021979_912490377353224_4835302479885510519_n-scaled.jpg","type":"image\/jpeg"}],"author":"Cope Alcoy","twitter_misc":{"Escrito por":"Cope Alcoy","Tiempo de lectura":"3 minutos"},"schema":{"@context":"https:\/\/schema.org","@graph":[{"@type":"Article","@id":"https:\/\/www.copealcoy.es\/es\/el-sent-me-vuelve-a-situar-a-cocentaina-en-epicentro-de-la-cultura-y-la-musica\/#article","isPartOf":{"@id":"https:\/\/www.copealcoy.es\/es\/el-sent-me-vuelve-a-situar-a-cocentaina-en-epicentro-de-la-cultura-y-la-musica\/"},"author":{"name":"Cope Alcoy","@id":"https:\/\/www.copealcoy.es\/es\/#\/schema\/person\/e777c87fa024e57d40170af9df39882c"},"headline":"El SENT-ME vuelve a situar a Cocentaina en epicentro de la cultura y la m\u00fasica","datePublished":"2025-07-07T08:00:49+00:00","dateModified":"2025-07-07T10:09:48+00:00","mainEntityOfPage":{"@id":"https:\/\/www.copealcoy.es\/es\/el-sent-me-vuelve-a-situar-a-cocentaina-en-epicentro-de-la-cultura-y-la-musica\/"},"wordCount":432,"image":{"@id":"https:\/\/www.copealcoy.es\/es\/el-sent-me-vuelve-a-situar-a-cocentaina-en-epicentro-de-la-cultura-y-la-musica\/#primaryimage"},"thumbnailUrl":"https:\/\/www.copealcoy.es\/wp-content\/uploads\/2024\/07\/451021979_912490377353224_4835302479885510519_n-scaled.jpg","keywords":["Cocentaina","Ignacio Garc\u00eda Vidal","inicio","Sent-Me"],"articleSection":["Actualidad","Comarcas","Noticias"],"inLanguage":"es"},{"@type":"WebPage","@id":"https:\/\/www.copealcoy.es\/es\/el-sent-me-vuelve-a-situar-a-cocentaina-en-epicentro-de-la-cultura-y-la-musica\/","url":"https:\/\/www.copealcoy.es\/es\/el-sent-me-vuelve-a-situar-a-cocentaina-en-epicentro-de-la-cultura-y-la-musica\/","name":"El SENT-ME vuelve a situar a Cocentaina en epicentro de la cultura y la m\u00fasica - COPE Alcoy","isPartOf":{"@id":"https:\/\/www.copealcoy.es\/es\/#website"},"primaryImageOfPage":{"@id":"https:\/\/www.copealcoy.es\/es\/el-sent-me-vuelve-a-situar-a-cocentaina-en-epicentro-de-la-cultura-y-la-musica\/#primaryimage"},"image":{"@id":"https:\/\/www.copealcoy.es\/es\/el-sent-me-vuelve-a-situar-a-cocentaina-en-epicentro-de-la-cultura-y-la-musica\/#primaryimage"},"thumbnailUrl":"https:\/\/www.copealcoy.es\/wp-content\/uploads\/2024\/07\/451021979_912490377353224_4835302479885510519_n-scaled.jpg","datePublished":"2025-07-07T08:00:49+00:00","dateModified":"2025-07-07T10:09:48+00:00","author":{"@id":"https:\/\/www.copealcoy.es\/es\/#\/schema\/person\/e777c87fa024e57d40170af9df39882c"},"description":"El SENT-ME vuelve a situar a Cocentaina en epicentro de la cultura y la m\u00fasica","breadcrumb":{"@id":"https:\/\/www.copealcoy.es\/es\/el-sent-me-vuelve-a-situar-a-cocentaina-en-epicentro-de-la-cultura-y-la-musica\/#breadcrumb"},"inLanguage":"es","potentialAction":[{"@type":"ReadAction","target":["https:\/\/www.copealcoy.es\/es\/el-sent-me-vuelve-a-situar-a-cocentaina-en-epicentro-de-la-cultura-y-la-musica\/"]}]},{"@type":"ImageObject","inLanguage":"es","@id":"https:\/\/www.copealcoy.es\/es\/el-sent-me-vuelve-a-situar-a-cocentaina-en-epicentro-de-la-cultura-y-la-musica\/#primaryimage","url":"https:\/\/www.copealcoy.es\/wp-content\/uploads\/2024\/07\/451021979_912490377353224_4835302479885510519_n-scaled.jpg","contentUrl":"https:\/\/www.copealcoy.es\/wp-content\/uploads\/2024\/07\/451021979_912490377353224_4835302479885510519_n-scaled.jpg","width":1920,"height":1074},{"@type":"BreadcrumbList","@id":"https:\/\/www.copealcoy.es\/es\/el-sent-me-vuelve-a-situar-a-cocentaina-en-epicentro-de-la-cultura-y-la-musica\/#breadcrumb","itemListElement":[{"@type":"ListItem","position":1,"name":"Portada","item":"https:\/\/www.copealcoy.es\/es\/"},{"@type":"ListItem","position":2,"name":"El SENT-ME vuelve a situar a Cocentaina en epicentro de la cultura y la m\u00fasica"}]},{"@type":"WebSite","@id":"https:\/\/www.copealcoy.es\/es\/#website","url":"https:\/\/www.copealcoy.es\/es\/","name":"COPE Alcoy","description":"Emisora COPE de radio local con emisi\u00f3n online. Pont de Sant Jordi 8-10 03803 Alcoy","potentialAction":[{"@type":"SearchAction","target":{"@type":"EntryPoint","urlTemplate":"https:\/\/www.copealcoy.es\/es\/?s={search_term_string}"},"query-input":{"@type":"PropertyValueSpecification","valueRequired":true,"valueName":"search_term_string"}}],"inLanguage":"es"},{"@type":"Person","@id":"https:\/\/www.copealcoy.es\/es\/#\/schema\/person\/e777c87fa024e57d40170af9df39882c","name":"Cope Alcoy","image":{"@type":"ImageObject","inLanguage":"es","@id":"https:\/\/secure.gravatar.com\/avatar\/bb65d0283347e303893ba14f0692005417c1e0e690a325a4c5d8bb2b3943ee14?s=96&d=mm&r=g","url":"https:\/\/secure.gravatar.com\/avatar\/bb65d0283347e303893ba14f0692005417c1e0e690a325a4c5d8bb2b3943ee14?s=96&d=mm&r=g","contentUrl":"https:\/\/secure.gravatar.com\/avatar\/bb65d0283347e303893ba14f0692005417c1e0e690a325a4c5d8bb2b3943ee14?s=96&d=mm&r=g","caption":"Cope Alcoy"}}]}},"_links":{"self":[{"href":"https:\/\/www.copealcoy.es\/es\/wp-json\/wp\/v2\/posts\/154712","targetHints":{"allow":["GET"]}}],"collection":[{"href":"https:\/\/www.copealcoy.es\/es\/wp-json\/wp\/v2\/posts"}],"about":[{"href":"https:\/\/www.copealcoy.es\/es\/wp-json\/wp\/v2\/types\/post"}],"author":[{"embeddable":true,"href":"https:\/\/www.copealcoy.es\/es\/wp-json\/wp\/v2\/users\/1"}],"replies":[{"embeddable":true,"href":"https:\/\/www.copealcoy.es\/es\/wp-json\/wp\/v2\/comments?post=154712"}],"version-history":[{"count":4,"href":"https:\/\/www.copealcoy.es\/es\/wp-json\/wp\/v2\/posts\/154712\/revisions"}],"predecessor-version":[{"id":154715,"href":"https:\/\/www.copealcoy.es\/es\/wp-json\/wp\/v2\/posts\/154712\/revisions\/154715"}],"wp:featuredmedia":[{"embeddable":true,"href":"https:\/\/www.copealcoy.es\/es\/wp-json\/wp\/v2\/media\/136126"}],"wp:attachment":[{"href":"https:\/\/www.copealcoy.es\/es\/wp-json\/wp\/v2\/media?parent=154712"}],"wp:term":[{"taxonomy":"category","embeddable":true,"href":"https:\/\/www.copealcoy.es\/es\/wp-json\/wp\/v2\/categories?post=154712"},{"taxonomy":"post_tag","embeddable":true,"href":"https:\/\/www.copealcoy.es\/es\/wp-json\/wp\/v2\/tags?post=154712"}],"curies":[{"name":"wp","href":"https:\/\/api.w.org\/{rel}","templated":true}]}}