{"id":154688,"date":"2025-07-04T12:49:12","date_gmt":"2025-07-04T11:49:12","guid":{"rendered":"https:\/\/www.copealcoy.es\/?p=154688"},"modified":"2025-07-04T17:55:27","modified_gmt":"2025-07-04T16:55:27","slug":"el-museo-de-camilo-sesto-a-un-paso-de-ser-una-realidad-en-alcoy-licitan-el-proyecto-museografico","status":"publish","type":"post","link":"https:\/\/www.copealcoy.es\/es\/el-museo-de-camilo-sesto-a-un-paso-de-ser-una-realidad-en-alcoy-licitan-el-proyecto-museografico\/","title":{"rendered":"El Museo de Camilo Sesto a un paso de ser una realidad en Alcoy: licitan el proyecto museogr\u00e1fico"},"content":{"rendered":"<p style=\"text-align: justify;\">El <a href=\"https:\/\/www.alcoi.org\/ca\/portal\/index.html\" target=\"_blank\" rel=\"noopener\"><span style=\"color: #0000ff;\"><strong>Ayuntamiento de Alcoy<\/strong><\/span><\/a> ha publicado la licitaci\u00f3n para <strong>el dise\u00f1o, suministro e instalaci\u00f3n de los elementos museogr\u00e1ficos del Museo Camilo Sesto<\/strong>, con un presupuesto base de 290.684,52 euros (IVA incluido). La iniciativa <strong>cuenta con financiaci\u00f3n procedente de los Fondos Europeos Next Generation de la Uni\u00f3n Europea<\/strong>, enmarcada en el Plan de Recuperaci\u00f3n, Transformaci\u00f3n y Resiliencia, a trav\u00e9s de los Planes de Sostenibilidad Tur\u00edstica en Destino.<\/p>\n<p style=\"text-align: justify;\">El <strong>proyecto museogr\u00e1fico<\/strong>, elaborado por V\u00e9lera Producci\u00f3n de Exposiciones SL, propone una museograf\u00eda innovadora que se distribuir\u00e1 en dos plantas y que busca poner en valor la trayectoria art\u00edstica y personal del ic\u00f3nico cantante Camilo Sesto. La propuesta <strong>contempla<\/strong> un recorrido completamente accesible, equipado con mobiliario expositivo a medida, sistemas audiovisuales, elementos interactivos y escenograf\u00edas que evocan su legado como uno de los grandes referentes de la m\u00fasica pop. Entre los espacios destacados del museo <strong>se encuentran<\/strong> un escenario multifuncional para conciertos y karaoke, un estudio de grabaci\u00f3n ambientado con instrumentos originales, adem\u00e1s de secciones dedicadas a su v\u00ednculo con Alcoy y a su papel en la obra Jesucristo Superstar. Adem\u00e1s, la propuesta incluye mejoras como la creaci\u00f3n de una p\u00e1gina web propia del museo, v\u00eddeos promocionales, traducciones a varios idiomas y un recorrido virtual accesible mediante c\u00f3digo QR &#8220;<em>es un paso fundamental para culminar un proyecto largamente esperado por la ciudadan\u00eda. Camilo Sesto es una figura universal que merece un espacio a la altura de su legado. Este museo ser\u00e1 tambi\u00e9n un motor de dinamizaci\u00f3n cultural y tur\u00edstica para Alcoy\u201d. Trelis a\u00f1adi\u00f3 que el museo \u201cno ser\u00e1 solo un homenaje a su m\u00fasica, sino tambi\u00e9n un espacio vivo, accesible y tecnol\u00f3gicamente avanzado que conectar\u00e1 con p\u00fablicos de todas las edades<\/em>\u201d, destaca el edil de Patrimonio Cultural, <strong>Ignacio Trelis<\/strong>.<\/p>\n<p style=\"text-align: justify;\">El contrato <strong>tiene un plazo de ejecuci\u00f3n de cuatro meses<\/strong> desde su firma y el proceso se tramita mediante licitaci\u00f3n abierta con regulaci\u00f3n armonizada. Las ofertas podr\u00e1n presentarse hasta el 1 de agosto de 2025 a trav\u00e9s de la Plataforma de Contrataci\u00f3n del Sector P\u00fablico.<\/p>\n","protected":false},"excerpt":{"rendered":"<p>El Ayuntamiento de Alcoy ha publicado la licitaci\u00f3n para el dise\u00f1o, suministro e instalaci\u00f3n de los elementos museogr\u00e1ficos del Museo&#8230;<\/p>\n","protected":false},"author":1,"featured_media":154689,"comment_status":"closed","ping_status":"closed","sticky":false,"template":"","format":"standard","meta":{"footnotes":""},"categories":[6909,97,75,125],"tags":[1494,257,15305,19771],"class_list":["post-154688","post","type-post","status-publish","format-standard","has-post-thumbnail","hentry","category-actualidad","category-alcoy","category-noticias","category-portada","tag-alcoy","tag-licitacion","tag-museo-camilo-sesto","tag-proyecto-museografico"],"yoast_head":"<!-- This site is optimized with the Yoast SEO plugin v27.3 - https:\/\/yoast.com\/product\/yoast-seo-wordpress\/ -->\n<title>El Museo de Camilo Sesto a un paso de ser una realidad en Alcoy: licitan el proyecto museogr\u00e1fico - COPE Alcoy<\/title>\n<meta name=\"description\" content=\"El Museo de Camilo Sesto a un paso de ser una realidad en Alcoy: licitan el proyecto museogr\u00e1fico\" \/>\n<meta name=\"robots\" content=\"index, follow, max-snippet:-1, max-image-preview:large, max-video-preview:-1\" \/>\n<link rel=\"canonical\" href=\"https:\/\/www.copealcoy.es\/es\/el-museo-de-camilo-sesto-a-un-paso-de-ser-una-realidad-en-alcoy-licitan-el-proyecto-museografico\/\" \/>\n<meta property=\"og:locale\" content=\"es_ES\" \/>\n<meta property=\"og:type\" content=\"article\" \/>\n<meta property=\"og:title\" content=\"El Museo de Camilo Sesto a un paso de ser una realidad en Alcoy: licitan el proyecto museogr\u00e1fico - COPE Alcoy\" \/>\n<meta property=\"og:description\" content=\"El Museo de Camilo Sesto a un paso de ser una realidad en Alcoy: licitan el proyecto museogr\u00e1fico\" \/>\n<meta property=\"og:url\" content=\"https:\/\/www.copealcoy.es\/es\/el-museo-de-camilo-sesto-a-un-paso-de-ser-una-realidad-en-alcoy-licitan-el-proyecto-museografico\/\" \/>\n<meta property=\"og:site_name\" content=\"COPE Alcoy\" \/>\n<meta property=\"article:published_time\" content=\"2025-07-04T11:49:12+00:00\" \/>\n<meta property=\"article:modified_time\" content=\"2025-07-04T16:55:27+00:00\" \/>\n<meta property=\"og:image\" content=\"https:\/\/www.copealcoy.es\/wp-content\/uploads\/2025\/07\/1-1.jpg\" \/>\n\t<meta property=\"og:image:width\" content=\"1036\" \/>\n\t<meta property=\"og:image:height\" content=\"636\" \/>\n\t<meta property=\"og:image:type\" content=\"image\/jpeg\" \/>\n<meta name=\"author\" content=\"Cope Alcoy\" \/>\n<meta name=\"twitter:label1\" content=\"Escrito por\" \/>\n\t<meta name=\"twitter:data1\" content=\"Cope Alcoy\" \/>\n\t<meta name=\"twitter:label2\" content=\"Tiempo de lectura\" \/>\n\t<meta name=\"twitter:data2\" content=\"3 minutos\" \/>\n<script type=\"application\/ld+json\" class=\"yoast-schema-graph\">{\"@context\":\"https:\\\/\\\/schema.org\",\"@graph\":[{\"@type\":\"Article\",\"@id\":\"https:\\\/\\\/www.copealcoy.es\\\/es\\\/el-museo-de-camilo-sesto-a-un-paso-de-ser-una-realidad-en-alcoy-licitan-el-proyecto-museografico\\\/#article\",\"isPartOf\":{\"@id\":\"https:\\\/\\\/www.copealcoy.es\\\/es\\\/el-museo-de-camilo-sesto-a-un-paso-de-ser-una-realidad-en-alcoy-licitan-el-proyecto-museografico\\\/\"},\"author\":{\"name\":\"Cope Alcoy\",\"@id\":\"https:\\\/\\\/www.copealcoy.es\\\/es\\\/#\\\/schema\\\/person\\\/e777c87fa024e57d40170af9df39882c\"},\"headline\":\"El Museo de Camilo Sesto a un paso de ser una realidad en Alcoy: licitan el proyecto museogr\u00e1fico\",\"datePublished\":\"2025-07-04T11:49:12+00:00\",\"dateModified\":\"2025-07-04T16:55:27+00:00\",\"mainEntityOfPage\":{\"@id\":\"https:\\\/\\\/www.copealcoy.es\\\/es\\\/el-museo-de-camilo-sesto-a-un-paso-de-ser-una-realidad-en-alcoy-licitan-el-proyecto-museografico\\\/\"},\"wordCount\":388,\"image\":{\"@id\":\"https:\\\/\\\/www.copealcoy.es\\\/es\\\/el-museo-de-camilo-sesto-a-un-paso-de-ser-una-realidad-en-alcoy-licitan-el-proyecto-museografico\\\/#primaryimage\"},\"thumbnailUrl\":\"https:\\\/\\\/www.copealcoy.es\\\/wp-content\\\/uploads\\\/2025\\\/07\\\/1-1.jpg\",\"keywords\":[\"Alcoy\",\"Licitaci\u00f3n\",\"Museo Camilo Sesto\",\"proyecto museogr\u00e1fico\"],\"articleSection\":[\"Actualidad\",\"Alcoy\",\"Noticias\",\"Portada\"],\"inLanguage\":\"es\"},{\"@type\":\"WebPage\",\"@id\":\"https:\\\/\\\/www.copealcoy.es\\\/es\\\/el-museo-de-camilo-sesto-a-un-paso-de-ser-una-realidad-en-alcoy-licitan-el-proyecto-museografico\\\/\",\"url\":\"https:\\\/\\\/www.copealcoy.es\\\/es\\\/el-museo-de-camilo-sesto-a-un-paso-de-ser-una-realidad-en-alcoy-licitan-el-proyecto-museografico\\\/\",\"name\":\"El Museo de Camilo Sesto a un paso de ser una realidad en Alcoy: licitan el proyecto museogr\u00e1fico - COPE Alcoy\",\"isPartOf\":{\"@id\":\"https:\\\/\\\/www.copealcoy.es\\\/es\\\/#website\"},\"primaryImageOfPage\":{\"@id\":\"https:\\\/\\\/www.copealcoy.es\\\/es\\\/el-museo-de-camilo-sesto-a-un-paso-de-ser-una-realidad-en-alcoy-licitan-el-proyecto-museografico\\\/#primaryimage\"},\"image\":{\"@id\":\"https:\\\/\\\/www.copealcoy.es\\\/es\\\/el-museo-de-camilo-sesto-a-un-paso-de-ser-una-realidad-en-alcoy-licitan-el-proyecto-museografico\\\/#primaryimage\"},\"thumbnailUrl\":\"https:\\\/\\\/www.copealcoy.es\\\/wp-content\\\/uploads\\\/2025\\\/07\\\/1-1.jpg\",\"datePublished\":\"2025-07-04T11:49:12+00:00\",\"dateModified\":\"2025-07-04T16:55:27+00:00\",\"author\":{\"@id\":\"https:\\\/\\\/www.copealcoy.es\\\/es\\\/#\\\/schema\\\/person\\\/e777c87fa024e57d40170af9df39882c\"},\"description\":\"El Museo de Camilo Sesto a un paso de ser una realidad en Alcoy: licitan el proyecto museogr\u00e1fico\",\"breadcrumb\":{\"@id\":\"https:\\\/\\\/www.copealcoy.es\\\/es\\\/el-museo-de-camilo-sesto-a-un-paso-de-ser-una-realidad-en-alcoy-licitan-el-proyecto-museografico\\\/#breadcrumb\"},\"inLanguage\":\"es\",\"potentialAction\":[{\"@type\":\"ReadAction\",\"target\":[\"https:\\\/\\\/www.copealcoy.es\\\/es\\\/el-museo-de-camilo-sesto-a-un-paso-de-ser-una-realidad-en-alcoy-licitan-el-proyecto-museografico\\\/\"]}]},{\"@type\":\"ImageObject\",\"inLanguage\":\"es\",\"@id\":\"https:\\\/\\\/www.copealcoy.es\\\/es\\\/el-museo-de-camilo-sesto-a-un-paso-de-ser-una-realidad-en-alcoy-licitan-el-proyecto-museografico\\\/#primaryimage\",\"url\":\"https:\\\/\\\/www.copealcoy.es\\\/wp-content\\\/uploads\\\/2025\\\/07\\\/1-1.jpg\",\"contentUrl\":\"https:\\\/\\\/www.copealcoy.es\\\/wp-content\\\/uploads\\\/2025\\\/07\\\/1-1.jpg\",\"width\":1036,\"height\":636},{\"@type\":\"BreadcrumbList\",\"@id\":\"https:\\\/\\\/www.copealcoy.es\\\/es\\\/el-museo-de-camilo-sesto-a-un-paso-de-ser-una-realidad-en-alcoy-licitan-el-proyecto-museografico\\\/#breadcrumb\",\"itemListElement\":[{\"@type\":\"ListItem\",\"position\":1,\"name\":\"Portada\",\"item\":\"https:\\\/\\\/www.copealcoy.es\\\/es\\\/\"},{\"@type\":\"ListItem\",\"position\":2,\"name\":\"El Museo de Camilo Sesto a un paso de ser una realidad en Alcoy: licitan el proyecto museogr\u00e1fico\"}]},{\"@type\":\"WebSite\",\"@id\":\"https:\\\/\\\/www.copealcoy.es\\\/es\\\/#website\",\"url\":\"https:\\\/\\\/www.copealcoy.es\\\/es\\\/\",\"name\":\"COPE Alcoy\",\"description\":\"Emisora COPE de radio local con emisi\u00f3n online. Pont de Sant Jordi 8-10 03803 Alcoy\",\"potentialAction\":[{\"@type\":\"SearchAction\",\"target\":{\"@type\":\"EntryPoint\",\"urlTemplate\":\"https:\\\/\\\/www.copealcoy.es\\\/es\\\/?s={search_term_string}\"},\"query-input\":{\"@type\":\"PropertyValueSpecification\",\"valueRequired\":true,\"valueName\":\"search_term_string\"}}],\"inLanguage\":\"es\"},{\"@type\":\"Person\",\"@id\":\"https:\\\/\\\/www.copealcoy.es\\\/es\\\/#\\\/schema\\\/person\\\/e777c87fa024e57d40170af9df39882c\",\"name\":\"Cope Alcoy\",\"image\":{\"@type\":\"ImageObject\",\"inLanguage\":\"es\",\"@id\":\"https:\\\/\\\/secure.gravatar.com\\\/avatar\\\/bb65d0283347e303893ba14f0692005417c1e0e690a325a4c5d8bb2b3943ee14?s=96&d=mm&r=g\",\"url\":\"https:\\\/\\\/secure.gravatar.com\\\/avatar\\\/bb65d0283347e303893ba14f0692005417c1e0e690a325a4c5d8bb2b3943ee14?s=96&d=mm&r=g\",\"contentUrl\":\"https:\\\/\\\/secure.gravatar.com\\\/avatar\\\/bb65d0283347e303893ba14f0692005417c1e0e690a325a4c5d8bb2b3943ee14?s=96&d=mm&r=g\",\"caption\":\"Cope Alcoy\"}}]}<\/script>\n<!-- \/ Yoast SEO plugin. -->","yoast_head_json":{"title":"El Museo de Camilo Sesto a un paso de ser una realidad en Alcoy: licitan el proyecto museogr\u00e1fico - COPE Alcoy","description":"El Museo de Camilo Sesto a un paso de ser una realidad en Alcoy: licitan el proyecto museogr\u00e1fico","robots":{"index":"index","follow":"follow","max-snippet":"max-snippet:-1","max-image-preview":"max-image-preview:large","max-video-preview":"max-video-preview:-1"},"canonical":"https:\/\/www.copealcoy.es\/es\/el-museo-de-camilo-sesto-a-un-paso-de-ser-una-realidad-en-alcoy-licitan-el-proyecto-museografico\/","og_locale":"es_ES","og_type":"article","og_title":"El Museo de Camilo Sesto a un paso de ser una realidad en Alcoy: licitan el proyecto museogr\u00e1fico - COPE Alcoy","og_description":"El Museo de Camilo Sesto a un paso de ser una realidad en Alcoy: licitan el proyecto museogr\u00e1fico","og_url":"https:\/\/www.copealcoy.es\/es\/el-museo-de-camilo-sesto-a-un-paso-de-ser-una-realidad-en-alcoy-licitan-el-proyecto-museografico\/","og_site_name":"COPE Alcoy","article_published_time":"2025-07-04T11:49:12+00:00","article_modified_time":"2025-07-04T16:55:27+00:00","og_image":[{"width":1036,"height":636,"url":"https:\/\/www.copealcoy.es\/wp-content\/uploads\/2025\/07\/1-1.jpg","type":"image\/jpeg"}],"author":"Cope Alcoy","twitter_misc":{"Escrito por":"Cope Alcoy","Tiempo de lectura":"3 minutos"},"schema":{"@context":"https:\/\/schema.org","@graph":[{"@type":"Article","@id":"https:\/\/www.copealcoy.es\/es\/el-museo-de-camilo-sesto-a-un-paso-de-ser-una-realidad-en-alcoy-licitan-el-proyecto-museografico\/#article","isPartOf":{"@id":"https:\/\/www.copealcoy.es\/es\/el-museo-de-camilo-sesto-a-un-paso-de-ser-una-realidad-en-alcoy-licitan-el-proyecto-museografico\/"},"author":{"name":"Cope Alcoy","@id":"https:\/\/www.copealcoy.es\/es\/#\/schema\/person\/e777c87fa024e57d40170af9df39882c"},"headline":"El Museo de Camilo Sesto a un paso de ser una realidad en Alcoy: licitan el proyecto museogr\u00e1fico","datePublished":"2025-07-04T11:49:12+00:00","dateModified":"2025-07-04T16:55:27+00:00","mainEntityOfPage":{"@id":"https:\/\/www.copealcoy.es\/es\/el-museo-de-camilo-sesto-a-un-paso-de-ser-una-realidad-en-alcoy-licitan-el-proyecto-museografico\/"},"wordCount":388,"image":{"@id":"https:\/\/www.copealcoy.es\/es\/el-museo-de-camilo-sesto-a-un-paso-de-ser-una-realidad-en-alcoy-licitan-el-proyecto-museografico\/#primaryimage"},"thumbnailUrl":"https:\/\/www.copealcoy.es\/wp-content\/uploads\/2025\/07\/1-1.jpg","keywords":["Alcoy","Licitaci\u00f3n","Museo Camilo Sesto","proyecto museogr\u00e1fico"],"articleSection":["Actualidad","Alcoy","Noticias","Portada"],"inLanguage":"es"},{"@type":"WebPage","@id":"https:\/\/www.copealcoy.es\/es\/el-museo-de-camilo-sesto-a-un-paso-de-ser-una-realidad-en-alcoy-licitan-el-proyecto-museografico\/","url":"https:\/\/www.copealcoy.es\/es\/el-museo-de-camilo-sesto-a-un-paso-de-ser-una-realidad-en-alcoy-licitan-el-proyecto-museografico\/","name":"El Museo de Camilo Sesto a un paso de ser una realidad en Alcoy: licitan el proyecto museogr\u00e1fico - COPE Alcoy","isPartOf":{"@id":"https:\/\/www.copealcoy.es\/es\/#website"},"primaryImageOfPage":{"@id":"https:\/\/www.copealcoy.es\/es\/el-museo-de-camilo-sesto-a-un-paso-de-ser-una-realidad-en-alcoy-licitan-el-proyecto-museografico\/#primaryimage"},"image":{"@id":"https:\/\/www.copealcoy.es\/es\/el-museo-de-camilo-sesto-a-un-paso-de-ser-una-realidad-en-alcoy-licitan-el-proyecto-museografico\/#primaryimage"},"thumbnailUrl":"https:\/\/www.copealcoy.es\/wp-content\/uploads\/2025\/07\/1-1.jpg","datePublished":"2025-07-04T11:49:12+00:00","dateModified":"2025-07-04T16:55:27+00:00","author":{"@id":"https:\/\/www.copealcoy.es\/es\/#\/schema\/person\/e777c87fa024e57d40170af9df39882c"},"description":"El Museo de Camilo Sesto a un paso de ser una realidad en Alcoy: licitan el proyecto museogr\u00e1fico","breadcrumb":{"@id":"https:\/\/www.copealcoy.es\/es\/el-museo-de-camilo-sesto-a-un-paso-de-ser-una-realidad-en-alcoy-licitan-el-proyecto-museografico\/#breadcrumb"},"inLanguage":"es","potentialAction":[{"@type":"ReadAction","target":["https:\/\/www.copealcoy.es\/es\/el-museo-de-camilo-sesto-a-un-paso-de-ser-una-realidad-en-alcoy-licitan-el-proyecto-museografico\/"]}]},{"@type":"ImageObject","inLanguage":"es","@id":"https:\/\/www.copealcoy.es\/es\/el-museo-de-camilo-sesto-a-un-paso-de-ser-una-realidad-en-alcoy-licitan-el-proyecto-museografico\/#primaryimage","url":"https:\/\/www.copealcoy.es\/wp-content\/uploads\/2025\/07\/1-1.jpg","contentUrl":"https:\/\/www.copealcoy.es\/wp-content\/uploads\/2025\/07\/1-1.jpg","width":1036,"height":636},{"@type":"BreadcrumbList","@id":"https:\/\/www.copealcoy.es\/es\/el-museo-de-camilo-sesto-a-un-paso-de-ser-una-realidad-en-alcoy-licitan-el-proyecto-museografico\/#breadcrumb","itemListElement":[{"@type":"ListItem","position":1,"name":"Portada","item":"https:\/\/www.copealcoy.es\/es\/"},{"@type":"ListItem","position":2,"name":"El Museo de Camilo Sesto a un paso de ser una realidad en Alcoy: licitan el proyecto museogr\u00e1fico"}]},{"@type":"WebSite","@id":"https:\/\/www.copealcoy.es\/es\/#website","url":"https:\/\/www.copealcoy.es\/es\/","name":"COPE Alcoy","description":"Emisora COPE de radio local con emisi\u00f3n online. Pont de Sant Jordi 8-10 03803 Alcoy","potentialAction":[{"@type":"SearchAction","target":{"@type":"EntryPoint","urlTemplate":"https:\/\/www.copealcoy.es\/es\/?s={search_term_string}"},"query-input":{"@type":"PropertyValueSpecification","valueRequired":true,"valueName":"search_term_string"}}],"inLanguage":"es"},{"@type":"Person","@id":"https:\/\/www.copealcoy.es\/es\/#\/schema\/person\/e777c87fa024e57d40170af9df39882c","name":"Cope Alcoy","image":{"@type":"ImageObject","inLanguage":"es","@id":"https:\/\/secure.gravatar.com\/avatar\/bb65d0283347e303893ba14f0692005417c1e0e690a325a4c5d8bb2b3943ee14?s=96&d=mm&r=g","url":"https:\/\/secure.gravatar.com\/avatar\/bb65d0283347e303893ba14f0692005417c1e0e690a325a4c5d8bb2b3943ee14?s=96&d=mm&r=g","contentUrl":"https:\/\/secure.gravatar.com\/avatar\/bb65d0283347e303893ba14f0692005417c1e0e690a325a4c5d8bb2b3943ee14?s=96&d=mm&r=g","caption":"Cope Alcoy"}}]}},"_links":{"self":[{"href":"https:\/\/www.copealcoy.es\/es\/wp-json\/wp\/v2\/posts\/154688","targetHints":{"allow":["GET"]}}],"collection":[{"href":"https:\/\/www.copealcoy.es\/es\/wp-json\/wp\/v2\/posts"}],"about":[{"href":"https:\/\/www.copealcoy.es\/es\/wp-json\/wp\/v2\/types\/post"}],"author":[{"embeddable":true,"href":"https:\/\/www.copealcoy.es\/es\/wp-json\/wp\/v2\/users\/1"}],"replies":[{"embeddable":true,"href":"https:\/\/www.copealcoy.es\/es\/wp-json\/wp\/v2\/comments?post=154688"}],"version-history":[{"count":1,"href":"https:\/\/www.copealcoy.es\/es\/wp-json\/wp\/v2\/posts\/154688\/revisions"}],"predecessor-version":[{"id":154691,"href":"https:\/\/www.copealcoy.es\/es\/wp-json\/wp\/v2\/posts\/154688\/revisions\/154691"}],"wp:featuredmedia":[{"embeddable":true,"href":"https:\/\/www.copealcoy.es\/es\/wp-json\/wp\/v2\/media\/154689"}],"wp:attachment":[{"href":"https:\/\/www.copealcoy.es\/es\/wp-json\/wp\/v2\/media?parent=154688"}],"wp:term":[{"taxonomy":"category","embeddable":true,"href":"https:\/\/www.copealcoy.es\/es\/wp-json\/wp\/v2\/categories?post=154688"},{"taxonomy":"post_tag","embeddable":true,"href":"https:\/\/www.copealcoy.es\/es\/wp-json\/wp\/v2\/tags?post=154688"}],"curies":[{"name":"wp","href":"https:\/\/api.w.org\/{rel}","templated":true}]}}