{"id":154650,"date":"2025-07-04T08:00:53","date_gmt":"2025-07-04T07:00:53","guid":{"rendered":"https:\/\/www.copealcoy.es\/?p=154650"},"modified":"2025-07-04T11:32:29","modified_gmt":"2025-07-04T10:32:29","slug":"sergi-silvestre-edil-de-juventud-en-muro-hemos-pensado-un-estiu-jove-que-combina-formacion-y-ocio","status":"publish","type":"post","link":"https:\/\/www.copealcoy.es\/es\/sergi-silvestre-edil-de-juventud-en-muro-hemos-pensado-un-estiu-jove-que-combina-formacion-y-ocio\/","title":{"rendered":"Sergi Silvestre, edil de Juventud en Muro: &#8220;hemos pensado un &#8216;Estiu Jove&#8217; que combina formaci\u00f3n y ocio&#8221;"},"content":{"rendered":"<p style=\"text-align: justify;\">El\u00a0<span style=\"color: #0000ff;\"><a style=\"color: #0000ff;\" href=\"https:\/\/www.vilademuro.net\/\" target=\"_blank\" rel=\"noopener\"><strong>Ayuntamiento de Muro<\/strong><\/a>\u00a0<\/span>ha iniciado ya<strong> el programa de actividades gratuitas dirigidas a los m\u00e1s j\u00f3venes y que se va a llevar a cabo durante el verano<\/strong>, todo con el objetivo de ofrecer alternativas de ocio saludable, formaci\u00f3n y conciencia ambiental. Todas las propuestas se han articulado <strong>despu\u00e9s de recoger las opiniones de los m\u00e1s j\u00f3venes<\/strong> y las diferentes iniciativas previstas se realizar\u00e1n a lo largo de este mes de julio.<\/p>\n<p style=\"text-align: justify;\">Dentro del llamado <strong>&#8216;Estiu Jove&#8217;<\/strong> encontramos talleres, sesiones l\u00fadicas e incluso iniciativas pensadas con un car\u00e1cter intergeneracional que el p\u00fablico juvenil puede compartir con la familia.\u00a0 Adem\u00e1s, el evento estrella para este periodo estival\u00a0<strong>ser\u00e1 la actividad \u00abJuga Muro\u00bb<\/strong>, una marat\u00f3n l\u00fadica que tendr\u00e1 lugar el s\u00e1bado 12 de julio en la sala Arpella del Archivo Municipal. Durante doce horas, los asistentes\u00a0<strong>podr\u00e1n disfrutar<\/strong>\u00a0de partidas abiertas y torneos de juegos de mesa, rol y videojuegos, incluyendo cl\u00e1sicos como Mario Kart y nuevos lanzamientos. La organizaci\u00f3n correr\u00e1 a cargo del colectivo Domingueros Alcoy y espera que esta jornada \u201c<em>sirva para fortalecer la socializaci\u00f3n entre j\u00f3venes, promover valores como el trabajo en equipo y fomentar la participaci\u00f3n en actividades culturales y recreativas<\/em>\u201c, se\u00f1alaba al respecto en COPE ALCOY el edil de Juventud; <strong>Sergi Silvestre<\/strong>.<\/p>\n<p style=\"text-align: justify;\">Toda la programaci\u00f3n del &#8216;Estiu Jove&#8217; de Muro es gratuita y, para participar en <strong>\u00abJuga Muro\u00bb<\/strong>, basta con acudir al Archivo Municipal de la localidad el 12 de julio y apuntarse a los torneos in situ. Los interesados \u200b\u200bpueden ampliar la informaci\u00f3n y resolver dudas en el mismo Centre Jove, en el canal oficial de WhatsApp o en los d\u00edpticos con c\u00f3digos QR distribuidos por el municipio.<\/p>\n<p>Aqu\u00ed <strong>puedes escuchar la entrevista<\/strong> con el concejal de Juventud, <strong>Sergi Silvestre<\/strong>:<\/p>\n<audio class=\"wp-audio-shortcode\" id=\"audio-154650-1\" preload=\"none\" style=\"width: 100%;\" controls=\"controls\"><source type=\"audio\/mpeg\" src=\"https:\/\/www.copealcoy.es\/wp-content\/uploads\/2025\/07\/Entrevista-Sergi-Silvestre.mp3?_=1\" \/><a href=\"https:\/\/www.copealcoy.es\/wp-content\/uploads\/2025\/07\/Entrevista-Sergi-Silvestre.mp3\">https:\/\/www.copealcoy.es\/wp-content\/uploads\/2025\/07\/Entrevista-Sergi-Silvestre.mp3<\/a><\/audio>\n","protected":false},"excerpt":{"rendered":"<p>El\u00a0Ayuntamiento de Muro\u00a0ha iniciado ya el programa de actividades gratuitas dirigidas a los m\u00e1s j\u00f3venes y que se va a&#8230;<\/p>\n","protected":false},"author":1,"featured_media":154653,"comment_status":"closed","ping_status":"closed","sticky":false,"template":"","format":"standard","meta":{"footnotes":""},"categories":[6909,98,75],"tags":[],"class_list":["post-154650","post","type-post","status-publish","format-standard","has-post-thumbnail","hentry","category-actualidad","category-comarcas","category-noticias"],"yoast_head":"<!-- This site is optimized with the Yoast SEO plugin v27.3 - https:\/\/yoast.com\/product\/yoast-seo-wordpress\/ -->\n<title>Sergi Silvestre, edil de Juventud en Muro: &quot;hemos pensado un &#039;Estiu Jove&#039; que combina formaci\u00f3n y ocio&quot; - COPE Alcoy<\/title>\n<meta name=\"robots\" content=\"index, follow, max-snippet:-1, max-image-preview:large, max-video-preview:-1\" \/>\n<link rel=\"canonical\" href=\"https:\/\/www.copealcoy.es\/es\/sergi-silvestre-edil-de-juventud-en-muro-hemos-pensado-un-estiu-jove-que-combina-formacion-y-ocio\/\" \/>\n<meta property=\"og:locale\" content=\"es_ES\" \/>\n<meta property=\"og:type\" content=\"article\" \/>\n<meta property=\"og:title\" content=\"Sergi Silvestre, edil de Juventud en Muro: &quot;hemos pensado un &#039;Estiu Jove&#039; que combina formaci\u00f3n y ocio&quot; - COPE Alcoy\" \/>\n<meta property=\"og:description\" content=\"El\u00a0Ayuntamiento de Muro\u00a0ha iniciado ya el programa de actividades gratuitas dirigidas a los m\u00e1s j\u00f3venes y que se va a...\" \/>\n<meta property=\"og:url\" content=\"https:\/\/www.copealcoy.es\/es\/sergi-silvestre-edil-de-juventud-en-muro-hemos-pensado-un-estiu-jove-que-combina-formacion-y-ocio\/\" \/>\n<meta property=\"og:site_name\" content=\"COPE Alcoy\" \/>\n<meta property=\"article:published_time\" content=\"2025-07-04T07:00:53+00:00\" \/>\n<meta property=\"article:modified_time\" content=\"2025-07-04T10:32:29+00:00\" \/>\n<meta property=\"og:image\" content=\"https:\/\/www.copealcoy.es\/wp-content\/uploads\/2025\/07\/unnamed-1.jpg\" \/>\n\t<meta property=\"og:image:width\" content=\"1503\" \/>\n\t<meta property=\"og:image:height\" content=\"976\" \/>\n\t<meta property=\"og:image:type\" content=\"image\/jpeg\" \/>\n<meta name=\"author\" content=\"Cope Alcoy\" \/>\n<meta name=\"twitter:label1\" content=\"Escrito por\" \/>\n\t<meta name=\"twitter:data1\" content=\"Cope Alcoy\" \/>\n\t<meta name=\"twitter:label2\" content=\"Tiempo de lectura\" \/>\n\t<meta name=\"twitter:data2\" content=\"2 minutos\" \/>\n<script type=\"application\/ld+json\" class=\"yoast-schema-graph\">{\"@context\":\"https:\\\/\\\/schema.org\",\"@graph\":[{\"@type\":\"Article\",\"@id\":\"https:\\\/\\\/www.copealcoy.es\\\/es\\\/sergi-silvestre-edil-de-juventud-en-muro-hemos-pensado-un-estiu-jove-que-combina-formacion-y-ocio\\\/#article\",\"isPartOf\":{\"@id\":\"https:\\\/\\\/www.copealcoy.es\\\/es\\\/sergi-silvestre-edil-de-juventud-en-muro-hemos-pensado-un-estiu-jove-que-combina-formacion-y-ocio\\\/\"},\"author\":{\"name\":\"Cope Alcoy\",\"@id\":\"https:\\\/\\\/www.copealcoy.es\\\/es\\\/#\\\/schema\\\/person\\\/e777c87fa024e57d40170af9df39882c\"},\"headline\":\"Sergi Silvestre, edil de Juventud en Muro: &#8220;hemos pensado un &#8216;Estiu Jove&#8217; que combina formaci\u00f3n y ocio&#8221;\",\"datePublished\":\"2025-07-04T07:00:53+00:00\",\"dateModified\":\"2025-07-04T10:32:29+00:00\",\"mainEntityOfPage\":{\"@id\":\"https:\\\/\\\/www.copealcoy.es\\\/es\\\/sergi-silvestre-edil-de-juventud-en-muro-hemos-pensado-un-estiu-jove-que-combina-formacion-y-ocio\\\/\"},\"wordCount\":336,\"image\":{\"@id\":\"https:\\\/\\\/www.copealcoy.es\\\/es\\\/sergi-silvestre-edil-de-juventud-en-muro-hemos-pensado-un-estiu-jove-que-combina-formacion-y-ocio\\\/#primaryimage\"},\"thumbnailUrl\":\"https:\\\/\\\/www.copealcoy.es\\\/wp-content\\\/uploads\\\/2025\\\/07\\\/unnamed-1.jpg\",\"articleSection\":[\"Actualidad\",\"Comarcas\",\"Noticias\"],\"inLanguage\":\"es\"},{\"@type\":\"WebPage\",\"@id\":\"https:\\\/\\\/www.copealcoy.es\\\/es\\\/sergi-silvestre-edil-de-juventud-en-muro-hemos-pensado-un-estiu-jove-que-combina-formacion-y-ocio\\\/\",\"url\":\"https:\\\/\\\/www.copealcoy.es\\\/es\\\/sergi-silvestre-edil-de-juventud-en-muro-hemos-pensado-un-estiu-jove-que-combina-formacion-y-ocio\\\/\",\"name\":\"Sergi Silvestre, edil de Juventud en Muro: \\\"hemos pensado un 'Estiu Jove' que combina formaci\u00f3n y ocio\\\" - COPE Alcoy\",\"isPartOf\":{\"@id\":\"https:\\\/\\\/www.copealcoy.es\\\/es\\\/#website\"},\"primaryImageOfPage\":{\"@id\":\"https:\\\/\\\/www.copealcoy.es\\\/es\\\/sergi-silvestre-edil-de-juventud-en-muro-hemos-pensado-un-estiu-jove-que-combina-formacion-y-ocio\\\/#primaryimage\"},\"image\":{\"@id\":\"https:\\\/\\\/www.copealcoy.es\\\/es\\\/sergi-silvestre-edil-de-juventud-en-muro-hemos-pensado-un-estiu-jove-que-combina-formacion-y-ocio\\\/#primaryimage\"},\"thumbnailUrl\":\"https:\\\/\\\/www.copealcoy.es\\\/wp-content\\\/uploads\\\/2025\\\/07\\\/unnamed-1.jpg\",\"datePublished\":\"2025-07-04T07:00:53+00:00\",\"dateModified\":\"2025-07-04T10:32:29+00:00\",\"author\":{\"@id\":\"https:\\\/\\\/www.copealcoy.es\\\/es\\\/#\\\/schema\\\/person\\\/e777c87fa024e57d40170af9df39882c\"},\"breadcrumb\":{\"@id\":\"https:\\\/\\\/www.copealcoy.es\\\/es\\\/sergi-silvestre-edil-de-juventud-en-muro-hemos-pensado-un-estiu-jove-que-combina-formacion-y-ocio\\\/#breadcrumb\"},\"inLanguage\":\"es\",\"potentialAction\":[{\"@type\":\"ReadAction\",\"target\":[\"https:\\\/\\\/www.copealcoy.es\\\/es\\\/sergi-silvestre-edil-de-juventud-en-muro-hemos-pensado-un-estiu-jove-que-combina-formacion-y-ocio\\\/\"]}]},{\"@type\":\"ImageObject\",\"inLanguage\":\"es\",\"@id\":\"https:\\\/\\\/www.copealcoy.es\\\/es\\\/sergi-silvestre-edil-de-juventud-en-muro-hemos-pensado-un-estiu-jove-que-combina-formacion-y-ocio\\\/#primaryimage\",\"url\":\"https:\\\/\\\/www.copealcoy.es\\\/wp-content\\\/uploads\\\/2025\\\/07\\\/unnamed-1.jpg\",\"contentUrl\":\"https:\\\/\\\/www.copealcoy.es\\\/wp-content\\\/uploads\\\/2025\\\/07\\\/unnamed-1.jpg\",\"width\":1503,\"height\":976},{\"@type\":\"BreadcrumbList\",\"@id\":\"https:\\\/\\\/www.copealcoy.es\\\/es\\\/sergi-silvestre-edil-de-juventud-en-muro-hemos-pensado-un-estiu-jove-que-combina-formacion-y-ocio\\\/#breadcrumb\",\"itemListElement\":[{\"@type\":\"ListItem\",\"position\":1,\"name\":\"Portada\",\"item\":\"https:\\\/\\\/www.copealcoy.es\\\/es\\\/\"},{\"@type\":\"ListItem\",\"position\":2,\"name\":\"Sergi Silvestre, edil de Juventud en Muro: &#8220;hemos pensado un &#8216;Estiu Jove&#8217; que combina formaci\u00f3n y ocio&#8221;\"}]},{\"@type\":\"WebSite\",\"@id\":\"https:\\\/\\\/www.copealcoy.es\\\/es\\\/#website\",\"url\":\"https:\\\/\\\/www.copealcoy.es\\\/es\\\/\",\"name\":\"COPE Alcoy\",\"description\":\"Emisora COPE de radio local con emisi\u00f3n online. Pont de Sant Jordi 8-10 03803 Alcoy\",\"potentialAction\":[{\"@type\":\"SearchAction\",\"target\":{\"@type\":\"EntryPoint\",\"urlTemplate\":\"https:\\\/\\\/www.copealcoy.es\\\/es\\\/?s={search_term_string}\"},\"query-input\":{\"@type\":\"PropertyValueSpecification\",\"valueRequired\":true,\"valueName\":\"search_term_string\"}}],\"inLanguage\":\"es\"},{\"@type\":\"Person\",\"@id\":\"https:\\\/\\\/www.copealcoy.es\\\/es\\\/#\\\/schema\\\/person\\\/e777c87fa024e57d40170af9df39882c\",\"name\":\"Cope Alcoy\",\"image\":{\"@type\":\"ImageObject\",\"inLanguage\":\"es\",\"@id\":\"https:\\\/\\\/secure.gravatar.com\\\/avatar\\\/bb65d0283347e303893ba14f0692005417c1e0e690a325a4c5d8bb2b3943ee14?s=96&d=mm&r=g\",\"url\":\"https:\\\/\\\/secure.gravatar.com\\\/avatar\\\/bb65d0283347e303893ba14f0692005417c1e0e690a325a4c5d8bb2b3943ee14?s=96&d=mm&r=g\",\"contentUrl\":\"https:\\\/\\\/secure.gravatar.com\\\/avatar\\\/bb65d0283347e303893ba14f0692005417c1e0e690a325a4c5d8bb2b3943ee14?s=96&d=mm&r=g\",\"caption\":\"Cope Alcoy\"}}]}<\/script>\n<!-- \/ Yoast SEO plugin. -->","yoast_head_json":{"title":"Sergi Silvestre, edil de Juventud en Muro: \"hemos pensado un 'Estiu Jove' que combina formaci\u00f3n y ocio\" - COPE Alcoy","robots":{"index":"index","follow":"follow","max-snippet":"max-snippet:-1","max-image-preview":"max-image-preview:large","max-video-preview":"max-video-preview:-1"},"canonical":"https:\/\/www.copealcoy.es\/es\/sergi-silvestre-edil-de-juventud-en-muro-hemos-pensado-un-estiu-jove-que-combina-formacion-y-ocio\/","og_locale":"es_ES","og_type":"article","og_title":"Sergi Silvestre, edil de Juventud en Muro: \"hemos pensado un 'Estiu Jove' que combina formaci\u00f3n y ocio\" - COPE Alcoy","og_description":"El\u00a0Ayuntamiento de Muro\u00a0ha iniciado ya el programa de actividades gratuitas dirigidas a los m\u00e1s j\u00f3venes y que se va a...","og_url":"https:\/\/www.copealcoy.es\/es\/sergi-silvestre-edil-de-juventud-en-muro-hemos-pensado-un-estiu-jove-que-combina-formacion-y-ocio\/","og_site_name":"COPE Alcoy","article_published_time":"2025-07-04T07:00:53+00:00","article_modified_time":"2025-07-04T10:32:29+00:00","og_image":[{"width":1503,"height":976,"url":"https:\/\/www.copealcoy.es\/wp-content\/uploads\/2025\/07\/unnamed-1.jpg","type":"image\/jpeg"}],"author":"Cope Alcoy","twitter_misc":{"Escrito por":"Cope Alcoy","Tiempo de lectura":"2 minutos"},"schema":{"@context":"https:\/\/schema.org","@graph":[{"@type":"Article","@id":"https:\/\/www.copealcoy.es\/es\/sergi-silvestre-edil-de-juventud-en-muro-hemos-pensado-un-estiu-jove-que-combina-formacion-y-ocio\/#article","isPartOf":{"@id":"https:\/\/www.copealcoy.es\/es\/sergi-silvestre-edil-de-juventud-en-muro-hemos-pensado-un-estiu-jove-que-combina-formacion-y-ocio\/"},"author":{"name":"Cope Alcoy","@id":"https:\/\/www.copealcoy.es\/es\/#\/schema\/person\/e777c87fa024e57d40170af9df39882c"},"headline":"Sergi Silvestre, edil de Juventud en Muro: &#8220;hemos pensado un &#8216;Estiu Jove&#8217; que combina formaci\u00f3n y ocio&#8221;","datePublished":"2025-07-04T07:00:53+00:00","dateModified":"2025-07-04T10:32:29+00:00","mainEntityOfPage":{"@id":"https:\/\/www.copealcoy.es\/es\/sergi-silvestre-edil-de-juventud-en-muro-hemos-pensado-un-estiu-jove-que-combina-formacion-y-ocio\/"},"wordCount":336,"image":{"@id":"https:\/\/www.copealcoy.es\/es\/sergi-silvestre-edil-de-juventud-en-muro-hemos-pensado-un-estiu-jove-que-combina-formacion-y-ocio\/#primaryimage"},"thumbnailUrl":"https:\/\/www.copealcoy.es\/wp-content\/uploads\/2025\/07\/unnamed-1.jpg","articleSection":["Actualidad","Comarcas","Noticias"],"inLanguage":"es"},{"@type":"WebPage","@id":"https:\/\/www.copealcoy.es\/es\/sergi-silvestre-edil-de-juventud-en-muro-hemos-pensado-un-estiu-jove-que-combina-formacion-y-ocio\/","url":"https:\/\/www.copealcoy.es\/es\/sergi-silvestre-edil-de-juventud-en-muro-hemos-pensado-un-estiu-jove-que-combina-formacion-y-ocio\/","name":"Sergi Silvestre, edil de Juventud en Muro: \"hemos pensado un 'Estiu Jove' que combina formaci\u00f3n y ocio\" - COPE Alcoy","isPartOf":{"@id":"https:\/\/www.copealcoy.es\/es\/#website"},"primaryImageOfPage":{"@id":"https:\/\/www.copealcoy.es\/es\/sergi-silvestre-edil-de-juventud-en-muro-hemos-pensado-un-estiu-jove-que-combina-formacion-y-ocio\/#primaryimage"},"image":{"@id":"https:\/\/www.copealcoy.es\/es\/sergi-silvestre-edil-de-juventud-en-muro-hemos-pensado-un-estiu-jove-que-combina-formacion-y-ocio\/#primaryimage"},"thumbnailUrl":"https:\/\/www.copealcoy.es\/wp-content\/uploads\/2025\/07\/unnamed-1.jpg","datePublished":"2025-07-04T07:00:53+00:00","dateModified":"2025-07-04T10:32:29+00:00","author":{"@id":"https:\/\/www.copealcoy.es\/es\/#\/schema\/person\/e777c87fa024e57d40170af9df39882c"},"breadcrumb":{"@id":"https:\/\/www.copealcoy.es\/es\/sergi-silvestre-edil-de-juventud-en-muro-hemos-pensado-un-estiu-jove-que-combina-formacion-y-ocio\/#breadcrumb"},"inLanguage":"es","potentialAction":[{"@type":"ReadAction","target":["https:\/\/www.copealcoy.es\/es\/sergi-silvestre-edil-de-juventud-en-muro-hemos-pensado-un-estiu-jove-que-combina-formacion-y-ocio\/"]}]},{"@type":"ImageObject","inLanguage":"es","@id":"https:\/\/www.copealcoy.es\/es\/sergi-silvestre-edil-de-juventud-en-muro-hemos-pensado-un-estiu-jove-que-combina-formacion-y-ocio\/#primaryimage","url":"https:\/\/www.copealcoy.es\/wp-content\/uploads\/2025\/07\/unnamed-1.jpg","contentUrl":"https:\/\/www.copealcoy.es\/wp-content\/uploads\/2025\/07\/unnamed-1.jpg","width":1503,"height":976},{"@type":"BreadcrumbList","@id":"https:\/\/www.copealcoy.es\/es\/sergi-silvestre-edil-de-juventud-en-muro-hemos-pensado-un-estiu-jove-que-combina-formacion-y-ocio\/#breadcrumb","itemListElement":[{"@type":"ListItem","position":1,"name":"Portada","item":"https:\/\/www.copealcoy.es\/es\/"},{"@type":"ListItem","position":2,"name":"Sergi Silvestre, edil de Juventud en Muro: &#8220;hemos pensado un &#8216;Estiu Jove&#8217; que combina formaci\u00f3n y ocio&#8221;"}]},{"@type":"WebSite","@id":"https:\/\/www.copealcoy.es\/es\/#website","url":"https:\/\/www.copealcoy.es\/es\/","name":"COPE Alcoy","description":"Emisora COPE de radio local con emisi\u00f3n online. Pont de Sant Jordi 8-10 03803 Alcoy","potentialAction":[{"@type":"SearchAction","target":{"@type":"EntryPoint","urlTemplate":"https:\/\/www.copealcoy.es\/es\/?s={search_term_string}"},"query-input":{"@type":"PropertyValueSpecification","valueRequired":true,"valueName":"search_term_string"}}],"inLanguage":"es"},{"@type":"Person","@id":"https:\/\/www.copealcoy.es\/es\/#\/schema\/person\/e777c87fa024e57d40170af9df39882c","name":"Cope Alcoy","image":{"@type":"ImageObject","inLanguage":"es","@id":"https:\/\/secure.gravatar.com\/avatar\/bb65d0283347e303893ba14f0692005417c1e0e690a325a4c5d8bb2b3943ee14?s=96&d=mm&r=g","url":"https:\/\/secure.gravatar.com\/avatar\/bb65d0283347e303893ba14f0692005417c1e0e690a325a4c5d8bb2b3943ee14?s=96&d=mm&r=g","contentUrl":"https:\/\/secure.gravatar.com\/avatar\/bb65d0283347e303893ba14f0692005417c1e0e690a325a4c5d8bb2b3943ee14?s=96&d=mm&r=g","caption":"Cope Alcoy"}}]}},"_links":{"self":[{"href":"https:\/\/www.copealcoy.es\/es\/wp-json\/wp\/v2\/posts\/154650","targetHints":{"allow":["GET"]}}],"collection":[{"href":"https:\/\/www.copealcoy.es\/es\/wp-json\/wp\/v2\/posts"}],"about":[{"href":"https:\/\/www.copealcoy.es\/es\/wp-json\/wp\/v2\/types\/post"}],"author":[{"embeddable":true,"href":"https:\/\/www.copealcoy.es\/es\/wp-json\/wp\/v2\/users\/1"}],"replies":[{"embeddable":true,"href":"https:\/\/www.copealcoy.es\/es\/wp-json\/wp\/v2\/comments?post=154650"}],"version-history":[{"count":4,"href":"https:\/\/www.copealcoy.es\/es\/wp-json\/wp\/v2\/posts\/154650\/revisions"}],"predecessor-version":[{"id":154665,"href":"https:\/\/www.copealcoy.es\/es\/wp-json\/wp\/v2\/posts\/154650\/revisions\/154665"}],"wp:featuredmedia":[{"embeddable":true,"href":"https:\/\/www.copealcoy.es\/es\/wp-json\/wp\/v2\/media\/154653"}],"wp:attachment":[{"href":"https:\/\/www.copealcoy.es\/es\/wp-json\/wp\/v2\/media?parent=154650"}],"wp:term":[{"taxonomy":"category","embeddable":true,"href":"https:\/\/www.copealcoy.es\/es\/wp-json\/wp\/v2\/categories?post=154650"},{"taxonomy":"post_tag","embeddable":true,"href":"https:\/\/www.copealcoy.es\/es\/wp-json\/wp\/v2\/tags?post=154650"}],"curies":[{"name":"wp","href":"https:\/\/api.w.org\/{rel}","templated":true}]}}