{"id":154591,"date":"2025-07-02T07:35:51","date_gmt":"2025-07-02T06:35:51","guid":{"rendered":"https:\/\/www.copealcoy.es\/?p=154591"},"modified":"2025-07-02T15:45:32","modified_gmt":"2025-07-02T14:45:32","slug":"mediodia-cope-alcoy-miercoles-2-de-julio-2025-1420h","status":"publish","type":"post","link":"https:\/\/www.copealcoy.es\/es\/mediodia-cope-alcoy-miercoles-2-de-julio-2025-1420h\/","title":{"rendered":"\u2018Mediod\u00eda Cope\u2019 Alcoy mi\u00e9rcoles 2 de julio 2025 (14:20h)"},"content":{"rendered":"<p><iframe loading=\"lazy\" title=\"&#039;Mediod\u00eda Cope&#039; Alcoy Mi\u00e9rcoles 2 De Julio 2025 (14:20h)\" width=\"100%\" height=\"120\" src=\"https:\/\/www.mixcloud.com\/widget\/iframe\/?feed=https%3A%2F%2Fwww.mixcloud.com%2FCOPEAlcoy%2Fmediod%25C3%25ADa-cope-alcoy-mi%25C3%25A9rcoles-2-de-julio-2025-1420h%2F&amp;hide_cover=1\" frameborder=\"0\" allow=\"encrypted-media; fullscreen; autoplay; idle-detection; speaker-selection; web-share;\"><\/iframe><\/p>\n<p style=\"text-align: justify;\">Hoy mi\u00e9rcoles <strong>hemos recordado las actuaciones que se est\u00e1n llevando a cabo en nuestra ciudad a trav\u00e9s del programa &#8216;Alcoi BioUp&#8217;<\/strong>. Tambi\u00e9n hemos comentado<strong> los datos que deja la segunda ola del EGM en la Cadena COPE<\/strong> y, en general, en el Grupo \u00c1bside Media.<\/p>\n<p class=\"paragraph\" style=\"text-align: justify;\">Aranceles, guerra en Gaza, elecci\u00f3n de un nuevo Papa, apag\u00f3n el\u00e9ctrico, corrupci\u00f3n\u2026. . Est\u00e1n pasando muchas cosas y la<b>\u00a02\u00aa ola del Estudio General de Medios (EGM)\u00a0<\/b>de 2025 confirma que\u00a0<b>COPE lidera el crecimiento de la radio generalista en Espa\u00f1a.<\/b>\u00a0<b>Crece 398.000 oyentes diarios<\/b>\u00a0y consigue el mejor dato de su historia con\u00a0<b>3.813.000 personas sintonizando a diario la antena.<\/b><\/p>\n<p class=\"paragraph\" style=\"text-align: justify;\"><b>Carlos Herrera<\/b>\u00a0lidera tambi\u00e9n el crecimiento en el \u2018prime time\u2019 radiof\u00f3nico.\u00a0<b>Suma 273.000 oyentes<\/b>\u00a0(+11%). 2.763.000 personas cada d\u00eda buscan en<b><a href=\"https:\/\/www.cope.es\/programas\/herrera-en-cope\" target=\"_blank\" rel=\"noopener\" data-mrf-link=\"https:\/\/www.cope.es\/programas\/herrera-en-cope\">\u00a0<span style=\"color: #0000ff;\">\u2018Herrera en COPE<\/span><\/a><\/b><span style=\"color: #0000ff;\">\u2019<\/span>\u00a0la mejor informaci\u00f3n y el mejor an\u00e1lisis con la voz m\u00e1s influyente de la radio.<\/p>\n<p style=\"text-align: justify;\"><span style=\"color: #0000ff;\"><b><a style=\"color: #0000ff;\" href=\"https:\/\/www.cope.es\/programas\/tiempo-de-juego\" target=\"_blank\" rel=\"noopener\" data-mrf-link=\"https:\/\/www.cope.es\/programas\/tiempo-de-juego\">\u2018Tiempo de Juego\u2019<\/a><\/b><\/span>\u00a0re\u00fane cada fin de semana a<b>\u00a01.828.000 oyentes<\/b>\u00a0para vivir y vibrar con el deporte. Los domingos Tiempo de Juego crece un 11% (+209.000 oyentes).<b>\u00a0Paco Gonz\u00e1lez, Manolo Lama y Juanma Casta\u00f1o<\/b>, siguen como l\u00edderes de temporada. Como los n\u00fameros uno del deporte en Espa\u00f1a. Por su parte,\u00a0<span style=\"color: #0000ff;\"><b><a style=\"color: #0000ff;\" href=\"https:\/\/www.cope.es\/programas\/el-partidazo-de-cope\" target=\"_blank\" rel=\"noopener\" data-mrf-link=\"https:\/\/www.cope.es\/programas\/el-partidazo-de-cope\">\u2018El Partidazo de COPE<\/a><\/b>\u2019<\/span>\u00a0lidera el crecimiento de audiencia en su franja y se mantiene como referente de la radio deportiva nocturna en Espa\u00f1a con<b>\u00a0782.000 oyentes<\/b>\u00a0(+39%) que cada noche conectan con<b>\u00a0Juanma Casta\u00f1o\u00a0<\/b>para conocer todo lo que pasa dentro y fuera del campo.<\/p>\n<p class=\"paragraph\" style=\"text-align: justify;\">COPE estrenaba temporada en septiembre anunciando cambios importantes en su parrilla.\u00a0<b>Jorge Bustos y Pilar Cisneros\u00a0<\/b>lo hac\u00edan al frente de\u00a0<span style=\"color: #0000ff;\"><b><a style=\"color: #0000ff;\" href=\"https:\/\/www.cope.es\/programas\/mediodia-cope\" target=\"_blank\" rel=\"noopener\" data-mrf-link=\"https:\/\/www.cope.es\/programas\/mediodia-cope\">\u2018Mediod\u00eda COPE\u2019<\/a><\/b>\u00a0<\/span>y la audiencia sigue respaldando la apuesta. Jorge y Pilar baten r\u00e9cord con\u00a0<b>663.000 oyentes diarios<\/b>\u00a0(+27%). Seg\u00fan el EGM la audiencia tambi\u00e9n sigue respaldando el nuevo formato de\u00a0<span style=\"color: #0000ff;\"><a style=\"color: #0000ff;\" href=\"https:\/\/www.cope.es\/tu-radio\/noticias\/cope-lidera-crecimiento-radio-batiendo-record-audiencia-herrera-referente-juego-lider-temporada-20250702_3179161.html\">\u2018<\/a><\/span><b><a href=\"https:\/\/www.cope.es\/tu-radio\/noticias\/cope-lidera-crecimiento-radio-batiendo-record-audiencia-herrera-referente-juego-lider-temporada-20250702_3179161.html\"><span style=\"color: #0000ff;\">La Tarde\u2019<\/span>.<\/a>\u00a0Pilar Garc\u00eda Mu\u00f1iz<\/b>\u00a0consigue el\u00a0<b>mejor dato de los \u00faltimos 30 a\u00f1os en esa franja con 702.000 oyentes<\/b>\u00a0y liderando el crecimiento en su franja. Por su parte,\u00a0<a href=\"https:\/\/www.cope.es\/programas\/la-linterna\" target=\"_blank\" rel=\"noopener\" data-mrf-link=\"https:\/\/www.cope.es\/programas\/la-linterna\"><span style=\"color: #0000ff;\"><b>\u2018La Linterna\u2019<\/b><\/span>\u00a0<\/a>de COPE consigue\u00a0 el liderazgo y supera el mill\u00f3n de oyentes. Cada noche 1<b>.122.000 personas<\/b>\u00a0(+23%) eligen a\u00a0<b>\u00c1ngel Exp\u00f3sito<\/b>\u00a0por su manera diferente de hacer radio.<\/p>\n<p class=\"paragraph\" style=\"text-align: justify;\">Los s\u00e1bados y domingos,\u00a0<span style=\"color: #0000ff;\"><b><a style=\"color: #0000ff;\" href=\"https:\/\/www.cope.es\/programas\/fin-de-semana\/horas-completas\" target=\"_blank\" rel=\"noopener\" data-mrf-link=\"https:\/\/www.cope.es\/programas\/fin-de-semana\/horas-completas\">\u2018Fin de Semana\u2019 con Cristina L\u00f3pez Schlichting<\/a><\/b><\/span>\u00a0termina la temporada con\u00a0<b>751.000 oyentes,\u00a0<\/b>mientras que<a href=\"https:\/\/www.cope.es\/programas\/la-manana-fin-de-semana\" target=\"_blank\" rel=\"noopener\" data-mrf-link=\"https:\/\/www.cope.es\/programas\/la-manana-fin-de-semana\">\u00a0<span style=\"color: #0000ff;\"><b>\u2018La Ma\u00f1ana del Fin de semana\u2019<\/b>,<\/span>\u00a0<\/a>ahora dirigida y presentada por Fernando de Haro, crece un 26% y alcanza los\u00a0<b>943.000 oyentes<\/b>\u00a0batiendo r\u00e9cord.\u00a0Por otro lado,<b>\u00a0951.000 personas<\/b>\u00a0buscan cada s\u00e1bado toda la informaci\u00f3n agr\u00edcola y ganadera en\u00a0<span style=\"color: #0000ff;\"><strong><a style=\"color: #0000ff;\" href=\"https:\/\/www.agropopular.com\/\" target=\"_blank\" rel=\"nofollow noopener noreferrer\" data-mrf-link=\"https:\/\/www.agropopular.com\/\">\u2018Agropopular<\/a>\u2019<\/strong><\/span><b>\u00a0con C\u00e9sar Lumbreras.<\/b><\/p>\n<p class=\"paragraph\" style=\"text-align: justify;\"><b>Carlos Moreno, El Pulpo,<\/b>\u00a0crece un 24% y sigue batiendo r\u00e9cords con 330.000 ponedores en\u00a0<a href=\"https:\/\/www.cope.es\/programas\/poniendo-las-calles\" target=\"_blank\" rel=\"noopener\" data-mrf-link=\"https:\/\/www.cope.es\/programas\/poniendo-las-calles\"><span style=\"color: #0000ff;\"><b>\u2018Poniendo las calles<\/b>\u2019<\/span>. <span style=\"color: #0000ff;\">\u2018<\/span><\/a><b><span style=\"color: #0000ff;\"><a style=\"color: #0000ff;\" href=\"https:\/\/www.cope.es\/programas\/la-noche-de-adolfo-arjona\" target=\"_blank\" rel=\"noopener\" data-mrf-link=\"https:\/\/www.cope.es\/programas\/la-noche-de-adolfo-arjona\">La Noche\u2019<\/a><\/span>\u00a0de Adolfo Arjona<\/b>\u00a0(lunes de 1.30 a 4.00 h) tambi\u00e9n crece y es seguido por 238.000 personas, y<span style=\"color: #0000ff;\">\u00a0<b><a style=\"color: #0000ff;\" href=\"https:\/\/www.cope.es\/programas\/grupo-risa\" target=\"_blank\" rel=\"noopener\" data-mrf-link=\"https:\/\/www.cope.es\/programas\/grupo-risa\">El Grupo Risa<\/a><\/b><\/span>\u00a0sigue haciendo de las suyas con\u00a0<b>150.000 oyentes<\/b>\u00a0la madrugada del domingo, mientras que<b>\u00a0Jos\u00e9 \u00c1ngel Cuadrado<\/b>\u00a0termina curso en<a href=\"https:\/\/www.cope.es\/programas\/lo-que-viene\" target=\"_blank\" rel=\"noopener\" data-mrf-link=\"https:\/\/www.cope.es\/programas\/lo-que-viene\">\u00a0<span style=\"color: #0000ff;\"><b>\u2018Lo que viene<\/b>\u2019<\/span><\/a>\u00a0con\u00a0<b>121.000 oyentes.<\/b>\u00a0<span style=\"color: #0000ff;\"><b><a style=\"color: #0000ff;\" href=\"https:\/\/www.cope.es\/programas\/el-garito-de-alex-clavero\" target=\"_blank\" rel=\"noopener\" data-mrf-link=\"https:\/\/www.cope.es\/programas\/el-garito-de-alex-clavero\">\u2018El Garito<\/a>\u2019\u00a0<\/b><\/span>con\u00a0<b>\u00c1lex Clavero re\u00fane a 250.000 personas.<\/b><\/p>\n<p class=\"paragraph\" style=\"text-align: justify;\">En un contexto muy especial en el que asistimos al fallecimiento del Papa Francisco y a la elecci\u00f3n de Le\u00f3n XIV, la audiencia respalda tambi\u00e9n la\u00a0<b>cobertura que COPE<\/b>\u00a0llev\u00f3 a cabo durante semanas desde<b>\u00a0Roma y el Vaticano.\u00a0<\/b>As\u00ed, la programaci\u00f3n sociorreligiosa se consolida. Los viernes,\u00a0<span style=\"color: #0000ff;\"><a style=\"color: #0000ff;\" href=\"https:\/\/www.cope.es\/programas\/la-linterna-de-la-iglesia\" target=\"_blank\" rel=\"noopener\" data-mrf-link=\"https:\/\/www.cope.es\/programas\/la-linterna-de-la-iglesia\">\u2018<b>La Linterna de la Iglesia\u2019,<\/b><\/a><\/span>\u00a0congrega a\u00a0<b>364.000 oyentes.<\/b>\u00a0Y los domingos, la<a href=\"https:\/\/www.cope.es\/programas\/santa-misa\" target=\"_blank\" rel=\"noopener\" data-mrf-link=\"https:\/\/www.cope.es\/programas\/santa-misa\">\u00a0<span style=\"color: #0000ff;\"><b>Santa Misa<\/b><\/span><\/a>\u00a0crece un 20% y re\u00fane a\u00a0<b>561.000 fieles<\/b>, mientras que<a href=\"https:\/\/www.cope.es\/programas\/iglesia-noticia\" target=\"_blank\" rel=\"noopener\" data-mrf-link=\"https:\/\/www.cope.es\/programas\/iglesia-noticia\">\u00a0<span style=\"color: #0000ff;\">\u2018<b>Iglesia Noticia\u2019<\/b><\/span><\/a><span style=\"color: #0000ff;\">\u00a0<\/span>es escuchada por<b>\u00a0542.000 personas.<\/b><\/p>\n<p style=\"text-align: justify;\"><span style=\"color: #0000ff;\"><strong>\u00c1bside Media lidera el crecimiento de la radio<\/strong><\/span><\/p>\n<p style=\"text-align: justify;\"><span style=\"color: #0000ff;\"><b><a style=\"color: #0000ff;\" href=\"https:\/\/www.cope.es\/tu-radio\/noticias\/asi-abside-media-gran-grupo-multimedia-expansion-ejemplo-liderazgo-20201113_994941\" target=\"_blank\" rel=\"noopener\" data-mrf-link=\"https:\/\/www.cope.es\/tu-radio\/noticias\/asi-abside-media-gran-grupo-multimedia-expansion-ejemplo-liderazgo-20201113_994941\">\u00c1bside Media<\/a><\/b><\/span>\u00a0tambi\u00e9n lidera el crecimiento de la radio en Espa\u00f1a y consigue su mejor dato de audiencia. Cada d\u00eda\u00a0<b>6.706.000 personas<\/b>\u00a0escuchan alguna de las marcas del grupo\u00a0<b>(COPE, CADENA 100, RockFM y MegaStarFM).<\/b>\u00a0Todo en un contexto en el que el EGM certifica la credibilidad, la fortaleza y la buena salud de la radio generalista que alcanza un nuevo r\u00e9cord de consumo con\u00a0<b>13.849.000 oyentes diarios.\u00a0<\/b>El contexto favorable en<b>\u00a0t\u00e9rminos de audiencia en antena t<\/b>ambi\u00e9n se ve reflejado en el\u00a0\u00e1mbito digital. Seg\u00fan los \u00faltimos datos de Comscore,<b>\u00a0\u00c1bside Media alcanza su mejor registro hist\u00f3rico de audiencia digital\u00a0<\/b>con\u00a0<b>17,54 millones de usuarios \u00fanicos\u00a0<\/b>y se convierte en el<b>\u00a0s\u00e9ptimo medio en Espa\u00f1a en el ranking de total digital<\/b>.<\/p>\n","protected":false},"excerpt":{"rendered":"<p>Hoy mi\u00e9rcoles hemos recordado las actuaciones que se est\u00e1n llevando a cabo en nuestra ciudad a trav\u00e9s del programa &#8216;Alcoi&#8230;<\/p>\n","protected":false},"author":1,"featured_media":147663,"comment_status":"closed","ping_status":"closed","sticky":false,"template":"","format":"standard","meta":{"footnotes":""},"categories":[6909,89,91,75],"tags":[],"class_list":["post-154591","post","type-post","status-publish","format-standard","has-post-thumbnail","hentry","category-actualidad","category-audiosdelosprogramas","category-informativos","category-noticias"],"yoast_head":"<!-- This site is optimized with the Yoast SEO plugin v27.3 - https:\/\/yoast.com\/product\/yoast-seo-wordpress\/ -->\n<title>\u2018Mediod\u00eda Cope\u2019 Alcoy mi\u00e9rcoles 2 de julio 2025 (14:20h) - COPE Alcoy<\/title>\n<meta name=\"robots\" content=\"index, follow, max-snippet:-1, max-image-preview:large, max-video-preview:-1\" \/>\n<link rel=\"canonical\" href=\"https:\/\/www.copealcoy.es\/es\/mediodia-cope-alcoy-miercoles-2-de-julio-2025-1420h\/\" \/>\n<meta property=\"og:locale\" content=\"es_ES\" \/>\n<meta property=\"og:type\" content=\"article\" \/>\n<meta property=\"og:title\" content=\"\u2018Mediod\u00eda Cope\u2019 Alcoy mi\u00e9rcoles 2 de julio 2025 (14:20h) - COPE Alcoy\" \/>\n<meta property=\"og:description\" content=\"Hoy mi\u00e9rcoles hemos recordado las actuaciones que se est\u00e1n llevando a cabo en nuestra ciudad a trav\u00e9s del programa &#8216;Alcoi...\" \/>\n<meta property=\"og:url\" content=\"https:\/\/www.copealcoy.es\/es\/mediodia-cope-alcoy-miercoles-2-de-julio-2025-1420h\/\" \/>\n<meta property=\"og:site_name\" content=\"COPE Alcoy\" \/>\n<meta property=\"article:published_time\" content=\"2025-07-02T06:35:51+00:00\" \/>\n<meta property=\"article:modified_time\" content=\"2025-07-02T14:45:32+00:00\" \/>\n<meta property=\"og:image\" content=\"https:\/\/www.copealcoy.es\/wp-content\/uploads\/2025\/02\/Mediodia-Cope-Castellano.png\" \/>\n\t<meta property=\"og:image:width\" content=\"357\" \/>\n\t<meta property=\"og:image:height\" content=\"290\" \/>\n\t<meta property=\"og:image:type\" content=\"image\/png\" \/>\n<meta name=\"author\" content=\"Cope Alcoy\" \/>\n<meta name=\"twitter:label1\" content=\"Escrito por\" \/>\n\t<meta name=\"twitter:data1\" content=\"Cope Alcoy\" \/>\n\t<meta name=\"twitter:label2\" content=\"Tiempo de lectura\" \/>\n\t<meta name=\"twitter:data2\" content=\"5 minutos\" \/>\n<script type=\"application\/ld+json\" class=\"yoast-schema-graph\">{\"@context\":\"https:\\\/\\\/schema.org\",\"@graph\":[{\"@type\":\"Article\",\"@id\":\"https:\\\/\\\/www.copealcoy.es\\\/es\\\/mediodia-cope-alcoy-miercoles-2-de-julio-2025-1420h\\\/#article\",\"isPartOf\":{\"@id\":\"https:\\\/\\\/www.copealcoy.es\\\/es\\\/mediodia-cope-alcoy-miercoles-2-de-julio-2025-1420h\\\/\"},\"author\":{\"name\":\"Cope Alcoy\",\"@id\":\"https:\\\/\\\/www.copealcoy.es\\\/es\\\/#\\\/schema\\\/person\\\/e777c87fa024e57d40170af9df39882c\"},\"headline\":\"\u2018Mediod\u00eda Cope\u2019 Alcoy mi\u00e9rcoles 2 de julio 2025 (14:20h)\",\"datePublished\":\"2025-07-02T06:35:51+00:00\",\"dateModified\":\"2025-07-02T14:45:32+00:00\",\"mainEntityOfPage\":{\"@id\":\"https:\\\/\\\/www.copealcoy.es\\\/es\\\/mediodia-cope-alcoy-miercoles-2-de-julio-2025-1420h\\\/\"},\"wordCount\":744,\"image\":{\"@id\":\"https:\\\/\\\/www.copealcoy.es\\\/es\\\/mediodia-cope-alcoy-miercoles-2-de-julio-2025-1420h\\\/#primaryimage\"},\"thumbnailUrl\":\"https:\\\/\\\/www.copealcoy.es\\\/wp-content\\\/uploads\\\/2025\\\/02\\\/Mediodia-Cope-Castellano.png\",\"articleSection\":[\"Actualidad\",\"Audios de los programas\",\"Informativos\",\"Noticias\"],\"inLanguage\":\"es\"},{\"@type\":\"WebPage\",\"@id\":\"https:\\\/\\\/www.copealcoy.es\\\/es\\\/mediodia-cope-alcoy-miercoles-2-de-julio-2025-1420h\\\/\",\"url\":\"https:\\\/\\\/www.copealcoy.es\\\/es\\\/mediodia-cope-alcoy-miercoles-2-de-julio-2025-1420h\\\/\",\"name\":\"\u2018Mediod\u00eda Cope\u2019 Alcoy mi\u00e9rcoles 2 de julio 2025 (14:20h) - COPE Alcoy\",\"isPartOf\":{\"@id\":\"https:\\\/\\\/www.copealcoy.es\\\/es\\\/#website\"},\"primaryImageOfPage\":{\"@id\":\"https:\\\/\\\/www.copealcoy.es\\\/es\\\/mediodia-cope-alcoy-miercoles-2-de-julio-2025-1420h\\\/#primaryimage\"},\"image\":{\"@id\":\"https:\\\/\\\/www.copealcoy.es\\\/es\\\/mediodia-cope-alcoy-miercoles-2-de-julio-2025-1420h\\\/#primaryimage\"},\"thumbnailUrl\":\"https:\\\/\\\/www.copealcoy.es\\\/wp-content\\\/uploads\\\/2025\\\/02\\\/Mediodia-Cope-Castellano.png\",\"datePublished\":\"2025-07-02T06:35:51+00:00\",\"dateModified\":\"2025-07-02T14:45:32+00:00\",\"author\":{\"@id\":\"https:\\\/\\\/www.copealcoy.es\\\/es\\\/#\\\/schema\\\/person\\\/e777c87fa024e57d40170af9df39882c\"},\"breadcrumb\":{\"@id\":\"https:\\\/\\\/www.copealcoy.es\\\/es\\\/mediodia-cope-alcoy-miercoles-2-de-julio-2025-1420h\\\/#breadcrumb\"},\"inLanguage\":\"es\",\"potentialAction\":[{\"@type\":\"ReadAction\",\"target\":[\"https:\\\/\\\/www.copealcoy.es\\\/es\\\/mediodia-cope-alcoy-miercoles-2-de-julio-2025-1420h\\\/\"]}]},{\"@type\":\"ImageObject\",\"inLanguage\":\"es\",\"@id\":\"https:\\\/\\\/www.copealcoy.es\\\/es\\\/mediodia-cope-alcoy-miercoles-2-de-julio-2025-1420h\\\/#primaryimage\",\"url\":\"https:\\\/\\\/www.copealcoy.es\\\/wp-content\\\/uploads\\\/2025\\\/02\\\/Mediodia-Cope-Castellano.png\",\"contentUrl\":\"https:\\\/\\\/www.copealcoy.es\\\/wp-content\\\/uploads\\\/2025\\\/02\\\/Mediodia-Cope-Castellano.png\",\"width\":357,\"height\":290},{\"@type\":\"BreadcrumbList\",\"@id\":\"https:\\\/\\\/www.copealcoy.es\\\/es\\\/mediodia-cope-alcoy-miercoles-2-de-julio-2025-1420h\\\/#breadcrumb\",\"itemListElement\":[{\"@type\":\"ListItem\",\"position\":1,\"name\":\"Portada\",\"item\":\"https:\\\/\\\/www.copealcoy.es\\\/es\\\/\"},{\"@type\":\"ListItem\",\"position\":2,\"name\":\"\u2018Mediod\u00eda Cope\u2019 Alcoy mi\u00e9rcoles 2 de julio 2025 (14:20h)\"}]},{\"@type\":\"WebSite\",\"@id\":\"https:\\\/\\\/www.copealcoy.es\\\/es\\\/#website\",\"url\":\"https:\\\/\\\/www.copealcoy.es\\\/es\\\/\",\"name\":\"COPE Alcoy\",\"description\":\"Emisora COPE de radio local con emisi\u00f3n online. Pont de Sant Jordi 8-10 03803 Alcoy\",\"potentialAction\":[{\"@type\":\"SearchAction\",\"target\":{\"@type\":\"EntryPoint\",\"urlTemplate\":\"https:\\\/\\\/www.copealcoy.es\\\/es\\\/?s={search_term_string}\"},\"query-input\":{\"@type\":\"PropertyValueSpecification\",\"valueRequired\":true,\"valueName\":\"search_term_string\"}}],\"inLanguage\":\"es\"},{\"@type\":\"Person\",\"@id\":\"https:\\\/\\\/www.copealcoy.es\\\/es\\\/#\\\/schema\\\/person\\\/e777c87fa024e57d40170af9df39882c\",\"name\":\"Cope Alcoy\",\"image\":{\"@type\":\"ImageObject\",\"inLanguage\":\"es\",\"@id\":\"https:\\\/\\\/secure.gravatar.com\\\/avatar\\\/bb65d0283347e303893ba14f0692005417c1e0e690a325a4c5d8bb2b3943ee14?s=96&d=mm&r=g\",\"url\":\"https:\\\/\\\/secure.gravatar.com\\\/avatar\\\/bb65d0283347e303893ba14f0692005417c1e0e690a325a4c5d8bb2b3943ee14?s=96&d=mm&r=g\",\"contentUrl\":\"https:\\\/\\\/secure.gravatar.com\\\/avatar\\\/bb65d0283347e303893ba14f0692005417c1e0e690a325a4c5d8bb2b3943ee14?s=96&d=mm&r=g\",\"caption\":\"Cope Alcoy\"}}]}<\/script>\n<!-- \/ Yoast SEO plugin. -->","yoast_head_json":{"title":"\u2018Mediod\u00eda Cope\u2019 Alcoy mi\u00e9rcoles 2 de julio 2025 (14:20h) - COPE Alcoy","robots":{"index":"index","follow":"follow","max-snippet":"max-snippet:-1","max-image-preview":"max-image-preview:large","max-video-preview":"max-video-preview:-1"},"canonical":"https:\/\/www.copealcoy.es\/es\/mediodia-cope-alcoy-miercoles-2-de-julio-2025-1420h\/","og_locale":"es_ES","og_type":"article","og_title":"\u2018Mediod\u00eda Cope\u2019 Alcoy mi\u00e9rcoles 2 de julio 2025 (14:20h) - COPE Alcoy","og_description":"Hoy mi\u00e9rcoles hemos recordado las actuaciones que se est\u00e1n llevando a cabo en nuestra ciudad a trav\u00e9s del programa &#8216;Alcoi...","og_url":"https:\/\/www.copealcoy.es\/es\/mediodia-cope-alcoy-miercoles-2-de-julio-2025-1420h\/","og_site_name":"COPE Alcoy","article_published_time":"2025-07-02T06:35:51+00:00","article_modified_time":"2025-07-02T14:45:32+00:00","og_image":[{"width":357,"height":290,"url":"https:\/\/www.copealcoy.es\/wp-content\/uploads\/2025\/02\/Mediodia-Cope-Castellano.png","type":"image\/png"}],"author":"Cope Alcoy","twitter_misc":{"Escrito por":"Cope Alcoy","Tiempo de lectura":"5 minutos"},"schema":{"@context":"https:\/\/schema.org","@graph":[{"@type":"Article","@id":"https:\/\/www.copealcoy.es\/es\/mediodia-cope-alcoy-miercoles-2-de-julio-2025-1420h\/#article","isPartOf":{"@id":"https:\/\/www.copealcoy.es\/es\/mediodia-cope-alcoy-miercoles-2-de-julio-2025-1420h\/"},"author":{"name":"Cope Alcoy","@id":"https:\/\/www.copealcoy.es\/es\/#\/schema\/person\/e777c87fa024e57d40170af9df39882c"},"headline":"\u2018Mediod\u00eda Cope\u2019 Alcoy mi\u00e9rcoles 2 de julio 2025 (14:20h)","datePublished":"2025-07-02T06:35:51+00:00","dateModified":"2025-07-02T14:45:32+00:00","mainEntityOfPage":{"@id":"https:\/\/www.copealcoy.es\/es\/mediodia-cope-alcoy-miercoles-2-de-julio-2025-1420h\/"},"wordCount":744,"image":{"@id":"https:\/\/www.copealcoy.es\/es\/mediodia-cope-alcoy-miercoles-2-de-julio-2025-1420h\/#primaryimage"},"thumbnailUrl":"https:\/\/www.copealcoy.es\/wp-content\/uploads\/2025\/02\/Mediodia-Cope-Castellano.png","articleSection":["Actualidad","Audios de los programas","Informativos","Noticias"],"inLanguage":"es"},{"@type":"WebPage","@id":"https:\/\/www.copealcoy.es\/es\/mediodia-cope-alcoy-miercoles-2-de-julio-2025-1420h\/","url":"https:\/\/www.copealcoy.es\/es\/mediodia-cope-alcoy-miercoles-2-de-julio-2025-1420h\/","name":"\u2018Mediod\u00eda Cope\u2019 Alcoy mi\u00e9rcoles 2 de julio 2025 (14:20h) - COPE Alcoy","isPartOf":{"@id":"https:\/\/www.copealcoy.es\/es\/#website"},"primaryImageOfPage":{"@id":"https:\/\/www.copealcoy.es\/es\/mediodia-cope-alcoy-miercoles-2-de-julio-2025-1420h\/#primaryimage"},"image":{"@id":"https:\/\/www.copealcoy.es\/es\/mediodia-cope-alcoy-miercoles-2-de-julio-2025-1420h\/#primaryimage"},"thumbnailUrl":"https:\/\/www.copealcoy.es\/wp-content\/uploads\/2025\/02\/Mediodia-Cope-Castellano.png","datePublished":"2025-07-02T06:35:51+00:00","dateModified":"2025-07-02T14:45:32+00:00","author":{"@id":"https:\/\/www.copealcoy.es\/es\/#\/schema\/person\/e777c87fa024e57d40170af9df39882c"},"breadcrumb":{"@id":"https:\/\/www.copealcoy.es\/es\/mediodia-cope-alcoy-miercoles-2-de-julio-2025-1420h\/#breadcrumb"},"inLanguage":"es","potentialAction":[{"@type":"ReadAction","target":["https:\/\/www.copealcoy.es\/es\/mediodia-cope-alcoy-miercoles-2-de-julio-2025-1420h\/"]}]},{"@type":"ImageObject","inLanguage":"es","@id":"https:\/\/www.copealcoy.es\/es\/mediodia-cope-alcoy-miercoles-2-de-julio-2025-1420h\/#primaryimage","url":"https:\/\/www.copealcoy.es\/wp-content\/uploads\/2025\/02\/Mediodia-Cope-Castellano.png","contentUrl":"https:\/\/www.copealcoy.es\/wp-content\/uploads\/2025\/02\/Mediodia-Cope-Castellano.png","width":357,"height":290},{"@type":"BreadcrumbList","@id":"https:\/\/www.copealcoy.es\/es\/mediodia-cope-alcoy-miercoles-2-de-julio-2025-1420h\/#breadcrumb","itemListElement":[{"@type":"ListItem","position":1,"name":"Portada","item":"https:\/\/www.copealcoy.es\/es\/"},{"@type":"ListItem","position":2,"name":"\u2018Mediod\u00eda Cope\u2019 Alcoy mi\u00e9rcoles 2 de julio 2025 (14:20h)"}]},{"@type":"WebSite","@id":"https:\/\/www.copealcoy.es\/es\/#website","url":"https:\/\/www.copealcoy.es\/es\/","name":"COPE Alcoy","description":"Emisora COPE de radio local con emisi\u00f3n online. Pont de Sant Jordi 8-10 03803 Alcoy","potentialAction":[{"@type":"SearchAction","target":{"@type":"EntryPoint","urlTemplate":"https:\/\/www.copealcoy.es\/es\/?s={search_term_string}"},"query-input":{"@type":"PropertyValueSpecification","valueRequired":true,"valueName":"search_term_string"}}],"inLanguage":"es"},{"@type":"Person","@id":"https:\/\/www.copealcoy.es\/es\/#\/schema\/person\/e777c87fa024e57d40170af9df39882c","name":"Cope Alcoy","image":{"@type":"ImageObject","inLanguage":"es","@id":"https:\/\/secure.gravatar.com\/avatar\/bb65d0283347e303893ba14f0692005417c1e0e690a325a4c5d8bb2b3943ee14?s=96&d=mm&r=g","url":"https:\/\/secure.gravatar.com\/avatar\/bb65d0283347e303893ba14f0692005417c1e0e690a325a4c5d8bb2b3943ee14?s=96&d=mm&r=g","contentUrl":"https:\/\/secure.gravatar.com\/avatar\/bb65d0283347e303893ba14f0692005417c1e0e690a325a4c5d8bb2b3943ee14?s=96&d=mm&r=g","caption":"Cope Alcoy"}}]}},"_links":{"self":[{"href":"https:\/\/www.copealcoy.es\/es\/wp-json\/wp\/v2\/posts\/154591","targetHints":{"allow":["GET"]}}],"collection":[{"href":"https:\/\/www.copealcoy.es\/es\/wp-json\/wp\/v2\/posts"}],"about":[{"href":"https:\/\/www.copealcoy.es\/es\/wp-json\/wp\/v2\/types\/post"}],"author":[{"embeddable":true,"href":"https:\/\/www.copealcoy.es\/es\/wp-json\/wp\/v2\/users\/1"}],"replies":[{"embeddable":true,"href":"https:\/\/www.copealcoy.es\/es\/wp-json\/wp\/v2\/comments?post=154591"}],"version-history":[{"count":3,"href":"https:\/\/www.copealcoy.es\/es\/wp-json\/wp\/v2\/posts\/154591\/revisions"}],"predecessor-version":[{"id":154595,"href":"https:\/\/www.copealcoy.es\/es\/wp-json\/wp\/v2\/posts\/154591\/revisions\/154595"}],"wp:featuredmedia":[{"embeddable":true,"href":"https:\/\/www.copealcoy.es\/es\/wp-json\/wp\/v2\/media\/147663"}],"wp:attachment":[{"href":"https:\/\/www.copealcoy.es\/es\/wp-json\/wp\/v2\/media?parent=154591"}],"wp:term":[{"taxonomy":"category","embeddable":true,"href":"https:\/\/www.copealcoy.es\/es\/wp-json\/wp\/v2\/categories?post=154591"},{"taxonomy":"post_tag","embeddable":true,"href":"https:\/\/www.copealcoy.es\/es\/wp-json\/wp\/v2\/tags?post=154591"}],"curies":[{"name":"wp","href":"https:\/\/api.w.org\/{rel}","templated":true}]}}