{"id":154403,"date":"2025-06-29T11:05:40","date_gmt":"2025-06-29T10:05:40","guid":{"rendered":"https:\/\/www.copealcoy.es\/?p=154403"},"modified":"2025-06-29T11:09:39","modified_gmt":"2025-06-29T10:09:39","slug":"una-calurosa-publicacio-marcada-por-las-efemerides-anuncia-la-festa-de-cocentaina","status":"publish","type":"post","link":"https:\/\/www.copealcoy.es\/es\/una-calurosa-publicacio-marcada-por-las-efemerides-anuncia-la-festa-de-cocentaina\/","title":{"rendered":"Una calurosa Publicaci\u00f3 marcada por las efem\u00e9rides anuncia la Festa de Cocentaina"},"content":{"rendered":"<p style=\"text-align: justify;\">Cocentaina ya estrenado la cuenta atr\u00e1s hacia sus <a href=\"https:\/\/www.facebook.com\/federacionjuntafiestas.cocentaina\/?locale=es_ES\" target=\"_blank\" rel=\"noopener\"><span style=\"color: #0000ff;\"><strong>Fiestas de Moros y Cristianos del 2025<\/strong><\/span><\/a> tras <strong>una brillante Publicaci\u00f3<\/strong> que tuvo lugar en la tarde de ayer s\u00e1bado, 28 de junio. El calor, con m\u00e1ximas superiores a los 35 grados, <strong>acompa\u00f1\u00f3 al preg\u00f3n de la Festa contestana<\/strong> pero <strong>no rest\u00f3 participaci\u00f3n<\/strong> a un acto que cada \u00faltimo s\u00e1bado de junio es muy esperado en la capital del Comtat.<\/p>\n<p style=\"text-align: justify;\">La actividad festiva dio comienzo poco antes de las seis de la tarde en la Pla\u00e7a de la Vila, <strong>punto al que fueron llegando los Publicadores adultos e infantiles<\/strong> de las diecis\u00e9is Filaes acompa\u00f1ados de sus respectivas bandas de m\u00fasica. Posteriormente, cuando el reloj marc\u00f3 las 18:00h, se hizo el silencio en la plaza en el momento en el que Asesor Religioso de la Junta de Festes y titular de la parroquia de Santa Mar\u00eda; Don Eduardo Rengel, pronunciaba <strong>el rezo del \u00c1ngelus<\/strong> en memoria de los contestanos y las contestanas difuntos. Seguidamente, y en el mismo balc\u00f3n del Ayuntamiento, ten\u00eda lugar otro instante significativo. El nuevo alcalde de la Villa Condal, Rub\u00e9n Mu\u00f1oz, <strong>daba permiso simb\u00f3lico a la Junta de Festes<\/strong> presidida por Rafael Monar para que asuma la organizaci\u00f3n de la pr\u00f3xima trilog\u00eda festera en honor a San Hip\u00f3lito M\u00e1rtir.<\/p>\n<audio class=\"wp-audio-shortcode\" id=\"audio-154403-1\" preload=\"none\" style=\"width: 100%;\" controls=\"controls\"><source type=\"audio\/mpeg\" src=\"https:\/\/www.copealcoy.es\/wp-content\/uploads\/2025\/06\/Permiso-Publicacio-Cocentaina-2025.mp3?_=1\" \/><a href=\"https:\/\/www.copealcoy.es\/wp-content\/uploads\/2025\/06\/Permiso-Publicacio-Cocentaina-2025.mp3\">https:\/\/www.copealcoy.es\/wp-content\/uploads\/2025\/06\/Permiso-Publicacio-Cocentaina-2025.mp3<\/a><\/audio>\n<p>&nbsp;<\/p>\n<p style=\"text-align: justify;\">Tras este momento <strong>son\u00f3 el Himno de Fiestas<\/strong>, con m\u00fasica de Jos\u00e9 Insa Mart\u00ednez y letra del poeta Gerard Mur i P\u00e9rez, y r\u00e1pidamente la Colla de Dol\u00e7aines i Tabals Mal Passet abri\u00f3 el desfile de La Publicaci\u00f3n interpretando la pieza <em>T\u00b4ho mereixes\u00a0<\/em>de Francisco Valor Llorens. Los aplausos sonaron con fuerza a continuaci\u00f3n cuando, <strong>50 a\u00f1os despu\u00e9s de la primera Publicaci\u00f3 Infantil<\/strong>, <strong>los representantes infantiles de cada Fil\u00e0<\/strong> iniciaban el mencionado acto acompa\u00f1ados de la Uni\u00f3n Musical de Llutxent interpretando el internacional\u00a0<em>Paquito El Chocolatero\u00a0<\/em>de Gustavo Pascual Falc\u00f3. <strong>Javier Oltra Castell\u00f3 y J\u00falia Belda Navarro<\/strong>, de las Filaes Cruzados y Manta Roja respectivamente, guiaron como formadores a los publicadores infantiles mientras iniciaban un breve recorrido hasta la iglesia de Santa Mar\u00eda. All\u00ed fueron recibidos con el volteo de las campanas mientras entraban dentro del templo a <strong>realizar una ofrenda floral ante la imagen de San Hip\u00f3lito M\u00e1rtir<\/strong>, situada en el altar mayor, con motivo del 425 aniversario de su elecci\u00f3n y proclamaci\u00f3n como patr\u00f3n de la localidad.<\/p>\n<audio class=\"wp-audio-shortcode\" id=\"audio-154403-2\" preload=\"none\" style=\"width: 100%;\" controls=\"controls\"><source type=\"audio\/mpeg\" src=\"https:\/\/www.copealcoy.es\/wp-content\/uploads\/2025\/06\/Entrevista-Javi-Oltra-Castello.mp3?_=2\" \/><a href=\"https:\/\/www.copealcoy.es\/wp-content\/uploads\/2025\/06\/Entrevista-Javi-Oltra-Castello.mp3\">https:\/\/www.copealcoy.es\/wp-content\/uploads\/2025\/06\/Entrevista-Javi-Oltra-Castello.mp3<\/a><\/audio>\n<p>&nbsp;<\/p>\n<audio class=\"wp-audio-shortcode\" id=\"audio-154403-3\" preload=\"none\" style=\"width: 100%;\" controls=\"controls\"><source type=\"audio\/mpeg\" src=\"https:\/\/www.copealcoy.es\/wp-content\/uploads\/2025\/06\/Entrevista-Julia-Belda-Navarro.mp3?_=3\" \/><a href=\"https:\/\/www.copealcoy.es\/wp-content\/uploads\/2025\/06\/Entrevista-Julia-Belda-Navarro.mp3\">https:\/\/www.copealcoy.es\/wp-content\/uploads\/2025\/06\/Entrevista-Julia-Belda-Navarro.mp3<\/a><\/audio>\n<p>&nbsp;<\/p>\n<p style=\"text-align: justify;\">Mientras tanto, y en una Pla\u00e7a de la Vila que segu\u00eda abarrotada de gente, efectuaban la\u00a0<em>arranc\u00e0\u00a0<\/em><strong>los publicadores adultos del bando cristiano<\/strong> a las \u00f3rdenes de <strong>Sandra Oltra<\/strong>, la formadora del bando cristiano perteneciente este a\u00f1o a la Fil\u00e0 Cruzados por ser la que ostenta la capitan\u00eda en las tropas de la cruz.\u00a0<em>Bohemios del 29<\/em>, de Jos\u00e9 P\u00e9rez Vilaplana, fue la composici\u00f3n que interpret\u00f3 la Uni\u00f3n Musical Contestana para acompa\u00f1ar a las fuerzas cristianas en el anuncio oficial de la Festa. Despu\u00e9s llegaron los moros, con Ignasi Belda como formador de la Fil\u00e0 Manta Roja en la que adem\u00e1s es el Capit\u00e1n Moro de 2025, y a las huestes de la media luna los acompa\u00f1\u00f3 el Ateneu Musical haciendo sonar<em> Pepe El Sandingo\u00a0<\/em>de Enrique Torr\u00f3 Insa.<\/p>\n<audio class=\"wp-audio-shortcode\" id=\"audio-154403-4\" preload=\"none\" style=\"width: 100%;\" controls=\"controls\"><source type=\"audio\/mpeg\" src=\"https:\/\/www.copealcoy.es\/wp-content\/uploads\/2025\/06\/Entrevista-Sandra-Oltra.mp3?_=4\" \/><a href=\"https:\/\/www.copealcoy.es\/wp-content\/uploads\/2025\/06\/Entrevista-Sandra-Oltra.mp3\">https:\/\/www.copealcoy.es\/wp-content\/uploads\/2025\/06\/Entrevista-Sandra-Oltra.mp3<\/a><\/audio>\n<p>&nbsp;<\/p>\n<audio class=\"wp-audio-shortcode\" id=\"audio-154403-5\" preload=\"none\" style=\"width: 100%;\" controls=\"controls\"><source type=\"audio\/mpeg\" src=\"https:\/\/www.copealcoy.es\/wp-content\/uploads\/2025\/06\/Entrevista-Ignasi-Belda.mp3?_=5\" \/><a href=\"https:\/\/www.copealcoy.es\/wp-content\/uploads\/2025\/06\/Entrevista-Ignasi-Belda.mp3\">https:\/\/www.copealcoy.es\/wp-content\/uploads\/2025\/06\/Entrevista-Ignasi-Belda.mp3<\/a><\/audio>\n<p>&nbsp;<\/p>\n<p style=\"text-align: justify;\">La Publicaci\u00f3 avanz\u00f3 con <strong>una nueva ofrenda floral de los publicadores infantiles<\/strong>, en este caso al Monumento dedicado a San Hip\u00f3lito M\u00e1rtir que se ubica en la Plaza Alcalde Reig y que cumple tambi\u00e9n 25 a\u00f1os en 2025, y el recorrido de los publicadores adultos por buena parte de las calles del casco antiguo atravesando puntos emblem\u00e1ticos del Raval y la Vila. Poco antes de las 20:00h <strong>adultos e infantiles confluyeron en la parte alta del Passeig del Comtat<\/strong> para desfilar conjuntamente proclamando la llegada oficial de las Fiestas hasta concluir en la citada Plaza Alcalde Reig ante la escultura del patr\u00f3n. A las 22:30h, y con gran ambiente festivo en el Passeig del Comtat, tuvieron lugar <strong>las primeras &#8216;Voltetes&#8217;<\/strong> del ciclo festero y la jornada finaliz\u00f3 con <strong>la actuaci\u00f3n de la orquesta La Pato<\/strong> en el recinto ferial situado junto al Centre Cultural El Teular abriendo as\u00ed una completa oferta de ocio nocturno que tendr\u00e1 continuidad en agosto durante los d\u00edas de Fiestas.<\/p>\n<p style=\"text-align: justify;\">En COPE ALCOY tambi\u00e9n pudimos hablar con <strong>Rub\u00e9n Mu\u00f1oz<\/strong> (alcalde de Cocentaina), <strong>Javier Sansalvador<\/strong> (Concejal de Fiestas) y <strong>Rafael Monar<\/strong> (Presidente de la Junta de Festes) sobre un acto, La Publicaci\u00f3, que ha iniciado ya la cuenta atr\u00e1s hacia las Fiestas contestanas.<\/p>\n<audio class=\"wp-audio-shortcode\" id=\"audio-154403-6\" preload=\"none\" style=\"width: 100%;\" controls=\"controls\"><source type=\"audio\/mpeg\" src=\"https:\/\/www.copealcoy.es\/wp-content\/uploads\/2025\/06\/Tall-Ruben-Munoz-Publicacio.mp3?_=6\" \/><a href=\"https:\/\/www.copealcoy.es\/wp-content\/uploads\/2025\/06\/Tall-Ruben-Munoz-Publicacio.mp3\">https:\/\/www.copealcoy.es\/wp-content\/uploads\/2025\/06\/Tall-Ruben-Munoz-Publicacio.mp3<\/a><\/audio>\n<p>&nbsp;<\/p>\n<audio class=\"wp-audio-shortcode\" id=\"audio-154403-7\" preload=\"none\" style=\"width: 100%;\" controls=\"controls\"><source type=\"audio\/mpeg\" src=\"https:\/\/www.copealcoy.es\/wp-content\/uploads\/2025\/06\/Tall-Javi-Sansalvador-Publicacio.mp3?_=7\" \/><a href=\"https:\/\/www.copealcoy.es\/wp-content\/uploads\/2025\/06\/Tall-Javi-Sansalvador-Publicacio.mp3\">https:\/\/www.copealcoy.es\/wp-content\/uploads\/2025\/06\/Tall-Javi-Sansalvador-Publicacio.mp3<\/a><\/audio>\n<p>&nbsp;<\/p>\n<audio class=\"wp-audio-shortcode\" id=\"audio-154403-8\" preload=\"none\" style=\"width: 100%;\" controls=\"controls\"><source type=\"audio\/mpeg\" src=\"https:\/\/www.copealcoy.es\/wp-content\/uploads\/2025\/06\/Tall-Rafael-Monar-Publicacio.mp3?_=8\" \/><a href=\"https:\/\/www.copealcoy.es\/wp-content\/uploads\/2025\/06\/Tall-Rafael-Monar-Publicacio.mp3\">https:\/\/www.copealcoy.es\/wp-content\/uploads\/2025\/06\/Tall-Rafael-Monar-Publicacio.mp3<\/a><\/audio>\n<p>&nbsp;<\/p>\n<div id='gallery-1' class='gallery galleryid-154403 gallery-columns-2 gallery-size-large'><figure class='gallery-item'>\n\t\t\t<div class='gallery-icon landscape'>\n\t\t\t\t<a href='https:\/\/www.copealcoy.es\/es\/una-calurosa-publicacio-marcada-por-las-efemerides-anuncia-la-festa-de-cocentaina\/img_3380\/'><img loading=\"lazy\" decoding=\"async\" width=\"980\" height=\"588\" src=\"https:\/\/www.copealcoy.es\/wp-content\/uploads\/2025\/06\/IMG_3380-980x588.jpg\" class=\"attachment-large size-large\" alt=\"\" \/><\/a>\n\t\t\t<\/div><\/figure><figure class='gallery-item'>\n\t\t\t<div class='gallery-icon landscape'>\n\t\t\t\t<a href='https:\/\/www.copealcoy.es\/es\/una-calurosa-publicacio-marcada-por-las-efemerides-anuncia-la-festa-de-cocentaina\/img_3388\/'><img loading=\"lazy\" decoding=\"async\" width=\"980\" height=\"588\" src=\"https:\/\/www.copealcoy.es\/wp-content\/uploads\/2025\/06\/IMG_3388-980x588.jpg\" class=\"attachment-large size-large\" alt=\"\" \/><\/a>\n\t\t\t<\/div><\/figure><figure class='gallery-item'>\n\t\t\t<div class='gallery-icon landscape'>\n\t\t\t\t<a href='https:\/\/www.copealcoy.es\/es\/una-calurosa-publicacio-marcada-por-las-efemerides-anuncia-la-festa-de-cocentaina\/unnamed-1-767\/'><img loading=\"lazy\" decoding=\"async\" width=\"980\" height=\"588\" src=\"https:\/\/www.copealcoy.es\/wp-content\/uploads\/2025\/06\/unnamed-1-14-980x588.jpg\" class=\"attachment-large size-large\" alt=\"\" \/><\/a>\n\t\t\t<\/div><\/figure><figure class='gallery-item'>\n\t\t\t<div class='gallery-icon landscape'>\n\t\t\t\t<a href='https:\/\/www.copealcoy.es\/es\/una-calurosa-publicacio-marcada-por-las-efemerides-anuncia-la-festa-de-cocentaina\/unnamed-2-180\/'><img loading=\"lazy\" decoding=\"async\" width=\"980\" height=\"588\" src=\"https:\/\/www.copealcoy.es\/wp-content\/uploads\/2025\/06\/unnamed-2-12-980x588.jpg\" class=\"attachment-large size-large\" alt=\"\" \/><\/a>\n\t\t\t<\/div><\/figure>\n\t\t<\/div>\n\n","protected":false},"excerpt":{"rendered":"<p>Cocentaina ya estrenado la cuenta atr\u00e1s hacia sus Fiestas de Moros y Cristianos del 2025 tras una brillante Publicaci\u00f3 que&#8230;<\/p>\n","protected":false},"author":1,"featured_media":154422,"comment_status":"closed","ping_status":"closed","sticky":false,"template":"","format":"standard","meta":{"footnotes":""},"categories":[6909,98,75,125],"tags":[19746,132,565,609,1220,4488],"class_list":["post-154403","post","type-post","status-publish","format-standard","has-post-thumbnail","hentry","category-actualidad","category-comarcas","category-noticias","category-portada","tag-50-aniversario-publicacio-infantil","tag-cocentaina","tag-fiestas","tag-moros-y-cristianos","tag-publicacio","tag-san-hipolito-martir"],"yoast_head":"<!-- This site is optimized with the Yoast SEO plugin v27.3 - https:\/\/yoast.com\/product\/yoast-seo-wordpress\/ -->\n<title>Una calurosa Publicaci\u00f3 marcada por las efem\u00e9rides anuncia la Festa de Cocentaina - COPE Alcoy<\/title>\n<meta name=\"description\" content=\"Una calurosa Publicaci\u00f3 llena de efem\u00e9rides anuncia la Festa de Cocentaina\" \/>\n<meta name=\"robots\" content=\"index, follow, max-snippet:-1, max-image-preview:large, max-video-preview:-1\" \/>\n<link rel=\"canonical\" href=\"https:\/\/www.copealcoy.es\/es\/una-calurosa-publicacio-marcada-por-las-efemerides-anuncia-la-festa-de-cocentaina\/\" \/>\n<meta property=\"og:locale\" content=\"es_ES\" \/>\n<meta property=\"og:type\" content=\"article\" \/>\n<meta property=\"og:title\" content=\"Una calurosa Publicaci\u00f3 marcada por las efem\u00e9rides anuncia la Festa de Cocentaina - COPE Alcoy\" \/>\n<meta property=\"og:description\" content=\"Una calurosa Publicaci\u00f3 llena de efem\u00e9rides anuncia la Festa de Cocentaina\" \/>\n<meta property=\"og:url\" content=\"https:\/\/www.copealcoy.es\/es\/una-calurosa-publicacio-marcada-por-las-efemerides-anuncia-la-festa-de-cocentaina\/\" \/>\n<meta property=\"og:site_name\" content=\"COPE Alcoy\" \/>\n<meta property=\"article:published_time\" content=\"2025-06-29T10:05:40+00:00\" \/>\n<meta property=\"article:modified_time\" content=\"2025-06-29T10:09:39+00:00\" \/>\n<meta property=\"og:image\" content=\"https:\/\/www.copealcoy.es\/wp-content\/uploads\/2025\/06\/unnamed-1-14-scaled-e1751191770620.jpg\" \/>\n\t<meta property=\"og:image:width\" content=\"800\" \/>\n\t<meta property=\"og:image:height\" content=\"470\" \/>\n\t<meta property=\"og:image:type\" content=\"image\/jpeg\" \/>\n<meta name=\"author\" content=\"Cope Alcoy\" \/>\n<meta name=\"twitter:label1\" content=\"Escrito por\" \/>\n\t<meta name=\"twitter:data1\" content=\"Cope Alcoy\" \/>\n\t<meta name=\"twitter:label2\" content=\"Tiempo de lectura\" \/>\n\t<meta name=\"twitter:data2\" content=\"5 minutos\" \/>\n<script type=\"application\/ld+json\" class=\"yoast-schema-graph\">{\"@context\":\"https:\\\/\\\/schema.org\",\"@graph\":[{\"@type\":\"Article\",\"@id\":\"https:\\\/\\\/www.copealcoy.es\\\/es\\\/una-calurosa-publicacio-marcada-por-las-efemerides-anuncia-la-festa-de-cocentaina\\\/#article\",\"isPartOf\":{\"@id\":\"https:\\\/\\\/www.copealcoy.es\\\/es\\\/una-calurosa-publicacio-marcada-por-las-efemerides-anuncia-la-festa-de-cocentaina\\\/\"},\"author\":{\"name\":\"Cope Alcoy\",\"@id\":\"https:\\\/\\\/www.copealcoy.es\\\/es\\\/#\\\/schema\\\/person\\\/e777c87fa024e57d40170af9df39882c\"},\"headline\":\"Una calurosa Publicaci\u00f3 marcada por las efem\u00e9rides anuncia la Festa de Cocentaina\",\"datePublished\":\"2025-06-29T10:05:40+00:00\",\"dateModified\":\"2025-06-29T10:09:39+00:00\",\"mainEntityOfPage\":{\"@id\":\"https:\\\/\\\/www.copealcoy.es\\\/es\\\/una-calurosa-publicacio-marcada-por-las-efemerides-anuncia-la-festa-de-cocentaina\\\/\"},\"wordCount\":882,\"image\":{\"@id\":\"https:\\\/\\\/www.copealcoy.es\\\/es\\\/una-calurosa-publicacio-marcada-por-las-efemerides-anuncia-la-festa-de-cocentaina\\\/#primaryimage\"},\"thumbnailUrl\":\"https:\\\/\\\/www.copealcoy.es\\\/wp-content\\\/uploads\\\/2025\\\/06\\\/unnamed-1-14-scaled-e1751191770620.jpg\",\"keywords\":[\"50 aniversario Publicaci\u00f3 Infantil\",\"Cocentaina\",\"Fiestas\",\"Moros Y Cristianos\",\"Publicaci\u00f3\",\"San Hip\u00f3lito M\u00e1rtir\"],\"articleSection\":[\"Actualidad\",\"Comarcas\",\"Noticias\",\"Portada\"],\"inLanguage\":\"es\"},{\"@type\":\"WebPage\",\"@id\":\"https:\\\/\\\/www.copealcoy.es\\\/es\\\/una-calurosa-publicacio-marcada-por-las-efemerides-anuncia-la-festa-de-cocentaina\\\/\",\"url\":\"https:\\\/\\\/www.copealcoy.es\\\/es\\\/una-calurosa-publicacio-marcada-por-las-efemerides-anuncia-la-festa-de-cocentaina\\\/\",\"name\":\"Una calurosa Publicaci\u00f3 marcada por las efem\u00e9rides anuncia la Festa de Cocentaina - COPE Alcoy\",\"isPartOf\":{\"@id\":\"https:\\\/\\\/www.copealcoy.es\\\/es\\\/#website\"},\"primaryImageOfPage\":{\"@id\":\"https:\\\/\\\/www.copealcoy.es\\\/es\\\/una-calurosa-publicacio-marcada-por-las-efemerides-anuncia-la-festa-de-cocentaina\\\/#primaryimage\"},\"image\":{\"@id\":\"https:\\\/\\\/www.copealcoy.es\\\/es\\\/una-calurosa-publicacio-marcada-por-las-efemerides-anuncia-la-festa-de-cocentaina\\\/#primaryimage\"},\"thumbnailUrl\":\"https:\\\/\\\/www.copealcoy.es\\\/wp-content\\\/uploads\\\/2025\\\/06\\\/unnamed-1-14-scaled-e1751191770620.jpg\",\"datePublished\":\"2025-06-29T10:05:40+00:00\",\"dateModified\":\"2025-06-29T10:09:39+00:00\",\"author\":{\"@id\":\"https:\\\/\\\/www.copealcoy.es\\\/es\\\/#\\\/schema\\\/person\\\/e777c87fa024e57d40170af9df39882c\"},\"description\":\"Una calurosa Publicaci\u00f3 llena de efem\u00e9rides anuncia la Festa de Cocentaina\",\"breadcrumb\":{\"@id\":\"https:\\\/\\\/www.copealcoy.es\\\/es\\\/una-calurosa-publicacio-marcada-por-las-efemerides-anuncia-la-festa-de-cocentaina\\\/#breadcrumb\"},\"inLanguage\":\"es\",\"potentialAction\":[{\"@type\":\"ReadAction\",\"target\":[\"https:\\\/\\\/www.copealcoy.es\\\/es\\\/una-calurosa-publicacio-marcada-por-las-efemerides-anuncia-la-festa-de-cocentaina\\\/\"]}]},{\"@type\":\"ImageObject\",\"inLanguage\":\"es\",\"@id\":\"https:\\\/\\\/www.copealcoy.es\\\/es\\\/una-calurosa-publicacio-marcada-por-las-efemerides-anuncia-la-festa-de-cocentaina\\\/#primaryimage\",\"url\":\"https:\\\/\\\/www.copealcoy.es\\\/wp-content\\\/uploads\\\/2025\\\/06\\\/unnamed-1-14-scaled-e1751191770620.jpg\",\"contentUrl\":\"https:\\\/\\\/www.copealcoy.es\\\/wp-content\\\/uploads\\\/2025\\\/06\\\/unnamed-1-14-scaled-e1751191770620.jpg\",\"width\":800,\"height\":470},{\"@type\":\"BreadcrumbList\",\"@id\":\"https:\\\/\\\/www.copealcoy.es\\\/es\\\/una-calurosa-publicacio-marcada-por-las-efemerides-anuncia-la-festa-de-cocentaina\\\/#breadcrumb\",\"itemListElement\":[{\"@type\":\"ListItem\",\"position\":1,\"name\":\"Portada\",\"item\":\"https:\\\/\\\/www.copealcoy.es\\\/es\\\/\"},{\"@type\":\"ListItem\",\"position\":2,\"name\":\"Una calurosa Publicaci\u00f3 marcada por las efem\u00e9rides anuncia la Festa de Cocentaina\"}]},{\"@type\":\"WebSite\",\"@id\":\"https:\\\/\\\/www.copealcoy.es\\\/es\\\/#website\",\"url\":\"https:\\\/\\\/www.copealcoy.es\\\/es\\\/\",\"name\":\"COPE Alcoy\",\"description\":\"Emisora COPE de radio local con emisi\u00f3n online. Pont de Sant Jordi 8-10 03803 Alcoy\",\"potentialAction\":[{\"@type\":\"SearchAction\",\"target\":{\"@type\":\"EntryPoint\",\"urlTemplate\":\"https:\\\/\\\/www.copealcoy.es\\\/es\\\/?s={search_term_string}\"},\"query-input\":{\"@type\":\"PropertyValueSpecification\",\"valueRequired\":true,\"valueName\":\"search_term_string\"}}],\"inLanguage\":\"es\"},{\"@type\":\"Person\",\"@id\":\"https:\\\/\\\/www.copealcoy.es\\\/es\\\/#\\\/schema\\\/person\\\/e777c87fa024e57d40170af9df39882c\",\"name\":\"Cope Alcoy\",\"image\":{\"@type\":\"ImageObject\",\"inLanguage\":\"es\",\"@id\":\"https:\\\/\\\/secure.gravatar.com\\\/avatar\\\/bb65d0283347e303893ba14f0692005417c1e0e690a325a4c5d8bb2b3943ee14?s=96&d=mm&r=g\",\"url\":\"https:\\\/\\\/secure.gravatar.com\\\/avatar\\\/bb65d0283347e303893ba14f0692005417c1e0e690a325a4c5d8bb2b3943ee14?s=96&d=mm&r=g\",\"contentUrl\":\"https:\\\/\\\/secure.gravatar.com\\\/avatar\\\/bb65d0283347e303893ba14f0692005417c1e0e690a325a4c5d8bb2b3943ee14?s=96&d=mm&r=g\",\"caption\":\"Cope Alcoy\"}}]}<\/script>\n<!-- \/ Yoast SEO plugin. -->","yoast_head_json":{"title":"Una calurosa Publicaci\u00f3 marcada por las efem\u00e9rides anuncia la Festa de Cocentaina - COPE Alcoy","description":"Una calurosa Publicaci\u00f3 llena de efem\u00e9rides anuncia la Festa de Cocentaina","robots":{"index":"index","follow":"follow","max-snippet":"max-snippet:-1","max-image-preview":"max-image-preview:large","max-video-preview":"max-video-preview:-1"},"canonical":"https:\/\/www.copealcoy.es\/es\/una-calurosa-publicacio-marcada-por-las-efemerides-anuncia-la-festa-de-cocentaina\/","og_locale":"es_ES","og_type":"article","og_title":"Una calurosa Publicaci\u00f3 marcada por las efem\u00e9rides anuncia la Festa de Cocentaina - COPE Alcoy","og_description":"Una calurosa Publicaci\u00f3 llena de efem\u00e9rides anuncia la Festa de Cocentaina","og_url":"https:\/\/www.copealcoy.es\/es\/una-calurosa-publicacio-marcada-por-las-efemerides-anuncia-la-festa-de-cocentaina\/","og_site_name":"COPE Alcoy","article_published_time":"2025-06-29T10:05:40+00:00","article_modified_time":"2025-06-29T10:09:39+00:00","og_image":[{"width":800,"height":470,"url":"https:\/\/www.copealcoy.es\/wp-content\/uploads\/2025\/06\/unnamed-1-14-scaled-e1751191770620.jpg","type":"image\/jpeg"}],"author":"Cope Alcoy","twitter_misc":{"Escrito por":"Cope Alcoy","Tiempo de lectura":"5 minutos"},"schema":{"@context":"https:\/\/schema.org","@graph":[{"@type":"Article","@id":"https:\/\/www.copealcoy.es\/es\/una-calurosa-publicacio-marcada-por-las-efemerides-anuncia-la-festa-de-cocentaina\/#article","isPartOf":{"@id":"https:\/\/www.copealcoy.es\/es\/una-calurosa-publicacio-marcada-por-las-efemerides-anuncia-la-festa-de-cocentaina\/"},"author":{"name":"Cope Alcoy","@id":"https:\/\/www.copealcoy.es\/es\/#\/schema\/person\/e777c87fa024e57d40170af9df39882c"},"headline":"Una calurosa Publicaci\u00f3 marcada por las efem\u00e9rides anuncia la Festa de Cocentaina","datePublished":"2025-06-29T10:05:40+00:00","dateModified":"2025-06-29T10:09:39+00:00","mainEntityOfPage":{"@id":"https:\/\/www.copealcoy.es\/es\/una-calurosa-publicacio-marcada-por-las-efemerides-anuncia-la-festa-de-cocentaina\/"},"wordCount":882,"image":{"@id":"https:\/\/www.copealcoy.es\/es\/una-calurosa-publicacio-marcada-por-las-efemerides-anuncia-la-festa-de-cocentaina\/#primaryimage"},"thumbnailUrl":"https:\/\/www.copealcoy.es\/wp-content\/uploads\/2025\/06\/unnamed-1-14-scaled-e1751191770620.jpg","keywords":["50 aniversario Publicaci\u00f3 Infantil","Cocentaina","Fiestas","Moros Y Cristianos","Publicaci\u00f3","San Hip\u00f3lito M\u00e1rtir"],"articleSection":["Actualidad","Comarcas","Noticias","Portada"],"inLanguage":"es"},{"@type":"WebPage","@id":"https:\/\/www.copealcoy.es\/es\/una-calurosa-publicacio-marcada-por-las-efemerides-anuncia-la-festa-de-cocentaina\/","url":"https:\/\/www.copealcoy.es\/es\/una-calurosa-publicacio-marcada-por-las-efemerides-anuncia-la-festa-de-cocentaina\/","name":"Una calurosa Publicaci\u00f3 marcada por las efem\u00e9rides anuncia la Festa de Cocentaina - COPE Alcoy","isPartOf":{"@id":"https:\/\/www.copealcoy.es\/es\/#website"},"primaryImageOfPage":{"@id":"https:\/\/www.copealcoy.es\/es\/una-calurosa-publicacio-marcada-por-las-efemerides-anuncia-la-festa-de-cocentaina\/#primaryimage"},"image":{"@id":"https:\/\/www.copealcoy.es\/es\/una-calurosa-publicacio-marcada-por-las-efemerides-anuncia-la-festa-de-cocentaina\/#primaryimage"},"thumbnailUrl":"https:\/\/www.copealcoy.es\/wp-content\/uploads\/2025\/06\/unnamed-1-14-scaled-e1751191770620.jpg","datePublished":"2025-06-29T10:05:40+00:00","dateModified":"2025-06-29T10:09:39+00:00","author":{"@id":"https:\/\/www.copealcoy.es\/es\/#\/schema\/person\/e777c87fa024e57d40170af9df39882c"},"description":"Una calurosa Publicaci\u00f3 llena de efem\u00e9rides anuncia la Festa de Cocentaina","breadcrumb":{"@id":"https:\/\/www.copealcoy.es\/es\/una-calurosa-publicacio-marcada-por-las-efemerides-anuncia-la-festa-de-cocentaina\/#breadcrumb"},"inLanguage":"es","potentialAction":[{"@type":"ReadAction","target":["https:\/\/www.copealcoy.es\/es\/una-calurosa-publicacio-marcada-por-las-efemerides-anuncia-la-festa-de-cocentaina\/"]}]},{"@type":"ImageObject","inLanguage":"es","@id":"https:\/\/www.copealcoy.es\/es\/una-calurosa-publicacio-marcada-por-las-efemerides-anuncia-la-festa-de-cocentaina\/#primaryimage","url":"https:\/\/www.copealcoy.es\/wp-content\/uploads\/2025\/06\/unnamed-1-14-scaled-e1751191770620.jpg","contentUrl":"https:\/\/www.copealcoy.es\/wp-content\/uploads\/2025\/06\/unnamed-1-14-scaled-e1751191770620.jpg","width":800,"height":470},{"@type":"BreadcrumbList","@id":"https:\/\/www.copealcoy.es\/es\/una-calurosa-publicacio-marcada-por-las-efemerides-anuncia-la-festa-de-cocentaina\/#breadcrumb","itemListElement":[{"@type":"ListItem","position":1,"name":"Portada","item":"https:\/\/www.copealcoy.es\/es\/"},{"@type":"ListItem","position":2,"name":"Una calurosa Publicaci\u00f3 marcada por las efem\u00e9rides anuncia la Festa de Cocentaina"}]},{"@type":"WebSite","@id":"https:\/\/www.copealcoy.es\/es\/#website","url":"https:\/\/www.copealcoy.es\/es\/","name":"COPE Alcoy","description":"Emisora COPE de radio local con emisi\u00f3n online. Pont de Sant Jordi 8-10 03803 Alcoy","potentialAction":[{"@type":"SearchAction","target":{"@type":"EntryPoint","urlTemplate":"https:\/\/www.copealcoy.es\/es\/?s={search_term_string}"},"query-input":{"@type":"PropertyValueSpecification","valueRequired":true,"valueName":"search_term_string"}}],"inLanguage":"es"},{"@type":"Person","@id":"https:\/\/www.copealcoy.es\/es\/#\/schema\/person\/e777c87fa024e57d40170af9df39882c","name":"Cope Alcoy","image":{"@type":"ImageObject","inLanguage":"es","@id":"https:\/\/secure.gravatar.com\/avatar\/bb65d0283347e303893ba14f0692005417c1e0e690a325a4c5d8bb2b3943ee14?s=96&d=mm&r=g","url":"https:\/\/secure.gravatar.com\/avatar\/bb65d0283347e303893ba14f0692005417c1e0e690a325a4c5d8bb2b3943ee14?s=96&d=mm&r=g","contentUrl":"https:\/\/secure.gravatar.com\/avatar\/bb65d0283347e303893ba14f0692005417c1e0e690a325a4c5d8bb2b3943ee14?s=96&d=mm&r=g","caption":"Cope Alcoy"}}]}},"_links":{"self":[{"href":"https:\/\/www.copealcoy.es\/es\/wp-json\/wp\/v2\/posts\/154403","targetHints":{"allow":["GET"]}}],"collection":[{"href":"https:\/\/www.copealcoy.es\/es\/wp-json\/wp\/v2\/posts"}],"about":[{"href":"https:\/\/www.copealcoy.es\/es\/wp-json\/wp\/v2\/types\/post"}],"author":[{"embeddable":true,"href":"https:\/\/www.copealcoy.es\/es\/wp-json\/wp\/v2\/users\/1"}],"replies":[{"embeddable":true,"href":"https:\/\/www.copealcoy.es\/es\/wp-json\/wp\/v2\/comments?post=154403"}],"version-history":[{"count":3,"href":"https:\/\/www.copealcoy.es\/es\/wp-json\/wp\/v2\/posts\/154403\/revisions"}],"predecessor-version":[{"id":154431,"href":"https:\/\/www.copealcoy.es\/es\/wp-json\/wp\/v2\/posts\/154403\/revisions\/154431"}],"wp:featuredmedia":[{"embeddable":true,"href":"https:\/\/www.copealcoy.es\/es\/wp-json\/wp\/v2\/media\/154422"}],"wp:attachment":[{"href":"https:\/\/www.copealcoy.es\/es\/wp-json\/wp\/v2\/media?parent=154403"}],"wp:term":[{"taxonomy":"category","embeddable":true,"href":"https:\/\/www.copealcoy.es\/es\/wp-json\/wp\/v2\/categories?post=154403"},{"taxonomy":"post_tag","embeddable":true,"href":"https:\/\/www.copealcoy.es\/es\/wp-json\/wp\/v2\/tags?post=154403"}],"curies":[{"name":"wp","href":"https:\/\/api.w.org\/{rel}","templated":true}]}}