{"id":154322,"date":"2025-06-26T16:00:58","date_gmt":"2025-06-26T15:00:58","guid":{"rendered":"https:\/\/www.copealcoy.es\/?p=154322"},"modified":"2025-06-26T16:35:56","modified_gmt":"2025-06-26T15:35:56","slug":"la-osa-de-alcoy-despide-temporada-este-jueves-con-un-gran-concierto","status":"publish","type":"post","link":"https:\/\/www.copealcoy.es\/es\/la-osa-de-alcoy-despide-temporada-este-jueves-con-un-gran-concierto\/","title":{"rendered":"La OSA de Alcoy despide temporada este jueves con un gran concierto"},"content":{"rendered":"<p style=\"text-align: justify;\">La <a href=\"https:\/\/www.facebook.com\/OrquestaSinfonicaAlcoyana\/?locale=es_ES\" target=\"_blank\" rel=\"noopener\"><span style=\"color: #0000ff;\"><strong>Orquestra Simf\u00f2nica d&#8217;Alcoi (OSA)<\/strong><\/span><\/a> cierra en este jueves 26 de junio su temporada 2024\/2025 con <strong>un concierto<\/strong> que tendr\u00e1 lugar en el Teatre Calder\u00f3n de nuestra ciudad. La actuaci\u00f3n <strong>comenzar\u00e1 a las 19:30 horas<\/strong> y en la misma los m\u00fasicos estar\u00e1n bajo la batuta <strong>de Bernat Quetglas<\/strong>, quien desde hace meses est\u00e1 trabajando al frente de la misma orquesta tras haber asumido la direcci\u00f3n de la agrupaci\u00f3n.<\/p>\n<p style=\"text-align: justify;\">El programa previsto por la OSA <strong>incluye obras como &#8220;Scheherazade&#8221; de R. Korsakov y &#8220;Preludi de la migdiada d\u2019un faune&#8221; de Debussy<\/strong>. El propio director ha pasado este jueves por los micr\u00f3fonos de COPE ALCOY y ha asegurado que el concierto de hoy es una cita muy esperada &#8220;p<em>uesto que suponer cerrar un curso, que ha vuelto a ser intenso, antes de dar paso a las vacaciones para retomar con fuerza toda la actividad a partir de septiembre&#8221;<\/em>, ha aseverado Bernat Quetglas. Este \u00faltimo tambi\u00e9n ha destacado las caracter\u00edsticas que presenta el concierto y hablado de los retos que quiere afrontar la OSA en los pr\u00f3ximos meses de cara al inicio de la campa\u00f1a 2025-2026.<\/p>\n<audio class=\"wp-audio-shortcode\" id=\"audio-154322-1\" preload=\"none\" style=\"width: 100%;\" controls=\"controls\"><source type=\"audio\/mpeg\" src=\"https:\/\/www.copealcoy.es\/wp-content\/uploads\/2025\/06\/Entrevista-Bernat-Quetglas.mp3?_=1\" \/><a href=\"https:\/\/www.copealcoy.es\/wp-content\/uploads\/2025\/06\/Entrevista-Bernat-Quetglas.mp3\">https:\/\/www.copealcoy.es\/wp-content\/uploads\/2025\/06\/Entrevista-Bernat-Quetglas.mp3<\/a><\/audio>\n<p>&nbsp;<\/p>\n<p style=\"text-align: justify;\">Las entradas para la cita de hoy <strong>se pueden conseguir en TicketAlcoi.com y en la taquilla del Teatre Calder\u00f3n<\/strong>.\u00a0Por otro lado, el <strong>domingo 6 de julio,<\/strong> a las 12 horas en la sala \u00c0gora, la Jove Orquestra de la OSA ofrecer\u00e1 tambi\u00e9n un concierto para cerrar oficialmente su propia temporada musical.<\/p>\n","protected":false},"excerpt":{"rendered":"<p>La Orquestra Simf\u00f2nica d&#8217;Alcoi (OSA) cierra en este jueves 26 de junio su temporada 2024\/2025 con un concierto que tendr\u00e1&#8230;<\/p>\n","protected":false},"author":1,"featured_media":154323,"comment_status":"closed","ping_status":"closed","sticky":false,"template":"","format":"standard","meta":{"footnotes":""},"categories":[6909,97,78,75],"tags":[7109,1494,19735,701,19734],"class_list":["post-154322","post","type-post","status-publish","format-standard","has-post-thumbnail","hentry","category-actualidad","category-alcoy","category-fiestaycultura","category-noticias","tag-actuacion","tag-alcoy","tag-bernat-quetglas","tag-concierto","tag-osa"],"yoast_head":"<!-- This site is optimized with the Yoast SEO plugin v27.3 - https:\/\/yoast.com\/product\/yoast-seo-wordpress\/ -->\n<title>La OSA de Alcoy despide temporada este jueves con un gran concierto - COPE Alcoy<\/title>\n<meta name=\"description\" content=\"La OSA de Alcoy despide temporada este jueves con un gran concierto\" \/>\n<meta name=\"robots\" content=\"index, follow, max-snippet:-1, max-image-preview:large, max-video-preview:-1\" \/>\n<link rel=\"canonical\" href=\"https:\/\/www.copealcoy.es\/es\/la-osa-de-alcoy-despide-temporada-este-jueves-con-un-gran-concierto\/\" \/>\n<meta property=\"og:locale\" content=\"es_ES\" \/>\n<meta property=\"og:type\" content=\"article\" \/>\n<meta property=\"og:title\" content=\"La OSA de Alcoy despide temporada este jueves con un gran concierto - COPE Alcoy\" \/>\n<meta property=\"og:description\" content=\"La OSA de Alcoy despide temporada este jueves con un gran concierto\" \/>\n<meta property=\"og:url\" content=\"https:\/\/www.copealcoy.es\/es\/la-osa-de-alcoy-despide-temporada-este-jueves-con-un-gran-concierto\/\" \/>\n<meta property=\"og:site_name\" content=\"COPE Alcoy\" \/>\n<meta property=\"article:published_time\" content=\"2025-06-26T15:00:58+00:00\" \/>\n<meta property=\"article:modified_time\" content=\"2025-06-26T15:35:56+00:00\" \/>\n<meta property=\"og:image\" content=\"https:\/\/www.copealcoy.es\/wp-content\/uploads\/2025\/06\/unnamed-2-10.jpg\" \/>\n\t<meta property=\"og:image:width\" content=\"606\" \/>\n\t<meta property=\"og:image:height\" content=\"400\" \/>\n\t<meta property=\"og:image:type\" content=\"image\/jpeg\" \/>\n<meta name=\"author\" content=\"Cope Alcoy\" \/>\n<meta name=\"twitter:label1\" content=\"Escrito por\" \/>\n\t<meta name=\"twitter:data1\" content=\"Cope Alcoy\" \/>\n\t<meta name=\"twitter:label2\" content=\"Tiempo de lectura\" \/>\n\t<meta name=\"twitter:data2\" content=\"2 minutos\" \/>\n<script type=\"application\/ld+json\" class=\"yoast-schema-graph\">{\"@context\":\"https:\\\/\\\/schema.org\",\"@graph\":[{\"@type\":\"Article\",\"@id\":\"https:\\\/\\\/www.copealcoy.es\\\/es\\\/la-osa-de-alcoy-despide-temporada-este-jueves-con-un-gran-concierto\\\/#article\",\"isPartOf\":{\"@id\":\"https:\\\/\\\/www.copealcoy.es\\\/es\\\/la-osa-de-alcoy-despide-temporada-este-jueves-con-un-gran-concierto\\\/\"},\"author\":{\"name\":\"Cope Alcoy\",\"@id\":\"https:\\\/\\\/www.copealcoy.es\\\/es\\\/#\\\/schema\\\/person\\\/e777c87fa024e57d40170af9df39882c\"},\"headline\":\"La OSA de Alcoy despide temporada este jueves con un gran concierto\",\"datePublished\":\"2025-06-26T15:00:58+00:00\",\"dateModified\":\"2025-06-26T15:35:56+00:00\",\"mainEntityOfPage\":{\"@id\":\"https:\\\/\\\/www.copealcoy.es\\\/es\\\/la-osa-de-alcoy-despide-temporada-este-jueves-con-un-gran-concierto\\\/\"},\"wordCount\":271,\"image\":{\"@id\":\"https:\\\/\\\/www.copealcoy.es\\\/es\\\/la-osa-de-alcoy-despide-temporada-este-jueves-con-un-gran-concierto\\\/#primaryimage\"},\"thumbnailUrl\":\"https:\\\/\\\/www.copealcoy.es\\\/wp-content\\\/uploads\\\/2025\\\/06\\\/unnamed-2-10.jpg\",\"keywords\":[\"actuaci\u00f3n\",\"Alcoy\",\"Bernat Quetglas\",\"Concierto\",\"OSA\"],\"articleSection\":[\"Actualidad\",\"Alcoy\",\"Fiesta y Cultura\",\"Noticias\"],\"inLanguage\":\"es\"},{\"@type\":\"WebPage\",\"@id\":\"https:\\\/\\\/www.copealcoy.es\\\/es\\\/la-osa-de-alcoy-despide-temporada-este-jueves-con-un-gran-concierto\\\/\",\"url\":\"https:\\\/\\\/www.copealcoy.es\\\/es\\\/la-osa-de-alcoy-despide-temporada-este-jueves-con-un-gran-concierto\\\/\",\"name\":\"La OSA de Alcoy despide temporada este jueves con un gran concierto - COPE Alcoy\",\"isPartOf\":{\"@id\":\"https:\\\/\\\/www.copealcoy.es\\\/es\\\/#website\"},\"primaryImageOfPage\":{\"@id\":\"https:\\\/\\\/www.copealcoy.es\\\/es\\\/la-osa-de-alcoy-despide-temporada-este-jueves-con-un-gran-concierto\\\/#primaryimage\"},\"image\":{\"@id\":\"https:\\\/\\\/www.copealcoy.es\\\/es\\\/la-osa-de-alcoy-despide-temporada-este-jueves-con-un-gran-concierto\\\/#primaryimage\"},\"thumbnailUrl\":\"https:\\\/\\\/www.copealcoy.es\\\/wp-content\\\/uploads\\\/2025\\\/06\\\/unnamed-2-10.jpg\",\"datePublished\":\"2025-06-26T15:00:58+00:00\",\"dateModified\":\"2025-06-26T15:35:56+00:00\",\"author\":{\"@id\":\"https:\\\/\\\/www.copealcoy.es\\\/es\\\/#\\\/schema\\\/person\\\/e777c87fa024e57d40170af9df39882c\"},\"description\":\"La OSA de Alcoy despide temporada este jueves con un gran concierto\",\"breadcrumb\":{\"@id\":\"https:\\\/\\\/www.copealcoy.es\\\/es\\\/la-osa-de-alcoy-despide-temporada-este-jueves-con-un-gran-concierto\\\/#breadcrumb\"},\"inLanguage\":\"es\",\"potentialAction\":[{\"@type\":\"ReadAction\",\"target\":[\"https:\\\/\\\/www.copealcoy.es\\\/es\\\/la-osa-de-alcoy-despide-temporada-este-jueves-con-un-gran-concierto\\\/\"]}]},{\"@type\":\"ImageObject\",\"inLanguage\":\"es\",\"@id\":\"https:\\\/\\\/www.copealcoy.es\\\/es\\\/la-osa-de-alcoy-despide-temporada-este-jueves-con-un-gran-concierto\\\/#primaryimage\",\"url\":\"https:\\\/\\\/www.copealcoy.es\\\/wp-content\\\/uploads\\\/2025\\\/06\\\/unnamed-2-10.jpg\",\"contentUrl\":\"https:\\\/\\\/www.copealcoy.es\\\/wp-content\\\/uploads\\\/2025\\\/06\\\/unnamed-2-10.jpg\",\"width\":606,\"height\":400},{\"@type\":\"BreadcrumbList\",\"@id\":\"https:\\\/\\\/www.copealcoy.es\\\/es\\\/la-osa-de-alcoy-despide-temporada-este-jueves-con-un-gran-concierto\\\/#breadcrumb\",\"itemListElement\":[{\"@type\":\"ListItem\",\"position\":1,\"name\":\"Portada\",\"item\":\"https:\\\/\\\/www.copealcoy.es\\\/es\\\/\"},{\"@type\":\"ListItem\",\"position\":2,\"name\":\"La OSA de Alcoy despide temporada este jueves con un gran concierto\"}]},{\"@type\":\"WebSite\",\"@id\":\"https:\\\/\\\/www.copealcoy.es\\\/es\\\/#website\",\"url\":\"https:\\\/\\\/www.copealcoy.es\\\/es\\\/\",\"name\":\"COPE Alcoy\",\"description\":\"Emisora COPE de radio local con emisi\u00f3n online. Pont de Sant Jordi 8-10 03803 Alcoy\",\"potentialAction\":[{\"@type\":\"SearchAction\",\"target\":{\"@type\":\"EntryPoint\",\"urlTemplate\":\"https:\\\/\\\/www.copealcoy.es\\\/es\\\/?s={search_term_string}\"},\"query-input\":{\"@type\":\"PropertyValueSpecification\",\"valueRequired\":true,\"valueName\":\"search_term_string\"}}],\"inLanguage\":\"es\"},{\"@type\":\"Person\",\"@id\":\"https:\\\/\\\/www.copealcoy.es\\\/es\\\/#\\\/schema\\\/person\\\/e777c87fa024e57d40170af9df39882c\",\"name\":\"Cope Alcoy\",\"image\":{\"@type\":\"ImageObject\",\"inLanguage\":\"es\",\"@id\":\"https:\\\/\\\/secure.gravatar.com\\\/avatar\\\/bb65d0283347e303893ba14f0692005417c1e0e690a325a4c5d8bb2b3943ee14?s=96&d=mm&r=g\",\"url\":\"https:\\\/\\\/secure.gravatar.com\\\/avatar\\\/bb65d0283347e303893ba14f0692005417c1e0e690a325a4c5d8bb2b3943ee14?s=96&d=mm&r=g\",\"contentUrl\":\"https:\\\/\\\/secure.gravatar.com\\\/avatar\\\/bb65d0283347e303893ba14f0692005417c1e0e690a325a4c5d8bb2b3943ee14?s=96&d=mm&r=g\",\"caption\":\"Cope Alcoy\"}}]}<\/script>\n<!-- \/ Yoast SEO plugin. -->","yoast_head_json":{"title":"La OSA de Alcoy despide temporada este jueves con un gran concierto - COPE Alcoy","description":"La OSA de Alcoy despide temporada este jueves con un gran concierto","robots":{"index":"index","follow":"follow","max-snippet":"max-snippet:-1","max-image-preview":"max-image-preview:large","max-video-preview":"max-video-preview:-1"},"canonical":"https:\/\/www.copealcoy.es\/es\/la-osa-de-alcoy-despide-temporada-este-jueves-con-un-gran-concierto\/","og_locale":"es_ES","og_type":"article","og_title":"La OSA de Alcoy despide temporada este jueves con un gran concierto - COPE Alcoy","og_description":"La OSA de Alcoy despide temporada este jueves con un gran concierto","og_url":"https:\/\/www.copealcoy.es\/es\/la-osa-de-alcoy-despide-temporada-este-jueves-con-un-gran-concierto\/","og_site_name":"COPE Alcoy","article_published_time":"2025-06-26T15:00:58+00:00","article_modified_time":"2025-06-26T15:35:56+00:00","og_image":[{"width":606,"height":400,"url":"https:\/\/www.copealcoy.es\/wp-content\/uploads\/2025\/06\/unnamed-2-10.jpg","type":"image\/jpeg"}],"author":"Cope Alcoy","twitter_misc":{"Escrito por":"Cope Alcoy","Tiempo de lectura":"2 minutos"},"schema":{"@context":"https:\/\/schema.org","@graph":[{"@type":"Article","@id":"https:\/\/www.copealcoy.es\/es\/la-osa-de-alcoy-despide-temporada-este-jueves-con-un-gran-concierto\/#article","isPartOf":{"@id":"https:\/\/www.copealcoy.es\/es\/la-osa-de-alcoy-despide-temporada-este-jueves-con-un-gran-concierto\/"},"author":{"name":"Cope Alcoy","@id":"https:\/\/www.copealcoy.es\/es\/#\/schema\/person\/e777c87fa024e57d40170af9df39882c"},"headline":"La OSA de Alcoy despide temporada este jueves con un gran concierto","datePublished":"2025-06-26T15:00:58+00:00","dateModified":"2025-06-26T15:35:56+00:00","mainEntityOfPage":{"@id":"https:\/\/www.copealcoy.es\/es\/la-osa-de-alcoy-despide-temporada-este-jueves-con-un-gran-concierto\/"},"wordCount":271,"image":{"@id":"https:\/\/www.copealcoy.es\/es\/la-osa-de-alcoy-despide-temporada-este-jueves-con-un-gran-concierto\/#primaryimage"},"thumbnailUrl":"https:\/\/www.copealcoy.es\/wp-content\/uploads\/2025\/06\/unnamed-2-10.jpg","keywords":["actuaci\u00f3n","Alcoy","Bernat Quetglas","Concierto","OSA"],"articleSection":["Actualidad","Alcoy","Fiesta y Cultura","Noticias"],"inLanguage":"es"},{"@type":"WebPage","@id":"https:\/\/www.copealcoy.es\/es\/la-osa-de-alcoy-despide-temporada-este-jueves-con-un-gran-concierto\/","url":"https:\/\/www.copealcoy.es\/es\/la-osa-de-alcoy-despide-temporada-este-jueves-con-un-gran-concierto\/","name":"La OSA de Alcoy despide temporada este jueves con un gran concierto - COPE Alcoy","isPartOf":{"@id":"https:\/\/www.copealcoy.es\/es\/#website"},"primaryImageOfPage":{"@id":"https:\/\/www.copealcoy.es\/es\/la-osa-de-alcoy-despide-temporada-este-jueves-con-un-gran-concierto\/#primaryimage"},"image":{"@id":"https:\/\/www.copealcoy.es\/es\/la-osa-de-alcoy-despide-temporada-este-jueves-con-un-gran-concierto\/#primaryimage"},"thumbnailUrl":"https:\/\/www.copealcoy.es\/wp-content\/uploads\/2025\/06\/unnamed-2-10.jpg","datePublished":"2025-06-26T15:00:58+00:00","dateModified":"2025-06-26T15:35:56+00:00","author":{"@id":"https:\/\/www.copealcoy.es\/es\/#\/schema\/person\/e777c87fa024e57d40170af9df39882c"},"description":"La OSA de Alcoy despide temporada este jueves con un gran concierto","breadcrumb":{"@id":"https:\/\/www.copealcoy.es\/es\/la-osa-de-alcoy-despide-temporada-este-jueves-con-un-gran-concierto\/#breadcrumb"},"inLanguage":"es","potentialAction":[{"@type":"ReadAction","target":["https:\/\/www.copealcoy.es\/es\/la-osa-de-alcoy-despide-temporada-este-jueves-con-un-gran-concierto\/"]}]},{"@type":"ImageObject","inLanguage":"es","@id":"https:\/\/www.copealcoy.es\/es\/la-osa-de-alcoy-despide-temporada-este-jueves-con-un-gran-concierto\/#primaryimage","url":"https:\/\/www.copealcoy.es\/wp-content\/uploads\/2025\/06\/unnamed-2-10.jpg","contentUrl":"https:\/\/www.copealcoy.es\/wp-content\/uploads\/2025\/06\/unnamed-2-10.jpg","width":606,"height":400},{"@type":"BreadcrumbList","@id":"https:\/\/www.copealcoy.es\/es\/la-osa-de-alcoy-despide-temporada-este-jueves-con-un-gran-concierto\/#breadcrumb","itemListElement":[{"@type":"ListItem","position":1,"name":"Portada","item":"https:\/\/www.copealcoy.es\/es\/"},{"@type":"ListItem","position":2,"name":"La OSA de Alcoy despide temporada este jueves con un gran concierto"}]},{"@type":"WebSite","@id":"https:\/\/www.copealcoy.es\/es\/#website","url":"https:\/\/www.copealcoy.es\/es\/","name":"COPE Alcoy","description":"Emisora COPE de radio local con emisi\u00f3n online. Pont de Sant Jordi 8-10 03803 Alcoy","potentialAction":[{"@type":"SearchAction","target":{"@type":"EntryPoint","urlTemplate":"https:\/\/www.copealcoy.es\/es\/?s={search_term_string}"},"query-input":{"@type":"PropertyValueSpecification","valueRequired":true,"valueName":"search_term_string"}}],"inLanguage":"es"},{"@type":"Person","@id":"https:\/\/www.copealcoy.es\/es\/#\/schema\/person\/e777c87fa024e57d40170af9df39882c","name":"Cope Alcoy","image":{"@type":"ImageObject","inLanguage":"es","@id":"https:\/\/secure.gravatar.com\/avatar\/bb65d0283347e303893ba14f0692005417c1e0e690a325a4c5d8bb2b3943ee14?s=96&d=mm&r=g","url":"https:\/\/secure.gravatar.com\/avatar\/bb65d0283347e303893ba14f0692005417c1e0e690a325a4c5d8bb2b3943ee14?s=96&d=mm&r=g","contentUrl":"https:\/\/secure.gravatar.com\/avatar\/bb65d0283347e303893ba14f0692005417c1e0e690a325a4c5d8bb2b3943ee14?s=96&d=mm&r=g","caption":"Cope Alcoy"}}]}},"_links":{"self":[{"href":"https:\/\/www.copealcoy.es\/es\/wp-json\/wp\/v2\/posts\/154322","targetHints":{"allow":["GET"]}}],"collection":[{"href":"https:\/\/www.copealcoy.es\/es\/wp-json\/wp\/v2\/posts"}],"about":[{"href":"https:\/\/www.copealcoy.es\/es\/wp-json\/wp\/v2\/types\/post"}],"author":[{"embeddable":true,"href":"https:\/\/www.copealcoy.es\/es\/wp-json\/wp\/v2\/users\/1"}],"replies":[{"embeddable":true,"href":"https:\/\/www.copealcoy.es\/es\/wp-json\/wp\/v2\/comments?post=154322"}],"version-history":[{"count":4,"href":"https:\/\/www.copealcoy.es\/es\/wp-json\/wp\/v2\/posts\/154322\/revisions"}],"predecessor-version":[{"id":154332,"href":"https:\/\/www.copealcoy.es\/es\/wp-json\/wp\/v2\/posts\/154322\/revisions\/154332"}],"wp:featuredmedia":[{"embeddable":true,"href":"https:\/\/www.copealcoy.es\/es\/wp-json\/wp\/v2\/media\/154323"}],"wp:attachment":[{"href":"https:\/\/www.copealcoy.es\/es\/wp-json\/wp\/v2\/media?parent=154322"}],"wp:term":[{"taxonomy":"category","embeddable":true,"href":"https:\/\/www.copealcoy.es\/es\/wp-json\/wp\/v2\/categories?post=154322"},{"taxonomy":"post_tag","embeddable":true,"href":"https:\/\/www.copealcoy.es\/es\/wp-json\/wp\/v2\/tags?post=154322"}],"curies":[{"name":"wp","href":"https:\/\/api.w.org\/{rel}","templated":true}]}}