{"id":15425,"date":"2015-09-02T19:40:38","date_gmt":"2015-09-02T19:40:38","guid":{"rendered":"http:\/\/copealcoi.es\/new\/?p=15425"},"modified":"2015-09-02T21:19:40","modified_gmt":"2015-09-02T21:19:40","slug":"frances-las-decisiones-sobre-alcoinnova-se-tomaran-cuando-se-resuelvan-los-recursos-presentados","status":"publish","type":"post","link":"https:\/\/www.copealcoy.es\/es\/frances-las-decisiones-sobre-alcoinnova-se-tomaran-cuando-se-resuelvan-los-recursos-presentados\/","title":{"rendered":"Franc\u00e9s: &#8220;las decisiones sobre Alcoinnova se tomar\u00e1n cuando se resuelvan los recursos presentados&#8221;"},"content":{"rendered":"<p style=\"text-align: justify;\">El TSJ resolver\u00e1 entre finales de septiembre y principios del mes de octubre los recursos judiciales que en su d\u00eda interpuso el Ayuntamiento de Alcoy contra la ubicaci\u00f3n del proyecto Alcoinnova en La Canal as\u00ed como para reclamar capacidad de decisi\u00f3n en la Actuaci\u00f3n Territorial Estrat\u00e9gica impulsada desde el Consell. As\u00ed lo asegur\u00f3 ayer martes el alcalde, Antonio Franc\u00e9s, en La Ma\u00f1ana de Cope Alcoy donde insisti\u00f3 en la necesidad de disponer de seguridad jur\u00eddica antes de desarrollar una iniciativa empresarial de estas caracter\u00edsticas &#8220;sobre todo el empresario debe de contar con plenas garant\u00edas ante de iniciar un proyecto con estas dimensiones para evitar despu\u00e9s males mayores&#8221;, destaca.<\/p>\n<p style=\"text-align: justify;\">Franc\u00e9s insisti\u00f3 en que la ATE aprobada por al anterior ejecutivo auton\u00f3mico del Partido Popular sigue su curso a la espera de las citadas resoluciones judiciales. Ante esto el primer edil a\u00f1ade que a partir de octubre, una vez se pronuncie el TSJ, se tomar\u00e1n las oportunas decisiones sobre el proyecto &#8220;hasta el momento hay que seguir la tramitaci\u00f3n que est\u00e1n llevando cabo las diferentes Conseller\u00edas y en el instante\u00a0en el que se resuelvan los contenciosos abordaremos diferentes cuestiones entre ellas esa reuni\u00f3n junto al empresario y el presidente de la Generalitat&#8221;, puntualiza.<\/p>\n<p style=\"text-align: justify;\">Por \u00faltimo el primer edil apostill\u00f3 que los esfuerzos de todas las partes implicadas en el proyecto van en la misma direcci\u00f3n &#8220;conseguir que Alcoinnova se quede en la ciudad&#8221;, concluye.<\/p>\n","protected":false},"excerpt":{"rendered":"<p>El TSJ resolver\u00e1 entre finales de septiembre y principios del mes de octubre los recursos judiciales que en su d\u00eda&#8230;<\/p>\n","protected":false},"author":1,"featured_media":9340,"comment_status":"open","ping_status":"open","sticky":false,"template":"","format":"standard","meta":{"footnotes":""},"categories":[97,75,79,125],"tags":[478,1494,390,394,422],"class_list":["post-15425","post","type-post","status-publish","format-standard","has-post-thumbnail","hentry","category-alcoy","category-noticias","category-politicayeconomia","category-portada","tag-alcoinnova","tag-alcoy","tag-economia","tag-empleo","tag-politica"],"yoast_head":"<!-- This site is optimized with the Yoast SEO plugin v27.3 - https:\/\/yoast.com\/product\/yoast-seo-wordpress\/ -->\n<title>Franc\u00e9s: &quot;las decisiones sobre Alcoinnova se tomar\u00e1n cuando se resuelvan los recursos presentados&quot; - COPE Alcoy<\/title>\n<meta name=\"robots\" content=\"index, follow, max-snippet:-1, max-image-preview:large, max-video-preview:-1\" \/>\n<link rel=\"canonical\" href=\"https:\/\/www.copealcoy.es\/es\/frances-las-decisiones-sobre-alcoinnova-se-tomaran-cuando-se-resuelvan-los-recursos-presentados\/\" \/>\n<meta property=\"og:locale\" content=\"es_ES\" \/>\n<meta property=\"og:type\" content=\"article\" \/>\n<meta property=\"og:title\" content=\"Franc\u00e9s: &quot;las decisiones sobre Alcoinnova se tomar\u00e1n cuando se resuelvan los recursos presentados&quot; - COPE Alcoy\" \/>\n<meta property=\"og:description\" content=\"El TSJ resolver\u00e1 entre finales de septiembre y principios del mes de octubre los recursos judiciales que en su d\u00eda...\" \/>\n<meta property=\"og:url\" content=\"https:\/\/www.copealcoy.es\/es\/frances-las-decisiones-sobre-alcoinnova-se-tomaran-cuando-se-resuelvan-los-recursos-presentados\/\" \/>\n<meta property=\"og:site_name\" content=\"COPE Alcoy\" \/>\n<meta property=\"article:published_time\" content=\"2015-09-02T19:40:38+00:00\" \/>\n<meta property=\"article:modified_time\" content=\"2015-09-02T21:19:40+00:00\" \/>\n<meta property=\"og:image\" content=\"https:\/\/www.copealcoy.es\/wp-content\/uploads\/2014\/12\/image142.jpg\" \/>\n\t<meta property=\"og:image:width\" content=\"3960\" \/>\n\t<meta property=\"og:image:height\" content=\"2465\" \/>\n\t<meta property=\"og:image:type\" content=\"image\/jpeg\" \/>\n<meta name=\"author\" content=\"Cope Alcoy\" \/>\n<meta name=\"twitter:label1\" content=\"Escrito por\" \/>\n\t<meta name=\"twitter:data1\" content=\"Cope Alcoy\" \/>\n\t<meta name=\"twitter:label2\" content=\"Tiempo de lectura\" \/>\n\t<meta name=\"twitter:data2\" content=\"1 minuto\" \/>\n<script type=\"application\/ld+json\" class=\"yoast-schema-graph\">{\"@context\":\"https:\\\/\\\/schema.org\",\"@graph\":[{\"@type\":\"Article\",\"@id\":\"https:\\\/\\\/www.copealcoy.es\\\/es\\\/frances-las-decisiones-sobre-alcoinnova-se-tomaran-cuando-se-resuelvan-los-recursos-presentados\\\/#article\",\"isPartOf\":{\"@id\":\"https:\\\/\\\/www.copealcoy.es\\\/es\\\/frances-las-decisiones-sobre-alcoinnova-se-tomaran-cuando-se-resuelvan-los-recursos-presentados\\\/\"},\"author\":{\"name\":\"Cope Alcoy\",\"@id\":\"https:\\\/\\\/www.copealcoy.es\\\/es\\\/#\\\/schema\\\/person\\\/e777c87fa024e57d40170af9df39882c\"},\"headline\":\"Franc\u00e9s: &#8220;las decisiones sobre Alcoinnova se tomar\u00e1n cuando se resuelvan los recursos presentados&#8221;\",\"datePublished\":\"2015-09-02T19:40:38+00:00\",\"dateModified\":\"2015-09-02T21:19:40+00:00\",\"mainEntityOfPage\":{\"@id\":\"https:\\\/\\\/www.copealcoy.es\\\/es\\\/frances-las-decisiones-sobre-alcoinnova-se-tomaran-cuando-se-resuelvan-los-recursos-presentados\\\/\"},\"wordCount\":268,\"commentCount\":0,\"image\":{\"@id\":\"https:\\\/\\\/www.copealcoy.es\\\/es\\\/frances-las-decisiones-sobre-alcoinnova-se-tomaran-cuando-se-resuelvan-los-recursos-presentados\\\/#primaryimage\"},\"thumbnailUrl\":\"https:\\\/\\\/www.copealcoy.es\\\/wp-content\\\/uploads\\\/2014\\\/12\\\/image142.jpg\",\"keywords\":[\"Alcoinnova\",\"Alcoy\",\"Econom\u00eda\",\"Empleo\",\"Pol\u00edtica\"],\"articleSection\":[\"Alcoy\",\"Noticias\",\"Pol\u00edtica y Econom\u00eda\",\"Portada\"],\"inLanguage\":\"es\"},{\"@type\":\"WebPage\",\"@id\":\"https:\\\/\\\/www.copealcoy.es\\\/es\\\/frances-las-decisiones-sobre-alcoinnova-se-tomaran-cuando-se-resuelvan-los-recursos-presentados\\\/\",\"url\":\"https:\\\/\\\/www.copealcoy.es\\\/es\\\/frances-las-decisiones-sobre-alcoinnova-se-tomaran-cuando-se-resuelvan-los-recursos-presentados\\\/\",\"name\":\"Franc\u00e9s: \\\"las decisiones sobre Alcoinnova se tomar\u00e1n cuando se resuelvan los recursos presentados\\\" - COPE Alcoy\",\"isPartOf\":{\"@id\":\"https:\\\/\\\/www.copealcoy.es\\\/es\\\/#website\"},\"primaryImageOfPage\":{\"@id\":\"https:\\\/\\\/www.copealcoy.es\\\/es\\\/frances-las-decisiones-sobre-alcoinnova-se-tomaran-cuando-se-resuelvan-los-recursos-presentados\\\/#primaryimage\"},\"image\":{\"@id\":\"https:\\\/\\\/www.copealcoy.es\\\/es\\\/frances-las-decisiones-sobre-alcoinnova-se-tomaran-cuando-se-resuelvan-los-recursos-presentados\\\/#primaryimage\"},\"thumbnailUrl\":\"https:\\\/\\\/www.copealcoy.es\\\/wp-content\\\/uploads\\\/2014\\\/12\\\/image142.jpg\",\"datePublished\":\"2015-09-02T19:40:38+00:00\",\"dateModified\":\"2015-09-02T21:19:40+00:00\",\"author\":{\"@id\":\"https:\\\/\\\/www.copealcoy.es\\\/es\\\/#\\\/schema\\\/person\\\/e777c87fa024e57d40170af9df39882c\"},\"breadcrumb\":{\"@id\":\"https:\\\/\\\/www.copealcoy.es\\\/es\\\/frances-las-decisiones-sobre-alcoinnova-se-tomaran-cuando-se-resuelvan-los-recursos-presentados\\\/#breadcrumb\"},\"inLanguage\":\"es\",\"potentialAction\":[{\"@type\":\"ReadAction\",\"target\":[\"https:\\\/\\\/www.copealcoy.es\\\/es\\\/frances-las-decisiones-sobre-alcoinnova-se-tomaran-cuando-se-resuelvan-los-recursos-presentados\\\/\"]}]},{\"@type\":\"ImageObject\",\"inLanguage\":\"es\",\"@id\":\"https:\\\/\\\/www.copealcoy.es\\\/es\\\/frances-las-decisiones-sobre-alcoinnova-se-tomaran-cuando-se-resuelvan-los-recursos-presentados\\\/#primaryimage\",\"url\":\"https:\\\/\\\/www.copealcoy.es\\\/wp-content\\\/uploads\\\/2014\\\/12\\\/image142.jpg\",\"contentUrl\":\"https:\\\/\\\/www.copealcoy.es\\\/wp-content\\\/uploads\\\/2014\\\/12\\\/image142.jpg\",\"width\":1735,\"height\":1080,\"caption\":\"\u00c1rea del parque empresarial Alcoinnova\"},{\"@type\":\"BreadcrumbList\",\"@id\":\"https:\\\/\\\/www.copealcoy.es\\\/es\\\/frances-las-decisiones-sobre-alcoinnova-se-tomaran-cuando-se-resuelvan-los-recursos-presentados\\\/#breadcrumb\",\"itemListElement\":[{\"@type\":\"ListItem\",\"position\":1,\"name\":\"Portada\",\"item\":\"https:\\\/\\\/www.copealcoy.es\\\/es\\\/\"},{\"@type\":\"ListItem\",\"position\":2,\"name\":\"Franc\u00e9s: &#8220;las decisiones sobre Alcoinnova se tomar\u00e1n cuando se resuelvan los recursos presentados&#8221;\"}]},{\"@type\":\"WebSite\",\"@id\":\"https:\\\/\\\/www.copealcoy.es\\\/es\\\/#website\",\"url\":\"https:\\\/\\\/www.copealcoy.es\\\/es\\\/\",\"name\":\"COPE Alcoy\",\"description\":\"Emisora COPE de radio local con emisi\u00f3n online. Pont de Sant Jordi 8-10 03803 Alcoy\",\"potentialAction\":[{\"@type\":\"SearchAction\",\"target\":{\"@type\":\"EntryPoint\",\"urlTemplate\":\"https:\\\/\\\/www.copealcoy.es\\\/es\\\/?s={search_term_string}\"},\"query-input\":{\"@type\":\"PropertyValueSpecification\",\"valueRequired\":true,\"valueName\":\"search_term_string\"}}],\"inLanguage\":\"es\"},{\"@type\":\"Person\",\"@id\":\"https:\\\/\\\/www.copealcoy.es\\\/es\\\/#\\\/schema\\\/person\\\/e777c87fa024e57d40170af9df39882c\",\"name\":\"Cope Alcoy\",\"image\":{\"@type\":\"ImageObject\",\"inLanguage\":\"es\",\"@id\":\"https:\\\/\\\/secure.gravatar.com\\\/avatar\\\/bb65d0283347e303893ba14f0692005417c1e0e690a325a4c5d8bb2b3943ee14?s=96&d=mm&r=g\",\"url\":\"https:\\\/\\\/secure.gravatar.com\\\/avatar\\\/bb65d0283347e303893ba14f0692005417c1e0e690a325a4c5d8bb2b3943ee14?s=96&d=mm&r=g\",\"contentUrl\":\"https:\\\/\\\/secure.gravatar.com\\\/avatar\\\/bb65d0283347e303893ba14f0692005417c1e0e690a325a4c5d8bb2b3943ee14?s=96&d=mm&r=g\",\"caption\":\"Cope Alcoy\"}}]}<\/script>\n<!-- \/ Yoast SEO plugin. -->","yoast_head_json":{"title":"Franc\u00e9s: \"las decisiones sobre Alcoinnova se tomar\u00e1n cuando se resuelvan los recursos presentados\" - COPE Alcoy","robots":{"index":"index","follow":"follow","max-snippet":"max-snippet:-1","max-image-preview":"max-image-preview:large","max-video-preview":"max-video-preview:-1"},"canonical":"https:\/\/www.copealcoy.es\/es\/frances-las-decisiones-sobre-alcoinnova-se-tomaran-cuando-se-resuelvan-los-recursos-presentados\/","og_locale":"es_ES","og_type":"article","og_title":"Franc\u00e9s: \"las decisiones sobre Alcoinnova se tomar\u00e1n cuando se resuelvan los recursos presentados\" - COPE Alcoy","og_description":"El TSJ resolver\u00e1 entre finales de septiembre y principios del mes de octubre los recursos judiciales que en su d\u00eda...","og_url":"https:\/\/www.copealcoy.es\/es\/frances-las-decisiones-sobre-alcoinnova-se-tomaran-cuando-se-resuelvan-los-recursos-presentados\/","og_site_name":"COPE Alcoy","article_published_time":"2015-09-02T19:40:38+00:00","article_modified_time":"2015-09-02T21:19:40+00:00","og_image":[{"width":3960,"height":2465,"url":"https:\/\/www.copealcoy.es\/wp-content\/uploads\/2014\/12\/image142.jpg","type":"image\/jpeg"}],"author":"Cope Alcoy","twitter_misc":{"Escrito por":"Cope Alcoy","Tiempo de lectura":"1 minuto"},"schema":{"@context":"https:\/\/schema.org","@graph":[{"@type":"Article","@id":"https:\/\/www.copealcoy.es\/es\/frances-las-decisiones-sobre-alcoinnova-se-tomaran-cuando-se-resuelvan-los-recursos-presentados\/#article","isPartOf":{"@id":"https:\/\/www.copealcoy.es\/es\/frances-las-decisiones-sobre-alcoinnova-se-tomaran-cuando-se-resuelvan-los-recursos-presentados\/"},"author":{"name":"Cope Alcoy","@id":"https:\/\/www.copealcoy.es\/es\/#\/schema\/person\/e777c87fa024e57d40170af9df39882c"},"headline":"Franc\u00e9s: &#8220;las decisiones sobre Alcoinnova se tomar\u00e1n cuando se resuelvan los recursos presentados&#8221;","datePublished":"2015-09-02T19:40:38+00:00","dateModified":"2015-09-02T21:19:40+00:00","mainEntityOfPage":{"@id":"https:\/\/www.copealcoy.es\/es\/frances-las-decisiones-sobre-alcoinnova-se-tomaran-cuando-se-resuelvan-los-recursos-presentados\/"},"wordCount":268,"commentCount":0,"image":{"@id":"https:\/\/www.copealcoy.es\/es\/frances-las-decisiones-sobre-alcoinnova-se-tomaran-cuando-se-resuelvan-los-recursos-presentados\/#primaryimage"},"thumbnailUrl":"https:\/\/www.copealcoy.es\/wp-content\/uploads\/2014\/12\/image142.jpg","keywords":["Alcoinnova","Alcoy","Econom\u00eda","Empleo","Pol\u00edtica"],"articleSection":["Alcoy","Noticias","Pol\u00edtica y Econom\u00eda","Portada"],"inLanguage":"es"},{"@type":"WebPage","@id":"https:\/\/www.copealcoy.es\/es\/frances-las-decisiones-sobre-alcoinnova-se-tomaran-cuando-se-resuelvan-los-recursos-presentados\/","url":"https:\/\/www.copealcoy.es\/es\/frances-las-decisiones-sobre-alcoinnova-se-tomaran-cuando-se-resuelvan-los-recursos-presentados\/","name":"Franc\u00e9s: \"las decisiones sobre Alcoinnova se tomar\u00e1n cuando se resuelvan los recursos presentados\" - COPE Alcoy","isPartOf":{"@id":"https:\/\/www.copealcoy.es\/es\/#website"},"primaryImageOfPage":{"@id":"https:\/\/www.copealcoy.es\/es\/frances-las-decisiones-sobre-alcoinnova-se-tomaran-cuando-se-resuelvan-los-recursos-presentados\/#primaryimage"},"image":{"@id":"https:\/\/www.copealcoy.es\/es\/frances-las-decisiones-sobre-alcoinnova-se-tomaran-cuando-se-resuelvan-los-recursos-presentados\/#primaryimage"},"thumbnailUrl":"https:\/\/www.copealcoy.es\/wp-content\/uploads\/2014\/12\/image142.jpg","datePublished":"2015-09-02T19:40:38+00:00","dateModified":"2015-09-02T21:19:40+00:00","author":{"@id":"https:\/\/www.copealcoy.es\/es\/#\/schema\/person\/e777c87fa024e57d40170af9df39882c"},"breadcrumb":{"@id":"https:\/\/www.copealcoy.es\/es\/frances-las-decisiones-sobre-alcoinnova-se-tomaran-cuando-se-resuelvan-los-recursos-presentados\/#breadcrumb"},"inLanguage":"es","potentialAction":[{"@type":"ReadAction","target":["https:\/\/www.copealcoy.es\/es\/frances-las-decisiones-sobre-alcoinnova-se-tomaran-cuando-se-resuelvan-los-recursos-presentados\/"]}]},{"@type":"ImageObject","inLanguage":"es","@id":"https:\/\/www.copealcoy.es\/es\/frances-las-decisiones-sobre-alcoinnova-se-tomaran-cuando-se-resuelvan-los-recursos-presentados\/#primaryimage","url":"https:\/\/www.copealcoy.es\/wp-content\/uploads\/2014\/12\/image142.jpg","contentUrl":"https:\/\/www.copealcoy.es\/wp-content\/uploads\/2014\/12\/image142.jpg","width":1735,"height":1080,"caption":"\u00c1rea del parque empresarial Alcoinnova"},{"@type":"BreadcrumbList","@id":"https:\/\/www.copealcoy.es\/es\/frances-las-decisiones-sobre-alcoinnova-se-tomaran-cuando-se-resuelvan-los-recursos-presentados\/#breadcrumb","itemListElement":[{"@type":"ListItem","position":1,"name":"Portada","item":"https:\/\/www.copealcoy.es\/es\/"},{"@type":"ListItem","position":2,"name":"Franc\u00e9s: &#8220;las decisiones sobre Alcoinnova se tomar\u00e1n cuando se resuelvan los recursos presentados&#8221;"}]},{"@type":"WebSite","@id":"https:\/\/www.copealcoy.es\/es\/#website","url":"https:\/\/www.copealcoy.es\/es\/","name":"COPE Alcoy","description":"Emisora COPE de radio local con emisi\u00f3n online. Pont de Sant Jordi 8-10 03803 Alcoy","potentialAction":[{"@type":"SearchAction","target":{"@type":"EntryPoint","urlTemplate":"https:\/\/www.copealcoy.es\/es\/?s={search_term_string}"},"query-input":{"@type":"PropertyValueSpecification","valueRequired":true,"valueName":"search_term_string"}}],"inLanguage":"es"},{"@type":"Person","@id":"https:\/\/www.copealcoy.es\/es\/#\/schema\/person\/e777c87fa024e57d40170af9df39882c","name":"Cope Alcoy","image":{"@type":"ImageObject","inLanguage":"es","@id":"https:\/\/secure.gravatar.com\/avatar\/bb65d0283347e303893ba14f0692005417c1e0e690a325a4c5d8bb2b3943ee14?s=96&d=mm&r=g","url":"https:\/\/secure.gravatar.com\/avatar\/bb65d0283347e303893ba14f0692005417c1e0e690a325a4c5d8bb2b3943ee14?s=96&d=mm&r=g","contentUrl":"https:\/\/secure.gravatar.com\/avatar\/bb65d0283347e303893ba14f0692005417c1e0e690a325a4c5d8bb2b3943ee14?s=96&d=mm&r=g","caption":"Cope Alcoy"}}]}},"_links":{"self":[{"href":"https:\/\/www.copealcoy.es\/es\/wp-json\/wp\/v2\/posts\/15425","targetHints":{"allow":["GET"]}}],"collection":[{"href":"https:\/\/www.copealcoy.es\/es\/wp-json\/wp\/v2\/posts"}],"about":[{"href":"https:\/\/www.copealcoy.es\/es\/wp-json\/wp\/v2\/types\/post"}],"author":[{"embeddable":true,"href":"https:\/\/www.copealcoy.es\/es\/wp-json\/wp\/v2\/users\/1"}],"replies":[{"embeddable":true,"href":"https:\/\/www.copealcoy.es\/es\/wp-json\/wp\/v2\/comments?post=15425"}],"version-history":[{"count":0,"href":"https:\/\/www.copealcoy.es\/es\/wp-json\/wp\/v2\/posts\/15425\/revisions"}],"wp:featuredmedia":[{"embeddable":true,"href":"https:\/\/www.copealcoy.es\/es\/wp-json\/wp\/v2\/media\/9340"}],"wp:attachment":[{"href":"https:\/\/www.copealcoy.es\/es\/wp-json\/wp\/v2\/media?parent=15425"}],"wp:term":[{"taxonomy":"category","embeddable":true,"href":"https:\/\/www.copealcoy.es\/es\/wp-json\/wp\/v2\/categories?post=15425"},{"taxonomy":"post_tag","embeddable":true,"href":"https:\/\/www.copealcoy.es\/es\/wp-json\/wp\/v2\/tags?post=15425"}],"curies":[{"name":"wp","href":"https:\/\/api.w.org\/{rel}","templated":true}]}}