{"id":154143,"date":"2025-06-24T11:51:11","date_gmt":"2025-06-24T10:51:11","guid":{"rendered":"https:\/\/www.copealcoy.es\/?p=154143"},"modified":"2025-06-24T17:55:40","modified_gmt":"2025-06-24T16:55:40","slug":"la-procesion-del-corpus-una-antiquisima-tradicion-de-alcoy-llena-de-singularidades","status":"publish","type":"post","link":"https:\/\/www.copealcoy.es\/es\/la-procesion-del-corpus-una-antiquisima-tradicion-de-alcoy-llena-de-singularidades\/","title":{"rendered":"La Procesi\u00f3n del Corpus, una antiqu\u00edsima tradici\u00f3n de Alcoy llena de singularidades"},"content":{"rendered":"<p style=\"text-align: justify;\">Alcoy celebr\u00f3 ayer<strong> la tradicional fiesta del Corpus Christi<\/strong>, una jornada que este a\u00f1o <strong>ha tenido lugar a finales del mes de junio<\/strong> debido a que la Semana Santa cay\u00f3 tard\u00eda en el calendario. La jornada estuvo marcada adem\u00e1s <strong>por las altas temperaturas<\/strong> situ\u00e1ndose el term\u00f3metro por encima de los treinta grados en el momento en el que arranc\u00f3 el acto desde la parroquia de Santa Mar\u00eda.<\/p>\n<p style=\"text-align: justify;\">El <a href=\"https:\/\/www.facebook.com\/grupdedansessantjordi\" target=\"_blank\" rel=\"noopener\"><span style=\"color: #0000ff;\"><strong>Grup de Danses Sant Jordi<\/strong> <\/span><\/a>abri\u00f3 la comitiva con sus tradicionales bailes populares y por las calles de Alcoy pudimos ver &#8216;Els Cabuts&#8217;, &#8216;El Ball dels Arquets&#8217;, &#8216;La Magrana&#8217; o la cl\u00e1sica &#8216;Moma&#8217; que representa la lucha de la virtud contra los siete pecados capitales. A continuaci\u00f3n, arranc\u00f3<strong> la parte religiosa de la procesi\u00f3n<\/strong> tomando parte en el desfile las diferentes asociaciones de la ciudad, junto a sus estandartes identificativos, y la representaci\u00f3n de los antiguos gremios. Seguidamente los peque\u00f1os que han tomado este a\u00f1o la Primera Comuni\u00f3n arroparon al Sant\u00edsimo Sacramento siendo portada la custodia por el Gremio de Labradores de Jes\u00fas Nazareno. Cabe destacar que en la parte central de la procesi\u00f3n se situ\u00f3 la Asociaci\u00f3n de San Jorge arropando a <strong>Mateo Vilaplana Blaak<\/strong>, el peque\u00f1o que en las Fiestas de 2026 ejercer\u00e1 de Sant Jordiet y que vivi\u00f3 en el Domingo de Corpus su primer acto oficial. Junto a \u00e9l los cargos festeros del pr\u00f3ximo a\u00f1o y en la parte final el clero, con el arcipreste de Alcoy Don Jos\u00e9 Juan Crespo, y parte de la Corporaci\u00f3n Municipal.<\/p>\n<p style=\"text-align: justify;\">La procesi\u00f3n del Corpus recorri\u00f3 algunas calles del Centro realiz\u00e1ndose en diversos puntos <strong>las correspondientes paradas<\/strong> <strong>para la adoraci\u00f3n al Sant\u00edsimo Sacramento,\u00a0<\/strong>acompa\u00f1adas de los canto del coro de las parroquias del Centro y el lanzamiento de p\u00e9talos a la custodia. Tambi\u00e9n la Colla de Campaners d&#8217;Alcoi hizo sonar manualmente los bronces de Santa Mar\u00eda y el acto finaliz\u00f3 dentro de este \u00faltimo templo con la bendici\u00f3n final.<\/p>\n<div id='gallery-1' class='gallery galleryid-154143 gallery-columns-3 gallery-size-large'><figure class='gallery-item'>\n\t\t\t<div class='gallery-icon landscape'>\n\t\t\t\t<a href='https:\/\/www.copealcoy.es\/es\/la-procesion-del-corpus-una-antiquisima-tradicion-de-alcoy-llena-de-singularidades\/0-2-3-3\/'><img loading=\"lazy\" decoding=\"async\" width=\"848\" height=\"588\" src=\"https:\/\/www.copealcoy.es\/wp-content\/uploads\/2025\/06\/0-2-848x588.jpg\" class=\"attachment-large size-large\" alt=\"\" \/><\/a>\n\t\t\t<\/div><\/figure><figure class='gallery-item'>\n\t\t\t<div class='gallery-icon landscape'>\n\t\t\t\t<a href='https:\/\/www.copealcoy.es\/es\/la-procesion-del-corpus-una-antiquisima-tradicion-de-alcoy-llena-de-singularidades\/procesion-corpus-alcoy-2025\/'><img loading=\"lazy\" decoding=\"async\" width=\"848\" height=\"588\" src=\"https:\/\/www.copealcoy.es\/wp-content\/uploads\/2025\/06\/0-848x588.jpg\" class=\"attachment-large size-large\" alt=\"\" \/><\/a>\n\t\t\t<\/div><\/figure><figure class='gallery-item'>\n\t\t\t<div class='gallery-icon landscape'>\n\t\t\t\t<a href='https:\/\/www.copealcoy.es\/es\/la-procesion-del-corpus-una-antiquisima-tradicion-de-alcoy-llena-de-singularidades\/0-1-3-3\/'><img loading=\"lazy\" decoding=\"async\" width=\"848\" height=\"588\" src=\"https:\/\/www.copealcoy.es\/wp-content\/uploads\/2025\/06\/0-1-848x588.jpg\" class=\"attachment-large size-large\" alt=\"\" \/><\/a>\n\t\t\t<\/div><\/figure><figure class='gallery-item'>\n\t\t\t<div class='gallery-icon landscape'>\n\t\t\t\t<a href='https:\/\/www.copealcoy.es\/es\/la-procesion-del-corpus-una-antiquisima-tradicion-de-alcoy-llena-de-singularidades\/0-5-5\/'><img loading=\"lazy\" decoding=\"async\" width=\"848\" height=\"588\" src=\"https:\/\/www.copealcoy.es\/wp-content\/uploads\/2025\/06\/0-5-2-848x588.jpg\" class=\"attachment-large size-large\" alt=\"\" \/><\/a>\n\t\t\t<\/div><\/figure><figure class='gallery-item'>\n\t\t\t<div class='gallery-icon landscape'>\n\t\t\t\t<a href='https:\/\/www.copealcoy.es\/es\/la-procesion-del-corpus-una-antiquisima-tradicion-de-alcoy-llena-de-singularidades\/0-4-10\/'><img loading=\"lazy\" decoding=\"async\" width=\"848\" height=\"588\" src=\"https:\/\/www.copealcoy.es\/wp-content\/uploads\/2025\/06\/0-4-1-848x588.jpg\" class=\"attachment-large size-large\" alt=\"\" \/><\/a>\n\t\t\t<\/div><\/figure><figure class='gallery-item'>\n\t\t\t<div class='gallery-icon landscape'>\n\t\t\t\t<a href='https:\/\/www.copealcoy.es\/es\/la-procesion-del-corpus-una-antiquisima-tradicion-de-alcoy-llena-de-singularidades\/0-3-3-3\/'><img loading=\"lazy\" decoding=\"async\" width=\"848\" height=\"588\" src=\"https:\/\/www.copealcoy.es\/wp-content\/uploads\/2025\/06\/0-3-1-848x588.jpg\" class=\"attachment-large size-large\" alt=\"\" \/><\/a>\n\t\t\t<\/div><\/figure>\n\t\t<\/div>\n\n","protected":false},"excerpt":{"rendered":"<p>Alcoy celebr\u00f3 ayer la tradicional fiesta del Corpus Christi, una jornada que este a\u00f1o ha tenido lugar a finales del&#8230;<\/p>\n","protected":false},"author":1,"featured_media":154144,"comment_status":"closed","ping_status":"closed","sticky":false,"template":"","format":"standard","meta":{"footnotes":""},"categories":[6909,97,78,75],"tags":[1494,6997,4310,19712],"class_list":["post-154143","post","type-post","status-publish","format-standard","has-post-thumbnail","hentry","category-actualidad","category-alcoy","category-fiestaycultura","category-noticias","tag-alcoy","tag-festividad","tag-grup-de-danses-sant-jordi","tag-procesion-del-corpus-christi"],"yoast_head":"<!-- This site is optimized with the Yoast SEO plugin v27.3 - https:\/\/yoast.com\/product\/yoast-seo-wordpress\/ -->\n<title>La Procesi\u00f3n del Corpus, una antiqu\u00edsima tradici\u00f3n de Alcoy llena de singularidades - COPE Alcoy<\/title>\n<meta name=\"description\" content=\"La Procesi\u00f3n del Corpus, una antiqu\u00edsima tradici\u00f3n de Alcoy llena de singularidades\" \/>\n<meta name=\"robots\" content=\"index, follow, max-snippet:-1, max-image-preview:large, max-video-preview:-1\" \/>\n<link rel=\"canonical\" href=\"https:\/\/www.copealcoy.es\/es\/la-procesion-del-corpus-una-antiquisima-tradicion-de-alcoy-llena-de-singularidades\/\" \/>\n<meta property=\"og:locale\" content=\"es_ES\" \/>\n<meta property=\"og:type\" content=\"article\" \/>\n<meta property=\"og:title\" content=\"La Procesi\u00f3n del Corpus, una antiqu\u00edsima tradici\u00f3n de Alcoy llena de singularidades - COPE Alcoy\" \/>\n<meta property=\"og:description\" content=\"La Procesi\u00f3n del Corpus, una antiqu\u00edsima tradici\u00f3n de Alcoy llena de singularidades\" \/>\n<meta property=\"og:url\" content=\"https:\/\/www.copealcoy.es\/es\/la-procesion-del-corpus-una-antiquisima-tradicion-de-alcoy-llena-de-singularidades\/\" \/>\n<meta property=\"og:site_name\" content=\"COPE Alcoy\" \/>\n<meta property=\"article:published_time\" content=\"2025-06-24T10:51:11+00:00\" \/>\n<meta property=\"article:modified_time\" content=\"2025-06-24T16:55:40+00:00\" \/>\n<meta property=\"og:image\" content=\"https:\/\/www.copealcoy.es\/wp-content\/uploads\/2025\/06\/unnamed-1-9-scaled.jpg\" \/>\n\t<meta property=\"og:image:width\" content=\"2560\" \/>\n\t<meta property=\"og:image:height\" content=\"1652\" \/>\n\t<meta property=\"og:image:type\" content=\"image\/jpeg\" \/>\n<meta name=\"author\" content=\"Cope Alcoy\" \/>\n<meta name=\"twitter:label1\" content=\"Escrito por\" \/>\n\t<meta name=\"twitter:data1\" content=\"Cope Alcoy\" \/>\n\t<meta name=\"twitter:label2\" content=\"Tiempo de lectura\" \/>\n\t<meta name=\"twitter:data2\" content=\"2 minutos\" \/>\n<script type=\"application\/ld+json\" class=\"yoast-schema-graph\">{\"@context\":\"https:\\\/\\\/schema.org\",\"@graph\":[{\"@type\":\"Article\",\"@id\":\"https:\\\/\\\/www.copealcoy.es\\\/es\\\/la-procesion-del-corpus-una-antiquisima-tradicion-de-alcoy-llena-de-singularidades\\\/#article\",\"isPartOf\":{\"@id\":\"https:\\\/\\\/www.copealcoy.es\\\/es\\\/la-procesion-del-corpus-una-antiquisima-tradicion-de-alcoy-llena-de-singularidades\\\/\"},\"author\":{\"name\":\"Cope Alcoy\",\"@id\":\"https:\\\/\\\/www.copealcoy.es\\\/es\\\/#\\\/schema\\\/person\\\/e777c87fa024e57d40170af9df39882c\"},\"headline\":\"La Procesi\u00f3n del Corpus, una antiqu\u00edsima tradici\u00f3n de Alcoy llena de singularidades\",\"datePublished\":\"2025-06-24T10:51:11+00:00\",\"dateModified\":\"2025-06-24T16:55:40+00:00\",\"mainEntityOfPage\":{\"@id\":\"https:\\\/\\\/www.copealcoy.es\\\/es\\\/la-procesion-del-corpus-una-antiquisima-tradicion-de-alcoy-llena-de-singularidades\\\/\"},\"wordCount\":366,\"image\":{\"@id\":\"https:\\\/\\\/www.copealcoy.es\\\/es\\\/la-procesion-del-corpus-una-antiquisima-tradicion-de-alcoy-llena-de-singularidades\\\/#primaryimage\"},\"thumbnailUrl\":\"https:\\\/\\\/www.copealcoy.es\\\/wp-content\\\/uploads\\\/2025\\\/06\\\/unnamed-1-9-scaled.jpg\",\"keywords\":[\"Alcoy\",\"festividad\",\"Grup de Danses Sant Jordi\",\"procesi\u00f3n del Corpus Christi\"],\"articleSection\":[\"Actualidad\",\"Alcoy\",\"Fiesta y Cultura\",\"Noticias\"],\"inLanguage\":\"es\"},{\"@type\":\"WebPage\",\"@id\":\"https:\\\/\\\/www.copealcoy.es\\\/es\\\/la-procesion-del-corpus-una-antiquisima-tradicion-de-alcoy-llena-de-singularidades\\\/\",\"url\":\"https:\\\/\\\/www.copealcoy.es\\\/es\\\/la-procesion-del-corpus-una-antiquisima-tradicion-de-alcoy-llena-de-singularidades\\\/\",\"name\":\"La Procesi\u00f3n del Corpus, una antiqu\u00edsima tradici\u00f3n de Alcoy llena de singularidades - COPE Alcoy\",\"isPartOf\":{\"@id\":\"https:\\\/\\\/www.copealcoy.es\\\/es\\\/#website\"},\"primaryImageOfPage\":{\"@id\":\"https:\\\/\\\/www.copealcoy.es\\\/es\\\/la-procesion-del-corpus-una-antiquisima-tradicion-de-alcoy-llena-de-singularidades\\\/#primaryimage\"},\"image\":{\"@id\":\"https:\\\/\\\/www.copealcoy.es\\\/es\\\/la-procesion-del-corpus-una-antiquisima-tradicion-de-alcoy-llena-de-singularidades\\\/#primaryimage\"},\"thumbnailUrl\":\"https:\\\/\\\/www.copealcoy.es\\\/wp-content\\\/uploads\\\/2025\\\/06\\\/unnamed-1-9-scaled.jpg\",\"datePublished\":\"2025-06-24T10:51:11+00:00\",\"dateModified\":\"2025-06-24T16:55:40+00:00\",\"author\":{\"@id\":\"https:\\\/\\\/www.copealcoy.es\\\/es\\\/#\\\/schema\\\/person\\\/e777c87fa024e57d40170af9df39882c\"},\"description\":\"La Procesi\u00f3n del Corpus, una antiqu\u00edsima tradici\u00f3n de Alcoy llena de singularidades\",\"breadcrumb\":{\"@id\":\"https:\\\/\\\/www.copealcoy.es\\\/es\\\/la-procesion-del-corpus-una-antiquisima-tradicion-de-alcoy-llena-de-singularidades\\\/#breadcrumb\"},\"inLanguage\":\"es\",\"potentialAction\":[{\"@type\":\"ReadAction\",\"target\":[\"https:\\\/\\\/www.copealcoy.es\\\/es\\\/la-procesion-del-corpus-una-antiquisima-tradicion-de-alcoy-llena-de-singularidades\\\/\"]}]},{\"@type\":\"ImageObject\",\"inLanguage\":\"es\",\"@id\":\"https:\\\/\\\/www.copealcoy.es\\\/es\\\/la-procesion-del-corpus-una-antiquisima-tradicion-de-alcoy-llena-de-singularidades\\\/#primaryimage\",\"url\":\"https:\\\/\\\/www.copealcoy.es\\\/wp-content\\\/uploads\\\/2025\\\/06\\\/unnamed-1-9-scaled.jpg\",\"contentUrl\":\"https:\\\/\\\/www.copealcoy.es\\\/wp-content\\\/uploads\\\/2025\\\/06\\\/unnamed-1-9-scaled.jpg\",\"width\":2560,\"height\":1652},{\"@type\":\"BreadcrumbList\",\"@id\":\"https:\\\/\\\/www.copealcoy.es\\\/es\\\/la-procesion-del-corpus-una-antiquisima-tradicion-de-alcoy-llena-de-singularidades\\\/#breadcrumb\",\"itemListElement\":[{\"@type\":\"ListItem\",\"position\":1,\"name\":\"Portada\",\"item\":\"https:\\\/\\\/www.copealcoy.es\\\/es\\\/\"},{\"@type\":\"ListItem\",\"position\":2,\"name\":\"La Procesi\u00f3n del Corpus, una antiqu\u00edsima tradici\u00f3n de Alcoy llena de singularidades\"}]},{\"@type\":\"WebSite\",\"@id\":\"https:\\\/\\\/www.copealcoy.es\\\/es\\\/#website\",\"url\":\"https:\\\/\\\/www.copealcoy.es\\\/es\\\/\",\"name\":\"COPE Alcoy\",\"description\":\"Emisora COPE de radio local con emisi\u00f3n online. Pont de Sant Jordi 8-10 03803 Alcoy\",\"potentialAction\":[{\"@type\":\"SearchAction\",\"target\":{\"@type\":\"EntryPoint\",\"urlTemplate\":\"https:\\\/\\\/www.copealcoy.es\\\/es\\\/?s={search_term_string}\"},\"query-input\":{\"@type\":\"PropertyValueSpecification\",\"valueRequired\":true,\"valueName\":\"search_term_string\"}}],\"inLanguage\":\"es\"},{\"@type\":\"Person\",\"@id\":\"https:\\\/\\\/www.copealcoy.es\\\/es\\\/#\\\/schema\\\/person\\\/e777c87fa024e57d40170af9df39882c\",\"name\":\"Cope Alcoy\",\"image\":{\"@type\":\"ImageObject\",\"inLanguage\":\"es\",\"@id\":\"https:\\\/\\\/secure.gravatar.com\\\/avatar\\\/bb65d0283347e303893ba14f0692005417c1e0e690a325a4c5d8bb2b3943ee14?s=96&d=mm&r=g\",\"url\":\"https:\\\/\\\/secure.gravatar.com\\\/avatar\\\/bb65d0283347e303893ba14f0692005417c1e0e690a325a4c5d8bb2b3943ee14?s=96&d=mm&r=g\",\"contentUrl\":\"https:\\\/\\\/secure.gravatar.com\\\/avatar\\\/bb65d0283347e303893ba14f0692005417c1e0e690a325a4c5d8bb2b3943ee14?s=96&d=mm&r=g\",\"caption\":\"Cope Alcoy\"}}]}<\/script>\n<!-- \/ Yoast SEO plugin. -->","yoast_head_json":{"title":"La Procesi\u00f3n del Corpus, una antiqu\u00edsima tradici\u00f3n de Alcoy llena de singularidades - COPE Alcoy","description":"La Procesi\u00f3n del Corpus, una antiqu\u00edsima tradici\u00f3n de Alcoy llena de singularidades","robots":{"index":"index","follow":"follow","max-snippet":"max-snippet:-1","max-image-preview":"max-image-preview:large","max-video-preview":"max-video-preview:-1"},"canonical":"https:\/\/www.copealcoy.es\/es\/la-procesion-del-corpus-una-antiquisima-tradicion-de-alcoy-llena-de-singularidades\/","og_locale":"es_ES","og_type":"article","og_title":"La Procesi\u00f3n del Corpus, una antiqu\u00edsima tradici\u00f3n de Alcoy llena de singularidades - COPE Alcoy","og_description":"La Procesi\u00f3n del Corpus, una antiqu\u00edsima tradici\u00f3n de Alcoy llena de singularidades","og_url":"https:\/\/www.copealcoy.es\/es\/la-procesion-del-corpus-una-antiquisima-tradicion-de-alcoy-llena-de-singularidades\/","og_site_name":"COPE Alcoy","article_published_time":"2025-06-24T10:51:11+00:00","article_modified_time":"2025-06-24T16:55:40+00:00","og_image":[{"width":2560,"height":1652,"url":"https:\/\/www.copealcoy.es\/wp-content\/uploads\/2025\/06\/unnamed-1-9-scaled.jpg","type":"image\/jpeg"}],"author":"Cope Alcoy","twitter_misc":{"Escrito por":"Cope Alcoy","Tiempo de lectura":"2 minutos"},"schema":{"@context":"https:\/\/schema.org","@graph":[{"@type":"Article","@id":"https:\/\/www.copealcoy.es\/es\/la-procesion-del-corpus-una-antiquisima-tradicion-de-alcoy-llena-de-singularidades\/#article","isPartOf":{"@id":"https:\/\/www.copealcoy.es\/es\/la-procesion-del-corpus-una-antiquisima-tradicion-de-alcoy-llena-de-singularidades\/"},"author":{"name":"Cope Alcoy","@id":"https:\/\/www.copealcoy.es\/es\/#\/schema\/person\/e777c87fa024e57d40170af9df39882c"},"headline":"La Procesi\u00f3n del Corpus, una antiqu\u00edsima tradici\u00f3n de Alcoy llena de singularidades","datePublished":"2025-06-24T10:51:11+00:00","dateModified":"2025-06-24T16:55:40+00:00","mainEntityOfPage":{"@id":"https:\/\/www.copealcoy.es\/es\/la-procesion-del-corpus-una-antiquisima-tradicion-de-alcoy-llena-de-singularidades\/"},"wordCount":366,"image":{"@id":"https:\/\/www.copealcoy.es\/es\/la-procesion-del-corpus-una-antiquisima-tradicion-de-alcoy-llena-de-singularidades\/#primaryimage"},"thumbnailUrl":"https:\/\/www.copealcoy.es\/wp-content\/uploads\/2025\/06\/unnamed-1-9-scaled.jpg","keywords":["Alcoy","festividad","Grup de Danses Sant Jordi","procesi\u00f3n del Corpus Christi"],"articleSection":["Actualidad","Alcoy","Fiesta y Cultura","Noticias"],"inLanguage":"es"},{"@type":"WebPage","@id":"https:\/\/www.copealcoy.es\/es\/la-procesion-del-corpus-una-antiquisima-tradicion-de-alcoy-llena-de-singularidades\/","url":"https:\/\/www.copealcoy.es\/es\/la-procesion-del-corpus-una-antiquisima-tradicion-de-alcoy-llena-de-singularidades\/","name":"La Procesi\u00f3n del Corpus, una antiqu\u00edsima tradici\u00f3n de Alcoy llena de singularidades - COPE Alcoy","isPartOf":{"@id":"https:\/\/www.copealcoy.es\/es\/#website"},"primaryImageOfPage":{"@id":"https:\/\/www.copealcoy.es\/es\/la-procesion-del-corpus-una-antiquisima-tradicion-de-alcoy-llena-de-singularidades\/#primaryimage"},"image":{"@id":"https:\/\/www.copealcoy.es\/es\/la-procesion-del-corpus-una-antiquisima-tradicion-de-alcoy-llena-de-singularidades\/#primaryimage"},"thumbnailUrl":"https:\/\/www.copealcoy.es\/wp-content\/uploads\/2025\/06\/unnamed-1-9-scaled.jpg","datePublished":"2025-06-24T10:51:11+00:00","dateModified":"2025-06-24T16:55:40+00:00","author":{"@id":"https:\/\/www.copealcoy.es\/es\/#\/schema\/person\/e777c87fa024e57d40170af9df39882c"},"description":"La Procesi\u00f3n del Corpus, una antiqu\u00edsima tradici\u00f3n de Alcoy llena de singularidades","breadcrumb":{"@id":"https:\/\/www.copealcoy.es\/es\/la-procesion-del-corpus-una-antiquisima-tradicion-de-alcoy-llena-de-singularidades\/#breadcrumb"},"inLanguage":"es","potentialAction":[{"@type":"ReadAction","target":["https:\/\/www.copealcoy.es\/es\/la-procesion-del-corpus-una-antiquisima-tradicion-de-alcoy-llena-de-singularidades\/"]}]},{"@type":"ImageObject","inLanguage":"es","@id":"https:\/\/www.copealcoy.es\/es\/la-procesion-del-corpus-una-antiquisima-tradicion-de-alcoy-llena-de-singularidades\/#primaryimage","url":"https:\/\/www.copealcoy.es\/wp-content\/uploads\/2025\/06\/unnamed-1-9-scaled.jpg","contentUrl":"https:\/\/www.copealcoy.es\/wp-content\/uploads\/2025\/06\/unnamed-1-9-scaled.jpg","width":2560,"height":1652},{"@type":"BreadcrumbList","@id":"https:\/\/www.copealcoy.es\/es\/la-procesion-del-corpus-una-antiquisima-tradicion-de-alcoy-llena-de-singularidades\/#breadcrumb","itemListElement":[{"@type":"ListItem","position":1,"name":"Portada","item":"https:\/\/www.copealcoy.es\/es\/"},{"@type":"ListItem","position":2,"name":"La Procesi\u00f3n del Corpus, una antiqu\u00edsima tradici\u00f3n de Alcoy llena de singularidades"}]},{"@type":"WebSite","@id":"https:\/\/www.copealcoy.es\/es\/#website","url":"https:\/\/www.copealcoy.es\/es\/","name":"COPE Alcoy","description":"Emisora COPE de radio local con emisi\u00f3n online. Pont de Sant Jordi 8-10 03803 Alcoy","potentialAction":[{"@type":"SearchAction","target":{"@type":"EntryPoint","urlTemplate":"https:\/\/www.copealcoy.es\/es\/?s={search_term_string}"},"query-input":{"@type":"PropertyValueSpecification","valueRequired":true,"valueName":"search_term_string"}}],"inLanguage":"es"},{"@type":"Person","@id":"https:\/\/www.copealcoy.es\/es\/#\/schema\/person\/e777c87fa024e57d40170af9df39882c","name":"Cope Alcoy","image":{"@type":"ImageObject","inLanguage":"es","@id":"https:\/\/secure.gravatar.com\/avatar\/bb65d0283347e303893ba14f0692005417c1e0e690a325a4c5d8bb2b3943ee14?s=96&d=mm&r=g","url":"https:\/\/secure.gravatar.com\/avatar\/bb65d0283347e303893ba14f0692005417c1e0e690a325a4c5d8bb2b3943ee14?s=96&d=mm&r=g","contentUrl":"https:\/\/secure.gravatar.com\/avatar\/bb65d0283347e303893ba14f0692005417c1e0e690a325a4c5d8bb2b3943ee14?s=96&d=mm&r=g","caption":"Cope Alcoy"}}]}},"_links":{"self":[{"href":"https:\/\/www.copealcoy.es\/es\/wp-json\/wp\/v2\/posts\/154143","targetHints":{"allow":["GET"]}}],"collection":[{"href":"https:\/\/www.copealcoy.es\/es\/wp-json\/wp\/v2\/posts"}],"about":[{"href":"https:\/\/www.copealcoy.es\/es\/wp-json\/wp\/v2\/types\/post"}],"author":[{"embeddable":true,"href":"https:\/\/www.copealcoy.es\/es\/wp-json\/wp\/v2\/users\/1"}],"replies":[{"embeddable":true,"href":"https:\/\/www.copealcoy.es\/es\/wp-json\/wp\/v2\/comments?post=154143"}],"version-history":[{"count":3,"href":"https:\/\/www.copealcoy.es\/es\/wp-json\/wp\/v2\/posts\/154143\/revisions"}],"predecessor-version":[{"id":154203,"href":"https:\/\/www.copealcoy.es\/es\/wp-json\/wp\/v2\/posts\/154143\/revisions\/154203"}],"wp:featuredmedia":[{"embeddable":true,"href":"https:\/\/www.copealcoy.es\/es\/wp-json\/wp\/v2\/media\/154144"}],"wp:attachment":[{"href":"https:\/\/www.copealcoy.es\/es\/wp-json\/wp\/v2\/media?parent=154143"}],"wp:term":[{"taxonomy":"category","embeddable":true,"href":"https:\/\/www.copealcoy.es\/es\/wp-json\/wp\/v2\/categories?post=154143"},{"taxonomy":"post_tag","embeddable":true,"href":"https:\/\/www.copealcoy.es\/es\/wp-json\/wp\/v2\/tags?post=154143"}],"curies":[{"name":"wp","href":"https:\/\/api.w.org\/{rel}","templated":true}]}}