{"id":154045,"date":"2025-06-19T17:01:38","date_gmt":"2025-06-19T16:01:38","guid":{"rendered":"https:\/\/www.copealcoy.es\/?p=154045"},"modified":"2025-06-19T17:09:55","modified_gmt":"2025-06-19T16:09:55","slug":"el-ayuntamiento-de-alcoy-sera-quien-licite-las-obras-de-reforma-del-teatre-principal","status":"publish","type":"post","link":"https:\/\/www.copealcoy.es\/es\/el-ayuntamiento-de-alcoy-sera-quien-licite-las-obras-de-reforma-del-teatre-principal\/","title":{"rendered":"El Ayuntamiento de Alcoy ser\u00e1 quien licite las obras de reforma del Teatre Principal"},"content":{"rendered":"<p style=\"text-align: justify;\">Desde el Ayuntamiento de Alcoy se ha anunciado en este jueves que <strong>ser\u00e1 finalmente el consistorio quien\u00a0 inicie el proceso de licitaci\u00f3n para la tan ansiada reforma del Teatro Principal<\/strong>. As\u00ed lo han asegurado <strong>desde el \u00e1rea de Cultura<\/strong> del consistorio al mismo tiempo que el gobierno local se ha mostrado cr\u00edtico con la Generalitat Valenciana, instituci\u00f3n que asume una parte importante de la financiaci\u00f3n con la que se realizar\u00e1 este proyecto.<\/p>\n<p style=\"text-align: justify;\">La edil al frente del citado departamento de Cultura, <strong>Elisa Guillem<\/strong>, ha explicado al respecto que la administraci\u00f3n local\u00a0<strong>est\u00e1 a la espera de la firma de un convenio<\/strong> con la <a href=\"https:\/\/cultura.gva.es\/es\/web\/cultura\" target=\"_blank\" rel=\"noopener\"><span style=\"color: #0000ff;\"><strong>Conselleria de Cultura<\/strong> <\/span><\/a>para poder iniciar la licitaci\u00f3n de las obras de reforma del Teatro Principal. Se\u00f1alan que <strong>este es un paso imprescindible<\/strong> para que el Ayuntamiento pueda activar los procedimientos t\u00e9cnicos y administrativos correspondientes &#8220;<em>inicialmente, desde la Conselleria se anunci\u00f3 una inversi\u00f3n de 440.000 euros para el Teatro Principal. Sin embargo, finalmente se ha reducido un 50%. Este recorte supone mengua considerable respecto a la previsi\u00f3n inicial. Finalmente, la Generalitat a optado por que sean los Ayuntamientos los encargados de licitar las obras, a trav\u00e9s de un convenio tipo que tendr\u00e1n que firmar las poblaciones con proyectos de reforma pendientes. Un convenio del que a\u00fan no se ha recibido ninguna informaci\u00f3n oficial, y del que el consistorio alcoyano contin\u00faa sin tener noticias por parte de la Conselleria. El convenio establecer\u00e1 las condiciones de colaboraci\u00f3n entre las dos administraciones y permitir\u00e1 disponer de una base presupuestaria clara, un <\/em><em>requisito necesario para poder licitar las obras con todas las garant\u00edas<\/em>&#8220;, ha afirmado la mun\u00edcipe.<\/p>\n<p style=\"text-align: justify;\">Apuntar que <strong>ser\u00e1n unos 250.000 euros<\/strong> los que el ente auton\u00f3mico destinar\u00e1 para la adecuaci\u00f3n del Principal. La partida fue confirmada d\u00edas atr\u00e1s por el PP, a trav\u00e9s de la edil Isabel Balaguer, despu\u00e9s de que hubieran recibido la confirmaci\u00f3n por parte de la secretaria auton\u00f3mica de Cultura; Pilar T\u00e9bar.<\/p>\n","protected":false},"excerpt":{"rendered":"<p>Desde el Ayuntamiento de Alcoy se ha anunciado en este jueves que ser\u00e1 finalmente el consistorio quien\u00a0 inicie el proceso&#8230;<\/p>\n","protected":false},"author":1,"featured_media":154051,"comment_status":"closed","ping_status":"closed","sticky":false,"template":"","format":"standard","meta":{"footnotes":""},"categories":[6909,97,75,125],"tags":[1494,418,1772],"class_list":["post-154045","post","type-post","status-publish","format-standard","has-post-thumbnail","hentry","category-actualidad","category-alcoy","category-noticias","category-portada","tag-alcoy","tag-reforma","tag-teatro-principal"],"yoast_head":"<!-- This site is optimized with the Yoast SEO plugin v27.3 - https:\/\/yoast.com\/product\/yoast-seo-wordpress\/ -->\n<title>El Ayuntamiento de Alcoy ser\u00e1 quien licite las obras de reforma del Teatre Principal - COPE Alcoy<\/title>\n<meta name=\"robots\" content=\"index, follow, max-snippet:-1, max-image-preview:large, max-video-preview:-1\" \/>\n<link rel=\"canonical\" href=\"https:\/\/www.copealcoy.es\/es\/el-ayuntamiento-de-alcoy-sera-quien-licite-las-obras-de-reforma-del-teatre-principal\/\" \/>\n<meta property=\"og:locale\" content=\"es_ES\" \/>\n<meta property=\"og:type\" content=\"article\" \/>\n<meta property=\"og:title\" content=\"El Ayuntamiento de Alcoy ser\u00e1 quien licite las obras de reforma del Teatre Principal - COPE Alcoy\" \/>\n<meta property=\"og:description\" content=\"Desde el Ayuntamiento de Alcoy se ha anunciado en este jueves que ser\u00e1 finalmente el consistorio quien\u00a0 inicie el proceso...\" \/>\n<meta property=\"og:url\" content=\"https:\/\/www.copealcoy.es\/es\/el-ayuntamiento-de-alcoy-sera-quien-licite-las-obras-de-reforma-del-teatre-principal\/\" \/>\n<meta property=\"og:site_name\" content=\"COPE Alcoy\" \/>\n<meta property=\"article:published_time\" content=\"2025-06-19T16:01:38+00:00\" \/>\n<meta property=\"article:modified_time\" content=\"2025-06-19T16:09:55+00:00\" \/>\n<meta property=\"og:image\" content=\"https:\/\/www.copealcoy.es\/wp-content\/uploads\/2025\/06\/teatre-principal.jpg\" \/>\n\t<meta property=\"og:image:width\" content=\"820\" \/>\n\t<meta property=\"og:image:height\" content=\"545\" \/>\n\t<meta property=\"og:image:type\" content=\"image\/jpeg\" \/>\n<meta name=\"author\" content=\"Cope Alcoy\" \/>\n<meta name=\"twitter:label1\" content=\"Escrito por\" \/>\n\t<meta name=\"twitter:data1\" content=\"Cope Alcoy\" \/>\n\t<meta name=\"twitter:label2\" content=\"Tiempo de lectura\" \/>\n\t<meta name=\"twitter:data2\" content=\"2 minutos\" \/>\n<script type=\"application\/ld+json\" class=\"yoast-schema-graph\">{\"@context\":\"https:\\\/\\\/schema.org\",\"@graph\":[{\"@type\":\"Article\",\"@id\":\"https:\\\/\\\/www.copealcoy.es\\\/es\\\/el-ayuntamiento-de-alcoy-sera-quien-licite-las-obras-de-reforma-del-teatre-principal\\\/#article\",\"isPartOf\":{\"@id\":\"https:\\\/\\\/www.copealcoy.es\\\/es\\\/el-ayuntamiento-de-alcoy-sera-quien-licite-las-obras-de-reforma-del-teatre-principal\\\/\"},\"author\":{\"name\":\"Cope Alcoy\",\"@id\":\"https:\\\/\\\/www.copealcoy.es\\\/es\\\/#\\\/schema\\\/person\\\/e777c87fa024e57d40170af9df39882c\"},\"headline\":\"El Ayuntamiento de Alcoy ser\u00e1 quien licite las obras de reforma del Teatre Principal\",\"datePublished\":\"2025-06-19T16:01:38+00:00\",\"dateModified\":\"2025-06-19T16:09:55+00:00\",\"mainEntityOfPage\":{\"@id\":\"https:\\\/\\\/www.copealcoy.es\\\/es\\\/el-ayuntamiento-de-alcoy-sera-quien-licite-las-obras-de-reforma-del-teatre-principal\\\/\"},\"wordCount\":355,\"image\":{\"@id\":\"https:\\\/\\\/www.copealcoy.es\\\/es\\\/el-ayuntamiento-de-alcoy-sera-quien-licite-las-obras-de-reforma-del-teatre-principal\\\/#primaryimage\"},\"thumbnailUrl\":\"https:\\\/\\\/www.copealcoy.es\\\/wp-content\\\/uploads\\\/2025\\\/06\\\/teatre-principal.jpg\",\"keywords\":[\"Alcoy\",\"Reforma\",\"Teatro Principal\"],\"articleSection\":[\"Actualidad\",\"Alcoy\",\"Noticias\",\"Portada\"],\"inLanguage\":\"es\"},{\"@type\":\"WebPage\",\"@id\":\"https:\\\/\\\/www.copealcoy.es\\\/es\\\/el-ayuntamiento-de-alcoy-sera-quien-licite-las-obras-de-reforma-del-teatre-principal\\\/\",\"url\":\"https:\\\/\\\/www.copealcoy.es\\\/es\\\/el-ayuntamiento-de-alcoy-sera-quien-licite-las-obras-de-reforma-del-teatre-principal\\\/\",\"name\":\"El Ayuntamiento de Alcoy ser\u00e1 quien licite las obras de reforma del Teatre Principal - COPE Alcoy\",\"isPartOf\":{\"@id\":\"https:\\\/\\\/www.copealcoy.es\\\/es\\\/#website\"},\"primaryImageOfPage\":{\"@id\":\"https:\\\/\\\/www.copealcoy.es\\\/es\\\/el-ayuntamiento-de-alcoy-sera-quien-licite-las-obras-de-reforma-del-teatre-principal\\\/#primaryimage\"},\"image\":{\"@id\":\"https:\\\/\\\/www.copealcoy.es\\\/es\\\/el-ayuntamiento-de-alcoy-sera-quien-licite-las-obras-de-reforma-del-teatre-principal\\\/#primaryimage\"},\"thumbnailUrl\":\"https:\\\/\\\/www.copealcoy.es\\\/wp-content\\\/uploads\\\/2025\\\/06\\\/teatre-principal.jpg\",\"datePublished\":\"2025-06-19T16:01:38+00:00\",\"dateModified\":\"2025-06-19T16:09:55+00:00\",\"author\":{\"@id\":\"https:\\\/\\\/www.copealcoy.es\\\/es\\\/#\\\/schema\\\/person\\\/e777c87fa024e57d40170af9df39882c\"},\"breadcrumb\":{\"@id\":\"https:\\\/\\\/www.copealcoy.es\\\/es\\\/el-ayuntamiento-de-alcoy-sera-quien-licite-las-obras-de-reforma-del-teatre-principal\\\/#breadcrumb\"},\"inLanguage\":\"es\",\"potentialAction\":[{\"@type\":\"ReadAction\",\"target\":[\"https:\\\/\\\/www.copealcoy.es\\\/es\\\/el-ayuntamiento-de-alcoy-sera-quien-licite-las-obras-de-reforma-del-teatre-principal\\\/\"]}]},{\"@type\":\"ImageObject\",\"inLanguage\":\"es\",\"@id\":\"https:\\\/\\\/www.copealcoy.es\\\/es\\\/el-ayuntamiento-de-alcoy-sera-quien-licite-las-obras-de-reforma-del-teatre-principal\\\/#primaryimage\",\"url\":\"https:\\\/\\\/www.copealcoy.es\\\/wp-content\\\/uploads\\\/2025\\\/06\\\/teatre-principal.jpg\",\"contentUrl\":\"https:\\\/\\\/www.copealcoy.es\\\/wp-content\\\/uploads\\\/2025\\\/06\\\/teatre-principal.jpg\",\"width\":820,\"height\":545},{\"@type\":\"BreadcrumbList\",\"@id\":\"https:\\\/\\\/www.copealcoy.es\\\/es\\\/el-ayuntamiento-de-alcoy-sera-quien-licite-las-obras-de-reforma-del-teatre-principal\\\/#breadcrumb\",\"itemListElement\":[{\"@type\":\"ListItem\",\"position\":1,\"name\":\"Portada\",\"item\":\"https:\\\/\\\/www.copealcoy.es\\\/es\\\/\"},{\"@type\":\"ListItem\",\"position\":2,\"name\":\"El Ayuntamiento de Alcoy ser\u00e1 quien licite las obras de reforma del Teatre Principal\"}]},{\"@type\":\"WebSite\",\"@id\":\"https:\\\/\\\/www.copealcoy.es\\\/es\\\/#website\",\"url\":\"https:\\\/\\\/www.copealcoy.es\\\/es\\\/\",\"name\":\"COPE Alcoy\",\"description\":\"Emisora COPE de radio local con emisi\u00f3n online. Pont de Sant Jordi 8-10 03803 Alcoy\",\"potentialAction\":[{\"@type\":\"SearchAction\",\"target\":{\"@type\":\"EntryPoint\",\"urlTemplate\":\"https:\\\/\\\/www.copealcoy.es\\\/es\\\/?s={search_term_string}\"},\"query-input\":{\"@type\":\"PropertyValueSpecification\",\"valueRequired\":true,\"valueName\":\"search_term_string\"}}],\"inLanguage\":\"es\"},{\"@type\":\"Person\",\"@id\":\"https:\\\/\\\/www.copealcoy.es\\\/es\\\/#\\\/schema\\\/person\\\/e777c87fa024e57d40170af9df39882c\",\"name\":\"Cope Alcoy\",\"image\":{\"@type\":\"ImageObject\",\"inLanguage\":\"es\",\"@id\":\"https:\\\/\\\/secure.gravatar.com\\\/avatar\\\/bb65d0283347e303893ba14f0692005417c1e0e690a325a4c5d8bb2b3943ee14?s=96&d=mm&r=g\",\"url\":\"https:\\\/\\\/secure.gravatar.com\\\/avatar\\\/bb65d0283347e303893ba14f0692005417c1e0e690a325a4c5d8bb2b3943ee14?s=96&d=mm&r=g\",\"contentUrl\":\"https:\\\/\\\/secure.gravatar.com\\\/avatar\\\/bb65d0283347e303893ba14f0692005417c1e0e690a325a4c5d8bb2b3943ee14?s=96&d=mm&r=g\",\"caption\":\"Cope Alcoy\"}}]}<\/script>\n<!-- \/ Yoast SEO plugin. -->","yoast_head_json":{"title":"El Ayuntamiento de Alcoy ser\u00e1 quien licite las obras de reforma del Teatre Principal - COPE Alcoy","robots":{"index":"index","follow":"follow","max-snippet":"max-snippet:-1","max-image-preview":"max-image-preview:large","max-video-preview":"max-video-preview:-1"},"canonical":"https:\/\/www.copealcoy.es\/es\/el-ayuntamiento-de-alcoy-sera-quien-licite-las-obras-de-reforma-del-teatre-principal\/","og_locale":"es_ES","og_type":"article","og_title":"El Ayuntamiento de Alcoy ser\u00e1 quien licite las obras de reforma del Teatre Principal - COPE Alcoy","og_description":"Desde el Ayuntamiento de Alcoy se ha anunciado en este jueves que ser\u00e1 finalmente el consistorio quien\u00a0 inicie el proceso...","og_url":"https:\/\/www.copealcoy.es\/es\/el-ayuntamiento-de-alcoy-sera-quien-licite-las-obras-de-reforma-del-teatre-principal\/","og_site_name":"COPE Alcoy","article_published_time":"2025-06-19T16:01:38+00:00","article_modified_time":"2025-06-19T16:09:55+00:00","og_image":[{"width":820,"height":545,"url":"https:\/\/www.copealcoy.es\/wp-content\/uploads\/2025\/06\/teatre-principal.jpg","type":"image\/jpeg"}],"author":"Cope Alcoy","twitter_misc":{"Escrito por":"Cope Alcoy","Tiempo de lectura":"2 minutos"},"schema":{"@context":"https:\/\/schema.org","@graph":[{"@type":"Article","@id":"https:\/\/www.copealcoy.es\/es\/el-ayuntamiento-de-alcoy-sera-quien-licite-las-obras-de-reforma-del-teatre-principal\/#article","isPartOf":{"@id":"https:\/\/www.copealcoy.es\/es\/el-ayuntamiento-de-alcoy-sera-quien-licite-las-obras-de-reforma-del-teatre-principal\/"},"author":{"name":"Cope Alcoy","@id":"https:\/\/www.copealcoy.es\/es\/#\/schema\/person\/e777c87fa024e57d40170af9df39882c"},"headline":"El Ayuntamiento de Alcoy ser\u00e1 quien licite las obras de reforma del Teatre Principal","datePublished":"2025-06-19T16:01:38+00:00","dateModified":"2025-06-19T16:09:55+00:00","mainEntityOfPage":{"@id":"https:\/\/www.copealcoy.es\/es\/el-ayuntamiento-de-alcoy-sera-quien-licite-las-obras-de-reforma-del-teatre-principal\/"},"wordCount":355,"image":{"@id":"https:\/\/www.copealcoy.es\/es\/el-ayuntamiento-de-alcoy-sera-quien-licite-las-obras-de-reforma-del-teatre-principal\/#primaryimage"},"thumbnailUrl":"https:\/\/www.copealcoy.es\/wp-content\/uploads\/2025\/06\/teatre-principal.jpg","keywords":["Alcoy","Reforma","Teatro Principal"],"articleSection":["Actualidad","Alcoy","Noticias","Portada"],"inLanguage":"es"},{"@type":"WebPage","@id":"https:\/\/www.copealcoy.es\/es\/el-ayuntamiento-de-alcoy-sera-quien-licite-las-obras-de-reforma-del-teatre-principal\/","url":"https:\/\/www.copealcoy.es\/es\/el-ayuntamiento-de-alcoy-sera-quien-licite-las-obras-de-reforma-del-teatre-principal\/","name":"El Ayuntamiento de Alcoy ser\u00e1 quien licite las obras de reforma del Teatre Principal - COPE Alcoy","isPartOf":{"@id":"https:\/\/www.copealcoy.es\/es\/#website"},"primaryImageOfPage":{"@id":"https:\/\/www.copealcoy.es\/es\/el-ayuntamiento-de-alcoy-sera-quien-licite-las-obras-de-reforma-del-teatre-principal\/#primaryimage"},"image":{"@id":"https:\/\/www.copealcoy.es\/es\/el-ayuntamiento-de-alcoy-sera-quien-licite-las-obras-de-reforma-del-teatre-principal\/#primaryimage"},"thumbnailUrl":"https:\/\/www.copealcoy.es\/wp-content\/uploads\/2025\/06\/teatre-principal.jpg","datePublished":"2025-06-19T16:01:38+00:00","dateModified":"2025-06-19T16:09:55+00:00","author":{"@id":"https:\/\/www.copealcoy.es\/es\/#\/schema\/person\/e777c87fa024e57d40170af9df39882c"},"breadcrumb":{"@id":"https:\/\/www.copealcoy.es\/es\/el-ayuntamiento-de-alcoy-sera-quien-licite-las-obras-de-reforma-del-teatre-principal\/#breadcrumb"},"inLanguage":"es","potentialAction":[{"@type":"ReadAction","target":["https:\/\/www.copealcoy.es\/es\/el-ayuntamiento-de-alcoy-sera-quien-licite-las-obras-de-reforma-del-teatre-principal\/"]}]},{"@type":"ImageObject","inLanguage":"es","@id":"https:\/\/www.copealcoy.es\/es\/el-ayuntamiento-de-alcoy-sera-quien-licite-las-obras-de-reforma-del-teatre-principal\/#primaryimage","url":"https:\/\/www.copealcoy.es\/wp-content\/uploads\/2025\/06\/teatre-principal.jpg","contentUrl":"https:\/\/www.copealcoy.es\/wp-content\/uploads\/2025\/06\/teatre-principal.jpg","width":820,"height":545},{"@type":"BreadcrumbList","@id":"https:\/\/www.copealcoy.es\/es\/el-ayuntamiento-de-alcoy-sera-quien-licite-las-obras-de-reforma-del-teatre-principal\/#breadcrumb","itemListElement":[{"@type":"ListItem","position":1,"name":"Portada","item":"https:\/\/www.copealcoy.es\/es\/"},{"@type":"ListItem","position":2,"name":"El Ayuntamiento de Alcoy ser\u00e1 quien licite las obras de reforma del Teatre Principal"}]},{"@type":"WebSite","@id":"https:\/\/www.copealcoy.es\/es\/#website","url":"https:\/\/www.copealcoy.es\/es\/","name":"COPE Alcoy","description":"Emisora COPE de radio local con emisi\u00f3n online. Pont de Sant Jordi 8-10 03803 Alcoy","potentialAction":[{"@type":"SearchAction","target":{"@type":"EntryPoint","urlTemplate":"https:\/\/www.copealcoy.es\/es\/?s={search_term_string}"},"query-input":{"@type":"PropertyValueSpecification","valueRequired":true,"valueName":"search_term_string"}}],"inLanguage":"es"},{"@type":"Person","@id":"https:\/\/www.copealcoy.es\/es\/#\/schema\/person\/e777c87fa024e57d40170af9df39882c","name":"Cope Alcoy","image":{"@type":"ImageObject","inLanguage":"es","@id":"https:\/\/secure.gravatar.com\/avatar\/bb65d0283347e303893ba14f0692005417c1e0e690a325a4c5d8bb2b3943ee14?s=96&d=mm&r=g","url":"https:\/\/secure.gravatar.com\/avatar\/bb65d0283347e303893ba14f0692005417c1e0e690a325a4c5d8bb2b3943ee14?s=96&d=mm&r=g","contentUrl":"https:\/\/secure.gravatar.com\/avatar\/bb65d0283347e303893ba14f0692005417c1e0e690a325a4c5d8bb2b3943ee14?s=96&d=mm&r=g","caption":"Cope Alcoy"}}]}},"_links":{"self":[{"href":"https:\/\/www.copealcoy.es\/es\/wp-json\/wp\/v2\/posts\/154045","targetHints":{"allow":["GET"]}}],"collection":[{"href":"https:\/\/www.copealcoy.es\/es\/wp-json\/wp\/v2\/posts"}],"about":[{"href":"https:\/\/www.copealcoy.es\/es\/wp-json\/wp\/v2\/types\/post"}],"author":[{"embeddable":true,"href":"https:\/\/www.copealcoy.es\/es\/wp-json\/wp\/v2\/users\/1"}],"replies":[{"embeddable":true,"href":"https:\/\/www.copealcoy.es\/es\/wp-json\/wp\/v2\/comments?post=154045"}],"version-history":[{"count":2,"href":"https:\/\/www.copealcoy.es\/es\/wp-json\/wp\/v2\/posts\/154045\/revisions"}],"predecessor-version":[{"id":154058,"href":"https:\/\/www.copealcoy.es\/es\/wp-json\/wp\/v2\/posts\/154045\/revisions\/154058"}],"wp:featuredmedia":[{"embeddable":true,"href":"https:\/\/www.copealcoy.es\/es\/wp-json\/wp\/v2\/media\/154051"}],"wp:attachment":[{"href":"https:\/\/www.copealcoy.es\/es\/wp-json\/wp\/v2\/media?parent=154045"}],"wp:term":[{"taxonomy":"category","embeddable":true,"href":"https:\/\/www.copealcoy.es\/es\/wp-json\/wp\/v2\/categories?post=154045"},{"taxonomy":"post_tag","embeddable":true,"href":"https:\/\/www.copealcoy.es\/es\/wp-json\/wp\/v2\/tags?post=154045"}],"curies":[{"name":"wp","href":"https:\/\/api.w.org\/{rel}","templated":true}]}}