{"id":15394,"date":"2015-09-01T18:25:20","date_gmt":"2015-09-01T18:25:20","guid":{"rendered":"http:\/\/copealcoi.es\/new\/?p=15394"},"modified":"2015-09-01T20:44:56","modified_gmt":"2015-09-01T20:44:56","slug":"juan-abad-asume-la-secretaria-general-del-pp","status":"publish","type":"post","link":"https:\/\/www.copealcoy.es\/es\/juan-abad-asume-la-secretaria-general-del-pp\/","title":{"rendered":"Juan Abad asume la Secretar\u00eda General del PP"},"content":{"rendered":"<p style=\"text-align: justify;\">El exconcejal del Partido Popular en el Ayuntamiento de Alcoy, Juan Abad, ser\u00e1 el nuevo Secretario General de la formaci\u00f3n en sustituci\u00f3n de Nacho Palmer. As\u00ed lo ha confirmado este martes en el Tiempo del An\u00e1lisis de La Ma\u00f1ana de Cope Alcoy el portavoz popular, Rafa Mir\u00f3, que ha apuntado que este cambio permitir\u00e1 que Palmer se centre en su labor de edil mientras que Abad tendr\u00e1 la tarea de reorganizar el partido &#8220;uno de los primeros retos ser\u00e1 llevar a cabo una reorganizaci\u00f3n interna&#8221;, ha aclarado Mir\u00f3. Se\u00f1alar que la propuesta fue aprobada el pasado mes de agosto en el transcurso de la ejecutiva del PP.<\/p>\n<p style=\"text-align: justify;\">El Partido Popular alcoyano adem\u00e1s ha comunicado que\u00a0aplicar\u00e1 los estatutos vigentes en su formaci\u00f3n pol\u00edtica y dar\u00e1 cuenta de la extinci\u00f3n de la condici\u00f3n de afiliados tanto a\u00a0Rafa Peralta como a\u00a0Inmaculada Llopis. Hay que recordar que Peralta ha pasado a ser nuevo secretario de Ciudadanos tras haber formado parte de las filas populares e incluso haber estado de jefe de gabinete de alcald\u00eda cuando Jorge Sedano era primer edil. Adem\u00e1s Inmaculada Llopis concurr\u00eda en las pasadas elecciones municipales y auton\u00f3micas en las listas tambi\u00e9n de Ciudadanos mientras era afiliada del PP. Sobre ello Rafa Mir\u00f3 ha destacado en el Tiempo del An\u00e1lisis que en ambos casos se seguir\u00e1n las normas que dictaminan los citados estatutos &#8220;extinguiendo la condici\u00f3n de afiliado a dos personas que han pasado a un \u00f3rgano institucional alejada\u00a0al partido popular y que han participado en candidaturas distintas&#8221;, concluye.<\/p>\n<p style=\"text-align: justify;\"><strong>Respuesta de Ciudadanos<\/strong><\/p>\n<p style=\"text-align: justify;\">Desde Ciudadanos han respondido al PP y la coordinadora del partido en Alcoy, Rosa Garc\u00eda, ha emitido un comunicado en el que aclara que Rafa Peralta hab\u00eda intentado darse de baja del partido en la \u00faltima semana habiendo sido esto imposible al encontrarse la sede de Alicante cerrada. Sobre Inmaculada Llopis la coordinadora afirma que se dio de baja antes de su presentaci\u00f3n oficial en Ciudadanos y matiza que\u00a0lo intent\u00f3 en Alcoy\u00a0en los \u00faltimos a\u00f1os sin obtener respuesta.<\/p>\n","protected":false},"excerpt":{"rendered":"<p>El exconcejal del Partido Popular en el Ayuntamiento de Alcoy, Juan Abad, ser\u00e1 el nuevo Secretario General de la formaci\u00f3n&#8230;<\/p>\n","protected":false},"author":1,"featured_media":15397,"comment_status":"open","ping_status":"open","sticky":false,"template":"","format":"standard","meta":{"footnotes":""},"categories":[97,75,79],"tags":[1494,448,422],"class_list":["post-15394","post","type-post","status-publish","format-standard","has-post-thumbnail","hentry","category-alcoy","category-noticias","category-politicayeconomia","tag-alcoy","tag-partido-popular","tag-politica"],"yoast_head":"<!-- This site is optimized with the Yoast SEO plugin v27.3 - https:\/\/yoast.com\/product\/yoast-seo-wordpress\/ -->\n<title>Juan Abad asume la Secretar\u00eda General del PP - COPE Alcoy<\/title>\n<meta name=\"robots\" content=\"index, follow, max-snippet:-1, max-image-preview:large, max-video-preview:-1\" \/>\n<link rel=\"canonical\" href=\"https:\/\/www.copealcoy.es\/es\/juan-abad-asume-la-secretaria-general-del-pp\/\" \/>\n<meta property=\"og:locale\" content=\"es_ES\" \/>\n<meta property=\"og:type\" content=\"article\" \/>\n<meta property=\"og:title\" content=\"Juan Abad asume la Secretar\u00eda General del PP - COPE Alcoy\" \/>\n<meta property=\"og:description\" content=\"El exconcejal del Partido Popular en el Ayuntamiento de Alcoy, Juan Abad, ser\u00e1 el nuevo Secretario General de la formaci\u00f3n...\" \/>\n<meta property=\"og:url\" content=\"https:\/\/www.copealcoy.es\/es\/juan-abad-asume-la-secretaria-general-del-pp\/\" \/>\n<meta property=\"og:site_name\" content=\"COPE Alcoy\" \/>\n<meta property=\"article:published_time\" content=\"2015-09-01T18:25:20+00:00\" \/>\n<meta property=\"article:modified_time\" content=\"2015-09-01T20:44:56+00:00\" \/>\n<meta property=\"og:image\" content=\"https:\/\/www.copealcoy.es\/wp-content\/uploads\/2015\/09\/rafa-miro.jpg\" \/>\n\t<meta property=\"og:image:width\" content=\"579\" \/>\n\t<meta property=\"og:image:height\" content=\"367\" \/>\n\t<meta property=\"og:image:type\" content=\"image\/jpeg\" \/>\n<meta name=\"author\" content=\"Cope Alcoy\" \/>\n<meta name=\"twitter:label1\" content=\"Escrito por\" \/>\n\t<meta name=\"twitter:data1\" content=\"Cope Alcoy\" \/>\n\t<meta name=\"twitter:label2\" content=\"Tiempo de lectura\" \/>\n\t<meta name=\"twitter:data2\" content=\"2 minutos\" \/>\n<script type=\"application\/ld+json\" class=\"yoast-schema-graph\">{\"@context\":\"https:\\\/\\\/schema.org\",\"@graph\":[{\"@type\":\"Article\",\"@id\":\"https:\\\/\\\/www.copealcoy.es\\\/es\\\/juan-abad-asume-la-secretaria-general-del-pp\\\/#article\",\"isPartOf\":{\"@id\":\"https:\\\/\\\/www.copealcoy.es\\\/es\\\/juan-abad-asume-la-secretaria-general-del-pp\\\/\"},\"author\":{\"name\":\"Cope Alcoy\",\"@id\":\"https:\\\/\\\/www.copealcoy.es\\\/es\\\/#\\\/schema\\\/person\\\/e777c87fa024e57d40170af9df39882c\"},\"headline\":\"Juan Abad asume la Secretar\u00eda General del PP\",\"datePublished\":\"2015-09-01T18:25:20+00:00\",\"dateModified\":\"2015-09-01T20:44:56+00:00\",\"mainEntityOfPage\":{\"@id\":\"https:\\\/\\\/www.copealcoy.es\\\/es\\\/juan-abad-asume-la-secretaria-general-del-pp\\\/\"},\"wordCount\":367,\"commentCount\":0,\"image\":{\"@id\":\"https:\\\/\\\/www.copealcoy.es\\\/es\\\/juan-abad-asume-la-secretaria-general-del-pp\\\/#primaryimage\"},\"thumbnailUrl\":\"https:\\\/\\\/www.copealcoy.es\\\/wp-content\\\/uploads\\\/2015\\\/09\\\/rafa-miro.jpg\",\"keywords\":[\"Alcoy\",\"Partido Popular\",\"Pol\u00edtica\"],\"articleSection\":[\"Alcoy\",\"Noticias\",\"Pol\u00edtica y Econom\u00eda\"],\"inLanguage\":\"es\"},{\"@type\":\"WebPage\",\"@id\":\"https:\\\/\\\/www.copealcoy.es\\\/es\\\/juan-abad-asume-la-secretaria-general-del-pp\\\/\",\"url\":\"https:\\\/\\\/www.copealcoy.es\\\/es\\\/juan-abad-asume-la-secretaria-general-del-pp\\\/\",\"name\":\"Juan Abad asume la Secretar\u00eda General del PP - COPE Alcoy\",\"isPartOf\":{\"@id\":\"https:\\\/\\\/www.copealcoy.es\\\/es\\\/#website\"},\"primaryImageOfPage\":{\"@id\":\"https:\\\/\\\/www.copealcoy.es\\\/es\\\/juan-abad-asume-la-secretaria-general-del-pp\\\/#primaryimage\"},\"image\":{\"@id\":\"https:\\\/\\\/www.copealcoy.es\\\/es\\\/juan-abad-asume-la-secretaria-general-del-pp\\\/#primaryimage\"},\"thumbnailUrl\":\"https:\\\/\\\/www.copealcoy.es\\\/wp-content\\\/uploads\\\/2015\\\/09\\\/rafa-miro.jpg\",\"datePublished\":\"2015-09-01T18:25:20+00:00\",\"dateModified\":\"2015-09-01T20:44:56+00:00\",\"author\":{\"@id\":\"https:\\\/\\\/www.copealcoy.es\\\/es\\\/#\\\/schema\\\/person\\\/e777c87fa024e57d40170af9df39882c\"},\"breadcrumb\":{\"@id\":\"https:\\\/\\\/www.copealcoy.es\\\/es\\\/juan-abad-asume-la-secretaria-general-del-pp\\\/#breadcrumb\"},\"inLanguage\":\"es\",\"potentialAction\":[{\"@type\":\"ReadAction\",\"target\":[\"https:\\\/\\\/www.copealcoy.es\\\/es\\\/juan-abad-asume-la-secretaria-general-del-pp\\\/\"]}]},{\"@type\":\"ImageObject\",\"inLanguage\":\"es\",\"@id\":\"https:\\\/\\\/www.copealcoy.es\\\/es\\\/juan-abad-asume-la-secretaria-general-del-pp\\\/#primaryimage\",\"url\":\"https:\\\/\\\/www.copealcoy.es\\\/wp-content\\\/uploads\\\/2015\\\/09\\\/rafa-miro.jpg\",\"contentUrl\":\"https:\\\/\\\/www.copealcoy.es\\\/wp-content\\\/uploads\\\/2015\\\/09\\\/rafa-miro.jpg\",\"width\":579,\"height\":367,\"caption\":\"Juan Abad junto a Rafa Mir\u00f3 en la Romer\u00eda a la Font Roja 2013 \\\/ Foto: Nebur\"},{\"@type\":\"BreadcrumbList\",\"@id\":\"https:\\\/\\\/www.copealcoy.es\\\/es\\\/juan-abad-asume-la-secretaria-general-del-pp\\\/#breadcrumb\",\"itemListElement\":[{\"@type\":\"ListItem\",\"position\":1,\"name\":\"Portada\",\"item\":\"https:\\\/\\\/www.copealcoy.es\\\/es\\\/\"},{\"@type\":\"ListItem\",\"position\":2,\"name\":\"Juan Abad asume la Secretar\u00eda General del PP\"}]},{\"@type\":\"WebSite\",\"@id\":\"https:\\\/\\\/www.copealcoy.es\\\/es\\\/#website\",\"url\":\"https:\\\/\\\/www.copealcoy.es\\\/es\\\/\",\"name\":\"COPE Alcoy\",\"description\":\"Emisora COPE de radio local con emisi\u00f3n online. Pont de Sant Jordi 8-10 03803 Alcoy\",\"potentialAction\":[{\"@type\":\"SearchAction\",\"target\":{\"@type\":\"EntryPoint\",\"urlTemplate\":\"https:\\\/\\\/www.copealcoy.es\\\/es\\\/?s={search_term_string}\"},\"query-input\":{\"@type\":\"PropertyValueSpecification\",\"valueRequired\":true,\"valueName\":\"search_term_string\"}}],\"inLanguage\":\"es\"},{\"@type\":\"Person\",\"@id\":\"https:\\\/\\\/www.copealcoy.es\\\/es\\\/#\\\/schema\\\/person\\\/e777c87fa024e57d40170af9df39882c\",\"name\":\"Cope Alcoy\",\"image\":{\"@type\":\"ImageObject\",\"inLanguage\":\"es\",\"@id\":\"https:\\\/\\\/secure.gravatar.com\\\/avatar\\\/bb65d0283347e303893ba14f0692005417c1e0e690a325a4c5d8bb2b3943ee14?s=96&d=mm&r=g\",\"url\":\"https:\\\/\\\/secure.gravatar.com\\\/avatar\\\/bb65d0283347e303893ba14f0692005417c1e0e690a325a4c5d8bb2b3943ee14?s=96&d=mm&r=g\",\"contentUrl\":\"https:\\\/\\\/secure.gravatar.com\\\/avatar\\\/bb65d0283347e303893ba14f0692005417c1e0e690a325a4c5d8bb2b3943ee14?s=96&d=mm&r=g\",\"caption\":\"Cope Alcoy\"}}]}<\/script>\n<!-- \/ Yoast SEO plugin. -->","yoast_head_json":{"title":"Juan Abad asume la Secretar\u00eda General del PP - COPE Alcoy","robots":{"index":"index","follow":"follow","max-snippet":"max-snippet:-1","max-image-preview":"max-image-preview:large","max-video-preview":"max-video-preview:-1"},"canonical":"https:\/\/www.copealcoy.es\/es\/juan-abad-asume-la-secretaria-general-del-pp\/","og_locale":"es_ES","og_type":"article","og_title":"Juan Abad asume la Secretar\u00eda General del PP - COPE Alcoy","og_description":"El exconcejal del Partido Popular en el Ayuntamiento de Alcoy, Juan Abad, ser\u00e1 el nuevo Secretario General de la formaci\u00f3n...","og_url":"https:\/\/www.copealcoy.es\/es\/juan-abad-asume-la-secretaria-general-del-pp\/","og_site_name":"COPE Alcoy","article_published_time":"2015-09-01T18:25:20+00:00","article_modified_time":"2015-09-01T20:44:56+00:00","og_image":[{"width":579,"height":367,"url":"https:\/\/www.copealcoy.es\/wp-content\/uploads\/2015\/09\/rafa-miro.jpg","type":"image\/jpeg"}],"author":"Cope Alcoy","twitter_misc":{"Escrito por":"Cope Alcoy","Tiempo de lectura":"2 minutos"},"schema":{"@context":"https:\/\/schema.org","@graph":[{"@type":"Article","@id":"https:\/\/www.copealcoy.es\/es\/juan-abad-asume-la-secretaria-general-del-pp\/#article","isPartOf":{"@id":"https:\/\/www.copealcoy.es\/es\/juan-abad-asume-la-secretaria-general-del-pp\/"},"author":{"name":"Cope Alcoy","@id":"https:\/\/www.copealcoy.es\/es\/#\/schema\/person\/e777c87fa024e57d40170af9df39882c"},"headline":"Juan Abad asume la Secretar\u00eda General del PP","datePublished":"2015-09-01T18:25:20+00:00","dateModified":"2015-09-01T20:44:56+00:00","mainEntityOfPage":{"@id":"https:\/\/www.copealcoy.es\/es\/juan-abad-asume-la-secretaria-general-del-pp\/"},"wordCount":367,"commentCount":0,"image":{"@id":"https:\/\/www.copealcoy.es\/es\/juan-abad-asume-la-secretaria-general-del-pp\/#primaryimage"},"thumbnailUrl":"https:\/\/www.copealcoy.es\/wp-content\/uploads\/2015\/09\/rafa-miro.jpg","keywords":["Alcoy","Partido Popular","Pol\u00edtica"],"articleSection":["Alcoy","Noticias","Pol\u00edtica y Econom\u00eda"],"inLanguage":"es"},{"@type":"WebPage","@id":"https:\/\/www.copealcoy.es\/es\/juan-abad-asume-la-secretaria-general-del-pp\/","url":"https:\/\/www.copealcoy.es\/es\/juan-abad-asume-la-secretaria-general-del-pp\/","name":"Juan Abad asume la Secretar\u00eda General del PP - COPE Alcoy","isPartOf":{"@id":"https:\/\/www.copealcoy.es\/es\/#website"},"primaryImageOfPage":{"@id":"https:\/\/www.copealcoy.es\/es\/juan-abad-asume-la-secretaria-general-del-pp\/#primaryimage"},"image":{"@id":"https:\/\/www.copealcoy.es\/es\/juan-abad-asume-la-secretaria-general-del-pp\/#primaryimage"},"thumbnailUrl":"https:\/\/www.copealcoy.es\/wp-content\/uploads\/2015\/09\/rafa-miro.jpg","datePublished":"2015-09-01T18:25:20+00:00","dateModified":"2015-09-01T20:44:56+00:00","author":{"@id":"https:\/\/www.copealcoy.es\/es\/#\/schema\/person\/e777c87fa024e57d40170af9df39882c"},"breadcrumb":{"@id":"https:\/\/www.copealcoy.es\/es\/juan-abad-asume-la-secretaria-general-del-pp\/#breadcrumb"},"inLanguage":"es","potentialAction":[{"@type":"ReadAction","target":["https:\/\/www.copealcoy.es\/es\/juan-abad-asume-la-secretaria-general-del-pp\/"]}]},{"@type":"ImageObject","inLanguage":"es","@id":"https:\/\/www.copealcoy.es\/es\/juan-abad-asume-la-secretaria-general-del-pp\/#primaryimage","url":"https:\/\/www.copealcoy.es\/wp-content\/uploads\/2015\/09\/rafa-miro.jpg","contentUrl":"https:\/\/www.copealcoy.es\/wp-content\/uploads\/2015\/09\/rafa-miro.jpg","width":579,"height":367,"caption":"Juan Abad junto a Rafa Mir\u00f3 en la Romer\u00eda a la Font Roja 2013 \/ Foto: Nebur"},{"@type":"BreadcrumbList","@id":"https:\/\/www.copealcoy.es\/es\/juan-abad-asume-la-secretaria-general-del-pp\/#breadcrumb","itemListElement":[{"@type":"ListItem","position":1,"name":"Portada","item":"https:\/\/www.copealcoy.es\/es\/"},{"@type":"ListItem","position":2,"name":"Juan Abad asume la Secretar\u00eda General del PP"}]},{"@type":"WebSite","@id":"https:\/\/www.copealcoy.es\/es\/#website","url":"https:\/\/www.copealcoy.es\/es\/","name":"COPE Alcoy","description":"Emisora COPE de radio local con emisi\u00f3n online. Pont de Sant Jordi 8-10 03803 Alcoy","potentialAction":[{"@type":"SearchAction","target":{"@type":"EntryPoint","urlTemplate":"https:\/\/www.copealcoy.es\/es\/?s={search_term_string}"},"query-input":{"@type":"PropertyValueSpecification","valueRequired":true,"valueName":"search_term_string"}}],"inLanguage":"es"},{"@type":"Person","@id":"https:\/\/www.copealcoy.es\/es\/#\/schema\/person\/e777c87fa024e57d40170af9df39882c","name":"Cope Alcoy","image":{"@type":"ImageObject","inLanguage":"es","@id":"https:\/\/secure.gravatar.com\/avatar\/bb65d0283347e303893ba14f0692005417c1e0e690a325a4c5d8bb2b3943ee14?s=96&d=mm&r=g","url":"https:\/\/secure.gravatar.com\/avatar\/bb65d0283347e303893ba14f0692005417c1e0e690a325a4c5d8bb2b3943ee14?s=96&d=mm&r=g","contentUrl":"https:\/\/secure.gravatar.com\/avatar\/bb65d0283347e303893ba14f0692005417c1e0e690a325a4c5d8bb2b3943ee14?s=96&d=mm&r=g","caption":"Cope Alcoy"}}]}},"_links":{"self":[{"href":"https:\/\/www.copealcoy.es\/es\/wp-json\/wp\/v2\/posts\/15394","targetHints":{"allow":["GET"]}}],"collection":[{"href":"https:\/\/www.copealcoy.es\/es\/wp-json\/wp\/v2\/posts"}],"about":[{"href":"https:\/\/www.copealcoy.es\/es\/wp-json\/wp\/v2\/types\/post"}],"author":[{"embeddable":true,"href":"https:\/\/www.copealcoy.es\/es\/wp-json\/wp\/v2\/users\/1"}],"replies":[{"embeddable":true,"href":"https:\/\/www.copealcoy.es\/es\/wp-json\/wp\/v2\/comments?post=15394"}],"version-history":[{"count":0,"href":"https:\/\/www.copealcoy.es\/es\/wp-json\/wp\/v2\/posts\/15394\/revisions"}],"wp:featuredmedia":[{"embeddable":true,"href":"https:\/\/www.copealcoy.es\/es\/wp-json\/wp\/v2\/media\/15397"}],"wp:attachment":[{"href":"https:\/\/www.copealcoy.es\/es\/wp-json\/wp\/v2\/media?parent=15394"}],"wp:term":[{"taxonomy":"category","embeddable":true,"href":"https:\/\/www.copealcoy.es\/es\/wp-json\/wp\/v2\/categories?post=15394"},{"taxonomy":"post_tag","embeddable":true,"href":"https:\/\/www.copealcoy.es\/es\/wp-json\/wp\/v2\/tags?post=15394"}],"curies":[{"name":"wp","href":"https:\/\/api.w.org\/{rel}","templated":true}]}}