{"id":15378,"date":"2015-09-01T14:15:47","date_gmt":"2015-09-01T14:15:47","guid":{"rendered":"http:\/\/copealcoi.es\/new\/?p=15378"},"modified":"2015-09-01T14:15:47","modified_gmt":"2015-09-01T14:15:47","slug":"el-gobierno-confia-en-aprobar-los-presupuestos-a-finales-de-octubre","status":"publish","type":"post","link":"https:\/\/www.copealcoy.es\/es\/el-gobierno-confia-en-aprobar-los-presupuestos-a-finales-de-octubre\/","title":{"rendered":"El Gobierno conf\u00eda en aprobar los Presupuestos a finales de octubre"},"content":{"rendered":"<p style=\"text-align: justify;\">El\u00a0Gobierno Municipal de Alcoy iniciar\u00e1 durante de septiembre la redacci\u00f3n de los presupuestos locales para el pr\u00f3ximo a\u00f1o 2016. El alcalde, Antonio Franc\u00e9s, ha destacado hoy en La Ma\u00f1ana de Cope Alcoy que durante las pr\u00f3ximas dos semanas las diferentes concejal\u00edas preparar\u00e1n sus proyectos y propuestas al mismo tiempo que estas se ajustar\u00e1n atendiendo a las restricciones que exige el Ministerio de Hacienda para no superar el techo de gasto. Franc\u00e9s ha apuntado que a finales de este mes se puede tener ya un primer borrador que ser\u00e1 remitido a los Grupos Pol\u00edticos con representaci\u00f3n municipal\u00a0para que lo estudien y hagan tambi\u00e9n sus planteamientos. La intenci\u00f3n del primer edil es que en la \u00faltima semana de octubre puedan llevarse las cuentas al pleno para su aprobaci\u00f3n &#8220;as\u00ed podremos cumplir con el objetivo de ponerlas en funcionamiento a partir del primero de enero&#8221;, ha asegurado. Por \u00faltimo el alcalde no ha adelantado todav\u00eda una cifra exacta sobre la cuant\u00eda a la que ascender\u00e1n los Presupuestos a la espera de ir recogiendo toda la informaci\u00f3n que ir\u00e1n facilitando las diferentes \u00e1reas durante las semanas venideras.<\/p>\n<p style=\"text-align: justify;\">Recordar que en el ejercicio de 2014 el Presupuesto Local rond\u00f3 los cincuenta millones de euros, una cifra similar a la que se contemplaba para este 2015 y que finalmente no sali\u00f3 adelante el pasado mes de abril al no contar con el respaldo de PP y Comprom\u00eds. Esta situaci\u00f3n ha llevado a que Alcoy cuente durante todo el a\u00f1o con un presupuesto prorrogado.<\/p>\n","protected":false},"excerpt":{"rendered":"<p>El\u00a0Gobierno Municipal de Alcoy iniciar\u00e1 durante de septiembre la redacci\u00f3n de los presupuestos locales para el pr\u00f3ximo a\u00f1o 2016. El&#8230;<\/p>\n","protected":false},"author":1,"featured_media":13024,"comment_status":"open","ping_status":"open","sticky":false,"template":"","format":"standard","meta":{"footnotes":""},"categories":[97,75,125],"tags":[1494,390,422,316],"class_list":["post-15378","post","type-post","status-publish","format-standard","has-post-thumbnail","hentry","category-alcoy","category-noticias","category-portada","tag-alcoy","tag-economia","tag-politica","tag-presupuestos"],"yoast_head":"<!-- This site is optimized with the Yoast SEO plugin v27.3 - https:\/\/yoast.com\/product\/yoast-seo-wordpress\/ -->\n<title>El Gobierno conf\u00eda en aprobar los Presupuestos a finales de octubre - COPE Alcoy<\/title>\n<meta name=\"robots\" content=\"index, follow, max-snippet:-1, max-image-preview:large, max-video-preview:-1\" \/>\n<link rel=\"canonical\" href=\"https:\/\/www.copealcoy.es\/es\/el-gobierno-confia-en-aprobar-los-presupuestos-a-finales-de-octubre\/\" \/>\n<meta property=\"og:locale\" content=\"es_ES\" \/>\n<meta property=\"og:type\" content=\"article\" \/>\n<meta property=\"og:title\" content=\"El Gobierno conf\u00eda en aprobar los Presupuestos a finales de octubre - COPE Alcoy\" \/>\n<meta property=\"og:description\" content=\"El\u00a0Gobierno Municipal de Alcoy iniciar\u00e1 durante de septiembre la redacci\u00f3n de los presupuestos locales para el pr\u00f3ximo a\u00f1o 2016. El...\" \/>\n<meta property=\"og:url\" content=\"https:\/\/www.copealcoy.es\/es\/el-gobierno-confia-en-aprobar-los-presupuestos-a-finales-de-octubre\/\" \/>\n<meta property=\"og:site_name\" content=\"COPE Alcoy\" \/>\n<meta property=\"article:published_time\" content=\"2015-09-01T14:15:47+00:00\" \/>\n<meta property=\"og:image\" content=\"https:\/\/www.copealcoy.es\/wp-content\/uploads\/2015\/05\/13387-alcoy-001-1-jpg.jpeg\" \/>\n\t<meta property=\"og:image:width\" content=\"1400\" \/>\n\t<meta property=\"og:image:height\" content=\"1050\" \/>\n\t<meta property=\"og:image:type\" content=\"image\/jpeg\" \/>\n<meta name=\"author\" content=\"Cope Alcoy\" \/>\n<meta name=\"twitter:label1\" content=\"Escrito por\" \/>\n\t<meta name=\"twitter:data1\" content=\"Cope Alcoy\" \/>\n\t<meta name=\"twitter:label2\" content=\"Tiempo de lectura\" \/>\n\t<meta name=\"twitter:data2\" content=\"1 minuto\" \/>\n<script type=\"application\/ld+json\" class=\"yoast-schema-graph\">{\"@context\":\"https:\\\/\\\/schema.org\",\"@graph\":[{\"@type\":\"Article\",\"@id\":\"https:\\\/\\\/www.copealcoy.es\\\/es\\\/el-gobierno-confia-en-aprobar-los-presupuestos-a-finales-de-octubre\\\/#article\",\"isPartOf\":{\"@id\":\"https:\\\/\\\/www.copealcoy.es\\\/es\\\/el-gobierno-confia-en-aprobar-los-presupuestos-a-finales-de-octubre\\\/\"},\"author\":{\"name\":\"Cope Alcoy\",\"@id\":\"https:\\\/\\\/www.copealcoy.es\\\/es\\\/#\\\/schema\\\/person\\\/e777c87fa024e57d40170af9df39882c\"},\"headline\":\"El Gobierno conf\u00eda en aprobar los Presupuestos a finales de octubre\",\"datePublished\":\"2015-09-01T14:15:47+00:00\",\"mainEntityOfPage\":{\"@id\":\"https:\\\/\\\/www.copealcoy.es\\\/es\\\/el-gobierno-confia-en-aprobar-los-presupuestos-a-finales-de-octubre\\\/\"},\"wordCount\":281,\"commentCount\":0,\"image\":{\"@id\":\"https:\\\/\\\/www.copealcoy.es\\\/es\\\/el-gobierno-confia-en-aprobar-los-presupuestos-a-finales-de-octubre\\\/#primaryimage\"},\"thumbnailUrl\":\"https:\\\/\\\/www.copealcoy.es\\\/wp-content\\\/uploads\\\/2015\\\/05\\\/13387-alcoy-001-1-jpg.jpeg\",\"keywords\":[\"Alcoy\",\"Econom\u00eda\",\"Pol\u00edtica\",\"Presupuestos\"],\"articleSection\":[\"Alcoy\",\"Noticias\",\"Portada\"],\"inLanguage\":\"es\"},{\"@type\":\"WebPage\",\"@id\":\"https:\\\/\\\/www.copealcoy.es\\\/es\\\/el-gobierno-confia-en-aprobar-los-presupuestos-a-finales-de-octubre\\\/\",\"url\":\"https:\\\/\\\/www.copealcoy.es\\\/es\\\/el-gobierno-confia-en-aprobar-los-presupuestos-a-finales-de-octubre\\\/\",\"name\":\"El Gobierno conf\u00eda en aprobar los Presupuestos a finales de octubre - COPE Alcoy\",\"isPartOf\":{\"@id\":\"https:\\\/\\\/www.copealcoy.es\\\/es\\\/#website\"},\"primaryImageOfPage\":{\"@id\":\"https:\\\/\\\/www.copealcoy.es\\\/es\\\/el-gobierno-confia-en-aprobar-los-presupuestos-a-finales-de-octubre\\\/#primaryimage\"},\"image\":{\"@id\":\"https:\\\/\\\/www.copealcoy.es\\\/es\\\/el-gobierno-confia-en-aprobar-los-presupuestos-a-finales-de-octubre\\\/#primaryimage\"},\"thumbnailUrl\":\"https:\\\/\\\/www.copealcoy.es\\\/wp-content\\\/uploads\\\/2015\\\/05\\\/13387-alcoy-001-1-jpg.jpeg\",\"datePublished\":\"2015-09-01T14:15:47+00:00\",\"author\":{\"@id\":\"https:\\\/\\\/www.copealcoy.es\\\/es\\\/#\\\/schema\\\/person\\\/e777c87fa024e57d40170af9df39882c\"},\"breadcrumb\":{\"@id\":\"https:\\\/\\\/www.copealcoy.es\\\/es\\\/el-gobierno-confia-en-aprobar-los-presupuestos-a-finales-de-octubre\\\/#breadcrumb\"},\"inLanguage\":\"es\",\"potentialAction\":[{\"@type\":\"ReadAction\",\"target\":[\"https:\\\/\\\/www.copealcoy.es\\\/es\\\/el-gobierno-confia-en-aprobar-los-presupuestos-a-finales-de-octubre\\\/\"]}]},{\"@type\":\"ImageObject\",\"inLanguage\":\"es\",\"@id\":\"https:\\\/\\\/www.copealcoy.es\\\/es\\\/el-gobierno-confia-en-aprobar-los-presupuestos-a-finales-de-octubre\\\/#primaryimage\",\"url\":\"https:\\\/\\\/www.copealcoy.es\\\/wp-content\\\/uploads\\\/2015\\\/05\\\/13387-alcoy-001-1-jpg.jpeg\",\"contentUrl\":\"https:\\\/\\\/www.copealcoy.es\\\/wp-content\\\/uploads\\\/2015\\\/05\\\/13387-alcoy-001-1-jpg.jpeg\",\"width\":1400,\"height\":1050,\"caption\":\"Ayuntamiento de Alcoy\"},{\"@type\":\"BreadcrumbList\",\"@id\":\"https:\\\/\\\/www.copealcoy.es\\\/es\\\/el-gobierno-confia-en-aprobar-los-presupuestos-a-finales-de-octubre\\\/#breadcrumb\",\"itemListElement\":[{\"@type\":\"ListItem\",\"position\":1,\"name\":\"Portada\",\"item\":\"https:\\\/\\\/www.copealcoy.es\\\/es\\\/\"},{\"@type\":\"ListItem\",\"position\":2,\"name\":\"El Gobierno conf\u00eda en aprobar los Presupuestos a finales de octubre\"}]},{\"@type\":\"WebSite\",\"@id\":\"https:\\\/\\\/www.copealcoy.es\\\/es\\\/#website\",\"url\":\"https:\\\/\\\/www.copealcoy.es\\\/es\\\/\",\"name\":\"COPE Alcoy\",\"description\":\"Emisora COPE de radio local con emisi\u00f3n online. Pont de Sant Jordi 8-10 03803 Alcoy\",\"potentialAction\":[{\"@type\":\"SearchAction\",\"target\":{\"@type\":\"EntryPoint\",\"urlTemplate\":\"https:\\\/\\\/www.copealcoy.es\\\/es\\\/?s={search_term_string}\"},\"query-input\":{\"@type\":\"PropertyValueSpecification\",\"valueRequired\":true,\"valueName\":\"search_term_string\"}}],\"inLanguage\":\"es\"},{\"@type\":\"Person\",\"@id\":\"https:\\\/\\\/www.copealcoy.es\\\/es\\\/#\\\/schema\\\/person\\\/e777c87fa024e57d40170af9df39882c\",\"name\":\"Cope Alcoy\",\"image\":{\"@type\":\"ImageObject\",\"inLanguage\":\"es\",\"@id\":\"https:\\\/\\\/secure.gravatar.com\\\/avatar\\\/bb65d0283347e303893ba14f0692005417c1e0e690a325a4c5d8bb2b3943ee14?s=96&d=mm&r=g\",\"url\":\"https:\\\/\\\/secure.gravatar.com\\\/avatar\\\/bb65d0283347e303893ba14f0692005417c1e0e690a325a4c5d8bb2b3943ee14?s=96&d=mm&r=g\",\"contentUrl\":\"https:\\\/\\\/secure.gravatar.com\\\/avatar\\\/bb65d0283347e303893ba14f0692005417c1e0e690a325a4c5d8bb2b3943ee14?s=96&d=mm&r=g\",\"caption\":\"Cope Alcoy\"}}]}<\/script>\n<!-- \/ Yoast SEO plugin. -->","yoast_head_json":{"title":"El Gobierno conf\u00eda en aprobar los Presupuestos a finales de octubre - COPE Alcoy","robots":{"index":"index","follow":"follow","max-snippet":"max-snippet:-1","max-image-preview":"max-image-preview:large","max-video-preview":"max-video-preview:-1"},"canonical":"https:\/\/www.copealcoy.es\/es\/el-gobierno-confia-en-aprobar-los-presupuestos-a-finales-de-octubre\/","og_locale":"es_ES","og_type":"article","og_title":"El Gobierno conf\u00eda en aprobar los Presupuestos a finales de octubre - COPE Alcoy","og_description":"El\u00a0Gobierno Municipal de Alcoy iniciar\u00e1 durante de septiembre la redacci\u00f3n de los presupuestos locales para el pr\u00f3ximo a\u00f1o 2016. El...","og_url":"https:\/\/www.copealcoy.es\/es\/el-gobierno-confia-en-aprobar-los-presupuestos-a-finales-de-octubre\/","og_site_name":"COPE Alcoy","article_published_time":"2015-09-01T14:15:47+00:00","og_image":[{"width":1400,"height":1050,"url":"https:\/\/www.copealcoy.es\/wp-content\/uploads\/2015\/05\/13387-alcoy-001-1-jpg.jpeg","type":"image\/jpeg"}],"author":"Cope Alcoy","twitter_misc":{"Escrito por":"Cope Alcoy","Tiempo de lectura":"1 minuto"},"schema":{"@context":"https:\/\/schema.org","@graph":[{"@type":"Article","@id":"https:\/\/www.copealcoy.es\/es\/el-gobierno-confia-en-aprobar-los-presupuestos-a-finales-de-octubre\/#article","isPartOf":{"@id":"https:\/\/www.copealcoy.es\/es\/el-gobierno-confia-en-aprobar-los-presupuestos-a-finales-de-octubre\/"},"author":{"name":"Cope Alcoy","@id":"https:\/\/www.copealcoy.es\/es\/#\/schema\/person\/e777c87fa024e57d40170af9df39882c"},"headline":"El Gobierno conf\u00eda en aprobar los Presupuestos a finales de octubre","datePublished":"2015-09-01T14:15:47+00:00","mainEntityOfPage":{"@id":"https:\/\/www.copealcoy.es\/es\/el-gobierno-confia-en-aprobar-los-presupuestos-a-finales-de-octubre\/"},"wordCount":281,"commentCount":0,"image":{"@id":"https:\/\/www.copealcoy.es\/es\/el-gobierno-confia-en-aprobar-los-presupuestos-a-finales-de-octubre\/#primaryimage"},"thumbnailUrl":"https:\/\/www.copealcoy.es\/wp-content\/uploads\/2015\/05\/13387-alcoy-001-1-jpg.jpeg","keywords":["Alcoy","Econom\u00eda","Pol\u00edtica","Presupuestos"],"articleSection":["Alcoy","Noticias","Portada"],"inLanguage":"es"},{"@type":"WebPage","@id":"https:\/\/www.copealcoy.es\/es\/el-gobierno-confia-en-aprobar-los-presupuestos-a-finales-de-octubre\/","url":"https:\/\/www.copealcoy.es\/es\/el-gobierno-confia-en-aprobar-los-presupuestos-a-finales-de-octubre\/","name":"El Gobierno conf\u00eda en aprobar los Presupuestos a finales de octubre - COPE Alcoy","isPartOf":{"@id":"https:\/\/www.copealcoy.es\/es\/#website"},"primaryImageOfPage":{"@id":"https:\/\/www.copealcoy.es\/es\/el-gobierno-confia-en-aprobar-los-presupuestos-a-finales-de-octubre\/#primaryimage"},"image":{"@id":"https:\/\/www.copealcoy.es\/es\/el-gobierno-confia-en-aprobar-los-presupuestos-a-finales-de-octubre\/#primaryimage"},"thumbnailUrl":"https:\/\/www.copealcoy.es\/wp-content\/uploads\/2015\/05\/13387-alcoy-001-1-jpg.jpeg","datePublished":"2015-09-01T14:15:47+00:00","author":{"@id":"https:\/\/www.copealcoy.es\/es\/#\/schema\/person\/e777c87fa024e57d40170af9df39882c"},"breadcrumb":{"@id":"https:\/\/www.copealcoy.es\/es\/el-gobierno-confia-en-aprobar-los-presupuestos-a-finales-de-octubre\/#breadcrumb"},"inLanguage":"es","potentialAction":[{"@type":"ReadAction","target":["https:\/\/www.copealcoy.es\/es\/el-gobierno-confia-en-aprobar-los-presupuestos-a-finales-de-octubre\/"]}]},{"@type":"ImageObject","inLanguage":"es","@id":"https:\/\/www.copealcoy.es\/es\/el-gobierno-confia-en-aprobar-los-presupuestos-a-finales-de-octubre\/#primaryimage","url":"https:\/\/www.copealcoy.es\/wp-content\/uploads\/2015\/05\/13387-alcoy-001-1-jpg.jpeg","contentUrl":"https:\/\/www.copealcoy.es\/wp-content\/uploads\/2015\/05\/13387-alcoy-001-1-jpg.jpeg","width":1400,"height":1050,"caption":"Ayuntamiento de Alcoy"},{"@type":"BreadcrumbList","@id":"https:\/\/www.copealcoy.es\/es\/el-gobierno-confia-en-aprobar-los-presupuestos-a-finales-de-octubre\/#breadcrumb","itemListElement":[{"@type":"ListItem","position":1,"name":"Portada","item":"https:\/\/www.copealcoy.es\/es\/"},{"@type":"ListItem","position":2,"name":"El Gobierno conf\u00eda en aprobar los Presupuestos a finales de octubre"}]},{"@type":"WebSite","@id":"https:\/\/www.copealcoy.es\/es\/#website","url":"https:\/\/www.copealcoy.es\/es\/","name":"COPE Alcoy","description":"Emisora COPE de radio local con emisi\u00f3n online. Pont de Sant Jordi 8-10 03803 Alcoy","potentialAction":[{"@type":"SearchAction","target":{"@type":"EntryPoint","urlTemplate":"https:\/\/www.copealcoy.es\/es\/?s={search_term_string}"},"query-input":{"@type":"PropertyValueSpecification","valueRequired":true,"valueName":"search_term_string"}}],"inLanguage":"es"},{"@type":"Person","@id":"https:\/\/www.copealcoy.es\/es\/#\/schema\/person\/e777c87fa024e57d40170af9df39882c","name":"Cope Alcoy","image":{"@type":"ImageObject","inLanguage":"es","@id":"https:\/\/secure.gravatar.com\/avatar\/bb65d0283347e303893ba14f0692005417c1e0e690a325a4c5d8bb2b3943ee14?s=96&d=mm&r=g","url":"https:\/\/secure.gravatar.com\/avatar\/bb65d0283347e303893ba14f0692005417c1e0e690a325a4c5d8bb2b3943ee14?s=96&d=mm&r=g","contentUrl":"https:\/\/secure.gravatar.com\/avatar\/bb65d0283347e303893ba14f0692005417c1e0e690a325a4c5d8bb2b3943ee14?s=96&d=mm&r=g","caption":"Cope Alcoy"}}]}},"_links":{"self":[{"href":"https:\/\/www.copealcoy.es\/es\/wp-json\/wp\/v2\/posts\/15378","targetHints":{"allow":["GET"]}}],"collection":[{"href":"https:\/\/www.copealcoy.es\/es\/wp-json\/wp\/v2\/posts"}],"about":[{"href":"https:\/\/www.copealcoy.es\/es\/wp-json\/wp\/v2\/types\/post"}],"author":[{"embeddable":true,"href":"https:\/\/www.copealcoy.es\/es\/wp-json\/wp\/v2\/users\/1"}],"replies":[{"embeddable":true,"href":"https:\/\/www.copealcoy.es\/es\/wp-json\/wp\/v2\/comments?post=15378"}],"version-history":[{"count":0,"href":"https:\/\/www.copealcoy.es\/es\/wp-json\/wp\/v2\/posts\/15378\/revisions"}],"wp:featuredmedia":[{"embeddable":true,"href":"https:\/\/www.copealcoy.es\/es\/wp-json\/wp\/v2\/media\/13024"}],"wp:attachment":[{"href":"https:\/\/www.copealcoy.es\/es\/wp-json\/wp\/v2\/media?parent=15378"}],"wp:term":[{"taxonomy":"category","embeddable":true,"href":"https:\/\/www.copealcoy.es\/es\/wp-json\/wp\/v2\/categories?post=15378"},{"taxonomy":"post_tag","embeddable":true,"href":"https:\/\/www.copealcoy.es\/es\/wp-json\/wp\/v2\/tags?post=15378"}],"curies":[{"name":"wp","href":"https:\/\/api.w.org\/{rel}","templated":true}]}}