{"id":15351,"date":"2015-08-31T17:12:52","date_gmt":"2015-08-31T17:12:52","guid":{"rendered":"http:\/\/copealcoi.es\/new\/?p=15351"},"modified":"2015-09-01T14:18:28","modified_gmt":"2015-09-01T14:18:28","slug":"los-socialistas-presentan-enmiendas-a-los-presupuestos-del-estado","status":"publish","type":"post","link":"https:\/\/www.copealcoy.es\/es\/los-socialistas-presentan-enmiendas-a-los-presupuestos-del-estado\/","title":{"rendered":"Los socialistas presentan enmiendas a los Presupuestos del Estado"},"content":{"rendered":"<p style=\"text-align: justify;\">El Partido Socialista ha presentado un total de nueve enmiendas para los Presupuestos Generales del Estado, en fase de tramitaci\u00f3n en el Congreso de los Diputados, referidas a las comarcas del Comtat y de l\u00b4 Alcoi\u00e0. Los socialistas reclaman 2\u00b45 millones de euros para la mejora del tren Alcoi &#8211; X\u00e0tiva reiterando una vez m\u00e1s que los 100.000 euros reservados por Fomento para el mantenimiento de la l\u00ednea son insuficientes. Adem\u00e1s proponen una partida de un mill\u00f3n de euros para la construcci\u00f3n de un acceso directo\u00a0a la Estaci\u00f3n del AVE de Villena.\u00a0Por otra parte el PSOE ha instado a que se destinen 600.000 euros al\u00a0Desarrollo Rural de los municipios de la Sierra de Aitana y tambi\u00e9n una cantidad de un mill\u00f3n de euros para las obras de encauzamiento del r\u00edo Barxell en Alcoy entre los puentes del Cadise\u00f1o y Valencia. De igual forma exige la gratuidad de la AP-7 una vez finalice la actual concesi\u00f3n.<\/p>\n<p style=\"text-align: justify;\">En cuanto a las disposiciones adicionales desde el PSOE solicitan la construcci\u00f3n de la pasarela para dar continuidad a la V\u00eda Verde entre Alcoy y Cocentaina as\u00ed como fondos para llevar a cabo las reparaciones de los caminos rurales que resultaron da\u00f1ados por las obras de la Autov\u00eda en varios t\u00e9rminos municipales del Comtat. Finalmente piden apoyo econ\u00f3mico para los localidades que sufrieron numerosos desperfectos a causa del pedrisco y las tormentas del pasado 31 de julio as\u00ed como la puesta en marcha de una delegaci\u00f3n de la Polic\u00eda Nacional en el Centro de Alcoy.<\/p>\n<p style=\"text-align: justify;\">La Diputada Nacional, Patricia Blanquer, ha se\u00f1alado que estas enmiendas forman parte de un plan a corto plazo que busca\u00a0renovar, regenerar y modernizar la econom\u00eda espa\u00f1ola al mismo tiempo que a\u00f1adido que las propuestas formuladas pretenden\u00a0recuperar la inversi\u00f3n del Estado en la comarca para volver a niveles del 2011 &#8220;tenemos que ir a un gran proyecto que forme parte de una recuperaci\u00f3n justa en la que todos tengan cabida y no se deje a nadie en el camino&#8221;, ha concluido.<\/p>\n<p style=\"text-align: justify;\">\n","protected":false},"excerpt":{"rendered":"<p>El Partido Socialista ha presentado un total de nueve enmiendas para los Presupuestos Generales del Estado, en fase de tramitaci\u00f3n&#8230;<\/p>\n","protected":false},"author":1,"featured_media":15352,"comment_status":"open","ping_status":"open","sticky":false,"template":"","format":"standard","meta":{"footnotes":""},"categories":[97,75,79],"tags":[482,1494,237,390,316,371],"class_list":["post-15351","post","type-post","status-publish","format-standard","has-post-thumbnail","hentry","category-alcoy","category-noticias","category-politicayeconomia","tag-alcoia","tag-alcoy","tag-comtat","tag-economia","tag-presupuestos","tag-psoe"],"yoast_head":"<!-- This site is optimized with the Yoast SEO plugin v27.3 - https:\/\/yoast.com\/product\/yoast-seo-wordpress\/ -->\n<title>Los socialistas presentan enmiendas a los Presupuestos del Estado - COPE Alcoy<\/title>\n<meta name=\"robots\" content=\"index, follow, max-snippet:-1, max-image-preview:large, max-video-preview:-1\" \/>\n<link rel=\"canonical\" href=\"https:\/\/www.copealcoy.es\/es\/los-socialistas-presentan-enmiendas-a-los-presupuestos-del-estado\/\" \/>\n<meta property=\"og:locale\" content=\"es_ES\" \/>\n<meta property=\"og:type\" content=\"article\" \/>\n<meta property=\"og:title\" content=\"Los socialistas presentan enmiendas a los Presupuestos del Estado - COPE Alcoy\" \/>\n<meta property=\"og:description\" content=\"El Partido Socialista ha presentado un total de nueve enmiendas para los Presupuestos Generales del Estado, en fase de tramitaci\u00f3n...\" \/>\n<meta property=\"og:url\" content=\"https:\/\/www.copealcoy.es\/es\/los-socialistas-presentan-enmiendas-a-los-presupuestos-del-estado\/\" \/>\n<meta property=\"og:site_name\" content=\"COPE Alcoy\" \/>\n<meta property=\"article:published_time\" content=\"2015-08-31T17:12:52+00:00\" \/>\n<meta property=\"article:modified_time\" content=\"2015-09-01T14:18:28+00:00\" \/>\n<meta property=\"og:image\" content=\"https:\/\/www.copealcoy.es\/wp-content\/uploads\/2015\/08\/IMG_20150831_114528.jpg\" \/>\n\t<meta property=\"og:image:width\" content=\"2592\" \/>\n\t<meta property=\"og:image:height\" content=\"1944\" \/>\n\t<meta property=\"og:image:type\" content=\"image\/jpeg\" \/>\n<meta name=\"author\" content=\"Cope Alcoy\" \/>\n<meta name=\"twitter:label1\" content=\"Escrito por\" \/>\n\t<meta name=\"twitter:data1\" content=\"Cope Alcoy\" \/>\n\t<meta name=\"twitter:label2\" content=\"Tiempo de lectura\" \/>\n\t<meta name=\"twitter:data2\" content=\"2 minutos\" \/>\n<script type=\"application\/ld+json\" class=\"yoast-schema-graph\">{\"@context\":\"https:\\\/\\\/schema.org\",\"@graph\":[{\"@type\":\"Article\",\"@id\":\"https:\\\/\\\/www.copealcoy.es\\\/es\\\/los-socialistas-presentan-enmiendas-a-los-presupuestos-del-estado\\\/#article\",\"isPartOf\":{\"@id\":\"https:\\\/\\\/www.copealcoy.es\\\/es\\\/los-socialistas-presentan-enmiendas-a-los-presupuestos-del-estado\\\/\"},\"author\":{\"name\":\"Cope Alcoy\",\"@id\":\"https:\\\/\\\/www.copealcoy.es\\\/es\\\/#\\\/schema\\\/person\\\/e777c87fa024e57d40170af9df39882c\"},\"headline\":\"Los socialistas presentan enmiendas a los Presupuestos del Estado\",\"datePublished\":\"2015-08-31T17:12:52+00:00\",\"dateModified\":\"2015-09-01T14:18:28+00:00\",\"mainEntityOfPage\":{\"@id\":\"https:\\\/\\\/www.copealcoy.es\\\/es\\\/los-socialistas-presentan-enmiendas-a-los-presupuestos-del-estado\\\/\"},\"wordCount\":366,\"commentCount\":0,\"image\":{\"@id\":\"https:\\\/\\\/www.copealcoy.es\\\/es\\\/los-socialistas-presentan-enmiendas-a-los-presupuestos-del-estado\\\/#primaryimage\"},\"thumbnailUrl\":\"https:\\\/\\\/www.copealcoy.es\\\/wp-content\\\/uploads\\\/2015\\\/08\\\/IMG_20150831_114528.jpg\",\"keywords\":[\"Alcoi\u00e0\",\"Alcoy\",\"Comtat\",\"Econom\u00eda\",\"Presupuestos\",\"PSOE\"],\"articleSection\":[\"Alcoy\",\"Noticias\",\"Pol\u00edtica y Econom\u00eda\"],\"inLanguage\":\"es\"},{\"@type\":\"WebPage\",\"@id\":\"https:\\\/\\\/www.copealcoy.es\\\/es\\\/los-socialistas-presentan-enmiendas-a-los-presupuestos-del-estado\\\/\",\"url\":\"https:\\\/\\\/www.copealcoy.es\\\/es\\\/los-socialistas-presentan-enmiendas-a-los-presupuestos-del-estado\\\/\",\"name\":\"Los socialistas presentan enmiendas a los Presupuestos del Estado - COPE Alcoy\",\"isPartOf\":{\"@id\":\"https:\\\/\\\/www.copealcoy.es\\\/es\\\/#website\"},\"primaryImageOfPage\":{\"@id\":\"https:\\\/\\\/www.copealcoy.es\\\/es\\\/los-socialistas-presentan-enmiendas-a-los-presupuestos-del-estado\\\/#primaryimage\"},\"image\":{\"@id\":\"https:\\\/\\\/www.copealcoy.es\\\/es\\\/los-socialistas-presentan-enmiendas-a-los-presupuestos-del-estado\\\/#primaryimage\"},\"thumbnailUrl\":\"https:\\\/\\\/www.copealcoy.es\\\/wp-content\\\/uploads\\\/2015\\\/08\\\/IMG_20150831_114528.jpg\",\"datePublished\":\"2015-08-31T17:12:52+00:00\",\"dateModified\":\"2015-09-01T14:18:28+00:00\",\"author\":{\"@id\":\"https:\\\/\\\/www.copealcoy.es\\\/es\\\/#\\\/schema\\\/person\\\/e777c87fa024e57d40170af9df39882c\"},\"breadcrumb\":{\"@id\":\"https:\\\/\\\/www.copealcoy.es\\\/es\\\/los-socialistas-presentan-enmiendas-a-los-presupuestos-del-estado\\\/#breadcrumb\"},\"inLanguage\":\"es\",\"potentialAction\":[{\"@type\":\"ReadAction\",\"target\":[\"https:\\\/\\\/www.copealcoy.es\\\/es\\\/los-socialistas-presentan-enmiendas-a-los-presupuestos-del-estado\\\/\"]}]},{\"@type\":\"ImageObject\",\"inLanguage\":\"es\",\"@id\":\"https:\\\/\\\/www.copealcoy.es\\\/es\\\/los-socialistas-presentan-enmiendas-a-los-presupuestos-del-estado\\\/#primaryimage\",\"url\":\"https:\\\/\\\/www.copealcoy.es\\\/wp-content\\\/uploads\\\/2015\\\/08\\\/IMG_20150831_114528.jpg\",\"contentUrl\":\"https:\\\/\\\/www.copealcoy.es\\\/wp-content\\\/uploads\\\/2015\\\/08\\\/IMG_20150831_114528.jpg\",\"width\":1440,\"height\":1080,\"caption\":\"Patricia Blanquer en la rueda de prensa de este lunes\"},{\"@type\":\"BreadcrumbList\",\"@id\":\"https:\\\/\\\/www.copealcoy.es\\\/es\\\/los-socialistas-presentan-enmiendas-a-los-presupuestos-del-estado\\\/#breadcrumb\",\"itemListElement\":[{\"@type\":\"ListItem\",\"position\":1,\"name\":\"Portada\",\"item\":\"https:\\\/\\\/www.copealcoy.es\\\/es\\\/\"},{\"@type\":\"ListItem\",\"position\":2,\"name\":\"Los socialistas presentan enmiendas a los Presupuestos del Estado\"}]},{\"@type\":\"WebSite\",\"@id\":\"https:\\\/\\\/www.copealcoy.es\\\/es\\\/#website\",\"url\":\"https:\\\/\\\/www.copealcoy.es\\\/es\\\/\",\"name\":\"COPE Alcoy\",\"description\":\"Emisora COPE de radio local con emisi\u00f3n online. Pont de Sant Jordi 8-10 03803 Alcoy\",\"potentialAction\":[{\"@type\":\"SearchAction\",\"target\":{\"@type\":\"EntryPoint\",\"urlTemplate\":\"https:\\\/\\\/www.copealcoy.es\\\/es\\\/?s={search_term_string}\"},\"query-input\":{\"@type\":\"PropertyValueSpecification\",\"valueRequired\":true,\"valueName\":\"search_term_string\"}}],\"inLanguage\":\"es\"},{\"@type\":\"Person\",\"@id\":\"https:\\\/\\\/www.copealcoy.es\\\/es\\\/#\\\/schema\\\/person\\\/e777c87fa024e57d40170af9df39882c\",\"name\":\"Cope Alcoy\",\"image\":{\"@type\":\"ImageObject\",\"inLanguage\":\"es\",\"@id\":\"https:\\\/\\\/secure.gravatar.com\\\/avatar\\\/bb65d0283347e303893ba14f0692005417c1e0e690a325a4c5d8bb2b3943ee14?s=96&d=mm&r=g\",\"url\":\"https:\\\/\\\/secure.gravatar.com\\\/avatar\\\/bb65d0283347e303893ba14f0692005417c1e0e690a325a4c5d8bb2b3943ee14?s=96&d=mm&r=g\",\"contentUrl\":\"https:\\\/\\\/secure.gravatar.com\\\/avatar\\\/bb65d0283347e303893ba14f0692005417c1e0e690a325a4c5d8bb2b3943ee14?s=96&d=mm&r=g\",\"caption\":\"Cope Alcoy\"}}]}<\/script>\n<!-- \/ Yoast SEO plugin. -->","yoast_head_json":{"title":"Los socialistas presentan enmiendas a los Presupuestos del Estado - COPE Alcoy","robots":{"index":"index","follow":"follow","max-snippet":"max-snippet:-1","max-image-preview":"max-image-preview:large","max-video-preview":"max-video-preview:-1"},"canonical":"https:\/\/www.copealcoy.es\/es\/los-socialistas-presentan-enmiendas-a-los-presupuestos-del-estado\/","og_locale":"es_ES","og_type":"article","og_title":"Los socialistas presentan enmiendas a los Presupuestos del Estado - COPE Alcoy","og_description":"El Partido Socialista ha presentado un total de nueve enmiendas para los Presupuestos Generales del Estado, en fase de tramitaci\u00f3n...","og_url":"https:\/\/www.copealcoy.es\/es\/los-socialistas-presentan-enmiendas-a-los-presupuestos-del-estado\/","og_site_name":"COPE Alcoy","article_published_time":"2015-08-31T17:12:52+00:00","article_modified_time":"2015-09-01T14:18:28+00:00","og_image":[{"width":2592,"height":1944,"url":"https:\/\/www.copealcoy.es\/wp-content\/uploads\/2015\/08\/IMG_20150831_114528.jpg","type":"image\/jpeg"}],"author":"Cope Alcoy","twitter_misc":{"Escrito por":"Cope Alcoy","Tiempo de lectura":"2 minutos"},"schema":{"@context":"https:\/\/schema.org","@graph":[{"@type":"Article","@id":"https:\/\/www.copealcoy.es\/es\/los-socialistas-presentan-enmiendas-a-los-presupuestos-del-estado\/#article","isPartOf":{"@id":"https:\/\/www.copealcoy.es\/es\/los-socialistas-presentan-enmiendas-a-los-presupuestos-del-estado\/"},"author":{"name":"Cope Alcoy","@id":"https:\/\/www.copealcoy.es\/es\/#\/schema\/person\/e777c87fa024e57d40170af9df39882c"},"headline":"Los socialistas presentan enmiendas a los Presupuestos del Estado","datePublished":"2015-08-31T17:12:52+00:00","dateModified":"2015-09-01T14:18:28+00:00","mainEntityOfPage":{"@id":"https:\/\/www.copealcoy.es\/es\/los-socialistas-presentan-enmiendas-a-los-presupuestos-del-estado\/"},"wordCount":366,"commentCount":0,"image":{"@id":"https:\/\/www.copealcoy.es\/es\/los-socialistas-presentan-enmiendas-a-los-presupuestos-del-estado\/#primaryimage"},"thumbnailUrl":"https:\/\/www.copealcoy.es\/wp-content\/uploads\/2015\/08\/IMG_20150831_114528.jpg","keywords":["Alcoi\u00e0","Alcoy","Comtat","Econom\u00eda","Presupuestos","PSOE"],"articleSection":["Alcoy","Noticias","Pol\u00edtica y Econom\u00eda"],"inLanguage":"es"},{"@type":"WebPage","@id":"https:\/\/www.copealcoy.es\/es\/los-socialistas-presentan-enmiendas-a-los-presupuestos-del-estado\/","url":"https:\/\/www.copealcoy.es\/es\/los-socialistas-presentan-enmiendas-a-los-presupuestos-del-estado\/","name":"Los socialistas presentan enmiendas a los Presupuestos del Estado - COPE Alcoy","isPartOf":{"@id":"https:\/\/www.copealcoy.es\/es\/#website"},"primaryImageOfPage":{"@id":"https:\/\/www.copealcoy.es\/es\/los-socialistas-presentan-enmiendas-a-los-presupuestos-del-estado\/#primaryimage"},"image":{"@id":"https:\/\/www.copealcoy.es\/es\/los-socialistas-presentan-enmiendas-a-los-presupuestos-del-estado\/#primaryimage"},"thumbnailUrl":"https:\/\/www.copealcoy.es\/wp-content\/uploads\/2015\/08\/IMG_20150831_114528.jpg","datePublished":"2015-08-31T17:12:52+00:00","dateModified":"2015-09-01T14:18:28+00:00","author":{"@id":"https:\/\/www.copealcoy.es\/es\/#\/schema\/person\/e777c87fa024e57d40170af9df39882c"},"breadcrumb":{"@id":"https:\/\/www.copealcoy.es\/es\/los-socialistas-presentan-enmiendas-a-los-presupuestos-del-estado\/#breadcrumb"},"inLanguage":"es","potentialAction":[{"@type":"ReadAction","target":["https:\/\/www.copealcoy.es\/es\/los-socialistas-presentan-enmiendas-a-los-presupuestos-del-estado\/"]}]},{"@type":"ImageObject","inLanguage":"es","@id":"https:\/\/www.copealcoy.es\/es\/los-socialistas-presentan-enmiendas-a-los-presupuestos-del-estado\/#primaryimage","url":"https:\/\/www.copealcoy.es\/wp-content\/uploads\/2015\/08\/IMG_20150831_114528.jpg","contentUrl":"https:\/\/www.copealcoy.es\/wp-content\/uploads\/2015\/08\/IMG_20150831_114528.jpg","width":1440,"height":1080,"caption":"Patricia Blanquer en la rueda de prensa de este lunes"},{"@type":"BreadcrumbList","@id":"https:\/\/www.copealcoy.es\/es\/los-socialistas-presentan-enmiendas-a-los-presupuestos-del-estado\/#breadcrumb","itemListElement":[{"@type":"ListItem","position":1,"name":"Portada","item":"https:\/\/www.copealcoy.es\/es\/"},{"@type":"ListItem","position":2,"name":"Los socialistas presentan enmiendas a los Presupuestos del Estado"}]},{"@type":"WebSite","@id":"https:\/\/www.copealcoy.es\/es\/#website","url":"https:\/\/www.copealcoy.es\/es\/","name":"COPE Alcoy","description":"Emisora COPE de radio local con emisi\u00f3n online. Pont de Sant Jordi 8-10 03803 Alcoy","potentialAction":[{"@type":"SearchAction","target":{"@type":"EntryPoint","urlTemplate":"https:\/\/www.copealcoy.es\/es\/?s={search_term_string}"},"query-input":{"@type":"PropertyValueSpecification","valueRequired":true,"valueName":"search_term_string"}}],"inLanguage":"es"},{"@type":"Person","@id":"https:\/\/www.copealcoy.es\/es\/#\/schema\/person\/e777c87fa024e57d40170af9df39882c","name":"Cope Alcoy","image":{"@type":"ImageObject","inLanguage":"es","@id":"https:\/\/secure.gravatar.com\/avatar\/bb65d0283347e303893ba14f0692005417c1e0e690a325a4c5d8bb2b3943ee14?s=96&d=mm&r=g","url":"https:\/\/secure.gravatar.com\/avatar\/bb65d0283347e303893ba14f0692005417c1e0e690a325a4c5d8bb2b3943ee14?s=96&d=mm&r=g","contentUrl":"https:\/\/secure.gravatar.com\/avatar\/bb65d0283347e303893ba14f0692005417c1e0e690a325a4c5d8bb2b3943ee14?s=96&d=mm&r=g","caption":"Cope Alcoy"}}]}},"_links":{"self":[{"href":"https:\/\/www.copealcoy.es\/es\/wp-json\/wp\/v2\/posts\/15351","targetHints":{"allow":["GET"]}}],"collection":[{"href":"https:\/\/www.copealcoy.es\/es\/wp-json\/wp\/v2\/posts"}],"about":[{"href":"https:\/\/www.copealcoy.es\/es\/wp-json\/wp\/v2\/types\/post"}],"author":[{"embeddable":true,"href":"https:\/\/www.copealcoy.es\/es\/wp-json\/wp\/v2\/users\/1"}],"replies":[{"embeddable":true,"href":"https:\/\/www.copealcoy.es\/es\/wp-json\/wp\/v2\/comments?post=15351"}],"version-history":[{"count":0,"href":"https:\/\/www.copealcoy.es\/es\/wp-json\/wp\/v2\/posts\/15351\/revisions"}],"wp:featuredmedia":[{"embeddable":true,"href":"https:\/\/www.copealcoy.es\/es\/wp-json\/wp\/v2\/media\/15352"}],"wp:attachment":[{"href":"https:\/\/www.copealcoy.es\/es\/wp-json\/wp\/v2\/media?parent=15351"}],"wp:term":[{"taxonomy":"category","embeddable":true,"href":"https:\/\/www.copealcoy.es\/es\/wp-json\/wp\/v2\/categories?post=15351"},{"taxonomy":"post_tag","embeddable":true,"href":"https:\/\/www.copealcoy.es\/es\/wp-json\/wp\/v2\/tags?post=15351"}],"curies":[{"name":"wp","href":"https:\/\/api.w.org\/{rel}","templated":true}]}}