{"id":15345,"date":"2015-08-31T16:41:57","date_gmt":"2015-08-31T16:41:57","guid":{"rendered":"http:\/\/copealcoi.es\/new\/?p=15345"},"modified":"2015-08-31T16:50:22","modified_gmt":"2015-08-31T16:50:22","slug":"compromis-recoge-propuestas-ciudadanas-para-el-presupuesto-municipal","status":"publish","type":"post","link":"https:\/\/www.copealcoy.es\/es\/compromis-recoge-propuestas-ciudadanas-para-el-presupuesto-municipal\/","title":{"rendered":"Comprom\u00eds recoge propuestas ciudadanas para el Presupuesto Municipal"},"content":{"rendered":"<p style=\"text-align: justify;\">El Grupo Municipal de Comprom\u00eds ha anunciado la puesta en marcha de un proceso participativo para que todos los alcoyanos puedan formular\u00a0iniciativas\u00a0en los presupuestos municipales del pr\u00f3ximo a\u00f1o y que el Gobierno Municipal quiere aprobar durante este oto\u00f1o. El portavoz de la formaci\u00f3n nacionalista, David Abad, ha destacado que su partido ya plante\u00f3 como primera propuesta que las cuentas del 2016 fueran participativas &#8220;elaboradas conjuntamente con todos los agentes y estamentos de la ciudad pero el Gobierno ha decidido que esto no sea as\u00ed&#8221;, asegura. En este sentido Abad a\u00f1ade que Comprom\u00eds har\u00e1 suyas las reivindicaciones y necesidades de los ciudadanos &#8220;queremos que nuestras propuestas sean las de la gente y por eso abrimos este periodo participativo para que todos nos puedan hacer llegar sus ideas, que presentaremos al gobierno y que ser\u00e1n incluidas en los presupuestos&#8221;, concluye.<\/p>\n<p style=\"text-align: justify;\">Los interesados en hacer llegar cualquier propuesta pueden hacerlo a trav\u00e9s de la web de Comprom\u00eds\u00a0<a href=\"http:\/\/compromisalcoi.com\/pressupostos-propostes\">http:\/\/compromisalcoi.com\/pressupostos-propostes<\/a>\u00a0o por medio de la direcci\u00f3n de correo electr\u00f3nico\u00a0<a href=\"mailto:alcoi@compromisalcoi.com\">alcoi@compromisalcoi.com<\/a>.<\/p>\n","protected":false},"excerpt":{"rendered":"<p>El Grupo Municipal de Comprom\u00eds ha anunciado la puesta en marcha de un proceso participativo para que todos los alcoyanos&#8230;<\/p>\n","protected":false},"author":1,"featured_media":13255,"comment_status":"open","ping_status":"open","sticky":false,"template":"","format":"standard","meta":{"footnotes":""},"categories":[97,75,79],"tags":[1494,152,390,316],"class_list":["post-15345","post","type-post","status-publish","format-standard","has-post-thumbnail","hentry","category-alcoy","category-noticias","category-politicayeconomia","tag-alcoy","tag-compromis","tag-economia","tag-presupuestos"],"yoast_head":"<!-- This site is optimized with the Yoast SEO plugin v27.3 - https:\/\/yoast.com\/product\/yoast-seo-wordpress\/ -->\n<title>Comprom\u00eds recoge propuestas ciudadanas para el Presupuesto Municipal - COPE Alcoy<\/title>\n<meta name=\"robots\" content=\"index, follow, max-snippet:-1, max-image-preview:large, max-video-preview:-1\" \/>\n<link rel=\"canonical\" href=\"https:\/\/www.copealcoy.es\/es\/compromis-recoge-propuestas-ciudadanas-para-el-presupuesto-municipal\/\" \/>\n<meta property=\"og:locale\" content=\"es_ES\" \/>\n<meta property=\"og:type\" content=\"article\" \/>\n<meta property=\"og:title\" content=\"Comprom\u00eds recoge propuestas ciudadanas para el Presupuesto Municipal - COPE Alcoy\" \/>\n<meta property=\"og:description\" content=\"El Grupo Municipal de Comprom\u00eds ha anunciado la puesta en marcha de un proceso participativo para que todos los alcoyanos...\" \/>\n<meta property=\"og:url\" content=\"https:\/\/www.copealcoy.es\/es\/compromis-recoge-propuestas-ciudadanas-para-el-presupuesto-municipal\/\" \/>\n<meta property=\"og:site_name\" content=\"COPE Alcoy\" \/>\n<meta property=\"article:published_time\" content=\"2015-08-31T16:41:57+00:00\" \/>\n<meta property=\"article:modified_time\" content=\"2015-08-31T16:50:22+00:00\" \/>\n<meta property=\"og:image\" content=\"https:\/\/www.copealcoy.es\/wp-content\/uploads\/2015\/05\/IMG-20150520-WA0005.jpg\" \/>\n\t<meta property=\"og:image:width\" content=\"1280\" \/>\n\t<meta property=\"og:image:height\" content=\"719\" \/>\n\t<meta property=\"og:image:type\" content=\"image\/jpeg\" \/>\n<meta name=\"author\" content=\"Cope Alcoy\" \/>\n<meta name=\"twitter:label1\" content=\"Escrito por\" \/>\n\t<meta name=\"twitter:data1\" content=\"Cope Alcoy\" \/>\n\t<meta name=\"twitter:label2\" content=\"Tiempo de lectura\" \/>\n\t<meta name=\"twitter:data2\" content=\"1 minuto\" \/>\n<script type=\"application\/ld+json\" class=\"yoast-schema-graph\">{\"@context\":\"https:\\\/\\\/schema.org\",\"@graph\":[{\"@type\":\"Article\",\"@id\":\"https:\\\/\\\/www.copealcoy.es\\\/es\\\/compromis-recoge-propuestas-ciudadanas-para-el-presupuesto-municipal\\\/#article\",\"isPartOf\":{\"@id\":\"https:\\\/\\\/www.copealcoy.es\\\/es\\\/compromis-recoge-propuestas-ciudadanas-para-el-presupuesto-municipal\\\/\"},\"author\":{\"name\":\"Cope Alcoy\",\"@id\":\"https:\\\/\\\/www.copealcoy.es\\\/es\\\/#\\\/schema\\\/person\\\/e777c87fa024e57d40170af9df39882c\"},\"headline\":\"Comprom\u00eds recoge propuestas ciudadanas para el Presupuesto Municipal\",\"datePublished\":\"2015-08-31T16:41:57+00:00\",\"dateModified\":\"2015-08-31T16:50:22+00:00\",\"mainEntityOfPage\":{\"@id\":\"https:\\\/\\\/www.copealcoy.es\\\/es\\\/compromis-recoge-propuestas-ciudadanas-para-el-presupuesto-municipal\\\/\"},\"wordCount\":192,\"commentCount\":0,\"image\":{\"@id\":\"https:\\\/\\\/www.copealcoy.es\\\/es\\\/compromis-recoge-propuestas-ciudadanas-para-el-presupuesto-municipal\\\/#primaryimage\"},\"thumbnailUrl\":\"https:\\\/\\\/www.copealcoy.es\\\/wp-content\\\/uploads\\\/2015\\\/05\\\/IMG-20150520-WA0005.jpg\",\"keywords\":[\"Alcoy\",\"Comprom\u00eds\",\"Econom\u00eda\",\"Presupuestos\"],\"articleSection\":[\"Alcoy\",\"Noticias\",\"Pol\u00edtica y Econom\u00eda\"],\"inLanguage\":\"es\"},{\"@type\":\"WebPage\",\"@id\":\"https:\\\/\\\/www.copealcoy.es\\\/es\\\/compromis-recoge-propuestas-ciudadanas-para-el-presupuesto-municipal\\\/\",\"url\":\"https:\\\/\\\/www.copealcoy.es\\\/es\\\/compromis-recoge-propuestas-ciudadanas-para-el-presupuesto-municipal\\\/\",\"name\":\"Comprom\u00eds recoge propuestas ciudadanas para el Presupuesto Municipal - COPE Alcoy\",\"isPartOf\":{\"@id\":\"https:\\\/\\\/www.copealcoy.es\\\/es\\\/#website\"},\"primaryImageOfPage\":{\"@id\":\"https:\\\/\\\/www.copealcoy.es\\\/es\\\/compromis-recoge-propuestas-ciudadanas-para-el-presupuesto-municipal\\\/#primaryimage\"},\"image\":{\"@id\":\"https:\\\/\\\/www.copealcoy.es\\\/es\\\/compromis-recoge-propuestas-ciudadanas-para-el-presupuesto-municipal\\\/#primaryimage\"},\"thumbnailUrl\":\"https:\\\/\\\/www.copealcoy.es\\\/wp-content\\\/uploads\\\/2015\\\/05\\\/IMG-20150520-WA0005.jpg\",\"datePublished\":\"2015-08-31T16:41:57+00:00\",\"dateModified\":\"2015-08-31T16:50:22+00:00\",\"author\":{\"@id\":\"https:\\\/\\\/www.copealcoy.es\\\/es\\\/#\\\/schema\\\/person\\\/e777c87fa024e57d40170af9df39882c\"},\"breadcrumb\":{\"@id\":\"https:\\\/\\\/www.copealcoy.es\\\/es\\\/compromis-recoge-propuestas-ciudadanas-para-el-presupuesto-municipal\\\/#breadcrumb\"},\"inLanguage\":\"es\",\"potentialAction\":[{\"@type\":\"ReadAction\",\"target\":[\"https:\\\/\\\/www.copealcoy.es\\\/es\\\/compromis-recoge-propuestas-ciudadanas-para-el-presupuesto-municipal\\\/\"]}]},{\"@type\":\"ImageObject\",\"inLanguage\":\"es\",\"@id\":\"https:\\\/\\\/www.copealcoy.es\\\/es\\\/compromis-recoge-propuestas-ciudadanas-para-el-presupuesto-municipal\\\/#primaryimage\",\"url\":\"https:\\\/\\\/www.copealcoy.es\\\/wp-content\\\/uploads\\\/2015\\\/05\\\/IMG-20150520-WA0005.jpg\",\"contentUrl\":\"https:\\\/\\\/www.copealcoy.es\\\/wp-content\\\/uploads\\\/2015\\\/05\\\/IMG-20150520-WA0005.jpg\",\"width\":1280,\"height\":719,\"caption\":\"David Abad portavoz de Comprom\u00eds Alcoi \\\/ Foto: R. Ferr\u00e1ndiz\"},{\"@type\":\"BreadcrumbList\",\"@id\":\"https:\\\/\\\/www.copealcoy.es\\\/es\\\/compromis-recoge-propuestas-ciudadanas-para-el-presupuesto-municipal\\\/#breadcrumb\",\"itemListElement\":[{\"@type\":\"ListItem\",\"position\":1,\"name\":\"Portada\",\"item\":\"https:\\\/\\\/www.copealcoy.es\\\/es\\\/\"},{\"@type\":\"ListItem\",\"position\":2,\"name\":\"Comprom\u00eds recoge propuestas ciudadanas para el Presupuesto Municipal\"}]},{\"@type\":\"WebSite\",\"@id\":\"https:\\\/\\\/www.copealcoy.es\\\/es\\\/#website\",\"url\":\"https:\\\/\\\/www.copealcoy.es\\\/es\\\/\",\"name\":\"COPE Alcoy\",\"description\":\"Emisora COPE de radio local con emisi\u00f3n online. Pont de Sant Jordi 8-10 03803 Alcoy\",\"potentialAction\":[{\"@type\":\"SearchAction\",\"target\":{\"@type\":\"EntryPoint\",\"urlTemplate\":\"https:\\\/\\\/www.copealcoy.es\\\/es\\\/?s={search_term_string}\"},\"query-input\":{\"@type\":\"PropertyValueSpecification\",\"valueRequired\":true,\"valueName\":\"search_term_string\"}}],\"inLanguage\":\"es\"},{\"@type\":\"Person\",\"@id\":\"https:\\\/\\\/www.copealcoy.es\\\/es\\\/#\\\/schema\\\/person\\\/e777c87fa024e57d40170af9df39882c\",\"name\":\"Cope Alcoy\",\"image\":{\"@type\":\"ImageObject\",\"inLanguage\":\"es\",\"@id\":\"https:\\\/\\\/secure.gravatar.com\\\/avatar\\\/bb65d0283347e303893ba14f0692005417c1e0e690a325a4c5d8bb2b3943ee14?s=96&d=mm&r=g\",\"url\":\"https:\\\/\\\/secure.gravatar.com\\\/avatar\\\/bb65d0283347e303893ba14f0692005417c1e0e690a325a4c5d8bb2b3943ee14?s=96&d=mm&r=g\",\"contentUrl\":\"https:\\\/\\\/secure.gravatar.com\\\/avatar\\\/bb65d0283347e303893ba14f0692005417c1e0e690a325a4c5d8bb2b3943ee14?s=96&d=mm&r=g\",\"caption\":\"Cope Alcoy\"}}]}<\/script>\n<!-- \/ Yoast SEO plugin. -->","yoast_head_json":{"title":"Comprom\u00eds recoge propuestas ciudadanas para el Presupuesto Municipal - COPE Alcoy","robots":{"index":"index","follow":"follow","max-snippet":"max-snippet:-1","max-image-preview":"max-image-preview:large","max-video-preview":"max-video-preview:-1"},"canonical":"https:\/\/www.copealcoy.es\/es\/compromis-recoge-propuestas-ciudadanas-para-el-presupuesto-municipal\/","og_locale":"es_ES","og_type":"article","og_title":"Comprom\u00eds recoge propuestas ciudadanas para el Presupuesto Municipal - COPE Alcoy","og_description":"El Grupo Municipal de Comprom\u00eds ha anunciado la puesta en marcha de un proceso participativo para que todos los alcoyanos...","og_url":"https:\/\/www.copealcoy.es\/es\/compromis-recoge-propuestas-ciudadanas-para-el-presupuesto-municipal\/","og_site_name":"COPE Alcoy","article_published_time":"2015-08-31T16:41:57+00:00","article_modified_time":"2015-08-31T16:50:22+00:00","og_image":[{"width":1280,"height":719,"url":"https:\/\/www.copealcoy.es\/wp-content\/uploads\/2015\/05\/IMG-20150520-WA0005.jpg","type":"image\/jpeg"}],"author":"Cope Alcoy","twitter_misc":{"Escrito por":"Cope Alcoy","Tiempo de lectura":"1 minuto"},"schema":{"@context":"https:\/\/schema.org","@graph":[{"@type":"Article","@id":"https:\/\/www.copealcoy.es\/es\/compromis-recoge-propuestas-ciudadanas-para-el-presupuesto-municipal\/#article","isPartOf":{"@id":"https:\/\/www.copealcoy.es\/es\/compromis-recoge-propuestas-ciudadanas-para-el-presupuesto-municipal\/"},"author":{"name":"Cope Alcoy","@id":"https:\/\/www.copealcoy.es\/es\/#\/schema\/person\/e777c87fa024e57d40170af9df39882c"},"headline":"Comprom\u00eds recoge propuestas ciudadanas para el Presupuesto Municipal","datePublished":"2015-08-31T16:41:57+00:00","dateModified":"2015-08-31T16:50:22+00:00","mainEntityOfPage":{"@id":"https:\/\/www.copealcoy.es\/es\/compromis-recoge-propuestas-ciudadanas-para-el-presupuesto-municipal\/"},"wordCount":192,"commentCount":0,"image":{"@id":"https:\/\/www.copealcoy.es\/es\/compromis-recoge-propuestas-ciudadanas-para-el-presupuesto-municipal\/#primaryimage"},"thumbnailUrl":"https:\/\/www.copealcoy.es\/wp-content\/uploads\/2015\/05\/IMG-20150520-WA0005.jpg","keywords":["Alcoy","Comprom\u00eds","Econom\u00eda","Presupuestos"],"articleSection":["Alcoy","Noticias","Pol\u00edtica y Econom\u00eda"],"inLanguage":"es"},{"@type":"WebPage","@id":"https:\/\/www.copealcoy.es\/es\/compromis-recoge-propuestas-ciudadanas-para-el-presupuesto-municipal\/","url":"https:\/\/www.copealcoy.es\/es\/compromis-recoge-propuestas-ciudadanas-para-el-presupuesto-municipal\/","name":"Comprom\u00eds recoge propuestas ciudadanas para el Presupuesto Municipal - COPE Alcoy","isPartOf":{"@id":"https:\/\/www.copealcoy.es\/es\/#website"},"primaryImageOfPage":{"@id":"https:\/\/www.copealcoy.es\/es\/compromis-recoge-propuestas-ciudadanas-para-el-presupuesto-municipal\/#primaryimage"},"image":{"@id":"https:\/\/www.copealcoy.es\/es\/compromis-recoge-propuestas-ciudadanas-para-el-presupuesto-municipal\/#primaryimage"},"thumbnailUrl":"https:\/\/www.copealcoy.es\/wp-content\/uploads\/2015\/05\/IMG-20150520-WA0005.jpg","datePublished":"2015-08-31T16:41:57+00:00","dateModified":"2015-08-31T16:50:22+00:00","author":{"@id":"https:\/\/www.copealcoy.es\/es\/#\/schema\/person\/e777c87fa024e57d40170af9df39882c"},"breadcrumb":{"@id":"https:\/\/www.copealcoy.es\/es\/compromis-recoge-propuestas-ciudadanas-para-el-presupuesto-municipal\/#breadcrumb"},"inLanguage":"es","potentialAction":[{"@type":"ReadAction","target":["https:\/\/www.copealcoy.es\/es\/compromis-recoge-propuestas-ciudadanas-para-el-presupuesto-municipal\/"]}]},{"@type":"ImageObject","inLanguage":"es","@id":"https:\/\/www.copealcoy.es\/es\/compromis-recoge-propuestas-ciudadanas-para-el-presupuesto-municipal\/#primaryimage","url":"https:\/\/www.copealcoy.es\/wp-content\/uploads\/2015\/05\/IMG-20150520-WA0005.jpg","contentUrl":"https:\/\/www.copealcoy.es\/wp-content\/uploads\/2015\/05\/IMG-20150520-WA0005.jpg","width":1280,"height":719,"caption":"David Abad portavoz de Comprom\u00eds Alcoi \/ Foto: R. Ferr\u00e1ndiz"},{"@type":"BreadcrumbList","@id":"https:\/\/www.copealcoy.es\/es\/compromis-recoge-propuestas-ciudadanas-para-el-presupuesto-municipal\/#breadcrumb","itemListElement":[{"@type":"ListItem","position":1,"name":"Portada","item":"https:\/\/www.copealcoy.es\/es\/"},{"@type":"ListItem","position":2,"name":"Comprom\u00eds recoge propuestas ciudadanas para el Presupuesto Municipal"}]},{"@type":"WebSite","@id":"https:\/\/www.copealcoy.es\/es\/#website","url":"https:\/\/www.copealcoy.es\/es\/","name":"COPE Alcoy","description":"Emisora COPE de radio local con emisi\u00f3n online. Pont de Sant Jordi 8-10 03803 Alcoy","potentialAction":[{"@type":"SearchAction","target":{"@type":"EntryPoint","urlTemplate":"https:\/\/www.copealcoy.es\/es\/?s={search_term_string}"},"query-input":{"@type":"PropertyValueSpecification","valueRequired":true,"valueName":"search_term_string"}}],"inLanguage":"es"},{"@type":"Person","@id":"https:\/\/www.copealcoy.es\/es\/#\/schema\/person\/e777c87fa024e57d40170af9df39882c","name":"Cope Alcoy","image":{"@type":"ImageObject","inLanguage":"es","@id":"https:\/\/secure.gravatar.com\/avatar\/bb65d0283347e303893ba14f0692005417c1e0e690a325a4c5d8bb2b3943ee14?s=96&d=mm&r=g","url":"https:\/\/secure.gravatar.com\/avatar\/bb65d0283347e303893ba14f0692005417c1e0e690a325a4c5d8bb2b3943ee14?s=96&d=mm&r=g","contentUrl":"https:\/\/secure.gravatar.com\/avatar\/bb65d0283347e303893ba14f0692005417c1e0e690a325a4c5d8bb2b3943ee14?s=96&d=mm&r=g","caption":"Cope Alcoy"}}]}},"_links":{"self":[{"href":"https:\/\/www.copealcoy.es\/es\/wp-json\/wp\/v2\/posts\/15345","targetHints":{"allow":["GET"]}}],"collection":[{"href":"https:\/\/www.copealcoy.es\/es\/wp-json\/wp\/v2\/posts"}],"about":[{"href":"https:\/\/www.copealcoy.es\/es\/wp-json\/wp\/v2\/types\/post"}],"author":[{"embeddable":true,"href":"https:\/\/www.copealcoy.es\/es\/wp-json\/wp\/v2\/users\/1"}],"replies":[{"embeddable":true,"href":"https:\/\/www.copealcoy.es\/es\/wp-json\/wp\/v2\/comments?post=15345"}],"version-history":[{"count":0,"href":"https:\/\/www.copealcoy.es\/es\/wp-json\/wp\/v2\/posts\/15345\/revisions"}],"wp:featuredmedia":[{"embeddable":true,"href":"https:\/\/www.copealcoy.es\/es\/wp-json\/wp\/v2\/media\/13255"}],"wp:attachment":[{"href":"https:\/\/www.copealcoy.es\/es\/wp-json\/wp\/v2\/media?parent=15345"}],"wp:term":[{"taxonomy":"category","embeddable":true,"href":"https:\/\/www.copealcoy.es\/es\/wp-json\/wp\/v2\/categories?post=15345"},{"taxonomy":"post_tag","embeddable":true,"href":"https:\/\/www.copealcoy.es\/es\/wp-json\/wp\/v2\/tags?post=15345"}],"curies":[{"name":"wp","href":"https:\/\/api.w.org\/{rel}","templated":true}]}}