{"id":15326,"date":"2015-08-31T06:22:44","date_gmt":"2015-08-31T06:22:44","guid":{"rendered":"http:\/\/copealcoi.es\/new\/?p=15326"},"modified":"2015-08-30T22:48:15","modified_gmt":"2015-08-30T22:48:15","slug":"las-obras-y-el-futuro-de-alcoinnova-marcan-el-inicio-del-curso-politico","status":"publish","type":"post","link":"https:\/\/www.copealcoy.es\/es\/las-obras-y-el-futuro-de-alcoinnova-marcan-el-inicio-del-curso-politico\/","title":{"rendered":"Las obras y el futuro de Alcoinnova marcan el inicio del curso pol\u00edtico"},"content":{"rendered":"<p style=\"text-align: justify;\">El curso pol\u00edtico arranca tras las vacaciones de verano y lo hace en Alcoy con las miradas puestas en las diferentes obras que o bien est\u00e1n concluyendo o pronto se iniciar\u00e1n. En el caso del Pont de Sant Jordi los trabajos acabar\u00e1n oficialmente en los pr\u00f3ximos d\u00edas y a partir de ah\u00ed el Gobierno Municipal iniciar\u00e1 el estudio para determinar la reordenaci\u00f3n del tr\u00e1fico de esta v\u00eda de la ciudad. Sobre la mesa propuestas como la ampliaci\u00f3n de aceras, su supresi\u00f3n, la eliminaci\u00f3n de los petriles o la creaci\u00f3n de solo dos carriles para la circulaci\u00f3n. Adem\u00e1s\u00a0en septiembre\u00a0saldr\u00e1 a concurso la nueva carretera de acceso al Pol\u00edgono Santiago Pay\u00e1 y el Ayuntamiento conf\u00eda que en breve puedan comenzar las obras de construcci\u00f3n de la rotonda\u00a0del acceso norte. Por \u00faltimo avanzar\u00e1n los tr\u00e1mites en los pr\u00f3ximos meses para la reforma de la calle Entenza a la que optan 19 empresas &#8220;la idea es que el proyecto final re\u00fana las necesidades de los vecinos y que haga que sea un vial inteligente implantado las nuevas tecnolog\u00edas&#8221;, explicaba el edil de Territorio, Manolo Gomicia, en La Ma\u00f1ana de Cope Alcoy a principios de agosto.<\/p>\n<p style=\"text-align: justify;\">Alcoinnova volver\u00e1 a estar en la agenda pol\u00edtica a la espera de ese encuentro entre el Presidente de la Generalitat, Ximo Puig, el alcalde y el empresario. Por el momento la tramitaci\u00f3n de la Actuaci\u00f3n Territorial Estrat\u00e9gica, aprobada por el anterior Ejecutivo Auton\u00f3mico del PP, \u00a0sigue su curso mientras llega la resoluci\u00f3n judicial de los recursos presentados en su d\u00eda por el Consistorio tal y como se\u00f1al\u00f3\u00a0semanas atr\u00e1s la Consellera de\u00a0Vivienda, Obras P\u00fablicas y Vertebraci\u00f3n del Territorio, Mar\u00eda Jos\u00e9 Salvador. Tambi\u00e9n el Conseller Rafael Climent dej\u00f3 claro en julio en su visita a la comarca que la\u00a0Generalitat aprobar\u00e1 Alcoinnova si re\u00fane todos los informes favorables al proyecto de urbanizaci\u00f3n y reparcelaci\u00f3n.<\/p>\n<p style=\"text-align: justify;\">Por \u00faltimo los movimientos del reci\u00e9n estrenado Consell y de la nueva corporaci\u00f3n local centrar\u00e1n los asuntos pol\u00edticos en las semanas venideras\u00a0a la espera de la cita con las urnas de las elecciones generales que previsiblemente ser\u00e1n convocadas por el Presidente Rajoy a finales del mes de noviembre.<\/p>\n","protected":false},"excerpt":{"rendered":"<p>El curso pol\u00edtico arranca tras las vacaciones de verano y lo hace en Alcoy con las miradas puestas en las&#8230;<\/p>\n","protected":false},"author":1,"featured_media":9340,"comment_status":"open","ping_status":"open","sticky":false,"template":"","format":"standard","meta":{"footnotes":""},"categories":[97,75,125],"tags":[478,1494,390,394,422],"class_list":["post-15326","post","type-post","status-publish","format-standard","has-post-thumbnail","hentry","category-alcoy","category-noticias","category-portada","tag-alcoinnova","tag-alcoy","tag-economia","tag-empleo","tag-politica"],"yoast_head":"<!-- This site is optimized with the Yoast SEO plugin v27.3 - https:\/\/yoast.com\/product\/yoast-seo-wordpress\/ -->\n<title>Las obras y el futuro de Alcoinnova marcan el inicio del curso pol\u00edtico - COPE Alcoy<\/title>\n<meta name=\"robots\" content=\"index, follow, max-snippet:-1, max-image-preview:large, max-video-preview:-1\" \/>\n<link rel=\"canonical\" href=\"https:\/\/www.copealcoy.es\/es\/las-obras-y-el-futuro-de-alcoinnova-marcan-el-inicio-del-curso-politico\/\" \/>\n<meta property=\"og:locale\" content=\"es_ES\" \/>\n<meta property=\"og:type\" content=\"article\" \/>\n<meta property=\"og:title\" content=\"Las obras y el futuro de Alcoinnova marcan el inicio del curso pol\u00edtico - COPE Alcoy\" \/>\n<meta property=\"og:description\" content=\"El curso pol\u00edtico arranca tras las vacaciones de verano y lo hace en Alcoy con las miradas puestas en las...\" \/>\n<meta property=\"og:url\" content=\"https:\/\/www.copealcoy.es\/es\/las-obras-y-el-futuro-de-alcoinnova-marcan-el-inicio-del-curso-politico\/\" \/>\n<meta property=\"og:site_name\" content=\"COPE Alcoy\" \/>\n<meta property=\"article:published_time\" content=\"2015-08-31T06:22:44+00:00\" \/>\n<meta property=\"og:image\" content=\"https:\/\/www.copealcoy.es\/wp-content\/uploads\/2014\/12\/image142.jpg\" \/>\n\t<meta property=\"og:image:width\" content=\"3960\" \/>\n\t<meta property=\"og:image:height\" content=\"2465\" \/>\n\t<meta property=\"og:image:type\" content=\"image\/jpeg\" \/>\n<meta name=\"author\" content=\"Cope Alcoy\" \/>\n<meta name=\"twitter:label1\" content=\"Escrito por\" \/>\n\t<meta name=\"twitter:data1\" content=\"Cope Alcoy\" \/>\n\t<meta name=\"twitter:label2\" content=\"Tiempo de lectura\" \/>\n\t<meta name=\"twitter:data2\" content=\"2 minutos\" \/>\n<script type=\"application\/ld+json\" class=\"yoast-schema-graph\">{\"@context\":\"https:\\\/\\\/schema.org\",\"@graph\":[{\"@type\":\"Article\",\"@id\":\"https:\\\/\\\/www.copealcoy.es\\\/es\\\/las-obras-y-el-futuro-de-alcoinnova-marcan-el-inicio-del-curso-politico\\\/#article\",\"isPartOf\":{\"@id\":\"https:\\\/\\\/www.copealcoy.es\\\/es\\\/las-obras-y-el-futuro-de-alcoinnova-marcan-el-inicio-del-curso-politico\\\/\"},\"author\":{\"name\":\"Cope Alcoy\",\"@id\":\"https:\\\/\\\/www.copealcoy.es\\\/es\\\/#\\\/schema\\\/person\\\/e777c87fa024e57d40170af9df39882c\"},\"headline\":\"Las obras y el futuro de Alcoinnova marcan el inicio del curso pol\u00edtico\",\"datePublished\":\"2015-08-31T06:22:44+00:00\",\"mainEntityOfPage\":{\"@id\":\"https:\\\/\\\/www.copealcoy.es\\\/es\\\/las-obras-y-el-futuro-de-alcoinnova-marcan-el-inicio-del-curso-politico\\\/\"},\"wordCount\":415,\"commentCount\":0,\"image\":{\"@id\":\"https:\\\/\\\/www.copealcoy.es\\\/es\\\/las-obras-y-el-futuro-de-alcoinnova-marcan-el-inicio-del-curso-politico\\\/#primaryimage\"},\"thumbnailUrl\":\"https:\\\/\\\/www.copealcoy.es\\\/wp-content\\\/uploads\\\/2014\\\/12\\\/image142.jpg\",\"keywords\":[\"Alcoinnova\",\"Alcoy\",\"Econom\u00eda\",\"Empleo\",\"Pol\u00edtica\"],\"articleSection\":[\"Alcoy\",\"Noticias\",\"Portada\"],\"inLanguage\":\"es\"},{\"@type\":\"WebPage\",\"@id\":\"https:\\\/\\\/www.copealcoy.es\\\/es\\\/las-obras-y-el-futuro-de-alcoinnova-marcan-el-inicio-del-curso-politico\\\/\",\"url\":\"https:\\\/\\\/www.copealcoy.es\\\/es\\\/las-obras-y-el-futuro-de-alcoinnova-marcan-el-inicio-del-curso-politico\\\/\",\"name\":\"Las obras y el futuro de Alcoinnova marcan el inicio del curso pol\u00edtico - COPE Alcoy\",\"isPartOf\":{\"@id\":\"https:\\\/\\\/www.copealcoy.es\\\/es\\\/#website\"},\"primaryImageOfPage\":{\"@id\":\"https:\\\/\\\/www.copealcoy.es\\\/es\\\/las-obras-y-el-futuro-de-alcoinnova-marcan-el-inicio-del-curso-politico\\\/#primaryimage\"},\"image\":{\"@id\":\"https:\\\/\\\/www.copealcoy.es\\\/es\\\/las-obras-y-el-futuro-de-alcoinnova-marcan-el-inicio-del-curso-politico\\\/#primaryimage\"},\"thumbnailUrl\":\"https:\\\/\\\/www.copealcoy.es\\\/wp-content\\\/uploads\\\/2014\\\/12\\\/image142.jpg\",\"datePublished\":\"2015-08-31T06:22:44+00:00\",\"author\":{\"@id\":\"https:\\\/\\\/www.copealcoy.es\\\/es\\\/#\\\/schema\\\/person\\\/e777c87fa024e57d40170af9df39882c\"},\"breadcrumb\":{\"@id\":\"https:\\\/\\\/www.copealcoy.es\\\/es\\\/las-obras-y-el-futuro-de-alcoinnova-marcan-el-inicio-del-curso-politico\\\/#breadcrumb\"},\"inLanguage\":\"es\",\"potentialAction\":[{\"@type\":\"ReadAction\",\"target\":[\"https:\\\/\\\/www.copealcoy.es\\\/es\\\/las-obras-y-el-futuro-de-alcoinnova-marcan-el-inicio-del-curso-politico\\\/\"]}]},{\"@type\":\"ImageObject\",\"inLanguage\":\"es\",\"@id\":\"https:\\\/\\\/www.copealcoy.es\\\/es\\\/las-obras-y-el-futuro-de-alcoinnova-marcan-el-inicio-del-curso-politico\\\/#primaryimage\",\"url\":\"https:\\\/\\\/www.copealcoy.es\\\/wp-content\\\/uploads\\\/2014\\\/12\\\/image142.jpg\",\"contentUrl\":\"https:\\\/\\\/www.copealcoy.es\\\/wp-content\\\/uploads\\\/2014\\\/12\\\/image142.jpg\",\"width\":1735,\"height\":1080,\"caption\":\"\u00c1rea del parque empresarial Alcoinnova\"},{\"@type\":\"BreadcrumbList\",\"@id\":\"https:\\\/\\\/www.copealcoy.es\\\/es\\\/las-obras-y-el-futuro-de-alcoinnova-marcan-el-inicio-del-curso-politico\\\/#breadcrumb\",\"itemListElement\":[{\"@type\":\"ListItem\",\"position\":1,\"name\":\"Portada\",\"item\":\"https:\\\/\\\/www.copealcoy.es\\\/es\\\/\"},{\"@type\":\"ListItem\",\"position\":2,\"name\":\"Las obras y el futuro de Alcoinnova marcan el inicio del curso pol\u00edtico\"}]},{\"@type\":\"WebSite\",\"@id\":\"https:\\\/\\\/www.copealcoy.es\\\/es\\\/#website\",\"url\":\"https:\\\/\\\/www.copealcoy.es\\\/es\\\/\",\"name\":\"COPE Alcoy\",\"description\":\"Emisora COPE de radio local con emisi\u00f3n online. Pont de Sant Jordi 8-10 03803 Alcoy\",\"potentialAction\":[{\"@type\":\"SearchAction\",\"target\":{\"@type\":\"EntryPoint\",\"urlTemplate\":\"https:\\\/\\\/www.copealcoy.es\\\/es\\\/?s={search_term_string}\"},\"query-input\":{\"@type\":\"PropertyValueSpecification\",\"valueRequired\":true,\"valueName\":\"search_term_string\"}}],\"inLanguage\":\"es\"},{\"@type\":\"Person\",\"@id\":\"https:\\\/\\\/www.copealcoy.es\\\/es\\\/#\\\/schema\\\/person\\\/e777c87fa024e57d40170af9df39882c\",\"name\":\"Cope Alcoy\",\"image\":{\"@type\":\"ImageObject\",\"inLanguage\":\"es\",\"@id\":\"https:\\\/\\\/secure.gravatar.com\\\/avatar\\\/bb65d0283347e303893ba14f0692005417c1e0e690a325a4c5d8bb2b3943ee14?s=96&d=mm&r=g\",\"url\":\"https:\\\/\\\/secure.gravatar.com\\\/avatar\\\/bb65d0283347e303893ba14f0692005417c1e0e690a325a4c5d8bb2b3943ee14?s=96&d=mm&r=g\",\"contentUrl\":\"https:\\\/\\\/secure.gravatar.com\\\/avatar\\\/bb65d0283347e303893ba14f0692005417c1e0e690a325a4c5d8bb2b3943ee14?s=96&d=mm&r=g\",\"caption\":\"Cope Alcoy\"}}]}<\/script>\n<!-- \/ Yoast SEO plugin. -->","yoast_head_json":{"title":"Las obras y el futuro de Alcoinnova marcan el inicio del curso pol\u00edtico - COPE Alcoy","robots":{"index":"index","follow":"follow","max-snippet":"max-snippet:-1","max-image-preview":"max-image-preview:large","max-video-preview":"max-video-preview:-1"},"canonical":"https:\/\/www.copealcoy.es\/es\/las-obras-y-el-futuro-de-alcoinnova-marcan-el-inicio-del-curso-politico\/","og_locale":"es_ES","og_type":"article","og_title":"Las obras y el futuro de Alcoinnova marcan el inicio del curso pol\u00edtico - COPE Alcoy","og_description":"El curso pol\u00edtico arranca tras las vacaciones de verano y lo hace en Alcoy con las miradas puestas en las...","og_url":"https:\/\/www.copealcoy.es\/es\/las-obras-y-el-futuro-de-alcoinnova-marcan-el-inicio-del-curso-politico\/","og_site_name":"COPE Alcoy","article_published_time":"2015-08-31T06:22:44+00:00","og_image":[{"width":3960,"height":2465,"url":"https:\/\/www.copealcoy.es\/wp-content\/uploads\/2014\/12\/image142.jpg","type":"image\/jpeg"}],"author":"Cope Alcoy","twitter_misc":{"Escrito por":"Cope Alcoy","Tiempo de lectura":"2 minutos"},"schema":{"@context":"https:\/\/schema.org","@graph":[{"@type":"Article","@id":"https:\/\/www.copealcoy.es\/es\/las-obras-y-el-futuro-de-alcoinnova-marcan-el-inicio-del-curso-politico\/#article","isPartOf":{"@id":"https:\/\/www.copealcoy.es\/es\/las-obras-y-el-futuro-de-alcoinnova-marcan-el-inicio-del-curso-politico\/"},"author":{"name":"Cope Alcoy","@id":"https:\/\/www.copealcoy.es\/es\/#\/schema\/person\/e777c87fa024e57d40170af9df39882c"},"headline":"Las obras y el futuro de Alcoinnova marcan el inicio del curso pol\u00edtico","datePublished":"2015-08-31T06:22:44+00:00","mainEntityOfPage":{"@id":"https:\/\/www.copealcoy.es\/es\/las-obras-y-el-futuro-de-alcoinnova-marcan-el-inicio-del-curso-politico\/"},"wordCount":415,"commentCount":0,"image":{"@id":"https:\/\/www.copealcoy.es\/es\/las-obras-y-el-futuro-de-alcoinnova-marcan-el-inicio-del-curso-politico\/#primaryimage"},"thumbnailUrl":"https:\/\/www.copealcoy.es\/wp-content\/uploads\/2014\/12\/image142.jpg","keywords":["Alcoinnova","Alcoy","Econom\u00eda","Empleo","Pol\u00edtica"],"articleSection":["Alcoy","Noticias","Portada"],"inLanguage":"es"},{"@type":"WebPage","@id":"https:\/\/www.copealcoy.es\/es\/las-obras-y-el-futuro-de-alcoinnova-marcan-el-inicio-del-curso-politico\/","url":"https:\/\/www.copealcoy.es\/es\/las-obras-y-el-futuro-de-alcoinnova-marcan-el-inicio-del-curso-politico\/","name":"Las obras y el futuro de Alcoinnova marcan el inicio del curso pol\u00edtico - COPE Alcoy","isPartOf":{"@id":"https:\/\/www.copealcoy.es\/es\/#website"},"primaryImageOfPage":{"@id":"https:\/\/www.copealcoy.es\/es\/las-obras-y-el-futuro-de-alcoinnova-marcan-el-inicio-del-curso-politico\/#primaryimage"},"image":{"@id":"https:\/\/www.copealcoy.es\/es\/las-obras-y-el-futuro-de-alcoinnova-marcan-el-inicio-del-curso-politico\/#primaryimage"},"thumbnailUrl":"https:\/\/www.copealcoy.es\/wp-content\/uploads\/2014\/12\/image142.jpg","datePublished":"2015-08-31T06:22:44+00:00","author":{"@id":"https:\/\/www.copealcoy.es\/es\/#\/schema\/person\/e777c87fa024e57d40170af9df39882c"},"breadcrumb":{"@id":"https:\/\/www.copealcoy.es\/es\/las-obras-y-el-futuro-de-alcoinnova-marcan-el-inicio-del-curso-politico\/#breadcrumb"},"inLanguage":"es","potentialAction":[{"@type":"ReadAction","target":["https:\/\/www.copealcoy.es\/es\/las-obras-y-el-futuro-de-alcoinnova-marcan-el-inicio-del-curso-politico\/"]}]},{"@type":"ImageObject","inLanguage":"es","@id":"https:\/\/www.copealcoy.es\/es\/las-obras-y-el-futuro-de-alcoinnova-marcan-el-inicio-del-curso-politico\/#primaryimage","url":"https:\/\/www.copealcoy.es\/wp-content\/uploads\/2014\/12\/image142.jpg","contentUrl":"https:\/\/www.copealcoy.es\/wp-content\/uploads\/2014\/12\/image142.jpg","width":1735,"height":1080,"caption":"\u00c1rea del parque empresarial Alcoinnova"},{"@type":"BreadcrumbList","@id":"https:\/\/www.copealcoy.es\/es\/las-obras-y-el-futuro-de-alcoinnova-marcan-el-inicio-del-curso-politico\/#breadcrumb","itemListElement":[{"@type":"ListItem","position":1,"name":"Portada","item":"https:\/\/www.copealcoy.es\/es\/"},{"@type":"ListItem","position":2,"name":"Las obras y el futuro de Alcoinnova marcan el inicio del curso pol\u00edtico"}]},{"@type":"WebSite","@id":"https:\/\/www.copealcoy.es\/es\/#website","url":"https:\/\/www.copealcoy.es\/es\/","name":"COPE Alcoy","description":"Emisora COPE de radio local con emisi\u00f3n online. Pont de Sant Jordi 8-10 03803 Alcoy","potentialAction":[{"@type":"SearchAction","target":{"@type":"EntryPoint","urlTemplate":"https:\/\/www.copealcoy.es\/es\/?s={search_term_string}"},"query-input":{"@type":"PropertyValueSpecification","valueRequired":true,"valueName":"search_term_string"}}],"inLanguage":"es"},{"@type":"Person","@id":"https:\/\/www.copealcoy.es\/es\/#\/schema\/person\/e777c87fa024e57d40170af9df39882c","name":"Cope Alcoy","image":{"@type":"ImageObject","inLanguage":"es","@id":"https:\/\/secure.gravatar.com\/avatar\/bb65d0283347e303893ba14f0692005417c1e0e690a325a4c5d8bb2b3943ee14?s=96&d=mm&r=g","url":"https:\/\/secure.gravatar.com\/avatar\/bb65d0283347e303893ba14f0692005417c1e0e690a325a4c5d8bb2b3943ee14?s=96&d=mm&r=g","contentUrl":"https:\/\/secure.gravatar.com\/avatar\/bb65d0283347e303893ba14f0692005417c1e0e690a325a4c5d8bb2b3943ee14?s=96&d=mm&r=g","caption":"Cope Alcoy"}}]}},"_links":{"self":[{"href":"https:\/\/www.copealcoy.es\/es\/wp-json\/wp\/v2\/posts\/15326","targetHints":{"allow":["GET"]}}],"collection":[{"href":"https:\/\/www.copealcoy.es\/es\/wp-json\/wp\/v2\/posts"}],"about":[{"href":"https:\/\/www.copealcoy.es\/es\/wp-json\/wp\/v2\/types\/post"}],"author":[{"embeddable":true,"href":"https:\/\/www.copealcoy.es\/es\/wp-json\/wp\/v2\/users\/1"}],"replies":[{"embeddable":true,"href":"https:\/\/www.copealcoy.es\/es\/wp-json\/wp\/v2\/comments?post=15326"}],"version-history":[{"count":0,"href":"https:\/\/www.copealcoy.es\/es\/wp-json\/wp\/v2\/posts\/15326\/revisions"}],"wp:featuredmedia":[{"embeddable":true,"href":"https:\/\/www.copealcoy.es\/es\/wp-json\/wp\/v2\/media\/9340"}],"wp:attachment":[{"href":"https:\/\/www.copealcoy.es\/es\/wp-json\/wp\/v2\/media?parent=15326"}],"wp:term":[{"taxonomy":"category","embeddable":true,"href":"https:\/\/www.copealcoy.es\/es\/wp-json\/wp\/v2\/categories?post=15326"},{"taxonomy":"post_tag","embeddable":true,"href":"https:\/\/www.copealcoy.es\/es\/wp-json\/wp\/v2\/tags?post=15326"}],"curies":[{"name":"wp","href":"https:\/\/api.w.org\/{rel}","templated":true}]}}