{"id":153139,"date":"2025-06-02T12:23:24","date_gmt":"2025-06-02T11:23:24","guid":{"rendered":"https:\/\/www.copealcoy.es\/?p=153139"},"modified":"2025-06-02T19:57:44","modified_gmt":"2025-06-02T18:57:44","slug":"vuelve-el-festival-sound-jordi-a-alcoy-con-su-edicion-2025","status":"publish","type":"post","link":"https:\/\/www.copealcoy.es\/es\/vuelve-el-festival-sound-jordi-a-alcoy-con-su-edicion-2025\/","title":{"rendered":"Vuelve el Festival Sound Jordi a Alcoy con su edici\u00f3n 2025"},"content":{"rendered":"<p style=\"text-align: justify;\">El <span style=\"color: #0000ff;\"><strong>Ayuntamiento de Alcoy<\/strong><\/span>, a trav\u00e9s de su edil de Cultura, <strong>Elisa Guillem<\/strong>, ha anunciado l<strong>a esperada vuelta del Festival Sound Jordi<\/strong>, que <strong>tendr\u00e1 lugar el pr\u00f3ximo 18 de octubre en Cotes Baixes<\/strong>. Tras su regreso en 2024 <strong>tras una d\u00e9cada sin celebrarse<\/strong>, esta edici\u00f3n promete ser a\u00fan m\u00e1s especial, con <strong>un cartel cargado de artistas destacados y sorpresas<\/strong> para todos los p\u00fablicos.<\/p>\n<p style=\"text-align: justify;\">El cartel confirmado incluye a\u00a0<strong>The Tyets<\/strong>, uno de los fen\u00f3menos m\u00e1s revolucionarios del panorama urbano actual. La banda presentar\u00e1 su nuevo disco \u201cCaf\u00e9 pels m\u00e9s cafeters\u201d (2025), tras el \u00e9xito de su anterior trabajo \u201c\u00c8pic Solete\u201d (2023), que se mantuvo entre los m\u00e1s vendidos del pa\u00eds durante dos a\u00f1os consecutivos. Con temas como \u201cCotixCoti\u201d o \u201cHavia de Passar\u201d, han conquistado a un p\u00fablico joven y din\u00e1mico llenando plazas y festivales. Tambi\u00e9n estar\u00e1 presente\u00a0<strong>Julieta<\/strong>, la artista revelaci\u00f3n que combina pop y folk con letras emotivas. Con una carrera ascendente desde su debut en 2021, Julieta presentar\u00e1 su cuarto \u00e1lbum \u201c23\u201d (Sony, 2025), consolid\u00e1ndose como una figura importante del pop nacional gracias a su voz poderosa y directo \u00edntimo. Otra protagonista ser\u00e1\u00a0<strong>Sandra Monfort<\/strong>, integrante del reconocido tr\u00edo Marala. La artista valenciana mostrar\u00e1 su versatilidad en el EP \u201cLa Mona per la nit\u201d (2025), donde rinde homenaje al bakalao ochentero y refleja su estilo canalla y audaz, fusionando tradici\u00f3n y modernidad. Cerrando el cartel estar\u00e1\u00a0<strong>Innmir<\/strong>, productora, cantante y DJ valenciana conocida por su energ\u00eda contagiosa y estilo fresco. Desde sus inicios en 2018 con remixes hasta sus actuaciones en festivales como Bilbao BBK Live o FIB, Innmir aportar\u00e1 su toque vibrante al festival con melod\u00edas que fusionan trap, electr\u00f3nica y pop-rock &#8220;<em>se trata de una edici\u00f3n cargada de talento emergente y propuestas musicales innovadoras. El a\u00f1o pasado fue todo un \u00e9xito, con aproximadamente 3.500 asistentes, y confiamos este a\u00f1o en repetirlo<\/em>&#8220;, asever\u00f3 Elisa Climent.<\/p>\n<p style=\"text-align: justify;\">El evento <strong>contar\u00e1 adem\u00e1s con actividades paralelas y sorpresas<\/strong> que se ir\u00e1n desvelando pr\u00f3ximamente.\u00a0Las entradas ya est\u00e1n disponibles en\u00a0<a href=\"https:\/\/www.notikumi.com\/channel\/pro21\/2025\/10\/18\/festival-sound-jordi-2025-the-tyets-julieta-sandra-monfort-innmir-artista-sorpresa-a-alcoi\" target=\"_blank\" rel=\"noopener noreferrer\"><strong><span style=\"color: #0000ff;\">Notikumi<\/span><\/strong>\u00a0 <\/a>y desde el lanzamiento del festival se han vendido ya unas trescientas.<\/p>\n","protected":false},"excerpt":{"rendered":"<p>El Ayuntamiento de Alcoy, a trav\u00e9s de su edil de Cultura, Elisa Guillem, ha anunciado la esperada vuelta del Festival&#8230;<\/p>\n","protected":false},"author":1,"featured_media":153174,"comment_status":"closed","ping_status":"closed","sticky":false,"template":"","format":"standard","meta":{"footnotes":""},"categories":[6909,97,78,75],"tags":[1494,19639,4775,19640],"class_list":["post-153139","post","type-post","status-publish","format-standard","has-post-thumbnail","hentry","category-actualidad","category-alcoy","category-fiestaycultura","category-noticias","tag-alcoy","tag-festival-musical","tag-nueva-edicion","tag-sound-jordi"],"yoast_head":"<!-- This site is optimized with the Yoast SEO plugin v27.3 - https:\/\/yoast.com\/product\/yoast-seo-wordpress\/ -->\n<title>Vuelve el Festival Sound Jordi a Alcoy con su edici\u00f3n 2025 - COPE Alcoy<\/title>\n<meta name=\"description\" content=\"El Ayuntamiento de Alcoy, a trav\u00e9s de su edil de Cultura, Elisa Guillem, ha anunciado la esperada vuelta del Festival Sound Jordi, que tendr\u00e1 lugar el pr\u00f3ximo 18 de octubre en Cotes Baixes\" \/>\n<meta name=\"robots\" content=\"index, follow, max-snippet:-1, max-image-preview:large, max-video-preview:-1\" \/>\n<link rel=\"canonical\" href=\"https:\/\/www.copealcoy.es\/es\/vuelve-el-festival-sound-jordi-a-alcoy-con-su-edicion-2025\/\" \/>\n<meta property=\"og:locale\" content=\"es_ES\" \/>\n<meta property=\"og:type\" content=\"article\" \/>\n<meta property=\"og:title\" content=\"Vuelve el Festival Sound Jordi a Alcoy con su edici\u00f3n 2025 - COPE Alcoy\" \/>\n<meta property=\"og:description\" content=\"El Ayuntamiento de Alcoy, a trav\u00e9s de su edil de Cultura, Elisa Guillem, ha anunciado la esperada vuelta del Festival Sound Jordi, que tendr\u00e1 lugar el pr\u00f3ximo 18 de octubre en Cotes Baixes\" \/>\n<meta property=\"og:url\" content=\"https:\/\/www.copealcoy.es\/es\/vuelve-el-festival-sound-jordi-a-alcoy-con-su-edicion-2025\/\" \/>\n<meta property=\"og:site_name\" content=\"COPE Alcoy\" \/>\n<meta property=\"article:published_time\" content=\"2025-06-02T11:23:24+00:00\" \/>\n<meta property=\"article:modified_time\" content=\"2025-06-02T18:57:44+00:00\" \/>\n<meta property=\"og:image\" content=\"https:\/\/www.copealcoy.es\/wp-content\/uploads\/2025\/06\/Sound-jordi-maria-lozano.jpg\" \/>\n\t<meta property=\"og:image:width\" content=\"625\" \/>\n\t<meta property=\"og:image:height\" content=\"416\" \/>\n\t<meta property=\"og:image:type\" content=\"image\/jpeg\" \/>\n<meta name=\"author\" content=\"Cope Alcoy\" \/>\n<meta name=\"twitter:label1\" content=\"Escrito por\" \/>\n\t<meta name=\"twitter:data1\" content=\"Cope Alcoy\" \/>\n\t<meta name=\"twitter:label2\" content=\"Tiempo de lectura\" \/>\n\t<meta name=\"twitter:data2\" content=\"3 minutos\" \/>\n<script type=\"application\/ld+json\" class=\"yoast-schema-graph\">{\"@context\":\"https:\\\/\\\/schema.org\",\"@graph\":[{\"@type\":\"Article\",\"@id\":\"https:\\\/\\\/www.copealcoy.es\\\/es\\\/vuelve-el-festival-sound-jordi-a-alcoy-con-su-edicion-2025\\\/#article\",\"isPartOf\":{\"@id\":\"https:\\\/\\\/www.copealcoy.es\\\/es\\\/vuelve-el-festival-sound-jordi-a-alcoy-con-su-edicion-2025\\\/\"},\"author\":{\"name\":\"Cope Alcoy\",\"@id\":\"https:\\\/\\\/www.copealcoy.es\\\/es\\\/#\\\/schema\\\/person\\\/e777c87fa024e57d40170af9df39882c\"},\"headline\":\"Vuelve el Festival Sound Jordi a Alcoy con su edici\u00f3n 2025\",\"datePublished\":\"2025-06-02T11:23:24+00:00\",\"dateModified\":\"2025-06-02T18:57:44+00:00\",\"mainEntityOfPage\":{\"@id\":\"https:\\\/\\\/www.copealcoy.es\\\/es\\\/vuelve-el-festival-sound-jordi-a-alcoy-con-su-edicion-2025\\\/\"},\"wordCount\":372,\"image\":{\"@id\":\"https:\\\/\\\/www.copealcoy.es\\\/es\\\/vuelve-el-festival-sound-jordi-a-alcoy-con-su-edicion-2025\\\/#primaryimage\"},\"thumbnailUrl\":\"https:\\\/\\\/www.copealcoy.es\\\/wp-content\\\/uploads\\\/2025\\\/06\\\/Sound-jordi-maria-lozano.jpg\",\"keywords\":[\"Alcoy\",\"festival musical\",\"nueva edici\u00f3n\",\"Sound Jordi\"],\"articleSection\":[\"Actualidad\",\"Alcoy\",\"Fiesta y Cultura\",\"Noticias\"],\"inLanguage\":\"es\"},{\"@type\":\"WebPage\",\"@id\":\"https:\\\/\\\/www.copealcoy.es\\\/es\\\/vuelve-el-festival-sound-jordi-a-alcoy-con-su-edicion-2025\\\/\",\"url\":\"https:\\\/\\\/www.copealcoy.es\\\/es\\\/vuelve-el-festival-sound-jordi-a-alcoy-con-su-edicion-2025\\\/\",\"name\":\"Vuelve el Festival Sound Jordi a Alcoy con su edici\u00f3n 2025 - COPE Alcoy\",\"isPartOf\":{\"@id\":\"https:\\\/\\\/www.copealcoy.es\\\/es\\\/#website\"},\"primaryImageOfPage\":{\"@id\":\"https:\\\/\\\/www.copealcoy.es\\\/es\\\/vuelve-el-festival-sound-jordi-a-alcoy-con-su-edicion-2025\\\/#primaryimage\"},\"image\":{\"@id\":\"https:\\\/\\\/www.copealcoy.es\\\/es\\\/vuelve-el-festival-sound-jordi-a-alcoy-con-su-edicion-2025\\\/#primaryimage\"},\"thumbnailUrl\":\"https:\\\/\\\/www.copealcoy.es\\\/wp-content\\\/uploads\\\/2025\\\/06\\\/Sound-jordi-maria-lozano.jpg\",\"datePublished\":\"2025-06-02T11:23:24+00:00\",\"dateModified\":\"2025-06-02T18:57:44+00:00\",\"author\":{\"@id\":\"https:\\\/\\\/www.copealcoy.es\\\/es\\\/#\\\/schema\\\/person\\\/e777c87fa024e57d40170af9df39882c\"},\"description\":\"El Ayuntamiento de Alcoy, a trav\u00e9s de su edil de Cultura, Elisa Guillem, ha anunciado la esperada vuelta del Festival Sound Jordi, que tendr\u00e1 lugar el pr\u00f3ximo 18 de octubre en Cotes Baixes\",\"breadcrumb\":{\"@id\":\"https:\\\/\\\/www.copealcoy.es\\\/es\\\/vuelve-el-festival-sound-jordi-a-alcoy-con-su-edicion-2025\\\/#breadcrumb\"},\"inLanguage\":\"es\",\"potentialAction\":[{\"@type\":\"ReadAction\",\"target\":[\"https:\\\/\\\/www.copealcoy.es\\\/es\\\/vuelve-el-festival-sound-jordi-a-alcoy-con-su-edicion-2025\\\/\"]}]},{\"@type\":\"ImageObject\",\"inLanguage\":\"es\",\"@id\":\"https:\\\/\\\/www.copealcoy.es\\\/es\\\/vuelve-el-festival-sound-jordi-a-alcoy-con-su-edicion-2025\\\/#primaryimage\",\"url\":\"https:\\\/\\\/www.copealcoy.es\\\/wp-content\\\/uploads\\\/2025\\\/06\\\/Sound-jordi-maria-lozano.jpg\",\"contentUrl\":\"https:\\\/\\\/www.copealcoy.es\\\/wp-content\\\/uploads\\\/2025\\\/06\\\/Sound-jordi-maria-lozano.jpg\",\"width\":625,\"height\":416},{\"@type\":\"BreadcrumbList\",\"@id\":\"https:\\\/\\\/www.copealcoy.es\\\/es\\\/vuelve-el-festival-sound-jordi-a-alcoy-con-su-edicion-2025\\\/#breadcrumb\",\"itemListElement\":[{\"@type\":\"ListItem\",\"position\":1,\"name\":\"Portada\",\"item\":\"https:\\\/\\\/www.copealcoy.es\\\/es\\\/\"},{\"@type\":\"ListItem\",\"position\":2,\"name\":\"Vuelve el Festival Sound Jordi a Alcoy con su edici\u00f3n 2025\"}]},{\"@type\":\"WebSite\",\"@id\":\"https:\\\/\\\/www.copealcoy.es\\\/es\\\/#website\",\"url\":\"https:\\\/\\\/www.copealcoy.es\\\/es\\\/\",\"name\":\"COPE Alcoy\",\"description\":\"Emisora COPE de radio local con emisi\u00f3n online. Pont de Sant Jordi 8-10 03803 Alcoy\",\"potentialAction\":[{\"@type\":\"SearchAction\",\"target\":{\"@type\":\"EntryPoint\",\"urlTemplate\":\"https:\\\/\\\/www.copealcoy.es\\\/es\\\/?s={search_term_string}\"},\"query-input\":{\"@type\":\"PropertyValueSpecification\",\"valueRequired\":true,\"valueName\":\"search_term_string\"}}],\"inLanguage\":\"es\"},{\"@type\":\"Person\",\"@id\":\"https:\\\/\\\/www.copealcoy.es\\\/es\\\/#\\\/schema\\\/person\\\/e777c87fa024e57d40170af9df39882c\",\"name\":\"Cope Alcoy\",\"image\":{\"@type\":\"ImageObject\",\"inLanguage\":\"es\",\"@id\":\"https:\\\/\\\/secure.gravatar.com\\\/avatar\\\/bb65d0283347e303893ba14f0692005417c1e0e690a325a4c5d8bb2b3943ee14?s=96&d=mm&r=g\",\"url\":\"https:\\\/\\\/secure.gravatar.com\\\/avatar\\\/bb65d0283347e303893ba14f0692005417c1e0e690a325a4c5d8bb2b3943ee14?s=96&d=mm&r=g\",\"contentUrl\":\"https:\\\/\\\/secure.gravatar.com\\\/avatar\\\/bb65d0283347e303893ba14f0692005417c1e0e690a325a4c5d8bb2b3943ee14?s=96&d=mm&r=g\",\"caption\":\"Cope Alcoy\"}}]}<\/script>\n<!-- \/ Yoast SEO plugin. -->","yoast_head_json":{"title":"Vuelve el Festival Sound Jordi a Alcoy con su edici\u00f3n 2025 - COPE Alcoy","description":"El Ayuntamiento de Alcoy, a trav\u00e9s de su edil de Cultura, Elisa Guillem, ha anunciado la esperada vuelta del Festival Sound Jordi, que tendr\u00e1 lugar el pr\u00f3ximo 18 de octubre en Cotes Baixes","robots":{"index":"index","follow":"follow","max-snippet":"max-snippet:-1","max-image-preview":"max-image-preview:large","max-video-preview":"max-video-preview:-1"},"canonical":"https:\/\/www.copealcoy.es\/es\/vuelve-el-festival-sound-jordi-a-alcoy-con-su-edicion-2025\/","og_locale":"es_ES","og_type":"article","og_title":"Vuelve el Festival Sound Jordi a Alcoy con su edici\u00f3n 2025 - COPE Alcoy","og_description":"El Ayuntamiento de Alcoy, a trav\u00e9s de su edil de Cultura, Elisa Guillem, ha anunciado la esperada vuelta del Festival Sound Jordi, que tendr\u00e1 lugar el pr\u00f3ximo 18 de octubre en Cotes Baixes","og_url":"https:\/\/www.copealcoy.es\/es\/vuelve-el-festival-sound-jordi-a-alcoy-con-su-edicion-2025\/","og_site_name":"COPE Alcoy","article_published_time":"2025-06-02T11:23:24+00:00","article_modified_time":"2025-06-02T18:57:44+00:00","og_image":[{"width":625,"height":416,"url":"https:\/\/www.copealcoy.es\/wp-content\/uploads\/2025\/06\/Sound-jordi-maria-lozano.jpg","type":"image\/jpeg"}],"author":"Cope Alcoy","twitter_misc":{"Escrito por":"Cope Alcoy","Tiempo de lectura":"3 minutos"},"schema":{"@context":"https:\/\/schema.org","@graph":[{"@type":"Article","@id":"https:\/\/www.copealcoy.es\/es\/vuelve-el-festival-sound-jordi-a-alcoy-con-su-edicion-2025\/#article","isPartOf":{"@id":"https:\/\/www.copealcoy.es\/es\/vuelve-el-festival-sound-jordi-a-alcoy-con-su-edicion-2025\/"},"author":{"name":"Cope Alcoy","@id":"https:\/\/www.copealcoy.es\/es\/#\/schema\/person\/e777c87fa024e57d40170af9df39882c"},"headline":"Vuelve el Festival Sound Jordi a Alcoy con su edici\u00f3n 2025","datePublished":"2025-06-02T11:23:24+00:00","dateModified":"2025-06-02T18:57:44+00:00","mainEntityOfPage":{"@id":"https:\/\/www.copealcoy.es\/es\/vuelve-el-festival-sound-jordi-a-alcoy-con-su-edicion-2025\/"},"wordCount":372,"image":{"@id":"https:\/\/www.copealcoy.es\/es\/vuelve-el-festival-sound-jordi-a-alcoy-con-su-edicion-2025\/#primaryimage"},"thumbnailUrl":"https:\/\/www.copealcoy.es\/wp-content\/uploads\/2025\/06\/Sound-jordi-maria-lozano.jpg","keywords":["Alcoy","festival musical","nueva edici\u00f3n","Sound Jordi"],"articleSection":["Actualidad","Alcoy","Fiesta y Cultura","Noticias"],"inLanguage":"es"},{"@type":"WebPage","@id":"https:\/\/www.copealcoy.es\/es\/vuelve-el-festival-sound-jordi-a-alcoy-con-su-edicion-2025\/","url":"https:\/\/www.copealcoy.es\/es\/vuelve-el-festival-sound-jordi-a-alcoy-con-su-edicion-2025\/","name":"Vuelve el Festival Sound Jordi a Alcoy con su edici\u00f3n 2025 - COPE Alcoy","isPartOf":{"@id":"https:\/\/www.copealcoy.es\/es\/#website"},"primaryImageOfPage":{"@id":"https:\/\/www.copealcoy.es\/es\/vuelve-el-festival-sound-jordi-a-alcoy-con-su-edicion-2025\/#primaryimage"},"image":{"@id":"https:\/\/www.copealcoy.es\/es\/vuelve-el-festival-sound-jordi-a-alcoy-con-su-edicion-2025\/#primaryimage"},"thumbnailUrl":"https:\/\/www.copealcoy.es\/wp-content\/uploads\/2025\/06\/Sound-jordi-maria-lozano.jpg","datePublished":"2025-06-02T11:23:24+00:00","dateModified":"2025-06-02T18:57:44+00:00","author":{"@id":"https:\/\/www.copealcoy.es\/es\/#\/schema\/person\/e777c87fa024e57d40170af9df39882c"},"description":"El Ayuntamiento de Alcoy, a trav\u00e9s de su edil de Cultura, Elisa Guillem, ha anunciado la esperada vuelta del Festival Sound Jordi, que tendr\u00e1 lugar el pr\u00f3ximo 18 de octubre en Cotes Baixes","breadcrumb":{"@id":"https:\/\/www.copealcoy.es\/es\/vuelve-el-festival-sound-jordi-a-alcoy-con-su-edicion-2025\/#breadcrumb"},"inLanguage":"es","potentialAction":[{"@type":"ReadAction","target":["https:\/\/www.copealcoy.es\/es\/vuelve-el-festival-sound-jordi-a-alcoy-con-su-edicion-2025\/"]}]},{"@type":"ImageObject","inLanguage":"es","@id":"https:\/\/www.copealcoy.es\/es\/vuelve-el-festival-sound-jordi-a-alcoy-con-su-edicion-2025\/#primaryimage","url":"https:\/\/www.copealcoy.es\/wp-content\/uploads\/2025\/06\/Sound-jordi-maria-lozano.jpg","contentUrl":"https:\/\/www.copealcoy.es\/wp-content\/uploads\/2025\/06\/Sound-jordi-maria-lozano.jpg","width":625,"height":416},{"@type":"BreadcrumbList","@id":"https:\/\/www.copealcoy.es\/es\/vuelve-el-festival-sound-jordi-a-alcoy-con-su-edicion-2025\/#breadcrumb","itemListElement":[{"@type":"ListItem","position":1,"name":"Portada","item":"https:\/\/www.copealcoy.es\/es\/"},{"@type":"ListItem","position":2,"name":"Vuelve el Festival Sound Jordi a Alcoy con su edici\u00f3n 2025"}]},{"@type":"WebSite","@id":"https:\/\/www.copealcoy.es\/es\/#website","url":"https:\/\/www.copealcoy.es\/es\/","name":"COPE Alcoy","description":"Emisora COPE de radio local con emisi\u00f3n online. Pont de Sant Jordi 8-10 03803 Alcoy","potentialAction":[{"@type":"SearchAction","target":{"@type":"EntryPoint","urlTemplate":"https:\/\/www.copealcoy.es\/es\/?s={search_term_string}"},"query-input":{"@type":"PropertyValueSpecification","valueRequired":true,"valueName":"search_term_string"}}],"inLanguage":"es"},{"@type":"Person","@id":"https:\/\/www.copealcoy.es\/es\/#\/schema\/person\/e777c87fa024e57d40170af9df39882c","name":"Cope Alcoy","image":{"@type":"ImageObject","inLanguage":"es","@id":"https:\/\/secure.gravatar.com\/avatar\/bb65d0283347e303893ba14f0692005417c1e0e690a325a4c5d8bb2b3943ee14?s=96&d=mm&r=g","url":"https:\/\/secure.gravatar.com\/avatar\/bb65d0283347e303893ba14f0692005417c1e0e690a325a4c5d8bb2b3943ee14?s=96&d=mm&r=g","contentUrl":"https:\/\/secure.gravatar.com\/avatar\/bb65d0283347e303893ba14f0692005417c1e0e690a325a4c5d8bb2b3943ee14?s=96&d=mm&r=g","caption":"Cope Alcoy"}}]}},"_links":{"self":[{"href":"https:\/\/www.copealcoy.es\/es\/wp-json\/wp\/v2\/posts\/153139","targetHints":{"allow":["GET"]}}],"collection":[{"href":"https:\/\/www.copealcoy.es\/es\/wp-json\/wp\/v2\/posts"}],"about":[{"href":"https:\/\/www.copealcoy.es\/es\/wp-json\/wp\/v2\/types\/post"}],"author":[{"embeddable":true,"href":"https:\/\/www.copealcoy.es\/es\/wp-json\/wp\/v2\/users\/1"}],"replies":[{"embeddable":true,"href":"https:\/\/www.copealcoy.es\/es\/wp-json\/wp\/v2\/comments?post=153139"}],"version-history":[{"count":2,"href":"https:\/\/www.copealcoy.es\/es\/wp-json\/wp\/v2\/posts\/153139\/revisions"}],"predecessor-version":[{"id":153144,"href":"https:\/\/www.copealcoy.es\/es\/wp-json\/wp\/v2\/posts\/153139\/revisions\/153144"}],"wp:featuredmedia":[{"embeddable":true,"href":"https:\/\/www.copealcoy.es\/es\/wp-json\/wp\/v2\/media\/153174"}],"wp:attachment":[{"href":"https:\/\/www.copealcoy.es\/es\/wp-json\/wp\/v2\/media?parent=153139"}],"wp:term":[{"taxonomy":"category","embeddable":true,"href":"https:\/\/www.copealcoy.es\/es\/wp-json\/wp\/v2\/categories?post=153139"},{"taxonomy":"post_tag","embeddable":true,"href":"https:\/\/www.copealcoy.es\/es\/wp-json\/wp\/v2\/tags?post=153139"}],"curies":[{"name":"wp","href":"https:\/\/api.w.org\/{rel}","templated":true}]}}