{"id":153066,"date":"2025-05-30T22:16:07","date_gmt":"2025-05-30T21:16:07","guid":{"rendered":"https:\/\/www.copealcoy.es\/?p=153066"},"modified":"2025-05-30T22:24:08","modified_gmt":"2025-05-30T21:24:08","slug":"temperaturas-de-pleno-verano-en-alcoy-y-la-comarca-para-despedir-mayo","status":"publish","type":"post","link":"https:\/\/www.copealcoy.es\/es\/temperaturas-de-pleno-verano-en-alcoy-y-la-comarca-para-despedir-mayo\/","title":{"rendered":"Temperaturas de pleno verano en Alcoy y la comarca para despedir mayo"},"content":{"rendered":"<p style=\"text-align: justify;\">Alcoy y los municipios de nuestras comarcas<strong> tampoco se libran de las altas temperaturas<\/strong> en estos \u00faltimos d\u00edas del mes de mayo. El <strong>calor<\/strong> est\u00e1 siendo el protagonista y el mercurio se eleva por encima de los treinta grados de m\u00e1xima en las horas centrales del d\u00eda sin llegar a bajar de los quince en las m\u00ednimas durante las noches.<\/p>\n<p style=\"text-align: justify;\">La <a href=\"https:\/\/www.aemet.es\/es\/eltiempo\/prediccion\/municipios\/alcoy-alcoi-id03009\" target=\"_blank\" rel=\"noopener\"><strong><span style=\"color: #0000ff;\">Agencia Estatal de Meteorolog\u00eda<\/span><\/strong><\/a> ha explicado al respecto que <strong>estamos viviendo un episodio extraordinario <\/strong>de temperaturas m\u00e1ximas con valores m\u00e1s propios del ecuador del verano que del final de la primavera &#8220;<em>se notar\u00e1 especialmente en los valles de los grandes r\u00edos. S\u00f3lo se esperan chubascos ocasionales\u00a0 el viernes en la mitad norte peninsular<\/em>&#8220;, explican en sus partes meteorol\u00f3gicos para esta jornada. De momento <strong>ese term\u00f3metro ya super\u00f3 los 35 grados ayer en nuestra ciudad<\/strong> y la t\u00f3nica parece que se va a repetir tanto hoy como el s\u00e1bado y el domingo.<\/p>\n<p><span style=\"color: #0000ff;\"><strong>Sol y calor para el fin de semana\u00a0<\/strong><\/span><\/p>\n<p style=\"text-align: justify;\">Desde la AEMET <strong>pronostican en Alcoy y nuestras comarcas<\/strong> para el fin de semana una situaci\u00f3n id\u00e9ntica a la de los d\u00edas pasados. Hoy <strong>viernes<\/strong> lucir\u00e1 el sol, con cielos despejados, y las m\u00e1ximas quedar\u00e1n en los 34 grados mientras que las m\u00ednimas ser\u00e1n de18 en la pr\u00f3xima madrugada. La misma tendencia se repetir\u00e1 este <strong>s\u00e1bado<\/strong> 31 de mayo, para despedir el mes, con una jornada marcada por el sol, las m\u00e1ximas de 33 grados y las m\u00ednimas de 19. Por \u00faltimo el <strong>domingo<\/strong>, que ya ser\u00e1 1 de junio, arrancar\u00e1 el mes tambi\u00e9n con cielos despejados, sol, calor y m\u00e1ximas de 34 grados. Las m\u00ednimas, seg\u00fan la previsi\u00f3n a d\u00eda de hoy, quedar\u00e1n en los 33 y habr\u00e1 que prestar especial atenci\u00f3n a las m\u00ednimas ya que estar\u00e1n en los 20 grados, lo cual augura una noche c\u00e1lida en el conjunto de las comarcas de L&#8217;Alcoi\u00e0 y El Comtat.<\/p>\n","protected":false},"excerpt":{"rendered":"<p>Alcoy y los municipios de nuestras comarcas tampoco se libran de las altas temperaturas en estos \u00faltimos d\u00edas del mes&#8230;<\/p>\n","protected":false},"author":1,"featured_media":131030,"comment_status":"closed","ping_status":"closed","sticky":false,"template":"","format":"standard","meta":{"footnotes":""},"categories":[6909,97,75,125],"tags":[1494,11648,7815,4702,1098],"class_list":["post-153066","post","type-post","status-publish","format-standard","has-post-thumbnail","hentry","category-actualidad","category-alcoy","category-noticias","category-portada","tag-alcoy","tag-altas-temperaturas","tag-calor","tag-final","tag-mayo"],"yoast_head":"<!-- This site is optimized with the Yoast SEO plugin v27.3 - https:\/\/yoast.com\/product\/yoast-seo-wordpress\/ -->\n<title>Temperaturas de pleno verano en Alcoy y la comarca para despedir mayo - COPE Alcoy<\/title>\n<meta name=\"description\" content=\"Alcoy y los municipios de nuestras comarcas tampoco se libran de las altas temperaturas en estos \u00faltimos d\u00edas del mes de mayo\" \/>\n<meta name=\"robots\" content=\"index, follow, max-snippet:-1, max-image-preview:large, max-video-preview:-1\" \/>\n<link rel=\"canonical\" href=\"https:\/\/www.copealcoy.es\/es\/temperaturas-de-pleno-verano-en-alcoy-y-la-comarca-para-despedir-mayo\/\" \/>\n<meta property=\"og:locale\" content=\"es_ES\" \/>\n<meta property=\"og:type\" content=\"article\" \/>\n<meta property=\"og:title\" content=\"Temperaturas de pleno verano en Alcoy y la comarca para despedir mayo - COPE Alcoy\" \/>\n<meta property=\"og:description\" content=\"Alcoy y los municipios de nuestras comarcas tampoco se libran de las altas temperaturas en estos \u00faltimos d\u00edas del mes de mayo\" \/>\n<meta property=\"og:url\" content=\"https:\/\/www.copealcoy.es\/es\/temperaturas-de-pleno-verano-en-alcoy-y-la-comarca-para-despedir-mayo\/\" \/>\n<meta property=\"og:site_name\" content=\"COPE Alcoy\" \/>\n<meta property=\"article:published_time\" content=\"2025-05-30T21:16:07+00:00\" \/>\n<meta property=\"article:modified_time\" content=\"2025-05-30T21:24:08+00:00\" \/>\n<meta property=\"og:image\" content=\"https:\/\/www.copealcoy.es\/wp-content\/uploads\/2024\/03\/panoramica-alcoy.jpg_1760067043.jpg\" \/>\n\t<meta property=\"og:image:width\" content=\"625\" \/>\n\t<meta property=\"og:image:height\" content=\"469\" \/>\n\t<meta property=\"og:image:type\" content=\"image\/jpeg\" \/>\n<meta name=\"author\" content=\"Cope Alcoy\" \/>\n<meta name=\"twitter:label1\" content=\"Escrito por\" \/>\n\t<meta name=\"twitter:data1\" content=\"Cope Alcoy\" \/>\n\t<meta name=\"twitter:label2\" content=\"Tiempo de lectura\" \/>\n\t<meta name=\"twitter:data2\" content=\"2 minutos\" \/>\n<script type=\"application\/ld+json\" class=\"yoast-schema-graph\">{\"@context\":\"https:\\\/\\\/schema.org\",\"@graph\":[{\"@type\":\"Article\",\"@id\":\"https:\\\/\\\/www.copealcoy.es\\\/es\\\/temperaturas-de-pleno-verano-en-alcoy-y-la-comarca-para-despedir-mayo\\\/#article\",\"isPartOf\":{\"@id\":\"https:\\\/\\\/www.copealcoy.es\\\/es\\\/temperaturas-de-pleno-verano-en-alcoy-y-la-comarca-para-despedir-mayo\\\/\"},\"author\":{\"name\":\"Cope Alcoy\",\"@id\":\"https:\\\/\\\/www.copealcoy.es\\\/es\\\/#\\\/schema\\\/person\\\/e777c87fa024e57d40170af9df39882c\"},\"headline\":\"Temperaturas de pleno verano en Alcoy y la comarca para despedir mayo\",\"datePublished\":\"2025-05-30T21:16:07+00:00\",\"dateModified\":\"2025-05-30T21:24:08+00:00\",\"mainEntityOfPage\":{\"@id\":\"https:\\\/\\\/www.copealcoy.es\\\/es\\\/temperaturas-de-pleno-verano-en-alcoy-y-la-comarca-para-despedir-mayo\\\/\"},\"wordCount\":349,\"image\":{\"@id\":\"https:\\\/\\\/www.copealcoy.es\\\/es\\\/temperaturas-de-pleno-verano-en-alcoy-y-la-comarca-para-despedir-mayo\\\/#primaryimage\"},\"thumbnailUrl\":\"https:\\\/\\\/www.copealcoy.es\\\/wp-content\\\/uploads\\\/2024\\\/03\\\/panoramica-alcoy.jpg_1760067043.jpg\",\"keywords\":[\"Alcoy\",\"altas temperaturas\",\"calor\",\"final\",\"mayo\"],\"articleSection\":[\"Actualidad\",\"Alcoy\",\"Noticias\",\"Portada\"],\"inLanguage\":\"es\"},{\"@type\":\"WebPage\",\"@id\":\"https:\\\/\\\/www.copealcoy.es\\\/es\\\/temperaturas-de-pleno-verano-en-alcoy-y-la-comarca-para-despedir-mayo\\\/\",\"url\":\"https:\\\/\\\/www.copealcoy.es\\\/es\\\/temperaturas-de-pleno-verano-en-alcoy-y-la-comarca-para-despedir-mayo\\\/\",\"name\":\"Temperaturas de pleno verano en Alcoy y la comarca para despedir mayo - COPE Alcoy\",\"isPartOf\":{\"@id\":\"https:\\\/\\\/www.copealcoy.es\\\/es\\\/#website\"},\"primaryImageOfPage\":{\"@id\":\"https:\\\/\\\/www.copealcoy.es\\\/es\\\/temperaturas-de-pleno-verano-en-alcoy-y-la-comarca-para-despedir-mayo\\\/#primaryimage\"},\"image\":{\"@id\":\"https:\\\/\\\/www.copealcoy.es\\\/es\\\/temperaturas-de-pleno-verano-en-alcoy-y-la-comarca-para-despedir-mayo\\\/#primaryimage\"},\"thumbnailUrl\":\"https:\\\/\\\/www.copealcoy.es\\\/wp-content\\\/uploads\\\/2024\\\/03\\\/panoramica-alcoy.jpg_1760067043.jpg\",\"datePublished\":\"2025-05-30T21:16:07+00:00\",\"dateModified\":\"2025-05-30T21:24:08+00:00\",\"author\":{\"@id\":\"https:\\\/\\\/www.copealcoy.es\\\/es\\\/#\\\/schema\\\/person\\\/e777c87fa024e57d40170af9df39882c\"},\"description\":\"Alcoy y los municipios de nuestras comarcas tampoco se libran de las altas temperaturas en estos \u00faltimos d\u00edas del mes de mayo\",\"breadcrumb\":{\"@id\":\"https:\\\/\\\/www.copealcoy.es\\\/es\\\/temperaturas-de-pleno-verano-en-alcoy-y-la-comarca-para-despedir-mayo\\\/#breadcrumb\"},\"inLanguage\":\"es\",\"potentialAction\":[{\"@type\":\"ReadAction\",\"target\":[\"https:\\\/\\\/www.copealcoy.es\\\/es\\\/temperaturas-de-pleno-verano-en-alcoy-y-la-comarca-para-despedir-mayo\\\/\"]}]},{\"@type\":\"ImageObject\",\"inLanguage\":\"es\",\"@id\":\"https:\\\/\\\/www.copealcoy.es\\\/es\\\/temperaturas-de-pleno-verano-en-alcoy-y-la-comarca-para-despedir-mayo\\\/#primaryimage\",\"url\":\"https:\\\/\\\/www.copealcoy.es\\\/wp-content\\\/uploads\\\/2024\\\/03\\\/panoramica-alcoy.jpg_1760067043.jpg\",\"contentUrl\":\"https:\\\/\\\/www.copealcoy.es\\\/wp-content\\\/uploads\\\/2024\\\/03\\\/panoramica-alcoy.jpg_1760067043.jpg\",\"width\":625,\"height\":469},{\"@type\":\"BreadcrumbList\",\"@id\":\"https:\\\/\\\/www.copealcoy.es\\\/es\\\/temperaturas-de-pleno-verano-en-alcoy-y-la-comarca-para-despedir-mayo\\\/#breadcrumb\",\"itemListElement\":[{\"@type\":\"ListItem\",\"position\":1,\"name\":\"Portada\",\"item\":\"https:\\\/\\\/www.copealcoy.es\\\/es\\\/\"},{\"@type\":\"ListItem\",\"position\":2,\"name\":\"Temperaturas de pleno verano en Alcoy y la comarca para despedir mayo\"}]},{\"@type\":\"WebSite\",\"@id\":\"https:\\\/\\\/www.copealcoy.es\\\/es\\\/#website\",\"url\":\"https:\\\/\\\/www.copealcoy.es\\\/es\\\/\",\"name\":\"COPE Alcoy\",\"description\":\"Emisora COPE de radio local con emisi\u00f3n online. Pont de Sant Jordi 8-10 03803 Alcoy\",\"potentialAction\":[{\"@type\":\"SearchAction\",\"target\":{\"@type\":\"EntryPoint\",\"urlTemplate\":\"https:\\\/\\\/www.copealcoy.es\\\/es\\\/?s={search_term_string}\"},\"query-input\":{\"@type\":\"PropertyValueSpecification\",\"valueRequired\":true,\"valueName\":\"search_term_string\"}}],\"inLanguage\":\"es\"},{\"@type\":\"Person\",\"@id\":\"https:\\\/\\\/www.copealcoy.es\\\/es\\\/#\\\/schema\\\/person\\\/e777c87fa024e57d40170af9df39882c\",\"name\":\"Cope Alcoy\",\"image\":{\"@type\":\"ImageObject\",\"inLanguage\":\"es\",\"@id\":\"https:\\\/\\\/secure.gravatar.com\\\/avatar\\\/bb65d0283347e303893ba14f0692005417c1e0e690a325a4c5d8bb2b3943ee14?s=96&d=mm&r=g\",\"url\":\"https:\\\/\\\/secure.gravatar.com\\\/avatar\\\/bb65d0283347e303893ba14f0692005417c1e0e690a325a4c5d8bb2b3943ee14?s=96&d=mm&r=g\",\"contentUrl\":\"https:\\\/\\\/secure.gravatar.com\\\/avatar\\\/bb65d0283347e303893ba14f0692005417c1e0e690a325a4c5d8bb2b3943ee14?s=96&d=mm&r=g\",\"caption\":\"Cope Alcoy\"}}]}<\/script>\n<!-- \/ Yoast SEO plugin. -->","yoast_head_json":{"title":"Temperaturas de pleno verano en Alcoy y la comarca para despedir mayo - COPE Alcoy","description":"Alcoy y los municipios de nuestras comarcas tampoco se libran de las altas temperaturas en estos \u00faltimos d\u00edas del mes de mayo","robots":{"index":"index","follow":"follow","max-snippet":"max-snippet:-1","max-image-preview":"max-image-preview:large","max-video-preview":"max-video-preview:-1"},"canonical":"https:\/\/www.copealcoy.es\/es\/temperaturas-de-pleno-verano-en-alcoy-y-la-comarca-para-despedir-mayo\/","og_locale":"es_ES","og_type":"article","og_title":"Temperaturas de pleno verano en Alcoy y la comarca para despedir mayo - COPE Alcoy","og_description":"Alcoy y los municipios de nuestras comarcas tampoco se libran de las altas temperaturas en estos \u00faltimos d\u00edas del mes de mayo","og_url":"https:\/\/www.copealcoy.es\/es\/temperaturas-de-pleno-verano-en-alcoy-y-la-comarca-para-despedir-mayo\/","og_site_name":"COPE Alcoy","article_published_time":"2025-05-30T21:16:07+00:00","article_modified_time":"2025-05-30T21:24:08+00:00","og_image":[{"width":625,"height":469,"url":"https:\/\/www.copealcoy.es\/wp-content\/uploads\/2024\/03\/panoramica-alcoy.jpg_1760067043.jpg","type":"image\/jpeg"}],"author":"Cope Alcoy","twitter_misc":{"Escrito por":"Cope Alcoy","Tiempo de lectura":"2 minutos"},"schema":{"@context":"https:\/\/schema.org","@graph":[{"@type":"Article","@id":"https:\/\/www.copealcoy.es\/es\/temperaturas-de-pleno-verano-en-alcoy-y-la-comarca-para-despedir-mayo\/#article","isPartOf":{"@id":"https:\/\/www.copealcoy.es\/es\/temperaturas-de-pleno-verano-en-alcoy-y-la-comarca-para-despedir-mayo\/"},"author":{"name":"Cope Alcoy","@id":"https:\/\/www.copealcoy.es\/es\/#\/schema\/person\/e777c87fa024e57d40170af9df39882c"},"headline":"Temperaturas de pleno verano en Alcoy y la comarca para despedir mayo","datePublished":"2025-05-30T21:16:07+00:00","dateModified":"2025-05-30T21:24:08+00:00","mainEntityOfPage":{"@id":"https:\/\/www.copealcoy.es\/es\/temperaturas-de-pleno-verano-en-alcoy-y-la-comarca-para-despedir-mayo\/"},"wordCount":349,"image":{"@id":"https:\/\/www.copealcoy.es\/es\/temperaturas-de-pleno-verano-en-alcoy-y-la-comarca-para-despedir-mayo\/#primaryimage"},"thumbnailUrl":"https:\/\/www.copealcoy.es\/wp-content\/uploads\/2024\/03\/panoramica-alcoy.jpg_1760067043.jpg","keywords":["Alcoy","altas temperaturas","calor","final","mayo"],"articleSection":["Actualidad","Alcoy","Noticias","Portada"],"inLanguage":"es"},{"@type":"WebPage","@id":"https:\/\/www.copealcoy.es\/es\/temperaturas-de-pleno-verano-en-alcoy-y-la-comarca-para-despedir-mayo\/","url":"https:\/\/www.copealcoy.es\/es\/temperaturas-de-pleno-verano-en-alcoy-y-la-comarca-para-despedir-mayo\/","name":"Temperaturas de pleno verano en Alcoy y la comarca para despedir mayo - COPE Alcoy","isPartOf":{"@id":"https:\/\/www.copealcoy.es\/es\/#website"},"primaryImageOfPage":{"@id":"https:\/\/www.copealcoy.es\/es\/temperaturas-de-pleno-verano-en-alcoy-y-la-comarca-para-despedir-mayo\/#primaryimage"},"image":{"@id":"https:\/\/www.copealcoy.es\/es\/temperaturas-de-pleno-verano-en-alcoy-y-la-comarca-para-despedir-mayo\/#primaryimage"},"thumbnailUrl":"https:\/\/www.copealcoy.es\/wp-content\/uploads\/2024\/03\/panoramica-alcoy.jpg_1760067043.jpg","datePublished":"2025-05-30T21:16:07+00:00","dateModified":"2025-05-30T21:24:08+00:00","author":{"@id":"https:\/\/www.copealcoy.es\/es\/#\/schema\/person\/e777c87fa024e57d40170af9df39882c"},"description":"Alcoy y los municipios de nuestras comarcas tampoco se libran de las altas temperaturas en estos \u00faltimos d\u00edas del mes de mayo","breadcrumb":{"@id":"https:\/\/www.copealcoy.es\/es\/temperaturas-de-pleno-verano-en-alcoy-y-la-comarca-para-despedir-mayo\/#breadcrumb"},"inLanguage":"es","potentialAction":[{"@type":"ReadAction","target":["https:\/\/www.copealcoy.es\/es\/temperaturas-de-pleno-verano-en-alcoy-y-la-comarca-para-despedir-mayo\/"]}]},{"@type":"ImageObject","inLanguage":"es","@id":"https:\/\/www.copealcoy.es\/es\/temperaturas-de-pleno-verano-en-alcoy-y-la-comarca-para-despedir-mayo\/#primaryimage","url":"https:\/\/www.copealcoy.es\/wp-content\/uploads\/2024\/03\/panoramica-alcoy.jpg_1760067043.jpg","contentUrl":"https:\/\/www.copealcoy.es\/wp-content\/uploads\/2024\/03\/panoramica-alcoy.jpg_1760067043.jpg","width":625,"height":469},{"@type":"BreadcrumbList","@id":"https:\/\/www.copealcoy.es\/es\/temperaturas-de-pleno-verano-en-alcoy-y-la-comarca-para-despedir-mayo\/#breadcrumb","itemListElement":[{"@type":"ListItem","position":1,"name":"Portada","item":"https:\/\/www.copealcoy.es\/es\/"},{"@type":"ListItem","position":2,"name":"Temperaturas de pleno verano en Alcoy y la comarca para despedir mayo"}]},{"@type":"WebSite","@id":"https:\/\/www.copealcoy.es\/es\/#website","url":"https:\/\/www.copealcoy.es\/es\/","name":"COPE Alcoy","description":"Emisora COPE de radio local con emisi\u00f3n online. Pont de Sant Jordi 8-10 03803 Alcoy","potentialAction":[{"@type":"SearchAction","target":{"@type":"EntryPoint","urlTemplate":"https:\/\/www.copealcoy.es\/es\/?s={search_term_string}"},"query-input":{"@type":"PropertyValueSpecification","valueRequired":true,"valueName":"search_term_string"}}],"inLanguage":"es"},{"@type":"Person","@id":"https:\/\/www.copealcoy.es\/es\/#\/schema\/person\/e777c87fa024e57d40170af9df39882c","name":"Cope Alcoy","image":{"@type":"ImageObject","inLanguage":"es","@id":"https:\/\/secure.gravatar.com\/avatar\/bb65d0283347e303893ba14f0692005417c1e0e690a325a4c5d8bb2b3943ee14?s=96&d=mm&r=g","url":"https:\/\/secure.gravatar.com\/avatar\/bb65d0283347e303893ba14f0692005417c1e0e690a325a4c5d8bb2b3943ee14?s=96&d=mm&r=g","contentUrl":"https:\/\/secure.gravatar.com\/avatar\/bb65d0283347e303893ba14f0692005417c1e0e690a325a4c5d8bb2b3943ee14?s=96&d=mm&r=g","caption":"Cope Alcoy"}}]}},"_links":{"self":[{"href":"https:\/\/www.copealcoy.es\/es\/wp-json\/wp\/v2\/posts\/153066","targetHints":{"allow":["GET"]}}],"collection":[{"href":"https:\/\/www.copealcoy.es\/es\/wp-json\/wp\/v2\/posts"}],"about":[{"href":"https:\/\/www.copealcoy.es\/es\/wp-json\/wp\/v2\/types\/post"}],"author":[{"embeddable":true,"href":"https:\/\/www.copealcoy.es\/es\/wp-json\/wp\/v2\/users\/1"}],"replies":[{"embeddable":true,"href":"https:\/\/www.copealcoy.es\/es\/wp-json\/wp\/v2\/comments?post=153066"}],"version-history":[{"count":2,"href":"https:\/\/www.copealcoy.es\/es\/wp-json\/wp\/v2\/posts\/153066\/revisions"}],"predecessor-version":[{"id":153070,"href":"https:\/\/www.copealcoy.es\/es\/wp-json\/wp\/v2\/posts\/153066\/revisions\/153070"}],"wp:featuredmedia":[{"embeddable":true,"href":"https:\/\/www.copealcoy.es\/es\/wp-json\/wp\/v2\/media\/131030"}],"wp:attachment":[{"href":"https:\/\/www.copealcoy.es\/es\/wp-json\/wp\/v2\/media?parent=153066"}],"wp:term":[{"taxonomy":"category","embeddable":true,"href":"https:\/\/www.copealcoy.es\/es\/wp-json\/wp\/v2\/categories?post=153066"},{"taxonomy":"post_tag","embeddable":true,"href":"https:\/\/www.copealcoy.es\/es\/wp-json\/wp\/v2\/tags?post=153066"}],"curies":[{"name":"wp","href":"https:\/\/api.w.org\/{rel}","templated":true}]}}