{"id":15294,"date":"2015-08-28T17:06:27","date_gmt":"2015-08-28T17:06:27","guid":{"rendered":"http:\/\/copealcoi.es\/new\/?p=15294"},"modified":"2015-08-28T17:06:27","modified_gmt":"2015-08-28T17:06:27","slug":"jordi-bernacer-dirigira-la-opera-de-san-francisco","status":"publish","type":"post","link":"https:\/\/www.copealcoy.es\/es\/jordi-bernacer-dirigira-la-opera-de-san-francisco\/","title":{"rendered":"Jordi Bern\u00e0cer dirigir\u00e1 la \u00d3pera de San Francisco"},"content":{"rendered":"<p style=\"text-align: justify;\">El alcoyano Jordi Bern\u00e0cer ha sido nombrado nuevo director titular de la \u00d3pera de San Francisco en sustituci\u00f3n del italiano\u00a0Giuseppe Finzi. A sus 39 a\u00f1os Bern\u00e0cer ocupar\u00e1 este puesto hasta el mes de diciembre del 2017 seg\u00fan \u00a0ha anunciado la instituci\u00f3n norteamericana en un comunicado y adem\u00e1s ser\u00e1 el asistente musical del director art\u00edstico Nicola Luisotti, el cual ha destacado la afinidad que les une a ambos despu\u00e9s de coincidir en el Palau de les Arts de la capital del Turia &#8220;tuve el gran placer de trabajar con Jordi en dos ocasiones en Valencia y es un m\u00fasico fant\u00e1stico, estoy muy feliz de traerlo a la vida musical de \u00d3pera de San Francisco como nuestro nuevo director titular&#8221;, se\u00f1ala.<\/p>\n<p style=\"text-align: justify;\">Recordar que Jordi Bern\u00e0cer ha cosechado \u00e9xitos recientes en el Teatrodi San Carlo de N\u00e1poles o en la \u00d3pera de los \u00c1ngeles y ha trabajado junto a directores de la talla de\u00a0Zubin Mehta,\u00a0Lorin Maazel o\u00a0Riccardo Chailly. Adem\u00e1s ha trabajado junto al tenor\u00a0Pl\u00e1cido Domingo.<\/p>\n<p>&nbsp;<\/p>\n","protected":false},"excerpt":{"rendered":"<p>El alcoyano Jordi Bern\u00e0cer ha sido nombrado nuevo director titular de la \u00d3pera de San Francisco en sustituci\u00f3n del italiano\u00a0Giuseppe&#8230;<\/p>\n","protected":false},"author":1,"featured_media":15295,"comment_status":"open","ping_status":"open","sticky":false,"template":"","format":"standard","meta":{"footnotes":""},"categories":[97,78,75],"tags":[1494,414,1376,377],"class_list":["post-15294","post","type-post","status-publish","format-standard","has-post-thumbnail","hentry","category-alcoy","category-fiestaycultura","category-noticias","tag-alcoy","tag-cultura","tag-jordi-bernacer","tag-musica"],"yoast_head":"<!-- This site is optimized with the Yoast SEO plugin v27.3 - https:\/\/yoast.com\/product\/yoast-seo-wordpress\/ -->\n<title>Jordi Bern\u00e0cer dirigir\u00e1 la \u00d3pera de San Francisco - COPE Alcoy<\/title>\n<meta name=\"robots\" content=\"index, follow, max-snippet:-1, max-image-preview:large, max-video-preview:-1\" \/>\n<link rel=\"canonical\" href=\"https:\/\/www.copealcoy.es\/es\/jordi-bernacer-dirigira-la-opera-de-san-francisco\/\" \/>\n<meta property=\"og:locale\" content=\"es_ES\" \/>\n<meta property=\"og:type\" content=\"article\" \/>\n<meta property=\"og:title\" content=\"Jordi Bern\u00e0cer dirigir\u00e1 la \u00d3pera de San Francisco - COPE Alcoy\" \/>\n<meta property=\"og:description\" content=\"El alcoyano Jordi Bern\u00e0cer ha sido nombrado nuevo director titular de la \u00d3pera de San Francisco en sustituci\u00f3n del italiano\u00a0Giuseppe...\" \/>\n<meta property=\"og:url\" content=\"https:\/\/www.copealcoy.es\/es\/jordi-bernacer-dirigira-la-opera-de-san-francisco\/\" \/>\n<meta property=\"og:site_name\" content=\"COPE Alcoy\" \/>\n<meta property=\"article:published_time\" content=\"2015-08-28T17:06:27+00:00\" \/>\n<meta property=\"og:image\" content=\"https:\/\/www.copealcoy.es\/wp-content\/uploads\/2015\/08\/img_19705.jpg\" \/>\n\t<meta property=\"og:image:width\" content=\"670\" \/>\n\t<meta property=\"og:image:height\" content=\"377\" \/>\n\t<meta property=\"og:image:type\" content=\"image\/jpeg\" \/>\n<meta name=\"author\" content=\"Cope Alcoy\" \/>\n<meta name=\"twitter:label1\" content=\"Escrito por\" \/>\n\t<meta name=\"twitter:data1\" content=\"Cope Alcoy\" \/>\n\t<meta name=\"twitter:label2\" content=\"Tiempo de lectura\" \/>\n\t<meta name=\"twitter:data2\" content=\"1 minuto\" \/>\n<script type=\"application\/ld+json\" class=\"yoast-schema-graph\">{\"@context\":\"https:\\\/\\\/schema.org\",\"@graph\":[{\"@type\":\"Article\",\"@id\":\"https:\\\/\\\/www.copealcoy.es\\\/es\\\/jordi-bernacer-dirigira-la-opera-de-san-francisco\\\/#article\",\"isPartOf\":{\"@id\":\"https:\\\/\\\/www.copealcoy.es\\\/es\\\/jordi-bernacer-dirigira-la-opera-de-san-francisco\\\/\"},\"author\":{\"name\":\"Cope Alcoy\",\"@id\":\"https:\\\/\\\/www.copealcoy.es\\\/es\\\/#\\\/schema\\\/person\\\/e777c87fa024e57d40170af9df39882c\"},\"headline\":\"Jordi Bern\u00e0cer dirigir\u00e1 la \u00d3pera de San Francisco\",\"datePublished\":\"2015-08-28T17:06:27+00:00\",\"mainEntityOfPage\":{\"@id\":\"https:\\\/\\\/www.copealcoy.es\\\/es\\\/jordi-bernacer-dirigira-la-opera-de-san-francisco\\\/\"},\"wordCount\":191,\"commentCount\":0,\"image\":{\"@id\":\"https:\\\/\\\/www.copealcoy.es\\\/es\\\/jordi-bernacer-dirigira-la-opera-de-san-francisco\\\/#primaryimage\"},\"thumbnailUrl\":\"https:\\\/\\\/www.copealcoy.es\\\/wp-content\\\/uploads\\\/2015\\\/08\\\/img_19705.jpg\",\"keywords\":[\"Alcoy\",\"Cultura\",\"Jordi Bern\u00e0cer\",\"M\u00fasica\"],\"articleSection\":[\"Alcoy\",\"Fiesta y Cultura\",\"Noticias\"],\"inLanguage\":\"es\"},{\"@type\":\"WebPage\",\"@id\":\"https:\\\/\\\/www.copealcoy.es\\\/es\\\/jordi-bernacer-dirigira-la-opera-de-san-francisco\\\/\",\"url\":\"https:\\\/\\\/www.copealcoy.es\\\/es\\\/jordi-bernacer-dirigira-la-opera-de-san-francisco\\\/\",\"name\":\"Jordi Bern\u00e0cer dirigir\u00e1 la \u00d3pera de San Francisco - COPE Alcoy\",\"isPartOf\":{\"@id\":\"https:\\\/\\\/www.copealcoy.es\\\/es\\\/#website\"},\"primaryImageOfPage\":{\"@id\":\"https:\\\/\\\/www.copealcoy.es\\\/es\\\/jordi-bernacer-dirigira-la-opera-de-san-francisco\\\/#primaryimage\"},\"image\":{\"@id\":\"https:\\\/\\\/www.copealcoy.es\\\/es\\\/jordi-bernacer-dirigira-la-opera-de-san-francisco\\\/#primaryimage\"},\"thumbnailUrl\":\"https:\\\/\\\/www.copealcoy.es\\\/wp-content\\\/uploads\\\/2015\\\/08\\\/img_19705.jpg\",\"datePublished\":\"2015-08-28T17:06:27+00:00\",\"author\":{\"@id\":\"https:\\\/\\\/www.copealcoy.es\\\/es\\\/#\\\/schema\\\/person\\\/e777c87fa024e57d40170af9df39882c\"},\"breadcrumb\":{\"@id\":\"https:\\\/\\\/www.copealcoy.es\\\/es\\\/jordi-bernacer-dirigira-la-opera-de-san-francisco\\\/#breadcrumb\"},\"inLanguage\":\"es\",\"potentialAction\":[{\"@type\":\"ReadAction\",\"target\":[\"https:\\\/\\\/www.copealcoy.es\\\/es\\\/jordi-bernacer-dirigira-la-opera-de-san-francisco\\\/\"]}]},{\"@type\":\"ImageObject\",\"inLanguage\":\"es\",\"@id\":\"https:\\\/\\\/www.copealcoy.es\\\/es\\\/jordi-bernacer-dirigira-la-opera-de-san-francisco\\\/#primaryimage\",\"url\":\"https:\\\/\\\/www.copealcoy.es\\\/wp-content\\\/uploads\\\/2015\\\/08\\\/img_19705.jpg\",\"contentUrl\":\"https:\\\/\\\/www.copealcoy.es\\\/wp-content\\\/uploads\\\/2015\\\/08\\\/img_19705.jpg\",\"width\":670,\"height\":377,\"caption\":\"Jordi Bern\u00e0cer junto a Pl\u00e1cido Domingo\"},{\"@type\":\"BreadcrumbList\",\"@id\":\"https:\\\/\\\/www.copealcoy.es\\\/es\\\/jordi-bernacer-dirigira-la-opera-de-san-francisco\\\/#breadcrumb\",\"itemListElement\":[{\"@type\":\"ListItem\",\"position\":1,\"name\":\"Portada\",\"item\":\"https:\\\/\\\/www.copealcoy.es\\\/es\\\/\"},{\"@type\":\"ListItem\",\"position\":2,\"name\":\"Jordi Bern\u00e0cer dirigir\u00e1 la \u00d3pera de San Francisco\"}]},{\"@type\":\"WebSite\",\"@id\":\"https:\\\/\\\/www.copealcoy.es\\\/es\\\/#website\",\"url\":\"https:\\\/\\\/www.copealcoy.es\\\/es\\\/\",\"name\":\"COPE Alcoy\",\"description\":\"Emisora COPE de radio local con emisi\u00f3n online. Pont de Sant Jordi 8-10 03803 Alcoy\",\"potentialAction\":[{\"@type\":\"SearchAction\",\"target\":{\"@type\":\"EntryPoint\",\"urlTemplate\":\"https:\\\/\\\/www.copealcoy.es\\\/es\\\/?s={search_term_string}\"},\"query-input\":{\"@type\":\"PropertyValueSpecification\",\"valueRequired\":true,\"valueName\":\"search_term_string\"}}],\"inLanguage\":\"es\"},{\"@type\":\"Person\",\"@id\":\"https:\\\/\\\/www.copealcoy.es\\\/es\\\/#\\\/schema\\\/person\\\/e777c87fa024e57d40170af9df39882c\",\"name\":\"Cope Alcoy\",\"image\":{\"@type\":\"ImageObject\",\"inLanguage\":\"es\",\"@id\":\"https:\\\/\\\/secure.gravatar.com\\\/avatar\\\/bb65d0283347e303893ba14f0692005417c1e0e690a325a4c5d8bb2b3943ee14?s=96&d=mm&r=g\",\"url\":\"https:\\\/\\\/secure.gravatar.com\\\/avatar\\\/bb65d0283347e303893ba14f0692005417c1e0e690a325a4c5d8bb2b3943ee14?s=96&d=mm&r=g\",\"contentUrl\":\"https:\\\/\\\/secure.gravatar.com\\\/avatar\\\/bb65d0283347e303893ba14f0692005417c1e0e690a325a4c5d8bb2b3943ee14?s=96&d=mm&r=g\",\"caption\":\"Cope Alcoy\"}}]}<\/script>\n<!-- \/ Yoast SEO plugin. -->","yoast_head_json":{"title":"Jordi Bern\u00e0cer dirigir\u00e1 la \u00d3pera de San Francisco - COPE Alcoy","robots":{"index":"index","follow":"follow","max-snippet":"max-snippet:-1","max-image-preview":"max-image-preview:large","max-video-preview":"max-video-preview:-1"},"canonical":"https:\/\/www.copealcoy.es\/es\/jordi-bernacer-dirigira-la-opera-de-san-francisco\/","og_locale":"es_ES","og_type":"article","og_title":"Jordi Bern\u00e0cer dirigir\u00e1 la \u00d3pera de San Francisco - COPE Alcoy","og_description":"El alcoyano Jordi Bern\u00e0cer ha sido nombrado nuevo director titular de la \u00d3pera de San Francisco en sustituci\u00f3n del italiano\u00a0Giuseppe...","og_url":"https:\/\/www.copealcoy.es\/es\/jordi-bernacer-dirigira-la-opera-de-san-francisco\/","og_site_name":"COPE Alcoy","article_published_time":"2015-08-28T17:06:27+00:00","og_image":[{"width":670,"height":377,"url":"https:\/\/www.copealcoy.es\/wp-content\/uploads\/2015\/08\/img_19705.jpg","type":"image\/jpeg"}],"author":"Cope Alcoy","twitter_misc":{"Escrito por":"Cope Alcoy","Tiempo de lectura":"1 minuto"},"schema":{"@context":"https:\/\/schema.org","@graph":[{"@type":"Article","@id":"https:\/\/www.copealcoy.es\/es\/jordi-bernacer-dirigira-la-opera-de-san-francisco\/#article","isPartOf":{"@id":"https:\/\/www.copealcoy.es\/es\/jordi-bernacer-dirigira-la-opera-de-san-francisco\/"},"author":{"name":"Cope Alcoy","@id":"https:\/\/www.copealcoy.es\/es\/#\/schema\/person\/e777c87fa024e57d40170af9df39882c"},"headline":"Jordi Bern\u00e0cer dirigir\u00e1 la \u00d3pera de San Francisco","datePublished":"2015-08-28T17:06:27+00:00","mainEntityOfPage":{"@id":"https:\/\/www.copealcoy.es\/es\/jordi-bernacer-dirigira-la-opera-de-san-francisco\/"},"wordCount":191,"commentCount":0,"image":{"@id":"https:\/\/www.copealcoy.es\/es\/jordi-bernacer-dirigira-la-opera-de-san-francisco\/#primaryimage"},"thumbnailUrl":"https:\/\/www.copealcoy.es\/wp-content\/uploads\/2015\/08\/img_19705.jpg","keywords":["Alcoy","Cultura","Jordi Bern\u00e0cer","M\u00fasica"],"articleSection":["Alcoy","Fiesta y Cultura","Noticias"],"inLanguage":"es"},{"@type":"WebPage","@id":"https:\/\/www.copealcoy.es\/es\/jordi-bernacer-dirigira-la-opera-de-san-francisco\/","url":"https:\/\/www.copealcoy.es\/es\/jordi-bernacer-dirigira-la-opera-de-san-francisco\/","name":"Jordi Bern\u00e0cer dirigir\u00e1 la \u00d3pera de San Francisco - COPE Alcoy","isPartOf":{"@id":"https:\/\/www.copealcoy.es\/es\/#website"},"primaryImageOfPage":{"@id":"https:\/\/www.copealcoy.es\/es\/jordi-bernacer-dirigira-la-opera-de-san-francisco\/#primaryimage"},"image":{"@id":"https:\/\/www.copealcoy.es\/es\/jordi-bernacer-dirigira-la-opera-de-san-francisco\/#primaryimage"},"thumbnailUrl":"https:\/\/www.copealcoy.es\/wp-content\/uploads\/2015\/08\/img_19705.jpg","datePublished":"2015-08-28T17:06:27+00:00","author":{"@id":"https:\/\/www.copealcoy.es\/es\/#\/schema\/person\/e777c87fa024e57d40170af9df39882c"},"breadcrumb":{"@id":"https:\/\/www.copealcoy.es\/es\/jordi-bernacer-dirigira-la-opera-de-san-francisco\/#breadcrumb"},"inLanguage":"es","potentialAction":[{"@type":"ReadAction","target":["https:\/\/www.copealcoy.es\/es\/jordi-bernacer-dirigira-la-opera-de-san-francisco\/"]}]},{"@type":"ImageObject","inLanguage":"es","@id":"https:\/\/www.copealcoy.es\/es\/jordi-bernacer-dirigira-la-opera-de-san-francisco\/#primaryimage","url":"https:\/\/www.copealcoy.es\/wp-content\/uploads\/2015\/08\/img_19705.jpg","contentUrl":"https:\/\/www.copealcoy.es\/wp-content\/uploads\/2015\/08\/img_19705.jpg","width":670,"height":377,"caption":"Jordi Bern\u00e0cer junto a Pl\u00e1cido Domingo"},{"@type":"BreadcrumbList","@id":"https:\/\/www.copealcoy.es\/es\/jordi-bernacer-dirigira-la-opera-de-san-francisco\/#breadcrumb","itemListElement":[{"@type":"ListItem","position":1,"name":"Portada","item":"https:\/\/www.copealcoy.es\/es\/"},{"@type":"ListItem","position":2,"name":"Jordi Bern\u00e0cer dirigir\u00e1 la \u00d3pera de San Francisco"}]},{"@type":"WebSite","@id":"https:\/\/www.copealcoy.es\/es\/#website","url":"https:\/\/www.copealcoy.es\/es\/","name":"COPE Alcoy","description":"Emisora COPE de radio local con emisi\u00f3n online. Pont de Sant Jordi 8-10 03803 Alcoy","potentialAction":[{"@type":"SearchAction","target":{"@type":"EntryPoint","urlTemplate":"https:\/\/www.copealcoy.es\/es\/?s={search_term_string}"},"query-input":{"@type":"PropertyValueSpecification","valueRequired":true,"valueName":"search_term_string"}}],"inLanguage":"es"},{"@type":"Person","@id":"https:\/\/www.copealcoy.es\/es\/#\/schema\/person\/e777c87fa024e57d40170af9df39882c","name":"Cope Alcoy","image":{"@type":"ImageObject","inLanguage":"es","@id":"https:\/\/secure.gravatar.com\/avatar\/bb65d0283347e303893ba14f0692005417c1e0e690a325a4c5d8bb2b3943ee14?s=96&d=mm&r=g","url":"https:\/\/secure.gravatar.com\/avatar\/bb65d0283347e303893ba14f0692005417c1e0e690a325a4c5d8bb2b3943ee14?s=96&d=mm&r=g","contentUrl":"https:\/\/secure.gravatar.com\/avatar\/bb65d0283347e303893ba14f0692005417c1e0e690a325a4c5d8bb2b3943ee14?s=96&d=mm&r=g","caption":"Cope Alcoy"}}]}},"_links":{"self":[{"href":"https:\/\/www.copealcoy.es\/es\/wp-json\/wp\/v2\/posts\/15294","targetHints":{"allow":["GET"]}}],"collection":[{"href":"https:\/\/www.copealcoy.es\/es\/wp-json\/wp\/v2\/posts"}],"about":[{"href":"https:\/\/www.copealcoy.es\/es\/wp-json\/wp\/v2\/types\/post"}],"author":[{"embeddable":true,"href":"https:\/\/www.copealcoy.es\/es\/wp-json\/wp\/v2\/users\/1"}],"replies":[{"embeddable":true,"href":"https:\/\/www.copealcoy.es\/es\/wp-json\/wp\/v2\/comments?post=15294"}],"version-history":[{"count":0,"href":"https:\/\/www.copealcoy.es\/es\/wp-json\/wp\/v2\/posts\/15294\/revisions"}],"wp:featuredmedia":[{"embeddable":true,"href":"https:\/\/www.copealcoy.es\/es\/wp-json\/wp\/v2\/media\/15295"}],"wp:attachment":[{"href":"https:\/\/www.copealcoy.es\/es\/wp-json\/wp\/v2\/media?parent=15294"}],"wp:term":[{"taxonomy":"category","embeddable":true,"href":"https:\/\/www.copealcoy.es\/es\/wp-json\/wp\/v2\/categories?post=15294"},{"taxonomy":"post_tag","embeddable":true,"href":"https:\/\/www.copealcoy.es\/es\/wp-json\/wp\/v2\/tags?post=15294"}],"curies":[{"name":"wp","href":"https:\/\/api.w.org\/{rel}","templated":true}]}}