{"id":15282,"date":"2015-08-27T14:15:24","date_gmt":"2015-08-27T14:15:24","guid":{"rendered":"http:\/\/copealcoi.es\/new\/?p=15282"},"modified":"2015-08-27T20:16:40","modified_gmt":"2015-08-27T20:16:40","slug":"rafa-peralta-asumira-la-secretaria-de-ciudadanos","status":"publish","type":"post","link":"https:\/\/www.copealcoy.es\/es\/rafa-peralta-asumira-la-secretaria-de-ciudadanos\/","title":{"rendered":"Rafa Peralta asumir\u00e1 la secretar\u00eda de Ciudadanos"},"content":{"rendered":"<p style=\"text-align: justify;\">El inicio del curso pol\u00edtico llegar\u00e1 plagado de nuevos nombramientos en los partidos pol\u00edticos de la ciudad. Es el caso de Ciudadanos que ha confirmado que su actual Secretario Municipal, Mario Santacreu, deja el cargo para pasar a ser coordinador comarcal en la Diputaci\u00f3n Provincial de Alicante. La persona que ocupar\u00e1 su puesto es Rafael Peralta que ya a\u00f1os atr\u00e1s fue jefe de alcald\u00eda cuando Jorge Sedano era el primer edil. Por su parte, seg\u00fan informa el Diario El Nostre en su edici\u00f3n digital, el exconcejal de Cultura Paco Agull\u00f3 de Esquerra Unida, pasar\u00e1 a trabajar en su grupo pol\u00edtico en Alicante. Recordar que Agull\u00f3 ocupaba la posici\u00f3n n\u00famero tres de la candidatura por la provincia de Alicante en las pasadas elecciones auton\u00f3micas de mayo pero se qued\u00f3 sin entrar a las Cortes Valencianas ya que EUPV no consigui\u00f3 representaci\u00f3n parlamentaria a tenor de los resultados electorales obtenidos.<\/p>\n<p style=\"text-align: justify;\">\n","protected":false},"excerpt":{"rendered":"<p>El inicio del curso pol\u00edtico llegar\u00e1 plagado de nuevos nombramientos en los partidos pol\u00edticos de la ciudad. Es el caso&#8230;<\/p>\n","protected":false},"author":1,"featured_media":11655,"comment_status":"open","ping_status":"open","sticky":false,"template":"","format":"standard","meta":{"footnotes":""},"categories":[97,75,79],"tags":[1494,349,422],"class_list":["post-15282","post","type-post","status-publish","format-standard","has-post-thumbnail","hentry","category-alcoy","category-noticias","category-politicayeconomia","tag-alcoy","tag-ciudadanos","tag-politica"],"yoast_head":"<!-- This site is optimized with the Yoast SEO plugin v27.3 - https:\/\/yoast.com\/product\/yoast-seo-wordpress\/ -->\n<title>Rafa Peralta asumir\u00e1 la secretar\u00eda de Ciudadanos - COPE Alcoy<\/title>\n<meta name=\"robots\" content=\"index, follow, max-snippet:-1, max-image-preview:large, max-video-preview:-1\" \/>\n<link rel=\"canonical\" href=\"https:\/\/www.copealcoy.es\/es\/rafa-peralta-asumira-la-secretaria-de-ciudadanos\/\" \/>\n<meta property=\"og:locale\" content=\"es_ES\" \/>\n<meta property=\"og:type\" content=\"article\" \/>\n<meta property=\"og:title\" content=\"Rafa Peralta asumir\u00e1 la secretar\u00eda de Ciudadanos - COPE Alcoy\" \/>\n<meta property=\"og:description\" content=\"El inicio del curso pol\u00edtico llegar\u00e1 plagado de nuevos nombramientos en los partidos pol\u00edticos de la ciudad. Es el caso...\" \/>\n<meta property=\"og:url\" content=\"https:\/\/www.copealcoy.es\/es\/rafa-peralta-asumira-la-secretaria-de-ciudadanos\/\" \/>\n<meta property=\"og:site_name\" content=\"COPE Alcoy\" \/>\n<meta property=\"article:published_time\" content=\"2015-08-27T14:15:24+00:00\" \/>\n<meta property=\"article:modified_time\" content=\"2015-08-27T20:16:40+00:00\" \/>\n<meta property=\"og:image\" content=\"https:\/\/www.copealcoy.es\/wp-content\/uploads\/2015\/03\/image73.jpg\" \/>\n\t<meta property=\"og:image:width\" content=\"496\" \/>\n\t<meta property=\"og:image:height\" content=\"365\" \/>\n\t<meta property=\"og:image:type\" content=\"image\/jpeg\" \/>\n<meta name=\"author\" content=\"Cope Alcoy\" \/>\n<meta name=\"twitter:label1\" content=\"Escrito por\" \/>\n\t<meta name=\"twitter:data1\" content=\"Cope Alcoy\" \/>\n\t<meta name=\"twitter:label2\" content=\"Tiempo de lectura\" \/>\n\t<meta name=\"twitter:data2\" content=\"1 minuto\" \/>\n<script type=\"application\/ld+json\" class=\"yoast-schema-graph\">{\"@context\":\"https:\\\/\\\/schema.org\",\"@graph\":[{\"@type\":\"Article\",\"@id\":\"https:\\\/\\\/www.copealcoy.es\\\/es\\\/rafa-peralta-asumira-la-secretaria-de-ciudadanos\\\/#article\",\"isPartOf\":{\"@id\":\"https:\\\/\\\/www.copealcoy.es\\\/es\\\/rafa-peralta-asumira-la-secretaria-de-ciudadanos\\\/\"},\"author\":{\"name\":\"Cope Alcoy\",\"@id\":\"https:\\\/\\\/www.copealcoy.es\\\/es\\\/#\\\/schema\\\/person\\\/e777c87fa024e57d40170af9df39882c\"},\"headline\":\"Rafa Peralta asumir\u00e1 la secretar\u00eda de Ciudadanos\",\"datePublished\":\"2015-08-27T14:15:24+00:00\",\"dateModified\":\"2015-08-27T20:16:40+00:00\",\"mainEntityOfPage\":{\"@id\":\"https:\\\/\\\/www.copealcoy.es\\\/es\\\/rafa-peralta-asumira-la-secretaria-de-ciudadanos\\\/\"},\"wordCount\":169,\"commentCount\":0,\"image\":{\"@id\":\"https:\\\/\\\/www.copealcoy.es\\\/es\\\/rafa-peralta-asumira-la-secretaria-de-ciudadanos\\\/#primaryimage\"},\"thumbnailUrl\":\"https:\\\/\\\/www.copealcoy.es\\\/wp-content\\\/uploads\\\/2015\\\/03\\\/image73.jpg\",\"keywords\":[\"Alcoy\",\"Ciudadanos\",\"Pol\u00edtica\"],\"articleSection\":[\"Alcoy\",\"Noticias\",\"Pol\u00edtica y Econom\u00eda\"],\"inLanguage\":\"es\"},{\"@type\":\"WebPage\",\"@id\":\"https:\\\/\\\/www.copealcoy.es\\\/es\\\/rafa-peralta-asumira-la-secretaria-de-ciudadanos\\\/\",\"url\":\"https:\\\/\\\/www.copealcoy.es\\\/es\\\/rafa-peralta-asumira-la-secretaria-de-ciudadanos\\\/\",\"name\":\"Rafa Peralta asumir\u00e1 la secretar\u00eda de Ciudadanos - COPE Alcoy\",\"isPartOf\":{\"@id\":\"https:\\\/\\\/www.copealcoy.es\\\/es\\\/#website\"},\"primaryImageOfPage\":{\"@id\":\"https:\\\/\\\/www.copealcoy.es\\\/es\\\/rafa-peralta-asumira-la-secretaria-de-ciudadanos\\\/#primaryimage\"},\"image\":{\"@id\":\"https:\\\/\\\/www.copealcoy.es\\\/es\\\/rafa-peralta-asumira-la-secretaria-de-ciudadanos\\\/#primaryimage\"},\"thumbnailUrl\":\"https:\\\/\\\/www.copealcoy.es\\\/wp-content\\\/uploads\\\/2015\\\/03\\\/image73.jpg\",\"datePublished\":\"2015-08-27T14:15:24+00:00\",\"dateModified\":\"2015-08-27T20:16:40+00:00\",\"author\":{\"@id\":\"https:\\\/\\\/www.copealcoy.es\\\/es\\\/#\\\/schema\\\/person\\\/e777c87fa024e57d40170af9df39882c\"},\"breadcrumb\":{\"@id\":\"https:\\\/\\\/www.copealcoy.es\\\/es\\\/rafa-peralta-asumira-la-secretaria-de-ciudadanos\\\/#breadcrumb\"},\"inLanguage\":\"es\",\"potentialAction\":[{\"@type\":\"ReadAction\",\"target\":[\"https:\\\/\\\/www.copealcoy.es\\\/es\\\/rafa-peralta-asumira-la-secretaria-de-ciudadanos\\\/\"]}]},{\"@type\":\"ImageObject\",\"inLanguage\":\"es\",\"@id\":\"https:\\\/\\\/www.copealcoy.es\\\/es\\\/rafa-peralta-asumira-la-secretaria-de-ciudadanos\\\/#primaryimage\",\"url\":\"https:\\\/\\\/www.copealcoy.es\\\/wp-content\\\/uploads\\\/2015\\\/03\\\/image73.jpg\",\"contentUrl\":\"https:\\\/\\\/www.copealcoy.es\\\/wp-content\\\/uploads\\\/2015\\\/03\\\/image73.jpg\",\"width\":496,\"height\":365,\"caption\":\"Sedan y Santacreu en un pleno municipal \\\/ Foto: Juani Ruiz\"},{\"@type\":\"BreadcrumbList\",\"@id\":\"https:\\\/\\\/www.copealcoy.es\\\/es\\\/rafa-peralta-asumira-la-secretaria-de-ciudadanos\\\/#breadcrumb\",\"itemListElement\":[{\"@type\":\"ListItem\",\"position\":1,\"name\":\"Portada\",\"item\":\"https:\\\/\\\/www.copealcoy.es\\\/es\\\/\"},{\"@type\":\"ListItem\",\"position\":2,\"name\":\"Rafa Peralta asumir\u00e1 la secretar\u00eda de Ciudadanos\"}]},{\"@type\":\"WebSite\",\"@id\":\"https:\\\/\\\/www.copealcoy.es\\\/es\\\/#website\",\"url\":\"https:\\\/\\\/www.copealcoy.es\\\/es\\\/\",\"name\":\"COPE Alcoy\",\"description\":\"Emisora COPE de radio local con emisi\u00f3n online. Pont de Sant Jordi 8-10 03803 Alcoy\",\"potentialAction\":[{\"@type\":\"SearchAction\",\"target\":{\"@type\":\"EntryPoint\",\"urlTemplate\":\"https:\\\/\\\/www.copealcoy.es\\\/es\\\/?s={search_term_string}\"},\"query-input\":{\"@type\":\"PropertyValueSpecification\",\"valueRequired\":true,\"valueName\":\"search_term_string\"}}],\"inLanguage\":\"es\"},{\"@type\":\"Person\",\"@id\":\"https:\\\/\\\/www.copealcoy.es\\\/es\\\/#\\\/schema\\\/person\\\/e777c87fa024e57d40170af9df39882c\",\"name\":\"Cope Alcoy\",\"image\":{\"@type\":\"ImageObject\",\"inLanguage\":\"es\",\"@id\":\"https:\\\/\\\/secure.gravatar.com\\\/avatar\\\/bb65d0283347e303893ba14f0692005417c1e0e690a325a4c5d8bb2b3943ee14?s=96&d=mm&r=g\",\"url\":\"https:\\\/\\\/secure.gravatar.com\\\/avatar\\\/bb65d0283347e303893ba14f0692005417c1e0e690a325a4c5d8bb2b3943ee14?s=96&d=mm&r=g\",\"contentUrl\":\"https:\\\/\\\/secure.gravatar.com\\\/avatar\\\/bb65d0283347e303893ba14f0692005417c1e0e690a325a4c5d8bb2b3943ee14?s=96&d=mm&r=g\",\"caption\":\"Cope Alcoy\"}}]}<\/script>\n<!-- \/ Yoast SEO plugin. -->","yoast_head_json":{"title":"Rafa Peralta asumir\u00e1 la secretar\u00eda de Ciudadanos - COPE Alcoy","robots":{"index":"index","follow":"follow","max-snippet":"max-snippet:-1","max-image-preview":"max-image-preview:large","max-video-preview":"max-video-preview:-1"},"canonical":"https:\/\/www.copealcoy.es\/es\/rafa-peralta-asumira-la-secretaria-de-ciudadanos\/","og_locale":"es_ES","og_type":"article","og_title":"Rafa Peralta asumir\u00e1 la secretar\u00eda de Ciudadanos - COPE Alcoy","og_description":"El inicio del curso pol\u00edtico llegar\u00e1 plagado de nuevos nombramientos en los partidos pol\u00edticos de la ciudad. Es el caso...","og_url":"https:\/\/www.copealcoy.es\/es\/rafa-peralta-asumira-la-secretaria-de-ciudadanos\/","og_site_name":"COPE Alcoy","article_published_time":"2015-08-27T14:15:24+00:00","article_modified_time":"2015-08-27T20:16:40+00:00","og_image":[{"width":496,"height":365,"url":"https:\/\/www.copealcoy.es\/wp-content\/uploads\/2015\/03\/image73.jpg","type":"image\/jpeg"}],"author":"Cope Alcoy","twitter_misc":{"Escrito por":"Cope Alcoy","Tiempo de lectura":"1 minuto"},"schema":{"@context":"https:\/\/schema.org","@graph":[{"@type":"Article","@id":"https:\/\/www.copealcoy.es\/es\/rafa-peralta-asumira-la-secretaria-de-ciudadanos\/#article","isPartOf":{"@id":"https:\/\/www.copealcoy.es\/es\/rafa-peralta-asumira-la-secretaria-de-ciudadanos\/"},"author":{"name":"Cope Alcoy","@id":"https:\/\/www.copealcoy.es\/es\/#\/schema\/person\/e777c87fa024e57d40170af9df39882c"},"headline":"Rafa Peralta asumir\u00e1 la secretar\u00eda de Ciudadanos","datePublished":"2015-08-27T14:15:24+00:00","dateModified":"2015-08-27T20:16:40+00:00","mainEntityOfPage":{"@id":"https:\/\/www.copealcoy.es\/es\/rafa-peralta-asumira-la-secretaria-de-ciudadanos\/"},"wordCount":169,"commentCount":0,"image":{"@id":"https:\/\/www.copealcoy.es\/es\/rafa-peralta-asumira-la-secretaria-de-ciudadanos\/#primaryimage"},"thumbnailUrl":"https:\/\/www.copealcoy.es\/wp-content\/uploads\/2015\/03\/image73.jpg","keywords":["Alcoy","Ciudadanos","Pol\u00edtica"],"articleSection":["Alcoy","Noticias","Pol\u00edtica y Econom\u00eda"],"inLanguage":"es"},{"@type":"WebPage","@id":"https:\/\/www.copealcoy.es\/es\/rafa-peralta-asumira-la-secretaria-de-ciudadanos\/","url":"https:\/\/www.copealcoy.es\/es\/rafa-peralta-asumira-la-secretaria-de-ciudadanos\/","name":"Rafa Peralta asumir\u00e1 la secretar\u00eda de Ciudadanos - COPE Alcoy","isPartOf":{"@id":"https:\/\/www.copealcoy.es\/es\/#website"},"primaryImageOfPage":{"@id":"https:\/\/www.copealcoy.es\/es\/rafa-peralta-asumira-la-secretaria-de-ciudadanos\/#primaryimage"},"image":{"@id":"https:\/\/www.copealcoy.es\/es\/rafa-peralta-asumira-la-secretaria-de-ciudadanos\/#primaryimage"},"thumbnailUrl":"https:\/\/www.copealcoy.es\/wp-content\/uploads\/2015\/03\/image73.jpg","datePublished":"2015-08-27T14:15:24+00:00","dateModified":"2015-08-27T20:16:40+00:00","author":{"@id":"https:\/\/www.copealcoy.es\/es\/#\/schema\/person\/e777c87fa024e57d40170af9df39882c"},"breadcrumb":{"@id":"https:\/\/www.copealcoy.es\/es\/rafa-peralta-asumira-la-secretaria-de-ciudadanos\/#breadcrumb"},"inLanguage":"es","potentialAction":[{"@type":"ReadAction","target":["https:\/\/www.copealcoy.es\/es\/rafa-peralta-asumira-la-secretaria-de-ciudadanos\/"]}]},{"@type":"ImageObject","inLanguage":"es","@id":"https:\/\/www.copealcoy.es\/es\/rafa-peralta-asumira-la-secretaria-de-ciudadanos\/#primaryimage","url":"https:\/\/www.copealcoy.es\/wp-content\/uploads\/2015\/03\/image73.jpg","contentUrl":"https:\/\/www.copealcoy.es\/wp-content\/uploads\/2015\/03\/image73.jpg","width":496,"height":365,"caption":"Sedan y Santacreu en un pleno municipal \/ Foto: Juani Ruiz"},{"@type":"BreadcrumbList","@id":"https:\/\/www.copealcoy.es\/es\/rafa-peralta-asumira-la-secretaria-de-ciudadanos\/#breadcrumb","itemListElement":[{"@type":"ListItem","position":1,"name":"Portada","item":"https:\/\/www.copealcoy.es\/es\/"},{"@type":"ListItem","position":2,"name":"Rafa Peralta asumir\u00e1 la secretar\u00eda de Ciudadanos"}]},{"@type":"WebSite","@id":"https:\/\/www.copealcoy.es\/es\/#website","url":"https:\/\/www.copealcoy.es\/es\/","name":"COPE Alcoy","description":"Emisora COPE de radio local con emisi\u00f3n online. Pont de Sant Jordi 8-10 03803 Alcoy","potentialAction":[{"@type":"SearchAction","target":{"@type":"EntryPoint","urlTemplate":"https:\/\/www.copealcoy.es\/es\/?s={search_term_string}"},"query-input":{"@type":"PropertyValueSpecification","valueRequired":true,"valueName":"search_term_string"}}],"inLanguage":"es"},{"@type":"Person","@id":"https:\/\/www.copealcoy.es\/es\/#\/schema\/person\/e777c87fa024e57d40170af9df39882c","name":"Cope Alcoy","image":{"@type":"ImageObject","inLanguage":"es","@id":"https:\/\/secure.gravatar.com\/avatar\/bb65d0283347e303893ba14f0692005417c1e0e690a325a4c5d8bb2b3943ee14?s=96&d=mm&r=g","url":"https:\/\/secure.gravatar.com\/avatar\/bb65d0283347e303893ba14f0692005417c1e0e690a325a4c5d8bb2b3943ee14?s=96&d=mm&r=g","contentUrl":"https:\/\/secure.gravatar.com\/avatar\/bb65d0283347e303893ba14f0692005417c1e0e690a325a4c5d8bb2b3943ee14?s=96&d=mm&r=g","caption":"Cope Alcoy"}}]}},"_links":{"self":[{"href":"https:\/\/www.copealcoy.es\/es\/wp-json\/wp\/v2\/posts\/15282","targetHints":{"allow":["GET"]}}],"collection":[{"href":"https:\/\/www.copealcoy.es\/es\/wp-json\/wp\/v2\/posts"}],"about":[{"href":"https:\/\/www.copealcoy.es\/es\/wp-json\/wp\/v2\/types\/post"}],"author":[{"embeddable":true,"href":"https:\/\/www.copealcoy.es\/es\/wp-json\/wp\/v2\/users\/1"}],"replies":[{"embeddable":true,"href":"https:\/\/www.copealcoy.es\/es\/wp-json\/wp\/v2\/comments?post=15282"}],"version-history":[{"count":0,"href":"https:\/\/www.copealcoy.es\/es\/wp-json\/wp\/v2\/posts\/15282\/revisions"}],"wp:featuredmedia":[{"embeddable":true,"href":"https:\/\/www.copealcoy.es\/es\/wp-json\/wp\/v2\/media\/11655"}],"wp:attachment":[{"href":"https:\/\/www.copealcoy.es\/es\/wp-json\/wp\/v2\/media?parent=15282"}],"wp:term":[{"taxonomy":"category","embeddable":true,"href":"https:\/\/www.copealcoy.es\/es\/wp-json\/wp\/v2\/categories?post=15282"},{"taxonomy":"post_tag","embeddable":true,"href":"https:\/\/www.copealcoy.es\/es\/wp-json\/wp\/v2\/tags?post=15282"}],"curies":[{"name":"wp","href":"https:\/\/api.w.org\/{rel}","templated":true}]}}