{"id":15269,"date":"2015-08-27T17:53:56","date_gmt":"2015-08-27T17:53:56","guid":{"rendered":"http:\/\/copealcoi.es\/new\/?p=15269"},"modified":"2015-08-27T17:53:56","modified_gmt":"2015-08-27T17:53:56","slug":"agres-rememora-la-aparicion-de-la-virgen","status":"publish","type":"post","link":"https:\/\/www.copealcoy.es\/es\/agres-rememora-la-aparicion-de-la-virgen\/","title":{"rendered":"Agres rememora la aparici\u00f3n de la Virgen"},"content":{"rendered":"<p style=\"text-align: justify;\">Un total de\u00a0treinta actores junto a un grupo numeroso de ni\u00f1os participar\u00e1n este fin de semana en la representaci\u00f3n de l\u00b4 Aparici\u00f3 de la Mare de D\u00e9u del Castell de Agres, una iniciativa que marca la cuenta atr\u00e1s hacia los festejos patronales de esta localidad del Comtat. La obra teatral recuerda la aparici\u00f3n de la Virgen Mar\u00eda sobre un <em>Llidoner\u00a0<\/em>en el siglo XV a un pastor al cual, seg\u00fan relata\u00a0la historia, le respuso el brazo marcando as\u00ed el origen de la devoci\u00f3n de este pueblo de la Mariola hacia su patrona. La representaci\u00f3n retrata las costumbres as\u00ed como las\u00a0tradiciones del municipio y tendr\u00e1 lugar \u00a0tanto el viernes\u00a0como el s\u00e1bado\u00a0en\u00a0la Pla\u00e7a de l\u00b4 Assut a partir de las once de la noche bajo la direcci\u00f3n del actor Enric Franc\u00e9s Reig. \u00a0El alcalde de Agres, Josep Manel Franc\u00e9s, ha destacado hoy en La Ma\u00f1ana de Cope Alcoy que todo el que lo desee puede acudir a presenciar el montaje ya que la entrada es libre y gratuita &#8220;no obstante se pide un donativo voluntario a todos los asistentes que va destinado a sufragar el montaje de la infraestructura que requiere la representaci\u00f3n&#8221;, explica. Adem\u00e1s el primer edil a\u00f1ade que las dos sesiones suelen contar con una gran afluencia de p\u00fablico &#8220;los escenarios naturales crean mucha expectaci\u00f3n y son el ingrediente fundamental para que muchos vecinos del Comtat y de comarcas vecinas vengan a ver la obra&#8221;, concluye.<\/p>\n<p style=\"text-align: justify;\">Recordar que el texto est\u00e1 escrito por Francisca Beneyto totalmente en Valenciano y la escenograf\u00eda cuenta con decorados del desaparecido pintor alcoyano Ram\u00f3n Casta\u00f1er.<\/p>\n","protected":false},"excerpt":{"rendered":"<p>Un total de\u00a0treinta actores junto a un grupo numeroso de ni\u00f1os participar\u00e1n este fin de semana en la representaci\u00f3n de&#8230;<\/p>\n","protected":false},"author":1,"featured_media":15270,"comment_status":"open","ping_status":"open","sticky":false,"template":"","format":"standard","meta":{"footnotes":""},"categories":[98,75],"tags":[293,1371,237,414,1372],"class_list":["post-15269","post","type-post","status-publish","format-standard","has-post-thumbnail","hentry","category-comarcas","category-noticias","tag-agres","tag-aparicion","tag-comtat","tag-cultura","tag-virgen-del-castillo"],"yoast_head":"<!-- This site is optimized with the Yoast SEO plugin v27.3 - https:\/\/yoast.com\/product\/yoast-seo-wordpress\/ -->\n<title>Agres rememora la aparici\u00f3n de la Virgen - COPE Alcoy<\/title>\n<meta name=\"robots\" content=\"index, follow, max-snippet:-1, max-image-preview:large, max-video-preview:-1\" \/>\n<link rel=\"canonical\" href=\"https:\/\/www.copealcoy.es\/es\/agres-rememora-la-aparicion-de-la-virgen\/\" \/>\n<meta property=\"og:locale\" content=\"es_ES\" \/>\n<meta property=\"og:type\" content=\"article\" \/>\n<meta property=\"og:title\" content=\"Agres rememora la aparici\u00f3n de la Virgen - COPE Alcoy\" \/>\n<meta property=\"og:description\" content=\"Un total de\u00a0treinta actores junto a un grupo numeroso de ni\u00f1os participar\u00e1n este fin de semana en la representaci\u00f3n de...\" \/>\n<meta property=\"og:url\" content=\"https:\/\/www.copealcoy.es\/es\/agres-rememora-la-aparicion-de-la-virgen\/\" \/>\n<meta property=\"og:site_name\" content=\"COPE Alcoy\" \/>\n<meta property=\"article:published_time\" content=\"2015-08-27T17:53:56+00:00\" \/>\n<meta property=\"og:image\" content=\"https:\/\/www.copealcoy.es\/wp-content\/uploads\/2015\/08\/DSC02575.jpg\" \/>\n\t<meta property=\"og:image:width\" content=\"1600\" \/>\n\t<meta property=\"og:image:height\" content=\"1200\" \/>\n\t<meta property=\"og:image:type\" content=\"image\/jpeg\" \/>\n<meta name=\"author\" content=\"Cope Alcoy\" \/>\n<meta name=\"twitter:label1\" content=\"Escrito por\" \/>\n\t<meta name=\"twitter:data1\" content=\"Cope Alcoy\" \/>\n\t<meta name=\"twitter:label2\" content=\"Tiempo de lectura\" \/>\n\t<meta name=\"twitter:data2\" content=\"1 minuto\" \/>\n<script type=\"application\/ld+json\" class=\"yoast-schema-graph\">{\"@context\":\"https:\\\/\\\/schema.org\",\"@graph\":[{\"@type\":\"Article\",\"@id\":\"https:\\\/\\\/www.copealcoy.es\\\/es\\\/agres-rememora-la-aparicion-de-la-virgen\\\/#article\",\"isPartOf\":{\"@id\":\"https:\\\/\\\/www.copealcoy.es\\\/es\\\/agres-rememora-la-aparicion-de-la-virgen\\\/\"},\"author\":{\"name\":\"Cope Alcoy\",\"@id\":\"https:\\\/\\\/www.copealcoy.es\\\/es\\\/#\\\/schema\\\/person\\\/e777c87fa024e57d40170af9df39882c\"},\"headline\":\"Agres rememora la aparici\u00f3n de la Virgen\",\"datePublished\":\"2015-08-27T17:53:56+00:00\",\"mainEntityOfPage\":{\"@id\":\"https:\\\/\\\/www.copealcoy.es\\\/es\\\/agres-rememora-la-aparicion-de-la-virgen\\\/\"},\"wordCount\":298,\"commentCount\":0,\"image\":{\"@id\":\"https:\\\/\\\/www.copealcoy.es\\\/es\\\/agres-rememora-la-aparicion-de-la-virgen\\\/#primaryimage\"},\"thumbnailUrl\":\"https:\\\/\\\/www.copealcoy.es\\\/wp-content\\\/uploads\\\/2015\\\/08\\\/DSC02575.jpg\",\"keywords\":[\"Agres\",\"aparici\u00f3n\",\"Comtat\",\"Cultura\",\"Virgen del Castillo\"],\"articleSection\":[\"Comarcas\",\"Noticias\"],\"inLanguage\":\"es\"},{\"@type\":\"WebPage\",\"@id\":\"https:\\\/\\\/www.copealcoy.es\\\/es\\\/agres-rememora-la-aparicion-de-la-virgen\\\/\",\"url\":\"https:\\\/\\\/www.copealcoy.es\\\/es\\\/agres-rememora-la-aparicion-de-la-virgen\\\/\",\"name\":\"Agres rememora la aparici\u00f3n de la Virgen - COPE Alcoy\",\"isPartOf\":{\"@id\":\"https:\\\/\\\/www.copealcoy.es\\\/es\\\/#website\"},\"primaryImageOfPage\":{\"@id\":\"https:\\\/\\\/www.copealcoy.es\\\/es\\\/agres-rememora-la-aparicion-de-la-virgen\\\/#primaryimage\"},\"image\":{\"@id\":\"https:\\\/\\\/www.copealcoy.es\\\/es\\\/agres-rememora-la-aparicion-de-la-virgen\\\/#primaryimage\"},\"thumbnailUrl\":\"https:\\\/\\\/www.copealcoy.es\\\/wp-content\\\/uploads\\\/2015\\\/08\\\/DSC02575.jpg\",\"datePublished\":\"2015-08-27T17:53:56+00:00\",\"author\":{\"@id\":\"https:\\\/\\\/www.copealcoy.es\\\/es\\\/#\\\/schema\\\/person\\\/e777c87fa024e57d40170af9df39882c\"},\"breadcrumb\":{\"@id\":\"https:\\\/\\\/www.copealcoy.es\\\/es\\\/agres-rememora-la-aparicion-de-la-virgen\\\/#breadcrumb\"},\"inLanguage\":\"es\",\"potentialAction\":[{\"@type\":\"ReadAction\",\"target\":[\"https:\\\/\\\/www.copealcoy.es\\\/es\\\/agres-rememora-la-aparicion-de-la-virgen\\\/\"]}]},{\"@type\":\"ImageObject\",\"inLanguage\":\"es\",\"@id\":\"https:\\\/\\\/www.copealcoy.es\\\/es\\\/agres-rememora-la-aparicion-de-la-virgen\\\/#primaryimage\",\"url\":\"https:\\\/\\\/www.copealcoy.es\\\/wp-content\\\/uploads\\\/2015\\\/08\\\/DSC02575.jpg\",\"contentUrl\":\"https:\\\/\\\/www.copealcoy.es\\\/wp-content\\\/uploads\\\/2015\\\/08\\\/DSC02575.jpg\",\"width\":1440,\"height\":1080,\"caption\":\"La representaci\u00f3n cuenta con la participaci\u00f3n de los vecinos\"},{\"@type\":\"BreadcrumbList\",\"@id\":\"https:\\\/\\\/www.copealcoy.es\\\/es\\\/agres-rememora-la-aparicion-de-la-virgen\\\/#breadcrumb\",\"itemListElement\":[{\"@type\":\"ListItem\",\"position\":1,\"name\":\"Portada\",\"item\":\"https:\\\/\\\/www.copealcoy.es\\\/es\\\/\"},{\"@type\":\"ListItem\",\"position\":2,\"name\":\"Agres rememora la aparici\u00f3n de la Virgen\"}]},{\"@type\":\"WebSite\",\"@id\":\"https:\\\/\\\/www.copealcoy.es\\\/es\\\/#website\",\"url\":\"https:\\\/\\\/www.copealcoy.es\\\/es\\\/\",\"name\":\"COPE Alcoy\",\"description\":\"Emisora COPE de radio local con emisi\u00f3n online. Pont de Sant Jordi 8-10 03803 Alcoy\",\"potentialAction\":[{\"@type\":\"SearchAction\",\"target\":{\"@type\":\"EntryPoint\",\"urlTemplate\":\"https:\\\/\\\/www.copealcoy.es\\\/es\\\/?s={search_term_string}\"},\"query-input\":{\"@type\":\"PropertyValueSpecification\",\"valueRequired\":true,\"valueName\":\"search_term_string\"}}],\"inLanguage\":\"es\"},{\"@type\":\"Person\",\"@id\":\"https:\\\/\\\/www.copealcoy.es\\\/es\\\/#\\\/schema\\\/person\\\/e777c87fa024e57d40170af9df39882c\",\"name\":\"Cope Alcoy\",\"image\":{\"@type\":\"ImageObject\",\"inLanguage\":\"es\",\"@id\":\"https:\\\/\\\/secure.gravatar.com\\\/avatar\\\/bb65d0283347e303893ba14f0692005417c1e0e690a325a4c5d8bb2b3943ee14?s=96&d=mm&r=g\",\"url\":\"https:\\\/\\\/secure.gravatar.com\\\/avatar\\\/bb65d0283347e303893ba14f0692005417c1e0e690a325a4c5d8bb2b3943ee14?s=96&d=mm&r=g\",\"contentUrl\":\"https:\\\/\\\/secure.gravatar.com\\\/avatar\\\/bb65d0283347e303893ba14f0692005417c1e0e690a325a4c5d8bb2b3943ee14?s=96&d=mm&r=g\",\"caption\":\"Cope Alcoy\"}}]}<\/script>\n<!-- \/ Yoast SEO plugin. -->","yoast_head_json":{"title":"Agres rememora la aparici\u00f3n de la Virgen - COPE Alcoy","robots":{"index":"index","follow":"follow","max-snippet":"max-snippet:-1","max-image-preview":"max-image-preview:large","max-video-preview":"max-video-preview:-1"},"canonical":"https:\/\/www.copealcoy.es\/es\/agres-rememora-la-aparicion-de-la-virgen\/","og_locale":"es_ES","og_type":"article","og_title":"Agres rememora la aparici\u00f3n de la Virgen - COPE Alcoy","og_description":"Un total de\u00a0treinta actores junto a un grupo numeroso de ni\u00f1os participar\u00e1n este fin de semana en la representaci\u00f3n de...","og_url":"https:\/\/www.copealcoy.es\/es\/agres-rememora-la-aparicion-de-la-virgen\/","og_site_name":"COPE Alcoy","article_published_time":"2015-08-27T17:53:56+00:00","og_image":[{"width":1600,"height":1200,"url":"https:\/\/www.copealcoy.es\/wp-content\/uploads\/2015\/08\/DSC02575.jpg","type":"image\/jpeg"}],"author":"Cope Alcoy","twitter_misc":{"Escrito por":"Cope Alcoy","Tiempo de lectura":"1 minuto"},"schema":{"@context":"https:\/\/schema.org","@graph":[{"@type":"Article","@id":"https:\/\/www.copealcoy.es\/es\/agres-rememora-la-aparicion-de-la-virgen\/#article","isPartOf":{"@id":"https:\/\/www.copealcoy.es\/es\/agres-rememora-la-aparicion-de-la-virgen\/"},"author":{"name":"Cope Alcoy","@id":"https:\/\/www.copealcoy.es\/es\/#\/schema\/person\/e777c87fa024e57d40170af9df39882c"},"headline":"Agres rememora la aparici\u00f3n de la Virgen","datePublished":"2015-08-27T17:53:56+00:00","mainEntityOfPage":{"@id":"https:\/\/www.copealcoy.es\/es\/agres-rememora-la-aparicion-de-la-virgen\/"},"wordCount":298,"commentCount":0,"image":{"@id":"https:\/\/www.copealcoy.es\/es\/agres-rememora-la-aparicion-de-la-virgen\/#primaryimage"},"thumbnailUrl":"https:\/\/www.copealcoy.es\/wp-content\/uploads\/2015\/08\/DSC02575.jpg","keywords":["Agres","aparici\u00f3n","Comtat","Cultura","Virgen del Castillo"],"articleSection":["Comarcas","Noticias"],"inLanguage":"es"},{"@type":"WebPage","@id":"https:\/\/www.copealcoy.es\/es\/agres-rememora-la-aparicion-de-la-virgen\/","url":"https:\/\/www.copealcoy.es\/es\/agres-rememora-la-aparicion-de-la-virgen\/","name":"Agres rememora la aparici\u00f3n de la Virgen - COPE Alcoy","isPartOf":{"@id":"https:\/\/www.copealcoy.es\/es\/#website"},"primaryImageOfPage":{"@id":"https:\/\/www.copealcoy.es\/es\/agres-rememora-la-aparicion-de-la-virgen\/#primaryimage"},"image":{"@id":"https:\/\/www.copealcoy.es\/es\/agres-rememora-la-aparicion-de-la-virgen\/#primaryimage"},"thumbnailUrl":"https:\/\/www.copealcoy.es\/wp-content\/uploads\/2015\/08\/DSC02575.jpg","datePublished":"2015-08-27T17:53:56+00:00","author":{"@id":"https:\/\/www.copealcoy.es\/es\/#\/schema\/person\/e777c87fa024e57d40170af9df39882c"},"breadcrumb":{"@id":"https:\/\/www.copealcoy.es\/es\/agres-rememora-la-aparicion-de-la-virgen\/#breadcrumb"},"inLanguage":"es","potentialAction":[{"@type":"ReadAction","target":["https:\/\/www.copealcoy.es\/es\/agres-rememora-la-aparicion-de-la-virgen\/"]}]},{"@type":"ImageObject","inLanguage":"es","@id":"https:\/\/www.copealcoy.es\/es\/agres-rememora-la-aparicion-de-la-virgen\/#primaryimage","url":"https:\/\/www.copealcoy.es\/wp-content\/uploads\/2015\/08\/DSC02575.jpg","contentUrl":"https:\/\/www.copealcoy.es\/wp-content\/uploads\/2015\/08\/DSC02575.jpg","width":1440,"height":1080,"caption":"La representaci\u00f3n cuenta con la participaci\u00f3n de los vecinos"},{"@type":"BreadcrumbList","@id":"https:\/\/www.copealcoy.es\/es\/agres-rememora-la-aparicion-de-la-virgen\/#breadcrumb","itemListElement":[{"@type":"ListItem","position":1,"name":"Portada","item":"https:\/\/www.copealcoy.es\/es\/"},{"@type":"ListItem","position":2,"name":"Agres rememora la aparici\u00f3n de la Virgen"}]},{"@type":"WebSite","@id":"https:\/\/www.copealcoy.es\/es\/#website","url":"https:\/\/www.copealcoy.es\/es\/","name":"COPE Alcoy","description":"Emisora COPE de radio local con emisi\u00f3n online. Pont de Sant Jordi 8-10 03803 Alcoy","potentialAction":[{"@type":"SearchAction","target":{"@type":"EntryPoint","urlTemplate":"https:\/\/www.copealcoy.es\/es\/?s={search_term_string}"},"query-input":{"@type":"PropertyValueSpecification","valueRequired":true,"valueName":"search_term_string"}}],"inLanguage":"es"},{"@type":"Person","@id":"https:\/\/www.copealcoy.es\/es\/#\/schema\/person\/e777c87fa024e57d40170af9df39882c","name":"Cope Alcoy","image":{"@type":"ImageObject","inLanguage":"es","@id":"https:\/\/secure.gravatar.com\/avatar\/bb65d0283347e303893ba14f0692005417c1e0e690a325a4c5d8bb2b3943ee14?s=96&d=mm&r=g","url":"https:\/\/secure.gravatar.com\/avatar\/bb65d0283347e303893ba14f0692005417c1e0e690a325a4c5d8bb2b3943ee14?s=96&d=mm&r=g","contentUrl":"https:\/\/secure.gravatar.com\/avatar\/bb65d0283347e303893ba14f0692005417c1e0e690a325a4c5d8bb2b3943ee14?s=96&d=mm&r=g","caption":"Cope Alcoy"}}]}},"_links":{"self":[{"href":"https:\/\/www.copealcoy.es\/es\/wp-json\/wp\/v2\/posts\/15269","targetHints":{"allow":["GET"]}}],"collection":[{"href":"https:\/\/www.copealcoy.es\/es\/wp-json\/wp\/v2\/posts"}],"about":[{"href":"https:\/\/www.copealcoy.es\/es\/wp-json\/wp\/v2\/types\/post"}],"author":[{"embeddable":true,"href":"https:\/\/www.copealcoy.es\/es\/wp-json\/wp\/v2\/users\/1"}],"replies":[{"embeddable":true,"href":"https:\/\/www.copealcoy.es\/es\/wp-json\/wp\/v2\/comments?post=15269"}],"version-history":[{"count":0,"href":"https:\/\/www.copealcoy.es\/es\/wp-json\/wp\/v2\/posts\/15269\/revisions"}],"wp:featuredmedia":[{"embeddable":true,"href":"https:\/\/www.copealcoy.es\/es\/wp-json\/wp\/v2\/media\/15270"}],"wp:attachment":[{"href":"https:\/\/www.copealcoy.es\/es\/wp-json\/wp\/v2\/media?parent=15269"}],"wp:term":[{"taxonomy":"category","embeddable":true,"href":"https:\/\/www.copealcoy.es\/es\/wp-json\/wp\/v2\/categories?post=15269"},{"taxonomy":"post_tag","embeddable":true,"href":"https:\/\/www.copealcoy.es\/es\/wp-json\/wp\/v2\/tags?post=15269"}],"curies":[{"name":"wp","href":"https:\/\/api.w.org\/{rel}","templated":true}]}}