{"id":15248,"date":"2015-08-26T17:32:36","date_gmt":"2015-08-26T17:32:36","guid":{"rendered":"http:\/\/copealcoi.es\/new\/?p=15248"},"modified":"2015-08-26T17:32:36","modified_gmt":"2015-08-26T17:32:36","slug":"compromis-plantea-un-estudio-sobre-la-conexion-del-tren-con-alicante","status":"publish","type":"post","link":"https:\/\/www.copealcoy.es\/es\/compromis-plantea-un-estudio-sobre-la-conexion-del-tren-con-alicante\/","title":{"rendered":"Comprom\u00eds plantea un estudio sobre la conexi\u00f3n del tren con Alicante"},"content":{"rendered":"<p style=\"text-align: justify;\">Comprom\u00eds Alcoi ha presentado dos propuestas dentro del proceso de enmiendas a los Presupuestos Generales del Estado que ya han iniciado su tramitaci\u00f3n en el Congreso de los Diputados. En concreto las peticiones se han centrado en el tren Alcoi \u2013 X\u00e0tiva y la formaci\u00f3n nacionalista ha pedido 40 millones de euros para su mejora, una cantidad que se aleja de los 60 que hacen falta para esta actuaci\u00f3n seg\u00fan el protocolo que en 2010 firmaron la Generalitat y el Ministerio de Fomento. As\u00ed lo ha explicado la edil de Comprom\u00eds en la ciudad, Anna Climent, que al mismo tiempo ha anunciado que su partido ha demandado\u00a0\u00a0250.000 euros para un estudio previo sobre una futura conexi\u00f3n del tren de Alcoy con Alicante &#8220;siempre hemos reclamado no olvidar la conexi\u00f3n ferroviaria con Alicante que cay\u00f3 en el olvido hace muchos a\u00f1os y ahora queremos que se realice un estudio para analizar su viabilidad&#8221;, a\u00f1ade.<\/p>\n<p style=\"text-align: justify;\">Recordar que el tren hac\u00eda Alicante fue uno de los proyectos que qued\u00f3 pendiente antes de la Guerra Civil y que cay\u00f3 en el olvido despu\u00e9s de la contienda a pesar de estar gran parte de la infraestructura realizada como los t\u00faneles o la estaci\u00f3n de Alcoy. Ya en democracia la propuesta sigui\u00f3 paralizada hasta archivarla el Gobierno Central socialista en la d\u00e9cada de los ochenta.<\/p>\n","protected":false},"excerpt":{"rendered":"<p>Comprom\u00eds Alcoi ha presentado dos propuestas dentro del proceso de enmiendas a los Presupuestos Generales del Estado que ya han&#8230;<\/p>\n","protected":false},"author":1,"featured_media":9861,"comment_status":"open","ping_status":"open","sticky":false,"template":"","format":"standard","meta":{"footnotes":""},"categories":[97,75,79],"tags":[1494,269,152,577],"class_list":["post-15248","post","type-post","status-publish","format-standard","has-post-thumbnail","hentry","category-alcoy","category-noticias","category-politicayeconomia","tag-alcoy","tag-alicante","tag-compromis","tag-tren"],"yoast_head":"<!-- This site is optimized with the Yoast SEO plugin v27.3 - https:\/\/yoast.com\/product\/yoast-seo-wordpress\/ -->\n<title>Comprom\u00eds plantea un estudio sobre la conexi\u00f3n del tren con Alicante - COPE Alcoy<\/title>\n<meta name=\"robots\" content=\"index, follow, max-snippet:-1, max-image-preview:large, max-video-preview:-1\" \/>\n<link rel=\"canonical\" href=\"https:\/\/www.copealcoy.es\/es\/compromis-plantea-un-estudio-sobre-la-conexion-del-tren-con-alicante\/\" \/>\n<meta property=\"og:locale\" content=\"es_ES\" \/>\n<meta property=\"og:type\" content=\"article\" \/>\n<meta property=\"og:title\" content=\"Comprom\u00eds plantea un estudio sobre la conexi\u00f3n del tren con Alicante - COPE Alcoy\" \/>\n<meta property=\"og:description\" content=\"Comprom\u00eds Alcoi ha presentado dos propuestas dentro del proceso de enmiendas a los Presupuestos Generales del Estado que ya han...\" \/>\n<meta property=\"og:url\" content=\"https:\/\/www.copealcoy.es\/es\/compromis-plantea-un-estudio-sobre-la-conexion-del-tren-con-alicante\/\" \/>\n<meta property=\"og:site_name\" content=\"COPE Alcoy\" \/>\n<meta property=\"article:published_time\" content=\"2015-08-26T17:32:36+00:00\" \/>\n<meta property=\"og:image\" content=\"https:\/\/www.copealcoy.es\/wp-content\/uploads\/2015\/01\/image97.jpg\" \/>\n\t<meta property=\"og:image:width\" content=\"470\" \/>\n\t<meta property=\"og:image:height\" content=\"353\" \/>\n\t<meta property=\"og:image:type\" content=\"image\/jpeg\" \/>\n<meta name=\"author\" content=\"Cope Alcoy\" \/>\n<meta name=\"twitter:label1\" content=\"Escrito por\" \/>\n\t<meta name=\"twitter:data1\" content=\"Cope Alcoy\" \/>\n\t<meta name=\"twitter:label2\" content=\"Tiempo de lectura\" \/>\n\t<meta name=\"twitter:data2\" content=\"1 minuto\" \/>\n<script type=\"application\/ld+json\" class=\"yoast-schema-graph\">{\"@context\":\"https:\\\/\\\/schema.org\",\"@graph\":[{\"@type\":\"Article\",\"@id\":\"https:\\\/\\\/www.copealcoy.es\\\/es\\\/compromis-plantea-un-estudio-sobre-la-conexion-del-tren-con-alicante\\\/#article\",\"isPartOf\":{\"@id\":\"https:\\\/\\\/www.copealcoy.es\\\/es\\\/compromis-plantea-un-estudio-sobre-la-conexion-del-tren-con-alicante\\\/\"},\"author\":{\"name\":\"Cope Alcoy\",\"@id\":\"https:\\\/\\\/www.copealcoy.es\\\/es\\\/#\\\/schema\\\/person\\\/e777c87fa024e57d40170af9df39882c\"},\"headline\":\"Comprom\u00eds plantea un estudio sobre la conexi\u00f3n del tren con Alicante\",\"datePublished\":\"2015-08-26T17:32:36+00:00\",\"mainEntityOfPage\":{\"@id\":\"https:\\\/\\\/www.copealcoy.es\\\/es\\\/compromis-plantea-un-estudio-sobre-la-conexion-del-tren-con-alicante\\\/\"},\"wordCount\":244,\"commentCount\":0,\"image\":{\"@id\":\"https:\\\/\\\/www.copealcoy.es\\\/es\\\/compromis-plantea-un-estudio-sobre-la-conexion-del-tren-con-alicante\\\/#primaryimage\"},\"thumbnailUrl\":\"https:\\\/\\\/www.copealcoy.es\\\/wp-content\\\/uploads\\\/2015\\\/01\\\/image97.jpg\",\"keywords\":[\"Alcoy\",\"Alicante\",\"Comprom\u00eds\",\"Tren\"],\"articleSection\":[\"Alcoy\",\"Noticias\",\"Pol\u00edtica y Econom\u00eda\"],\"inLanguage\":\"es\"},{\"@type\":\"WebPage\",\"@id\":\"https:\\\/\\\/www.copealcoy.es\\\/es\\\/compromis-plantea-un-estudio-sobre-la-conexion-del-tren-con-alicante\\\/\",\"url\":\"https:\\\/\\\/www.copealcoy.es\\\/es\\\/compromis-plantea-un-estudio-sobre-la-conexion-del-tren-con-alicante\\\/\",\"name\":\"Comprom\u00eds plantea un estudio sobre la conexi\u00f3n del tren con Alicante - COPE Alcoy\",\"isPartOf\":{\"@id\":\"https:\\\/\\\/www.copealcoy.es\\\/es\\\/#website\"},\"primaryImageOfPage\":{\"@id\":\"https:\\\/\\\/www.copealcoy.es\\\/es\\\/compromis-plantea-un-estudio-sobre-la-conexion-del-tren-con-alicante\\\/#primaryimage\"},\"image\":{\"@id\":\"https:\\\/\\\/www.copealcoy.es\\\/es\\\/compromis-plantea-un-estudio-sobre-la-conexion-del-tren-con-alicante\\\/#primaryimage\"},\"thumbnailUrl\":\"https:\\\/\\\/www.copealcoy.es\\\/wp-content\\\/uploads\\\/2015\\\/01\\\/image97.jpg\",\"datePublished\":\"2015-08-26T17:32:36+00:00\",\"author\":{\"@id\":\"https:\\\/\\\/www.copealcoy.es\\\/es\\\/#\\\/schema\\\/person\\\/e777c87fa024e57d40170af9df39882c\"},\"breadcrumb\":{\"@id\":\"https:\\\/\\\/www.copealcoy.es\\\/es\\\/compromis-plantea-un-estudio-sobre-la-conexion-del-tren-con-alicante\\\/#breadcrumb\"},\"inLanguage\":\"es\",\"potentialAction\":[{\"@type\":\"ReadAction\",\"target\":[\"https:\\\/\\\/www.copealcoy.es\\\/es\\\/compromis-plantea-un-estudio-sobre-la-conexion-del-tren-con-alicante\\\/\"]}]},{\"@type\":\"ImageObject\",\"inLanguage\":\"es\",\"@id\":\"https:\\\/\\\/www.copealcoy.es\\\/es\\\/compromis-plantea-un-estudio-sobre-la-conexion-del-tren-con-alicante\\\/#primaryimage\",\"url\":\"https:\\\/\\\/www.copealcoy.es\\\/wp-content\\\/uploads\\\/2015\\\/01\\\/image97.jpg\",\"contentUrl\":\"https:\\\/\\\/www.copealcoy.es\\\/wp-content\\\/uploads\\\/2015\\\/01\\\/image97.jpg\",\"width\":470,\"height\":353,\"caption\":\"El tren lleva 30 a\u00f1os esperando su mejora\"},{\"@type\":\"BreadcrumbList\",\"@id\":\"https:\\\/\\\/www.copealcoy.es\\\/es\\\/compromis-plantea-un-estudio-sobre-la-conexion-del-tren-con-alicante\\\/#breadcrumb\",\"itemListElement\":[{\"@type\":\"ListItem\",\"position\":1,\"name\":\"Portada\",\"item\":\"https:\\\/\\\/www.copealcoy.es\\\/es\\\/\"},{\"@type\":\"ListItem\",\"position\":2,\"name\":\"Comprom\u00eds plantea un estudio sobre la conexi\u00f3n del tren con Alicante\"}]},{\"@type\":\"WebSite\",\"@id\":\"https:\\\/\\\/www.copealcoy.es\\\/es\\\/#website\",\"url\":\"https:\\\/\\\/www.copealcoy.es\\\/es\\\/\",\"name\":\"COPE Alcoy\",\"description\":\"Emisora COPE de radio local con emisi\u00f3n online. Pont de Sant Jordi 8-10 03803 Alcoy\",\"potentialAction\":[{\"@type\":\"SearchAction\",\"target\":{\"@type\":\"EntryPoint\",\"urlTemplate\":\"https:\\\/\\\/www.copealcoy.es\\\/es\\\/?s={search_term_string}\"},\"query-input\":{\"@type\":\"PropertyValueSpecification\",\"valueRequired\":true,\"valueName\":\"search_term_string\"}}],\"inLanguage\":\"es\"},{\"@type\":\"Person\",\"@id\":\"https:\\\/\\\/www.copealcoy.es\\\/es\\\/#\\\/schema\\\/person\\\/e777c87fa024e57d40170af9df39882c\",\"name\":\"Cope Alcoy\",\"image\":{\"@type\":\"ImageObject\",\"inLanguage\":\"es\",\"@id\":\"https:\\\/\\\/secure.gravatar.com\\\/avatar\\\/bb65d0283347e303893ba14f0692005417c1e0e690a325a4c5d8bb2b3943ee14?s=96&d=mm&r=g\",\"url\":\"https:\\\/\\\/secure.gravatar.com\\\/avatar\\\/bb65d0283347e303893ba14f0692005417c1e0e690a325a4c5d8bb2b3943ee14?s=96&d=mm&r=g\",\"contentUrl\":\"https:\\\/\\\/secure.gravatar.com\\\/avatar\\\/bb65d0283347e303893ba14f0692005417c1e0e690a325a4c5d8bb2b3943ee14?s=96&d=mm&r=g\",\"caption\":\"Cope Alcoy\"}}]}<\/script>\n<!-- \/ Yoast SEO plugin. -->","yoast_head_json":{"title":"Comprom\u00eds plantea un estudio sobre la conexi\u00f3n del tren con Alicante - COPE Alcoy","robots":{"index":"index","follow":"follow","max-snippet":"max-snippet:-1","max-image-preview":"max-image-preview:large","max-video-preview":"max-video-preview:-1"},"canonical":"https:\/\/www.copealcoy.es\/es\/compromis-plantea-un-estudio-sobre-la-conexion-del-tren-con-alicante\/","og_locale":"es_ES","og_type":"article","og_title":"Comprom\u00eds plantea un estudio sobre la conexi\u00f3n del tren con Alicante - COPE Alcoy","og_description":"Comprom\u00eds Alcoi ha presentado dos propuestas dentro del proceso de enmiendas a los Presupuestos Generales del Estado que ya han...","og_url":"https:\/\/www.copealcoy.es\/es\/compromis-plantea-un-estudio-sobre-la-conexion-del-tren-con-alicante\/","og_site_name":"COPE Alcoy","article_published_time":"2015-08-26T17:32:36+00:00","og_image":[{"width":470,"height":353,"url":"https:\/\/www.copealcoy.es\/wp-content\/uploads\/2015\/01\/image97.jpg","type":"image\/jpeg"}],"author":"Cope Alcoy","twitter_misc":{"Escrito por":"Cope Alcoy","Tiempo de lectura":"1 minuto"},"schema":{"@context":"https:\/\/schema.org","@graph":[{"@type":"Article","@id":"https:\/\/www.copealcoy.es\/es\/compromis-plantea-un-estudio-sobre-la-conexion-del-tren-con-alicante\/#article","isPartOf":{"@id":"https:\/\/www.copealcoy.es\/es\/compromis-plantea-un-estudio-sobre-la-conexion-del-tren-con-alicante\/"},"author":{"name":"Cope Alcoy","@id":"https:\/\/www.copealcoy.es\/es\/#\/schema\/person\/e777c87fa024e57d40170af9df39882c"},"headline":"Comprom\u00eds plantea un estudio sobre la conexi\u00f3n del tren con Alicante","datePublished":"2015-08-26T17:32:36+00:00","mainEntityOfPage":{"@id":"https:\/\/www.copealcoy.es\/es\/compromis-plantea-un-estudio-sobre-la-conexion-del-tren-con-alicante\/"},"wordCount":244,"commentCount":0,"image":{"@id":"https:\/\/www.copealcoy.es\/es\/compromis-plantea-un-estudio-sobre-la-conexion-del-tren-con-alicante\/#primaryimage"},"thumbnailUrl":"https:\/\/www.copealcoy.es\/wp-content\/uploads\/2015\/01\/image97.jpg","keywords":["Alcoy","Alicante","Comprom\u00eds","Tren"],"articleSection":["Alcoy","Noticias","Pol\u00edtica y Econom\u00eda"],"inLanguage":"es"},{"@type":"WebPage","@id":"https:\/\/www.copealcoy.es\/es\/compromis-plantea-un-estudio-sobre-la-conexion-del-tren-con-alicante\/","url":"https:\/\/www.copealcoy.es\/es\/compromis-plantea-un-estudio-sobre-la-conexion-del-tren-con-alicante\/","name":"Comprom\u00eds plantea un estudio sobre la conexi\u00f3n del tren con Alicante - COPE Alcoy","isPartOf":{"@id":"https:\/\/www.copealcoy.es\/es\/#website"},"primaryImageOfPage":{"@id":"https:\/\/www.copealcoy.es\/es\/compromis-plantea-un-estudio-sobre-la-conexion-del-tren-con-alicante\/#primaryimage"},"image":{"@id":"https:\/\/www.copealcoy.es\/es\/compromis-plantea-un-estudio-sobre-la-conexion-del-tren-con-alicante\/#primaryimage"},"thumbnailUrl":"https:\/\/www.copealcoy.es\/wp-content\/uploads\/2015\/01\/image97.jpg","datePublished":"2015-08-26T17:32:36+00:00","author":{"@id":"https:\/\/www.copealcoy.es\/es\/#\/schema\/person\/e777c87fa024e57d40170af9df39882c"},"breadcrumb":{"@id":"https:\/\/www.copealcoy.es\/es\/compromis-plantea-un-estudio-sobre-la-conexion-del-tren-con-alicante\/#breadcrumb"},"inLanguage":"es","potentialAction":[{"@type":"ReadAction","target":["https:\/\/www.copealcoy.es\/es\/compromis-plantea-un-estudio-sobre-la-conexion-del-tren-con-alicante\/"]}]},{"@type":"ImageObject","inLanguage":"es","@id":"https:\/\/www.copealcoy.es\/es\/compromis-plantea-un-estudio-sobre-la-conexion-del-tren-con-alicante\/#primaryimage","url":"https:\/\/www.copealcoy.es\/wp-content\/uploads\/2015\/01\/image97.jpg","contentUrl":"https:\/\/www.copealcoy.es\/wp-content\/uploads\/2015\/01\/image97.jpg","width":470,"height":353,"caption":"El tren lleva 30 a\u00f1os esperando su mejora"},{"@type":"BreadcrumbList","@id":"https:\/\/www.copealcoy.es\/es\/compromis-plantea-un-estudio-sobre-la-conexion-del-tren-con-alicante\/#breadcrumb","itemListElement":[{"@type":"ListItem","position":1,"name":"Portada","item":"https:\/\/www.copealcoy.es\/es\/"},{"@type":"ListItem","position":2,"name":"Comprom\u00eds plantea un estudio sobre la conexi\u00f3n del tren con Alicante"}]},{"@type":"WebSite","@id":"https:\/\/www.copealcoy.es\/es\/#website","url":"https:\/\/www.copealcoy.es\/es\/","name":"COPE Alcoy","description":"Emisora COPE de radio local con emisi\u00f3n online. Pont de Sant Jordi 8-10 03803 Alcoy","potentialAction":[{"@type":"SearchAction","target":{"@type":"EntryPoint","urlTemplate":"https:\/\/www.copealcoy.es\/es\/?s={search_term_string}"},"query-input":{"@type":"PropertyValueSpecification","valueRequired":true,"valueName":"search_term_string"}}],"inLanguage":"es"},{"@type":"Person","@id":"https:\/\/www.copealcoy.es\/es\/#\/schema\/person\/e777c87fa024e57d40170af9df39882c","name":"Cope Alcoy","image":{"@type":"ImageObject","inLanguage":"es","@id":"https:\/\/secure.gravatar.com\/avatar\/bb65d0283347e303893ba14f0692005417c1e0e690a325a4c5d8bb2b3943ee14?s=96&d=mm&r=g","url":"https:\/\/secure.gravatar.com\/avatar\/bb65d0283347e303893ba14f0692005417c1e0e690a325a4c5d8bb2b3943ee14?s=96&d=mm&r=g","contentUrl":"https:\/\/secure.gravatar.com\/avatar\/bb65d0283347e303893ba14f0692005417c1e0e690a325a4c5d8bb2b3943ee14?s=96&d=mm&r=g","caption":"Cope Alcoy"}}]}},"_links":{"self":[{"href":"https:\/\/www.copealcoy.es\/es\/wp-json\/wp\/v2\/posts\/15248","targetHints":{"allow":["GET"]}}],"collection":[{"href":"https:\/\/www.copealcoy.es\/es\/wp-json\/wp\/v2\/posts"}],"about":[{"href":"https:\/\/www.copealcoy.es\/es\/wp-json\/wp\/v2\/types\/post"}],"author":[{"embeddable":true,"href":"https:\/\/www.copealcoy.es\/es\/wp-json\/wp\/v2\/users\/1"}],"replies":[{"embeddable":true,"href":"https:\/\/www.copealcoy.es\/es\/wp-json\/wp\/v2\/comments?post=15248"}],"version-history":[{"count":0,"href":"https:\/\/www.copealcoy.es\/es\/wp-json\/wp\/v2\/posts\/15248\/revisions"}],"wp:featuredmedia":[{"embeddable":true,"href":"https:\/\/www.copealcoy.es\/es\/wp-json\/wp\/v2\/media\/9861"}],"wp:attachment":[{"href":"https:\/\/www.copealcoy.es\/es\/wp-json\/wp\/v2\/media?parent=15248"}],"wp:term":[{"taxonomy":"category","embeddable":true,"href":"https:\/\/www.copealcoy.es\/es\/wp-json\/wp\/v2\/categories?post=15248"},{"taxonomy":"post_tag","embeddable":true,"href":"https:\/\/www.copealcoy.es\/es\/wp-json\/wp\/v2\/tags?post=15248"}],"curies":[{"name":"wp","href":"https:\/\/api.w.org\/{rel}","templated":true}]}}