{"id":152457,"date":"2025-05-16T11:11:30","date_gmt":"2025-05-16T10:11:30","guid":{"rendered":"https:\/\/www.copealcoy.es\/?p=152457"},"modified":"2025-05-16T11:19:50","modified_gmt":"2025-05-16T10:19:50","slug":"guanyar-lo-deja-claro-con-alcoy-sur-se-esta-traspasando-una-linea-roja","status":"publish","type":"post","link":"https:\/\/www.copealcoy.es\/es\/guanyar-lo-deja-claro-con-alcoy-sur-se-esta-traspasando-una-linea-roja\/","title":{"rendered":"Guanyar lo deja claro: &#8220;con Alcoy Sur se est\u00e1 traspasando una l\u00ednea roja&#8221;"},"content":{"rendered":"<p style=\"text-align: justify;\">La reciente forma del protocolo <strong>para el desarrollo de suelo industrial en La Canal<\/strong>, entre <strong>Ayuntamiento de Alcoy, Generalitat Valenciana y C\u00e1mara de Comercio<\/strong>, ha vuelto a levantar ampollas en algunos sectores de la ciudad. Mientras formaciones como el PP, junto al sector empresarial, <strong>aplauden el paso hacia adelante<\/strong> que se ha dado, partidos como <a href=\"https:\/\/www.facebook.com\/guanyaralcoi\/?locale=es_ES\" target=\"_blank\" rel=\"noopener\"><span style=\"color: #0000ff;\"><strong>Guanyar Alcoi<\/strong><\/span><\/a> manifiestan su total oposici\u00f3n al desarrollo de suelo industrial en este punto de la ciudad.<\/p>\n<p style=\"text-align: justify;\">La plataforma, que no forma parte del gobierno local con PSPV y Comprom\u00eds, <strong>ha expresado su preocupaci\u00f3n y rechazo frontal<\/strong> al proyecto tras la firma del protocolo. Seg\u00fan el portavoz <strong>Sergi Rodr\u00edguez<\/strong>, el acto del pasado mi\u00e9rcoles &#8220;<em>revela el cinismo de una ambig\u00fcedad calculada&#8221;<\/em>, ya que considera que el gobierno no se ha opuesto de manera decidida ni en\u00e9rgica a una actuaci\u00f3n que puede poner en riesgo un recurso tan vital como es el agua del Molinar. Para Guanyar, esta acci\u00f3n supone &#8220;<em>un antes y un despu\u00e9s en la legislatura&#8221;<\/em>\u00a0y<strong> marca un l\u00edmite claro<\/strong> en la defensa de los recursos naturales de la ciudad. Cabe recordar que Guanyar ha facilitado con su abstenci\u00f3n Presupuestos Municipales como los de este a\u00f1o a cambio de que no se avanzara ni un \u00e1pice en el proyecto de Alcoy Sur.<\/p>\n<p style=\"text-align: justify;\">El portavoz tambi\u00e9n ha recordado que <strong>ya se han rechazado proyectos similares en esa zona en dos ocasiones anteriores<\/strong>, tanto por informes t\u00e9cnicos como por sentencias judiciales. Adem\u00e1s, advierte que destinar recursos p\u00fablicos multimillonarios para construir suelo industrial en esa \u00e1rea &#8220;<em>es una decisi\u00f3n arriesgada y poco responsable, ya que pone en peligro el agua de Alcoy&#8221;<\/em>. Seg\u00fan \u00e9l, los estudios de la C\u00e1mara de Comercio <strong>ya advert\u00edan que este tipo de actividad industrial ser\u00eda muy limitada y costosa de urbanizar<\/strong>, con m\u00e1s de 80 tipos de actividades excluidas.<\/p>\n<p><strong><span style=\"color: #0000ff;\">\u00bfPuede verse el Pacto del Parterre afectado?<\/span><\/strong><\/p>\n<p style=\"text-align: justify;\">Las dos partes que forman actualmente el gobierno municipal de Alcoy <strong>muestran su &#8220;tranquilidad&#8221;<\/strong> despu\u00e9s de las declaraciones hechas por Guanyar Alcoi al haberse dado esta semana un importante paso hacia adelante de cara a materializar el desarrollo industrial en direcci\u00f3n a Ibi. Desde el<strong> Partido Socialista<\/strong> dejan claro que \u00fanicamente se est\u00e1 en una fase inicial para determinar si es o no viable la iniciativa &#8220;<em>y en el caso de que no sea sostenible, no se har\u00e1<\/em>&#8220;, dijo el mi\u00e9rcoles el alcalde; <strong>Toni Franc\u00e9s<\/strong>. <strong>Comprom\u00eds<\/strong>, que siempre se ha mostrado contrario a Alcoy Sur, va m\u00e1s all\u00e1 y aventura lo que puede ocurrir &#8220;<em>no se acabar\u00e1 haciendo porque se demostrar\u00e1 que no es un proyecto viable desde el punto de vista medioambiental<\/em>&#8220;, afirman. Los dos partidos coinciden en que esta cuesti\u00f3n <strong>no afecta<\/strong> al acuerdo de gobierno suscrito en 2023, tras las Elecciones Municipales, ya que seg\u00fan ambas formaciones &#8220;<em>las posturas y pol\u00edticas est\u00e1n muy claras desde el principio<\/em>&#8220;.<\/p>\n","protected":false},"excerpt":{"rendered":"<p>La reciente forma del protocolo para el desarrollo de suelo industrial en La Canal, entre Ayuntamiento de Alcoy, Generalitat Valenciana&#8230;<\/p>\n","protected":false},"author":1,"featured_media":152458,"comment_status":"closed","ping_status":"closed","sticky":false,"template":"","format":"standard","meta":{"footnotes":""},"categories":[6909,75,79],"tags":[1325,14366,19577,7855,2051,13544],"class_list":["post-152457","post","type-post","status-publish","format-standard","has-post-thumbnail","hentry","category-actualidad","category-noticias","category-politicayeconomia","tag-guanyar-alcoi","tag-la-canal-sur","tag-opossicio-es","tag-postura","tag-sergi-rodriguez","tag-sol-industrial"],"yoast_head":"<!-- This site is optimized with the Yoast SEO plugin v27.3 - https:\/\/yoast.com\/product\/yoast-seo-wordpress\/ -->\n<title>Guanyar lo deja claro: &quot;con Alcoy Sur se est\u00e1 traspasando una l\u00ednea roja&quot; - COPE Alcoy<\/title>\n<meta name=\"robots\" content=\"index, follow, max-snippet:-1, max-image-preview:large, max-video-preview:-1\" \/>\n<link rel=\"canonical\" href=\"https:\/\/www.copealcoy.es\/es\/guanyar-lo-deja-claro-con-alcoy-sur-se-esta-traspasando-una-linea-roja\/\" \/>\n<meta property=\"og:locale\" content=\"es_ES\" \/>\n<meta property=\"og:type\" content=\"article\" \/>\n<meta property=\"og:title\" content=\"Guanyar lo deja claro: &quot;con Alcoy Sur se est\u00e1 traspasando una l\u00ednea roja&quot; - COPE Alcoy\" \/>\n<meta property=\"og:description\" content=\"La reciente forma del protocolo para el desarrollo de suelo industrial en La Canal, entre Ayuntamiento de Alcoy, Generalitat Valenciana...\" \/>\n<meta property=\"og:url\" content=\"https:\/\/www.copealcoy.es\/es\/guanyar-lo-deja-claro-con-alcoy-sur-se-esta-traspasando-una-linea-roja\/\" \/>\n<meta property=\"og:site_name\" content=\"COPE Alcoy\" \/>\n<meta property=\"article:published_time\" content=\"2025-05-16T10:11:30+00:00\" \/>\n<meta property=\"article:modified_time\" content=\"2025-05-16T10:19:50+00:00\" \/>\n<meta property=\"og:image\" content=\"https:\/\/www.copealcoy.es\/wp-content\/uploads\/2025\/05\/0-1.jpg\" \/>\n\t<meta property=\"og:image:width\" content=\"1005\" \/>\n\t<meta property=\"og:image:height\" content=\"670\" \/>\n\t<meta property=\"og:image:type\" content=\"image\/jpeg\" \/>\n<meta name=\"author\" content=\"Cope Alcoy\" \/>\n<meta name=\"twitter:label1\" content=\"Escrito por\" \/>\n\t<meta name=\"twitter:data1\" content=\"Cope Alcoy\" \/>\n\t<meta name=\"twitter:label2\" content=\"Tiempo de lectura\" \/>\n\t<meta name=\"twitter:data2\" content=\"3 minutos\" \/>\n<script type=\"application\/ld+json\" class=\"yoast-schema-graph\">{\"@context\":\"https:\\\/\\\/schema.org\",\"@graph\":[{\"@type\":\"Article\",\"@id\":\"https:\\\/\\\/www.copealcoy.es\\\/es\\\/guanyar-lo-deja-claro-con-alcoy-sur-se-esta-traspasando-una-linea-roja\\\/#article\",\"isPartOf\":{\"@id\":\"https:\\\/\\\/www.copealcoy.es\\\/es\\\/guanyar-lo-deja-claro-con-alcoy-sur-se-esta-traspasando-una-linea-roja\\\/\"},\"author\":{\"name\":\"Cope Alcoy\",\"@id\":\"https:\\\/\\\/www.copealcoy.es\\\/es\\\/#\\\/schema\\\/person\\\/e777c87fa024e57d40170af9df39882c\"},\"headline\":\"Guanyar lo deja claro: &#8220;con Alcoy Sur se est\u00e1 traspasando una l\u00ednea roja&#8221;\",\"datePublished\":\"2025-05-16T10:11:30+00:00\",\"dateModified\":\"2025-05-16T10:19:50+00:00\",\"mainEntityOfPage\":{\"@id\":\"https:\\\/\\\/www.copealcoy.es\\\/es\\\/guanyar-lo-deja-claro-con-alcoy-sur-se-esta-traspasando-una-linea-roja\\\/\"},\"wordCount\":512,\"image\":{\"@id\":\"https:\\\/\\\/www.copealcoy.es\\\/es\\\/guanyar-lo-deja-claro-con-alcoy-sur-se-esta-traspasando-una-linea-roja\\\/#primaryimage\"},\"thumbnailUrl\":\"https:\\\/\\\/www.copealcoy.es\\\/wp-content\\\/uploads\\\/2025\\\/05\\\/0-1.jpg\",\"keywords\":[\"Guanyar Alcoi\",\"La Canal Sur\",\"opossici\u00f3\",\"postura\",\"Sergi Rodr\u00edguez\",\"s\u00f2l industrial\"],\"articleSection\":[\"Actualidad\",\"Noticias\",\"Pol\u00edtica y Econom\u00eda\"],\"inLanguage\":\"es\"},{\"@type\":\"WebPage\",\"@id\":\"https:\\\/\\\/www.copealcoy.es\\\/es\\\/guanyar-lo-deja-claro-con-alcoy-sur-se-esta-traspasando-una-linea-roja\\\/\",\"url\":\"https:\\\/\\\/www.copealcoy.es\\\/es\\\/guanyar-lo-deja-claro-con-alcoy-sur-se-esta-traspasando-una-linea-roja\\\/\",\"name\":\"Guanyar lo deja claro: \\\"con Alcoy Sur se est\u00e1 traspasando una l\u00ednea roja\\\" - COPE Alcoy\",\"isPartOf\":{\"@id\":\"https:\\\/\\\/www.copealcoy.es\\\/es\\\/#website\"},\"primaryImageOfPage\":{\"@id\":\"https:\\\/\\\/www.copealcoy.es\\\/es\\\/guanyar-lo-deja-claro-con-alcoy-sur-se-esta-traspasando-una-linea-roja\\\/#primaryimage\"},\"image\":{\"@id\":\"https:\\\/\\\/www.copealcoy.es\\\/es\\\/guanyar-lo-deja-claro-con-alcoy-sur-se-esta-traspasando-una-linea-roja\\\/#primaryimage\"},\"thumbnailUrl\":\"https:\\\/\\\/www.copealcoy.es\\\/wp-content\\\/uploads\\\/2025\\\/05\\\/0-1.jpg\",\"datePublished\":\"2025-05-16T10:11:30+00:00\",\"dateModified\":\"2025-05-16T10:19:50+00:00\",\"author\":{\"@id\":\"https:\\\/\\\/www.copealcoy.es\\\/es\\\/#\\\/schema\\\/person\\\/e777c87fa024e57d40170af9df39882c\"},\"breadcrumb\":{\"@id\":\"https:\\\/\\\/www.copealcoy.es\\\/es\\\/guanyar-lo-deja-claro-con-alcoy-sur-se-esta-traspasando-una-linea-roja\\\/#breadcrumb\"},\"inLanguage\":\"es\",\"potentialAction\":[{\"@type\":\"ReadAction\",\"target\":[\"https:\\\/\\\/www.copealcoy.es\\\/es\\\/guanyar-lo-deja-claro-con-alcoy-sur-se-esta-traspasando-una-linea-roja\\\/\"]}]},{\"@type\":\"ImageObject\",\"inLanguage\":\"es\",\"@id\":\"https:\\\/\\\/www.copealcoy.es\\\/es\\\/guanyar-lo-deja-claro-con-alcoy-sur-se-esta-traspasando-una-linea-roja\\\/#primaryimage\",\"url\":\"https:\\\/\\\/www.copealcoy.es\\\/wp-content\\\/uploads\\\/2025\\\/05\\\/0-1.jpg\",\"contentUrl\":\"https:\\\/\\\/www.copealcoy.es\\\/wp-content\\\/uploads\\\/2025\\\/05\\\/0-1.jpg\",\"width\":1005,\"height\":670},{\"@type\":\"BreadcrumbList\",\"@id\":\"https:\\\/\\\/www.copealcoy.es\\\/es\\\/guanyar-lo-deja-claro-con-alcoy-sur-se-esta-traspasando-una-linea-roja\\\/#breadcrumb\",\"itemListElement\":[{\"@type\":\"ListItem\",\"position\":1,\"name\":\"Portada\",\"item\":\"https:\\\/\\\/www.copealcoy.es\\\/es\\\/\"},{\"@type\":\"ListItem\",\"position\":2,\"name\":\"Guanyar lo deja claro: &#8220;con Alcoy Sur se est\u00e1 traspasando una l\u00ednea roja&#8221;\"}]},{\"@type\":\"WebSite\",\"@id\":\"https:\\\/\\\/www.copealcoy.es\\\/es\\\/#website\",\"url\":\"https:\\\/\\\/www.copealcoy.es\\\/es\\\/\",\"name\":\"COPE Alcoy\",\"description\":\"Emisora COPE de radio local con emisi\u00f3n online. Pont de Sant Jordi 8-10 03803 Alcoy\",\"potentialAction\":[{\"@type\":\"SearchAction\",\"target\":{\"@type\":\"EntryPoint\",\"urlTemplate\":\"https:\\\/\\\/www.copealcoy.es\\\/es\\\/?s={search_term_string}\"},\"query-input\":{\"@type\":\"PropertyValueSpecification\",\"valueRequired\":true,\"valueName\":\"search_term_string\"}}],\"inLanguage\":\"es\"},{\"@type\":\"Person\",\"@id\":\"https:\\\/\\\/www.copealcoy.es\\\/es\\\/#\\\/schema\\\/person\\\/e777c87fa024e57d40170af9df39882c\",\"name\":\"Cope Alcoy\",\"image\":{\"@type\":\"ImageObject\",\"inLanguage\":\"es\",\"@id\":\"https:\\\/\\\/secure.gravatar.com\\\/avatar\\\/bb65d0283347e303893ba14f0692005417c1e0e690a325a4c5d8bb2b3943ee14?s=96&d=mm&r=g\",\"url\":\"https:\\\/\\\/secure.gravatar.com\\\/avatar\\\/bb65d0283347e303893ba14f0692005417c1e0e690a325a4c5d8bb2b3943ee14?s=96&d=mm&r=g\",\"contentUrl\":\"https:\\\/\\\/secure.gravatar.com\\\/avatar\\\/bb65d0283347e303893ba14f0692005417c1e0e690a325a4c5d8bb2b3943ee14?s=96&d=mm&r=g\",\"caption\":\"Cope Alcoy\"}}]}<\/script>\n<!-- \/ Yoast SEO plugin. -->","yoast_head_json":{"title":"Guanyar lo deja claro: \"con Alcoy Sur se est\u00e1 traspasando una l\u00ednea roja\" - COPE Alcoy","robots":{"index":"index","follow":"follow","max-snippet":"max-snippet:-1","max-image-preview":"max-image-preview:large","max-video-preview":"max-video-preview:-1"},"canonical":"https:\/\/www.copealcoy.es\/es\/guanyar-lo-deja-claro-con-alcoy-sur-se-esta-traspasando-una-linea-roja\/","og_locale":"es_ES","og_type":"article","og_title":"Guanyar lo deja claro: \"con Alcoy Sur se est\u00e1 traspasando una l\u00ednea roja\" - COPE Alcoy","og_description":"La reciente forma del protocolo para el desarrollo de suelo industrial en La Canal, entre Ayuntamiento de Alcoy, Generalitat Valenciana...","og_url":"https:\/\/www.copealcoy.es\/es\/guanyar-lo-deja-claro-con-alcoy-sur-se-esta-traspasando-una-linea-roja\/","og_site_name":"COPE Alcoy","article_published_time":"2025-05-16T10:11:30+00:00","article_modified_time":"2025-05-16T10:19:50+00:00","og_image":[{"width":1005,"height":670,"url":"https:\/\/www.copealcoy.es\/wp-content\/uploads\/2025\/05\/0-1.jpg","type":"image\/jpeg"}],"author":"Cope Alcoy","twitter_misc":{"Escrito por":"Cope Alcoy","Tiempo de lectura":"3 minutos"},"schema":{"@context":"https:\/\/schema.org","@graph":[{"@type":"Article","@id":"https:\/\/www.copealcoy.es\/es\/guanyar-lo-deja-claro-con-alcoy-sur-se-esta-traspasando-una-linea-roja\/#article","isPartOf":{"@id":"https:\/\/www.copealcoy.es\/es\/guanyar-lo-deja-claro-con-alcoy-sur-se-esta-traspasando-una-linea-roja\/"},"author":{"name":"Cope Alcoy","@id":"https:\/\/www.copealcoy.es\/es\/#\/schema\/person\/e777c87fa024e57d40170af9df39882c"},"headline":"Guanyar lo deja claro: &#8220;con Alcoy Sur se est\u00e1 traspasando una l\u00ednea roja&#8221;","datePublished":"2025-05-16T10:11:30+00:00","dateModified":"2025-05-16T10:19:50+00:00","mainEntityOfPage":{"@id":"https:\/\/www.copealcoy.es\/es\/guanyar-lo-deja-claro-con-alcoy-sur-se-esta-traspasando-una-linea-roja\/"},"wordCount":512,"image":{"@id":"https:\/\/www.copealcoy.es\/es\/guanyar-lo-deja-claro-con-alcoy-sur-se-esta-traspasando-una-linea-roja\/#primaryimage"},"thumbnailUrl":"https:\/\/www.copealcoy.es\/wp-content\/uploads\/2025\/05\/0-1.jpg","keywords":["Guanyar Alcoi","La Canal Sur","opossici\u00f3","postura","Sergi Rodr\u00edguez","s\u00f2l industrial"],"articleSection":["Actualidad","Noticias","Pol\u00edtica y Econom\u00eda"],"inLanguage":"es"},{"@type":"WebPage","@id":"https:\/\/www.copealcoy.es\/es\/guanyar-lo-deja-claro-con-alcoy-sur-se-esta-traspasando-una-linea-roja\/","url":"https:\/\/www.copealcoy.es\/es\/guanyar-lo-deja-claro-con-alcoy-sur-se-esta-traspasando-una-linea-roja\/","name":"Guanyar lo deja claro: \"con Alcoy Sur se est\u00e1 traspasando una l\u00ednea roja\" - COPE Alcoy","isPartOf":{"@id":"https:\/\/www.copealcoy.es\/es\/#website"},"primaryImageOfPage":{"@id":"https:\/\/www.copealcoy.es\/es\/guanyar-lo-deja-claro-con-alcoy-sur-se-esta-traspasando-una-linea-roja\/#primaryimage"},"image":{"@id":"https:\/\/www.copealcoy.es\/es\/guanyar-lo-deja-claro-con-alcoy-sur-se-esta-traspasando-una-linea-roja\/#primaryimage"},"thumbnailUrl":"https:\/\/www.copealcoy.es\/wp-content\/uploads\/2025\/05\/0-1.jpg","datePublished":"2025-05-16T10:11:30+00:00","dateModified":"2025-05-16T10:19:50+00:00","author":{"@id":"https:\/\/www.copealcoy.es\/es\/#\/schema\/person\/e777c87fa024e57d40170af9df39882c"},"breadcrumb":{"@id":"https:\/\/www.copealcoy.es\/es\/guanyar-lo-deja-claro-con-alcoy-sur-se-esta-traspasando-una-linea-roja\/#breadcrumb"},"inLanguage":"es","potentialAction":[{"@type":"ReadAction","target":["https:\/\/www.copealcoy.es\/es\/guanyar-lo-deja-claro-con-alcoy-sur-se-esta-traspasando-una-linea-roja\/"]}]},{"@type":"ImageObject","inLanguage":"es","@id":"https:\/\/www.copealcoy.es\/es\/guanyar-lo-deja-claro-con-alcoy-sur-se-esta-traspasando-una-linea-roja\/#primaryimage","url":"https:\/\/www.copealcoy.es\/wp-content\/uploads\/2025\/05\/0-1.jpg","contentUrl":"https:\/\/www.copealcoy.es\/wp-content\/uploads\/2025\/05\/0-1.jpg","width":1005,"height":670},{"@type":"BreadcrumbList","@id":"https:\/\/www.copealcoy.es\/es\/guanyar-lo-deja-claro-con-alcoy-sur-se-esta-traspasando-una-linea-roja\/#breadcrumb","itemListElement":[{"@type":"ListItem","position":1,"name":"Portada","item":"https:\/\/www.copealcoy.es\/es\/"},{"@type":"ListItem","position":2,"name":"Guanyar lo deja claro: &#8220;con Alcoy Sur se est\u00e1 traspasando una l\u00ednea roja&#8221;"}]},{"@type":"WebSite","@id":"https:\/\/www.copealcoy.es\/es\/#website","url":"https:\/\/www.copealcoy.es\/es\/","name":"COPE Alcoy","description":"Emisora COPE de radio local con emisi\u00f3n online. Pont de Sant Jordi 8-10 03803 Alcoy","potentialAction":[{"@type":"SearchAction","target":{"@type":"EntryPoint","urlTemplate":"https:\/\/www.copealcoy.es\/es\/?s={search_term_string}"},"query-input":{"@type":"PropertyValueSpecification","valueRequired":true,"valueName":"search_term_string"}}],"inLanguage":"es"},{"@type":"Person","@id":"https:\/\/www.copealcoy.es\/es\/#\/schema\/person\/e777c87fa024e57d40170af9df39882c","name":"Cope Alcoy","image":{"@type":"ImageObject","inLanguage":"es","@id":"https:\/\/secure.gravatar.com\/avatar\/bb65d0283347e303893ba14f0692005417c1e0e690a325a4c5d8bb2b3943ee14?s=96&d=mm&r=g","url":"https:\/\/secure.gravatar.com\/avatar\/bb65d0283347e303893ba14f0692005417c1e0e690a325a4c5d8bb2b3943ee14?s=96&d=mm&r=g","contentUrl":"https:\/\/secure.gravatar.com\/avatar\/bb65d0283347e303893ba14f0692005417c1e0e690a325a4c5d8bb2b3943ee14?s=96&d=mm&r=g","caption":"Cope Alcoy"}}]}},"_links":{"self":[{"href":"https:\/\/www.copealcoy.es\/es\/wp-json\/wp\/v2\/posts\/152457","targetHints":{"allow":["GET"]}}],"collection":[{"href":"https:\/\/www.copealcoy.es\/es\/wp-json\/wp\/v2\/posts"}],"about":[{"href":"https:\/\/www.copealcoy.es\/es\/wp-json\/wp\/v2\/types\/post"}],"author":[{"embeddable":true,"href":"https:\/\/www.copealcoy.es\/es\/wp-json\/wp\/v2\/users\/1"}],"replies":[{"embeddable":true,"href":"https:\/\/www.copealcoy.es\/es\/wp-json\/wp\/v2\/comments?post=152457"}],"version-history":[{"count":1,"href":"https:\/\/www.copealcoy.es\/es\/wp-json\/wp\/v2\/posts\/152457\/revisions"}],"predecessor-version":[{"id":152460,"href":"https:\/\/www.copealcoy.es\/es\/wp-json\/wp\/v2\/posts\/152457\/revisions\/152460"}],"wp:featuredmedia":[{"embeddable":true,"href":"https:\/\/www.copealcoy.es\/es\/wp-json\/wp\/v2\/media\/152458"}],"wp:attachment":[{"href":"https:\/\/www.copealcoy.es\/es\/wp-json\/wp\/v2\/media?parent=152457"}],"wp:term":[{"taxonomy":"category","embeddable":true,"href":"https:\/\/www.copealcoy.es\/es\/wp-json\/wp\/v2\/categories?post=152457"},{"taxonomy":"post_tag","embeddable":true,"href":"https:\/\/www.copealcoy.es\/es\/wp-json\/wp\/v2\/tags?post=152457"}],"curies":[{"name":"wp","href":"https:\/\/api.w.org\/{rel}","templated":true}]}}