{"id":152446,"date":"2025-05-16T09:17:10","date_gmt":"2025-05-16T08:17:10","guid":{"rendered":"https:\/\/www.copealcoy.es\/?p=152446"},"modified":"2025-05-16T09:28:45","modified_gmt":"2025-05-16T08:28:45","slug":"san-hipolito-visitara-el-cementerio-de-cocentaina-por-primera-vez","status":"publish","type":"post","link":"https:\/\/www.copealcoy.es\/es\/san-hipolito-visitara-el-cementerio-de-cocentaina-por-primera-vez\/","title":{"rendered":"San Hip\u00f3lito visitar\u00e1 el Cementerio de Cocentaina, por primera vez"},"content":{"rendered":"<p style=\"text-align: justify;\">Cocentaina sigue celebrando el <strong>425 aniversario de la elecci\u00f3n y proclamaci\u00f3n de San Hip\u00f3lito M\u00e1rtir como patr\u00f3n<\/strong> de la localidad, y este domingo tendr\u00e1 lugar <strong>uno de los actos m\u00e1s esperados<\/strong> dentro del programa de actividades que se est\u00e1 llevando a cabo en el marco de la conmemoraci\u00f3n. Se trata de l<strong>a visita del patr\u00f3n al Cementerio Municipal<\/strong>, un hecho hasta ahora ins\u00f3lito ya que nunca hasta el momento se hab\u00eda producido.<\/p>\n<p style=\"text-align: justify;\">La jornada arrancar\u00e1 a las nueve de la ma\u00f1ana en la plaza de la iglesia de Santa Mar\u00eda, <strong>con un almuerzo popular<\/strong>, y a partir de las diez de la ma\u00f1ana <strong>saldr\u00e1 a la calle la imagen de San Hip\u00f3lito M\u00e1rtir dando inicio a una romer\u00eda que tendr\u00e1 varias partes<\/strong>. En la primera, el patr\u00f3n ser\u00e1 llevado hasta la plaza del Pla y <strong>entrar\u00e1 al Monasterio de la Mare de D\u00e9u del Miracle<\/strong> para visitar a la patrona contestana. Se recordar\u00e1 as\u00ed la misma visita que hizo San Hip\u00f3lito a la Virgen del Milagro el 7 de mayo del a\u00f1o 2000 coincidiendo con el IV Centenario del patronazgo del m\u00e1rtir.<\/p>\n<p style=\"text-align: justify;\">La romer\u00eda continuar\u00e1 despu\u00e9s por el casco antiguo <strong>hasta la plaza del Ayuntamiento<\/strong>. All\u00ed, ante el Consistorio, se leer\u00e1n los documentos de 1600 en los que qued\u00f3 plasmada la proclamaci\u00f3n de San Hip\u00f3lito M\u00e1rtir como patrono con la intervenci\u00f3n del alcalde de la capital del Comtat &#8220;<em>ser\u00e1 un momento significativo porque conmemoraremos que hace 425, y en este mismo punto, las autoridades locales escogieron a nuestro patr\u00f3n como intercesor ante la grave peste que padec\u00eda el pueblo<\/em>&#8220;, explicaba en COPE ALCOY el primer edil; <strong>Jordi Pla<\/strong>. El paso del patr\u00f3n por el mismo Ayuntamiento quedar\u00e1 tambi\u00e9n para el recuerdo <em>&#8220;puesto que se va a descubrir una placa conmemorativa que dejar\u00e1 testimonio de este hecho<\/em>&#8220;, se\u00f1ala <strong>Javi Sansalvador<\/strong>; edil de Fiestas en el municipio.<\/p>\n<p style=\"text-align: justify;\">A continuaci\u00f3n,<strong> comenzar\u00e1 la subida de San Hip\u00f3lito M\u00e1rtir hasta el Cementerio Municipal<\/strong> y all\u00ed se celebrar\u00e1 <strong>una misa en memoria de los contestanos y las contestanas difuntos<\/strong>. Desde la Comisi\u00f3n Organizadora de todos los actos del 425 aniversario del patronazgo animan a toda Cocentaina a participar en esta cita e incluso portar la imagen del patr\u00f3n &#8220;<em>San Hip\u00f3lito es patrono de toda Cocentaina, no solo del \u00e1mbito festero, y estamos todos invitados a contribuir a que su imagen llegue hasta el Cementerio<\/em>&#8220;, detalla <strong>Natxo Ferr\u00e1ndiz<\/strong>; vicepresidente de Culto en la<a href=\"https:\/\/www.facebook.com\/federacionjuntafiestas.cocentaina\/?locale=es_ES\" target=\"_blank\" rel=\"noopener\"><span style=\"color: #0000ff;\"><strong> Junta de Festes<\/strong><\/span><\/a>.<\/p>\n<p style=\"text-align: justify;\">Tras la eucarist\u00eda <strong>comenzar\u00e1 la bajada de San Hip\u00f3lito al casco urbano<\/strong> para devolver la imagen del santo a la parroquia de Santa Mar\u00eda donde se le venera durante todo el a\u00f1o. El patr\u00f3n ser\u00e1 colocado despu\u00e9s en el altar mayor y seguir\u00e1 all\u00ed hasta las Fiestas de Moros y Cristianos del pr\u00f3ximo mes de agosto.<\/p>\n","protected":false},"excerpt":{"rendered":"<p>Cocentaina sigue celebrando el 425 aniversario de la elecci\u00f3n y proclamaci\u00f3n de San Hip\u00f3lito M\u00e1rtir como patr\u00f3n de la localidad,&#8230;<\/p>\n","protected":false},"author":1,"featured_media":152447,"comment_status":"closed","ping_status":"closed","sticky":false,"template":"","format":"standard","meta":{"footnotes":""},"categories":[6909,98],"tags":[19576,3998,132,566,4488],"class_list":["post-152446","post","type-post","status-publish","format-standard","has-post-thumbnail","hentry","category-actualidad","category-comarcas","tag-425-anos-eleccion-y-proclamacion","tag-cementerio-municipal","tag-cocentaina","tag-romeria","tag-san-hipolito-martir"],"yoast_head":"<!-- This site is optimized with the Yoast SEO plugin v27.3 - https:\/\/yoast.com\/product\/yoast-seo-wordpress\/ -->\n<title>San Hip\u00f3lito visitar\u00e1 el Cementerio de Cocentaina, por primera vez - COPE Alcoy<\/title>\n<meta name=\"description\" content=\"San Hip\u00f3lito visitar\u00e1 domingo el Cementerio de Cocentaina, por primera vez\" \/>\n<meta name=\"robots\" content=\"index, follow, max-snippet:-1, max-image-preview:large, max-video-preview:-1\" \/>\n<link rel=\"canonical\" href=\"https:\/\/www.copealcoy.es\/es\/san-hipolito-visitara-el-cementerio-de-cocentaina-por-primera-vez\/\" \/>\n<meta property=\"og:locale\" content=\"es_ES\" \/>\n<meta property=\"og:type\" content=\"article\" \/>\n<meta property=\"og:title\" content=\"San Hip\u00f3lito visitar\u00e1 el Cementerio de Cocentaina, por primera vez - COPE Alcoy\" \/>\n<meta property=\"og:description\" content=\"San Hip\u00f3lito visitar\u00e1 domingo el Cementerio de Cocentaina, por primera vez\" \/>\n<meta property=\"og:url\" content=\"https:\/\/www.copealcoy.es\/es\/san-hipolito-visitara-el-cementerio-de-cocentaina-por-primera-vez\/\" \/>\n<meta property=\"og:site_name\" content=\"COPE Alcoy\" \/>\n<meta property=\"article:published_time\" content=\"2025-05-16T08:17:10+00:00\" \/>\n<meta property=\"article:modified_time\" content=\"2025-05-16T08:28:45+00:00\" \/>\n<meta property=\"og:image\" content=\"https:\/\/www.copealcoy.es\/wp-content\/uploads\/2025\/05\/unnamed-1-24-scaled-e1747383557421.jpg\" \/>\n\t<meta property=\"og:image:width\" content=\"800\" \/>\n\t<meta property=\"og:image:height\" content=\"450\" \/>\n\t<meta property=\"og:image:type\" content=\"image\/jpeg\" \/>\n<meta name=\"author\" content=\"Cope Alcoy\" \/>\n<meta name=\"twitter:label1\" content=\"Escrito por\" \/>\n\t<meta name=\"twitter:data1\" content=\"Cope Alcoy\" \/>\n\t<meta name=\"twitter:label2\" content=\"Tiempo de lectura\" \/>\n\t<meta name=\"twitter:data2\" content=\"3 minutos\" \/>\n<script type=\"application\/ld+json\" class=\"yoast-schema-graph\">{\"@context\":\"https:\\\/\\\/schema.org\",\"@graph\":[{\"@type\":\"Article\",\"@id\":\"https:\\\/\\\/www.copealcoy.es\\\/es\\\/san-hipolito-visitara-el-cementerio-de-cocentaina-por-primera-vez\\\/#article\",\"isPartOf\":{\"@id\":\"https:\\\/\\\/www.copealcoy.es\\\/es\\\/san-hipolito-visitara-el-cementerio-de-cocentaina-por-primera-vez\\\/\"},\"author\":{\"name\":\"Cope Alcoy\",\"@id\":\"https:\\\/\\\/www.copealcoy.es\\\/es\\\/#\\\/schema\\\/person\\\/e777c87fa024e57d40170af9df39882c\"},\"headline\":\"San Hip\u00f3lito visitar\u00e1 el Cementerio de Cocentaina, por primera vez\",\"datePublished\":\"2025-05-16T08:17:10+00:00\",\"dateModified\":\"2025-05-16T08:28:45+00:00\",\"mainEntityOfPage\":{\"@id\":\"https:\\\/\\\/www.copealcoy.es\\\/es\\\/san-hipolito-visitara-el-cementerio-de-cocentaina-por-primera-vez\\\/\"},\"wordCount\":507,\"image\":{\"@id\":\"https:\\\/\\\/www.copealcoy.es\\\/es\\\/san-hipolito-visitara-el-cementerio-de-cocentaina-por-primera-vez\\\/#primaryimage\"},\"thumbnailUrl\":\"https:\\\/\\\/www.copealcoy.es\\\/wp-content\\\/uploads\\\/2025\\\/05\\\/unnamed-1-24-scaled-e1747383557421.jpg\",\"keywords\":[\"425 a\u00f1os elecci\u00f3n y proclamaci\u00f3n\",\"Cementerio Municipal\",\"Cocentaina\",\"Romer\u00eda\",\"San Hip\u00f3lito M\u00e1rtir\"],\"articleSection\":[\"Actualidad\",\"Comarcas\"],\"inLanguage\":\"es\"},{\"@type\":\"WebPage\",\"@id\":\"https:\\\/\\\/www.copealcoy.es\\\/es\\\/san-hipolito-visitara-el-cementerio-de-cocentaina-por-primera-vez\\\/\",\"url\":\"https:\\\/\\\/www.copealcoy.es\\\/es\\\/san-hipolito-visitara-el-cementerio-de-cocentaina-por-primera-vez\\\/\",\"name\":\"San Hip\u00f3lito visitar\u00e1 el Cementerio de Cocentaina, por primera vez - COPE Alcoy\",\"isPartOf\":{\"@id\":\"https:\\\/\\\/www.copealcoy.es\\\/es\\\/#website\"},\"primaryImageOfPage\":{\"@id\":\"https:\\\/\\\/www.copealcoy.es\\\/es\\\/san-hipolito-visitara-el-cementerio-de-cocentaina-por-primera-vez\\\/#primaryimage\"},\"image\":{\"@id\":\"https:\\\/\\\/www.copealcoy.es\\\/es\\\/san-hipolito-visitara-el-cementerio-de-cocentaina-por-primera-vez\\\/#primaryimage\"},\"thumbnailUrl\":\"https:\\\/\\\/www.copealcoy.es\\\/wp-content\\\/uploads\\\/2025\\\/05\\\/unnamed-1-24-scaled-e1747383557421.jpg\",\"datePublished\":\"2025-05-16T08:17:10+00:00\",\"dateModified\":\"2025-05-16T08:28:45+00:00\",\"author\":{\"@id\":\"https:\\\/\\\/www.copealcoy.es\\\/es\\\/#\\\/schema\\\/person\\\/e777c87fa024e57d40170af9df39882c\"},\"description\":\"San Hip\u00f3lito visitar\u00e1 domingo el Cementerio de Cocentaina, por primera vez\",\"breadcrumb\":{\"@id\":\"https:\\\/\\\/www.copealcoy.es\\\/es\\\/san-hipolito-visitara-el-cementerio-de-cocentaina-por-primera-vez\\\/#breadcrumb\"},\"inLanguage\":\"es\",\"potentialAction\":[{\"@type\":\"ReadAction\",\"target\":[\"https:\\\/\\\/www.copealcoy.es\\\/es\\\/san-hipolito-visitara-el-cementerio-de-cocentaina-por-primera-vez\\\/\"]}]},{\"@type\":\"ImageObject\",\"inLanguage\":\"es\",\"@id\":\"https:\\\/\\\/www.copealcoy.es\\\/es\\\/san-hipolito-visitara-el-cementerio-de-cocentaina-por-primera-vez\\\/#primaryimage\",\"url\":\"https:\\\/\\\/www.copealcoy.es\\\/wp-content\\\/uploads\\\/2025\\\/05\\\/unnamed-1-24-scaled-e1747383557421.jpg\",\"contentUrl\":\"https:\\\/\\\/www.copealcoy.es\\\/wp-content\\\/uploads\\\/2025\\\/05\\\/unnamed-1-24-scaled-e1747383557421.jpg\",\"width\":800,\"height\":450},{\"@type\":\"BreadcrumbList\",\"@id\":\"https:\\\/\\\/www.copealcoy.es\\\/es\\\/san-hipolito-visitara-el-cementerio-de-cocentaina-por-primera-vez\\\/#breadcrumb\",\"itemListElement\":[{\"@type\":\"ListItem\",\"position\":1,\"name\":\"Portada\",\"item\":\"https:\\\/\\\/www.copealcoy.es\\\/es\\\/\"},{\"@type\":\"ListItem\",\"position\":2,\"name\":\"San Hip\u00f3lito visitar\u00e1 el Cementerio de Cocentaina, por primera vez\"}]},{\"@type\":\"WebSite\",\"@id\":\"https:\\\/\\\/www.copealcoy.es\\\/es\\\/#website\",\"url\":\"https:\\\/\\\/www.copealcoy.es\\\/es\\\/\",\"name\":\"COPE Alcoy\",\"description\":\"Emisora COPE de radio local con emisi\u00f3n online. Pont de Sant Jordi 8-10 03803 Alcoy\",\"potentialAction\":[{\"@type\":\"SearchAction\",\"target\":{\"@type\":\"EntryPoint\",\"urlTemplate\":\"https:\\\/\\\/www.copealcoy.es\\\/es\\\/?s={search_term_string}\"},\"query-input\":{\"@type\":\"PropertyValueSpecification\",\"valueRequired\":true,\"valueName\":\"search_term_string\"}}],\"inLanguage\":\"es\"},{\"@type\":\"Person\",\"@id\":\"https:\\\/\\\/www.copealcoy.es\\\/es\\\/#\\\/schema\\\/person\\\/e777c87fa024e57d40170af9df39882c\",\"name\":\"Cope Alcoy\",\"image\":{\"@type\":\"ImageObject\",\"inLanguage\":\"es\",\"@id\":\"https:\\\/\\\/secure.gravatar.com\\\/avatar\\\/bb65d0283347e303893ba14f0692005417c1e0e690a325a4c5d8bb2b3943ee14?s=96&d=mm&r=g\",\"url\":\"https:\\\/\\\/secure.gravatar.com\\\/avatar\\\/bb65d0283347e303893ba14f0692005417c1e0e690a325a4c5d8bb2b3943ee14?s=96&d=mm&r=g\",\"contentUrl\":\"https:\\\/\\\/secure.gravatar.com\\\/avatar\\\/bb65d0283347e303893ba14f0692005417c1e0e690a325a4c5d8bb2b3943ee14?s=96&d=mm&r=g\",\"caption\":\"Cope Alcoy\"}}]}<\/script>\n<!-- \/ Yoast SEO plugin. -->","yoast_head_json":{"title":"San Hip\u00f3lito visitar\u00e1 el Cementerio de Cocentaina, por primera vez - COPE Alcoy","description":"San Hip\u00f3lito visitar\u00e1 domingo el Cementerio de Cocentaina, por primera vez","robots":{"index":"index","follow":"follow","max-snippet":"max-snippet:-1","max-image-preview":"max-image-preview:large","max-video-preview":"max-video-preview:-1"},"canonical":"https:\/\/www.copealcoy.es\/es\/san-hipolito-visitara-el-cementerio-de-cocentaina-por-primera-vez\/","og_locale":"es_ES","og_type":"article","og_title":"San Hip\u00f3lito visitar\u00e1 el Cementerio de Cocentaina, por primera vez - COPE Alcoy","og_description":"San Hip\u00f3lito visitar\u00e1 domingo el Cementerio de Cocentaina, por primera vez","og_url":"https:\/\/www.copealcoy.es\/es\/san-hipolito-visitara-el-cementerio-de-cocentaina-por-primera-vez\/","og_site_name":"COPE Alcoy","article_published_time":"2025-05-16T08:17:10+00:00","article_modified_time":"2025-05-16T08:28:45+00:00","og_image":[{"width":800,"height":450,"url":"https:\/\/www.copealcoy.es\/wp-content\/uploads\/2025\/05\/unnamed-1-24-scaled-e1747383557421.jpg","type":"image\/jpeg"}],"author":"Cope Alcoy","twitter_misc":{"Escrito por":"Cope Alcoy","Tiempo de lectura":"3 minutos"},"schema":{"@context":"https:\/\/schema.org","@graph":[{"@type":"Article","@id":"https:\/\/www.copealcoy.es\/es\/san-hipolito-visitara-el-cementerio-de-cocentaina-por-primera-vez\/#article","isPartOf":{"@id":"https:\/\/www.copealcoy.es\/es\/san-hipolito-visitara-el-cementerio-de-cocentaina-por-primera-vez\/"},"author":{"name":"Cope Alcoy","@id":"https:\/\/www.copealcoy.es\/es\/#\/schema\/person\/e777c87fa024e57d40170af9df39882c"},"headline":"San Hip\u00f3lito visitar\u00e1 el Cementerio de Cocentaina, por primera vez","datePublished":"2025-05-16T08:17:10+00:00","dateModified":"2025-05-16T08:28:45+00:00","mainEntityOfPage":{"@id":"https:\/\/www.copealcoy.es\/es\/san-hipolito-visitara-el-cementerio-de-cocentaina-por-primera-vez\/"},"wordCount":507,"image":{"@id":"https:\/\/www.copealcoy.es\/es\/san-hipolito-visitara-el-cementerio-de-cocentaina-por-primera-vez\/#primaryimage"},"thumbnailUrl":"https:\/\/www.copealcoy.es\/wp-content\/uploads\/2025\/05\/unnamed-1-24-scaled-e1747383557421.jpg","keywords":["425 a\u00f1os elecci\u00f3n y proclamaci\u00f3n","Cementerio Municipal","Cocentaina","Romer\u00eda","San Hip\u00f3lito M\u00e1rtir"],"articleSection":["Actualidad","Comarcas"],"inLanguage":"es"},{"@type":"WebPage","@id":"https:\/\/www.copealcoy.es\/es\/san-hipolito-visitara-el-cementerio-de-cocentaina-por-primera-vez\/","url":"https:\/\/www.copealcoy.es\/es\/san-hipolito-visitara-el-cementerio-de-cocentaina-por-primera-vez\/","name":"San Hip\u00f3lito visitar\u00e1 el Cementerio de Cocentaina, por primera vez - COPE Alcoy","isPartOf":{"@id":"https:\/\/www.copealcoy.es\/es\/#website"},"primaryImageOfPage":{"@id":"https:\/\/www.copealcoy.es\/es\/san-hipolito-visitara-el-cementerio-de-cocentaina-por-primera-vez\/#primaryimage"},"image":{"@id":"https:\/\/www.copealcoy.es\/es\/san-hipolito-visitara-el-cementerio-de-cocentaina-por-primera-vez\/#primaryimage"},"thumbnailUrl":"https:\/\/www.copealcoy.es\/wp-content\/uploads\/2025\/05\/unnamed-1-24-scaled-e1747383557421.jpg","datePublished":"2025-05-16T08:17:10+00:00","dateModified":"2025-05-16T08:28:45+00:00","author":{"@id":"https:\/\/www.copealcoy.es\/es\/#\/schema\/person\/e777c87fa024e57d40170af9df39882c"},"description":"San Hip\u00f3lito visitar\u00e1 domingo el Cementerio de Cocentaina, por primera vez","breadcrumb":{"@id":"https:\/\/www.copealcoy.es\/es\/san-hipolito-visitara-el-cementerio-de-cocentaina-por-primera-vez\/#breadcrumb"},"inLanguage":"es","potentialAction":[{"@type":"ReadAction","target":["https:\/\/www.copealcoy.es\/es\/san-hipolito-visitara-el-cementerio-de-cocentaina-por-primera-vez\/"]}]},{"@type":"ImageObject","inLanguage":"es","@id":"https:\/\/www.copealcoy.es\/es\/san-hipolito-visitara-el-cementerio-de-cocentaina-por-primera-vez\/#primaryimage","url":"https:\/\/www.copealcoy.es\/wp-content\/uploads\/2025\/05\/unnamed-1-24-scaled-e1747383557421.jpg","contentUrl":"https:\/\/www.copealcoy.es\/wp-content\/uploads\/2025\/05\/unnamed-1-24-scaled-e1747383557421.jpg","width":800,"height":450},{"@type":"BreadcrumbList","@id":"https:\/\/www.copealcoy.es\/es\/san-hipolito-visitara-el-cementerio-de-cocentaina-por-primera-vez\/#breadcrumb","itemListElement":[{"@type":"ListItem","position":1,"name":"Portada","item":"https:\/\/www.copealcoy.es\/es\/"},{"@type":"ListItem","position":2,"name":"San Hip\u00f3lito visitar\u00e1 el Cementerio de Cocentaina, por primera vez"}]},{"@type":"WebSite","@id":"https:\/\/www.copealcoy.es\/es\/#website","url":"https:\/\/www.copealcoy.es\/es\/","name":"COPE Alcoy","description":"Emisora COPE de radio local con emisi\u00f3n online. Pont de Sant Jordi 8-10 03803 Alcoy","potentialAction":[{"@type":"SearchAction","target":{"@type":"EntryPoint","urlTemplate":"https:\/\/www.copealcoy.es\/es\/?s={search_term_string}"},"query-input":{"@type":"PropertyValueSpecification","valueRequired":true,"valueName":"search_term_string"}}],"inLanguage":"es"},{"@type":"Person","@id":"https:\/\/www.copealcoy.es\/es\/#\/schema\/person\/e777c87fa024e57d40170af9df39882c","name":"Cope Alcoy","image":{"@type":"ImageObject","inLanguage":"es","@id":"https:\/\/secure.gravatar.com\/avatar\/bb65d0283347e303893ba14f0692005417c1e0e690a325a4c5d8bb2b3943ee14?s=96&d=mm&r=g","url":"https:\/\/secure.gravatar.com\/avatar\/bb65d0283347e303893ba14f0692005417c1e0e690a325a4c5d8bb2b3943ee14?s=96&d=mm&r=g","contentUrl":"https:\/\/secure.gravatar.com\/avatar\/bb65d0283347e303893ba14f0692005417c1e0e690a325a4c5d8bb2b3943ee14?s=96&d=mm&r=g","caption":"Cope Alcoy"}}]}},"_links":{"self":[{"href":"https:\/\/www.copealcoy.es\/es\/wp-json\/wp\/v2\/posts\/152446","targetHints":{"allow":["GET"]}}],"collection":[{"href":"https:\/\/www.copealcoy.es\/es\/wp-json\/wp\/v2\/posts"}],"about":[{"href":"https:\/\/www.copealcoy.es\/es\/wp-json\/wp\/v2\/types\/post"}],"author":[{"embeddable":true,"href":"https:\/\/www.copealcoy.es\/es\/wp-json\/wp\/v2\/users\/1"}],"replies":[{"embeddable":true,"href":"https:\/\/www.copealcoy.es\/es\/wp-json\/wp\/v2\/comments?post=152446"}],"version-history":[{"count":3,"href":"https:\/\/www.copealcoy.es\/es\/wp-json\/wp\/v2\/posts\/152446\/revisions"}],"predecessor-version":[{"id":152453,"href":"https:\/\/www.copealcoy.es\/es\/wp-json\/wp\/v2\/posts\/152446\/revisions\/152453"}],"wp:featuredmedia":[{"embeddable":true,"href":"https:\/\/www.copealcoy.es\/es\/wp-json\/wp\/v2\/media\/152447"}],"wp:attachment":[{"href":"https:\/\/www.copealcoy.es\/es\/wp-json\/wp\/v2\/media?parent=152446"}],"wp:term":[{"taxonomy":"category","embeddable":true,"href":"https:\/\/www.copealcoy.es\/es\/wp-json\/wp\/v2\/categories?post=152446"},{"taxonomy":"post_tag","embeddable":true,"href":"https:\/\/www.copealcoy.es\/es\/wp-json\/wp\/v2\/tags?post=152446"}],"curies":[{"name":"wp","href":"https:\/\/api.w.org\/{rel}","templated":true}]}}