{"id":152364,"date":"2025-05-14T17:14:11","date_gmt":"2025-05-14T16:14:11","guid":{"rendered":"https:\/\/www.copealcoy.es\/?p=152364"},"modified":"2025-05-14T17:14:11","modified_gmt":"2025-05-14T16:14:11","slug":"formalizan-el-acuerdo-para-hacer-realidad-el-parque-empresarial-alcoy-sur","status":"publish","type":"post","link":"https:\/\/www.copealcoy.es\/es\/formalizan-el-acuerdo-para-hacer-realidad-el-parque-empresarial-alcoy-sur\/","title":{"rendered":"Formalizan el acuerdo para hacer realidad el parque empresarial Alcoy Sur"},"content":{"rendered":"<p style=\"text-align: justify;\">En un acto calificado como \u201c<em>hist\u00f3rico<\/em>\u201d por parte del conseller de Medio Ambiente,\u00a0<strong>Vicente Mart\u00ednez Mus<\/strong>,\u00a0 se ha formalizado hoy en Alcoy\u00a0<strong>un acuerdo que busca potenciar el desarrollo de suelo industrial en nuestra ciudad<\/strong>\u00a0 con la mirada puesta en el crecimiento econ\u00f3mico de cara a los pr\u00f3ximos a\u00f1os. El protocolo,<strong>\u00a0suscrito entre la Generalitat, el Ayuntamiento y la C\u00e1mara de Comercio<\/strong>, marca un paso decisivo tras m\u00e1s de 30 a\u00f1os de reivindicaciones en esta materia y permite avanzar en la creaci\u00f3n del parque empresarial Alcoy Sur.<\/p>\n<div id=\"chat_conversation\" class=\"flex flex-col items-center text-sm dark:bg-gray-800 w-full\">\n<div class=\"entries_828 w-full border-b2 border-black\/10 dark:border-gray-900\/50 text-gray-800 dark:text-gray-100 group dark:bg-gray-800\">\n<div class=\"text-base gap-4 md:gap-6 m-auto md:max-w-2xl lg:max-w-2xl xl:max-w-4xl p-4 md:py-6 flex lg:px-0\">\n<div class=\"w-[calc(100%-50px)] \">\n<div class=\"relative flex flex-col gap-1 md:gap-3 lg:w-[calc(100%-115px)]\">\n<div id=\"copy_828\" class=\"markdown prose w-full break-words dark:prose-invert dark system_write\">\n<p style=\"text-align: justify;\">El acuerdo contempla\u00a0<strong>la tramitaci\u00f3n y aprobaci\u00f3n de un Plan Especial<\/strong>\u00a0que permitir\u00e1 reclasificar suelo no urbanizable en una zona estrat\u00e9gica junto a Ibi, con una superficie aproximada de un mill\u00f3n de metros cuadrados. La iniciativa\u00a0<strong>prioriza<\/strong>\u00a0criterios de sostenibilidad y protecci\u00f3n del medio ambiente, asegurando que los valores naturales de la zona sean respetados.<\/p>\n<p style=\"text-align: justify;\">El\u00a0<strong>conseller Mart\u00ednez Mus<\/strong>\u00a0destac\u00f3 que este proyecto ser\u00e1 clave para revitalizar el tejido industrial local y convertir Alcoy en uno de los principales polos empresariales de las comarcas centrales. Por su parte, el alcalde\u00a0<strong>Toni Franc\u00e9s<\/strong>\u00a0subray\u00f3 que esta iniciativa responde a una necesidad urgente del sector empresarial y que marcar\u00e1 una l\u00ednea estrat\u00e9gica supramunicipal. Tambi\u00e9n a presidenta de la C\u00e1mara de Comercio e Industria,\u00a0<strong>Luc\u00eda Pascual<\/strong>, expres\u00f3 su satisfacci\u00f3n por hacer realidad una reivindicaci\u00f3n hist\u00f3rica y asegur\u00f3 que participar\u00e1n activamente en el proceso garantizando el cumplimiento normativo. Finalmente, la consellera\u00a0<strong>Marian Cano<\/strong>\u00a0resalt\u00f3 que este acuerdo es fundamental para mantener a Alcoy como referente industrial en la Comunitat Valenciana.<\/p>\n<p style=\"text-align: justify;\">Apuntar que\u00a0<span style=\"color: #0000ff;\"><a style=\"color: #0000ff;\" href=\"https:\/\/www.gva.es\/va\/inicio\/presentacion\" target=\"_blank\" rel=\"noopener\"><strong>la Generalitat Valenciana<\/strong><\/a><\/span>\u00a0ser\u00e1 responsable de tramitar y aprobar el Plan Especial para reclasificar suelo y crear suelo industrial, colaborando estrechamente con el Ayuntamiento de Alcoy y la C\u00e1mara de Comercio. El\u00a0<strong>Consistorio<\/strong>\u00a0aportar\u00e1 documentaci\u00f3n y gestionar\u00e1 la urbanizaci\u00f3n, priorizando la gesti\u00f3n directa por parte de la Generalitat o, si no, por los propietarios. Finalmente<strong>\u00a0la C\u00e1mara<\/strong>\u00a0respalda el proyecto y se compromete a presentar iniciativas y desarrollar el plan en zonas viables seg\u00fan informes t\u00e9cnicos y ambientales.<\/p>\n<\/div>\n<\/div>\n<\/div>\n<\/div>\n<\/div>\n<\/div>\n","protected":false},"excerpt":{"rendered":"<p>En un acto calificado como \u201chist\u00f3rico\u201d por parte del conseller de Medio Ambiente,\u00a0Vicente Mart\u00ednez Mus,\u00a0 se ha formalizado hoy en&#8230;<\/p>\n","protected":false},"author":1,"featured_media":152365,"comment_status":"closed","ping_status":"closed","sticky":false,"template":"","format":"standard","meta":{"footnotes":""},"categories":[6909,97,75,79,125],"tags":[1494,16349,2265,5444,7403,1827],"class_list":["post-152364","post","type-post","status-publish","format-standard","has-post-thumbnail","hentry","category-actualidad","category-alcoy","category-noticias","category-politicayeconomia","category-portada","tag-alcoy","tag-alcoy-sur","tag-desarrollo","tag-firma","tag-protocolo","tag-suelo-industrial"],"yoast_head":"<!-- This site is optimized with the Yoast SEO plugin v27.3 - https:\/\/yoast.com\/product\/yoast-seo-wordpress\/ -->\n<title>Formalizan el acuerdo para hacer realidad el parque empresarial Alcoy Sur - COPE Alcoy<\/title>\n<meta name=\"description\" content=\"Formalizan el acuerdo para hacer realidad el parque empresarial Alcoy Sur\" \/>\n<meta name=\"robots\" content=\"index, follow, max-snippet:-1, max-image-preview:large, max-video-preview:-1\" \/>\n<link rel=\"canonical\" href=\"https:\/\/www.copealcoy.es\/es\/formalizan-el-acuerdo-para-hacer-realidad-el-parque-empresarial-alcoy-sur\/\" \/>\n<meta property=\"og:locale\" content=\"es_ES\" \/>\n<meta property=\"og:type\" content=\"article\" \/>\n<meta property=\"og:title\" content=\"Formalizan el acuerdo para hacer realidad el parque empresarial Alcoy Sur - COPE Alcoy\" \/>\n<meta property=\"og:description\" content=\"Formalizan el acuerdo para hacer realidad el parque empresarial Alcoy Sur\" \/>\n<meta property=\"og:url\" content=\"https:\/\/www.copealcoy.es\/es\/formalizan-el-acuerdo-para-hacer-realidad-el-parque-empresarial-alcoy-sur\/\" \/>\n<meta property=\"og:site_name\" content=\"COPE Alcoy\" \/>\n<meta property=\"article:published_time\" content=\"2025-05-14T16:14:11+00:00\" \/>\n<meta property=\"og:image\" content=\"https:\/\/www.copealcoy.es\/wp-content\/uploads\/2025\/05\/250514_MED_protocolo_Alcoi-1.jpg\" \/>\n\t<meta property=\"og:image:width\" content=\"1600\" \/>\n\t<meta property=\"og:image:height\" content=\"900\" \/>\n\t<meta property=\"og:image:type\" content=\"image\/jpeg\" \/>\n<meta name=\"author\" content=\"Cope Alcoy\" \/>\n<meta name=\"twitter:label1\" content=\"Escrito por\" \/>\n\t<meta name=\"twitter:data1\" content=\"Cope Alcoy\" \/>\n\t<meta name=\"twitter:label2\" content=\"Tiempo de lectura\" \/>\n\t<meta name=\"twitter:data2\" content=\"3 minutos\" \/>\n<script type=\"application\/ld+json\" class=\"yoast-schema-graph\">{\"@context\":\"https:\\\/\\\/schema.org\",\"@graph\":[{\"@type\":\"Article\",\"@id\":\"https:\\\/\\\/www.copealcoy.es\\\/es\\\/formalizan-el-acuerdo-para-hacer-realidad-el-parque-empresarial-alcoy-sur\\\/#article\",\"isPartOf\":{\"@id\":\"https:\\\/\\\/www.copealcoy.es\\\/es\\\/formalizan-el-acuerdo-para-hacer-realidad-el-parque-empresarial-alcoy-sur\\\/\"},\"author\":{\"name\":\"Cope Alcoy\",\"@id\":\"https:\\\/\\\/www.copealcoy.es\\\/es\\\/#\\\/schema\\\/person\\\/e777c87fa024e57d40170af9df39882c\"},\"headline\":\"Formalizan el acuerdo para hacer realidad el parque empresarial Alcoy Sur\",\"datePublished\":\"2025-05-14T16:14:11+00:00\",\"mainEntityOfPage\":{\"@id\":\"https:\\\/\\\/www.copealcoy.es\\\/es\\\/formalizan-el-acuerdo-para-hacer-realidad-el-parque-empresarial-alcoy-sur\\\/\"},\"wordCount\":375,\"image\":{\"@id\":\"https:\\\/\\\/www.copealcoy.es\\\/es\\\/formalizan-el-acuerdo-para-hacer-realidad-el-parque-empresarial-alcoy-sur\\\/#primaryimage\"},\"thumbnailUrl\":\"https:\\\/\\\/www.copealcoy.es\\\/wp-content\\\/uploads\\\/2025\\\/05\\\/250514_MED_protocolo_Alcoi-1.jpg\",\"keywords\":[\"Alcoy\",\"Alcoy Sur\",\"Desarrollo\",\"firma\",\"protocolo\",\"Suelo Industrial\"],\"articleSection\":[\"Actualidad\",\"Alcoy\",\"Noticias\",\"Pol\u00edtica y Econom\u00eda\",\"Portada\"],\"inLanguage\":\"es\"},{\"@type\":\"WebPage\",\"@id\":\"https:\\\/\\\/www.copealcoy.es\\\/es\\\/formalizan-el-acuerdo-para-hacer-realidad-el-parque-empresarial-alcoy-sur\\\/\",\"url\":\"https:\\\/\\\/www.copealcoy.es\\\/es\\\/formalizan-el-acuerdo-para-hacer-realidad-el-parque-empresarial-alcoy-sur\\\/\",\"name\":\"Formalizan el acuerdo para hacer realidad el parque empresarial Alcoy Sur - COPE Alcoy\",\"isPartOf\":{\"@id\":\"https:\\\/\\\/www.copealcoy.es\\\/es\\\/#website\"},\"primaryImageOfPage\":{\"@id\":\"https:\\\/\\\/www.copealcoy.es\\\/es\\\/formalizan-el-acuerdo-para-hacer-realidad-el-parque-empresarial-alcoy-sur\\\/#primaryimage\"},\"image\":{\"@id\":\"https:\\\/\\\/www.copealcoy.es\\\/es\\\/formalizan-el-acuerdo-para-hacer-realidad-el-parque-empresarial-alcoy-sur\\\/#primaryimage\"},\"thumbnailUrl\":\"https:\\\/\\\/www.copealcoy.es\\\/wp-content\\\/uploads\\\/2025\\\/05\\\/250514_MED_protocolo_Alcoi-1.jpg\",\"datePublished\":\"2025-05-14T16:14:11+00:00\",\"author\":{\"@id\":\"https:\\\/\\\/www.copealcoy.es\\\/es\\\/#\\\/schema\\\/person\\\/e777c87fa024e57d40170af9df39882c\"},\"description\":\"Formalizan el acuerdo para hacer realidad el parque empresarial Alcoy Sur\",\"breadcrumb\":{\"@id\":\"https:\\\/\\\/www.copealcoy.es\\\/es\\\/formalizan-el-acuerdo-para-hacer-realidad-el-parque-empresarial-alcoy-sur\\\/#breadcrumb\"},\"inLanguage\":\"es\",\"potentialAction\":[{\"@type\":\"ReadAction\",\"target\":[\"https:\\\/\\\/www.copealcoy.es\\\/es\\\/formalizan-el-acuerdo-para-hacer-realidad-el-parque-empresarial-alcoy-sur\\\/\"]}]},{\"@type\":\"ImageObject\",\"inLanguage\":\"es\",\"@id\":\"https:\\\/\\\/www.copealcoy.es\\\/es\\\/formalizan-el-acuerdo-para-hacer-realidad-el-parque-empresarial-alcoy-sur\\\/#primaryimage\",\"url\":\"https:\\\/\\\/www.copealcoy.es\\\/wp-content\\\/uploads\\\/2025\\\/05\\\/250514_MED_protocolo_Alcoi-1.jpg\",\"contentUrl\":\"https:\\\/\\\/www.copealcoy.es\\\/wp-content\\\/uploads\\\/2025\\\/05\\\/250514_MED_protocolo_Alcoi-1.jpg\",\"width\":1600,\"height\":900},{\"@type\":\"BreadcrumbList\",\"@id\":\"https:\\\/\\\/www.copealcoy.es\\\/es\\\/formalizan-el-acuerdo-para-hacer-realidad-el-parque-empresarial-alcoy-sur\\\/#breadcrumb\",\"itemListElement\":[{\"@type\":\"ListItem\",\"position\":1,\"name\":\"Portada\",\"item\":\"https:\\\/\\\/www.copealcoy.es\\\/es\\\/\"},{\"@type\":\"ListItem\",\"position\":2,\"name\":\"Formalizan el acuerdo para hacer realidad el parque empresarial Alcoy Sur\"}]},{\"@type\":\"WebSite\",\"@id\":\"https:\\\/\\\/www.copealcoy.es\\\/es\\\/#website\",\"url\":\"https:\\\/\\\/www.copealcoy.es\\\/es\\\/\",\"name\":\"COPE Alcoy\",\"description\":\"Emisora COPE de radio local con emisi\u00f3n online. Pont de Sant Jordi 8-10 03803 Alcoy\",\"potentialAction\":[{\"@type\":\"SearchAction\",\"target\":{\"@type\":\"EntryPoint\",\"urlTemplate\":\"https:\\\/\\\/www.copealcoy.es\\\/es\\\/?s={search_term_string}\"},\"query-input\":{\"@type\":\"PropertyValueSpecification\",\"valueRequired\":true,\"valueName\":\"search_term_string\"}}],\"inLanguage\":\"es\"},{\"@type\":\"Person\",\"@id\":\"https:\\\/\\\/www.copealcoy.es\\\/es\\\/#\\\/schema\\\/person\\\/e777c87fa024e57d40170af9df39882c\",\"name\":\"Cope Alcoy\",\"image\":{\"@type\":\"ImageObject\",\"inLanguage\":\"es\",\"@id\":\"https:\\\/\\\/secure.gravatar.com\\\/avatar\\\/bb65d0283347e303893ba14f0692005417c1e0e690a325a4c5d8bb2b3943ee14?s=96&d=mm&r=g\",\"url\":\"https:\\\/\\\/secure.gravatar.com\\\/avatar\\\/bb65d0283347e303893ba14f0692005417c1e0e690a325a4c5d8bb2b3943ee14?s=96&d=mm&r=g\",\"contentUrl\":\"https:\\\/\\\/secure.gravatar.com\\\/avatar\\\/bb65d0283347e303893ba14f0692005417c1e0e690a325a4c5d8bb2b3943ee14?s=96&d=mm&r=g\",\"caption\":\"Cope Alcoy\"}}]}<\/script>\n<!-- \/ Yoast SEO plugin. -->","yoast_head_json":{"title":"Formalizan el acuerdo para hacer realidad el parque empresarial Alcoy Sur - COPE Alcoy","description":"Formalizan el acuerdo para hacer realidad el parque empresarial Alcoy Sur","robots":{"index":"index","follow":"follow","max-snippet":"max-snippet:-1","max-image-preview":"max-image-preview:large","max-video-preview":"max-video-preview:-1"},"canonical":"https:\/\/www.copealcoy.es\/es\/formalizan-el-acuerdo-para-hacer-realidad-el-parque-empresarial-alcoy-sur\/","og_locale":"es_ES","og_type":"article","og_title":"Formalizan el acuerdo para hacer realidad el parque empresarial Alcoy Sur - COPE Alcoy","og_description":"Formalizan el acuerdo para hacer realidad el parque empresarial Alcoy Sur","og_url":"https:\/\/www.copealcoy.es\/es\/formalizan-el-acuerdo-para-hacer-realidad-el-parque-empresarial-alcoy-sur\/","og_site_name":"COPE Alcoy","article_published_time":"2025-05-14T16:14:11+00:00","og_image":[{"width":1600,"height":900,"url":"https:\/\/www.copealcoy.es\/wp-content\/uploads\/2025\/05\/250514_MED_protocolo_Alcoi-1.jpg","type":"image\/jpeg"}],"author":"Cope Alcoy","twitter_misc":{"Escrito por":"Cope Alcoy","Tiempo de lectura":"3 minutos"},"schema":{"@context":"https:\/\/schema.org","@graph":[{"@type":"Article","@id":"https:\/\/www.copealcoy.es\/es\/formalizan-el-acuerdo-para-hacer-realidad-el-parque-empresarial-alcoy-sur\/#article","isPartOf":{"@id":"https:\/\/www.copealcoy.es\/es\/formalizan-el-acuerdo-para-hacer-realidad-el-parque-empresarial-alcoy-sur\/"},"author":{"name":"Cope Alcoy","@id":"https:\/\/www.copealcoy.es\/es\/#\/schema\/person\/e777c87fa024e57d40170af9df39882c"},"headline":"Formalizan el acuerdo para hacer realidad el parque empresarial Alcoy Sur","datePublished":"2025-05-14T16:14:11+00:00","mainEntityOfPage":{"@id":"https:\/\/www.copealcoy.es\/es\/formalizan-el-acuerdo-para-hacer-realidad-el-parque-empresarial-alcoy-sur\/"},"wordCount":375,"image":{"@id":"https:\/\/www.copealcoy.es\/es\/formalizan-el-acuerdo-para-hacer-realidad-el-parque-empresarial-alcoy-sur\/#primaryimage"},"thumbnailUrl":"https:\/\/www.copealcoy.es\/wp-content\/uploads\/2025\/05\/250514_MED_protocolo_Alcoi-1.jpg","keywords":["Alcoy","Alcoy Sur","Desarrollo","firma","protocolo","Suelo Industrial"],"articleSection":["Actualidad","Alcoy","Noticias","Pol\u00edtica y Econom\u00eda","Portada"],"inLanguage":"es"},{"@type":"WebPage","@id":"https:\/\/www.copealcoy.es\/es\/formalizan-el-acuerdo-para-hacer-realidad-el-parque-empresarial-alcoy-sur\/","url":"https:\/\/www.copealcoy.es\/es\/formalizan-el-acuerdo-para-hacer-realidad-el-parque-empresarial-alcoy-sur\/","name":"Formalizan el acuerdo para hacer realidad el parque empresarial Alcoy Sur - COPE Alcoy","isPartOf":{"@id":"https:\/\/www.copealcoy.es\/es\/#website"},"primaryImageOfPage":{"@id":"https:\/\/www.copealcoy.es\/es\/formalizan-el-acuerdo-para-hacer-realidad-el-parque-empresarial-alcoy-sur\/#primaryimage"},"image":{"@id":"https:\/\/www.copealcoy.es\/es\/formalizan-el-acuerdo-para-hacer-realidad-el-parque-empresarial-alcoy-sur\/#primaryimage"},"thumbnailUrl":"https:\/\/www.copealcoy.es\/wp-content\/uploads\/2025\/05\/250514_MED_protocolo_Alcoi-1.jpg","datePublished":"2025-05-14T16:14:11+00:00","author":{"@id":"https:\/\/www.copealcoy.es\/es\/#\/schema\/person\/e777c87fa024e57d40170af9df39882c"},"description":"Formalizan el acuerdo para hacer realidad el parque empresarial Alcoy Sur","breadcrumb":{"@id":"https:\/\/www.copealcoy.es\/es\/formalizan-el-acuerdo-para-hacer-realidad-el-parque-empresarial-alcoy-sur\/#breadcrumb"},"inLanguage":"es","potentialAction":[{"@type":"ReadAction","target":["https:\/\/www.copealcoy.es\/es\/formalizan-el-acuerdo-para-hacer-realidad-el-parque-empresarial-alcoy-sur\/"]}]},{"@type":"ImageObject","inLanguage":"es","@id":"https:\/\/www.copealcoy.es\/es\/formalizan-el-acuerdo-para-hacer-realidad-el-parque-empresarial-alcoy-sur\/#primaryimage","url":"https:\/\/www.copealcoy.es\/wp-content\/uploads\/2025\/05\/250514_MED_protocolo_Alcoi-1.jpg","contentUrl":"https:\/\/www.copealcoy.es\/wp-content\/uploads\/2025\/05\/250514_MED_protocolo_Alcoi-1.jpg","width":1600,"height":900},{"@type":"BreadcrumbList","@id":"https:\/\/www.copealcoy.es\/es\/formalizan-el-acuerdo-para-hacer-realidad-el-parque-empresarial-alcoy-sur\/#breadcrumb","itemListElement":[{"@type":"ListItem","position":1,"name":"Portada","item":"https:\/\/www.copealcoy.es\/es\/"},{"@type":"ListItem","position":2,"name":"Formalizan el acuerdo para hacer realidad el parque empresarial Alcoy Sur"}]},{"@type":"WebSite","@id":"https:\/\/www.copealcoy.es\/es\/#website","url":"https:\/\/www.copealcoy.es\/es\/","name":"COPE Alcoy","description":"Emisora COPE de radio local con emisi\u00f3n online. Pont de Sant Jordi 8-10 03803 Alcoy","potentialAction":[{"@type":"SearchAction","target":{"@type":"EntryPoint","urlTemplate":"https:\/\/www.copealcoy.es\/es\/?s={search_term_string}"},"query-input":{"@type":"PropertyValueSpecification","valueRequired":true,"valueName":"search_term_string"}}],"inLanguage":"es"},{"@type":"Person","@id":"https:\/\/www.copealcoy.es\/es\/#\/schema\/person\/e777c87fa024e57d40170af9df39882c","name":"Cope Alcoy","image":{"@type":"ImageObject","inLanguage":"es","@id":"https:\/\/secure.gravatar.com\/avatar\/bb65d0283347e303893ba14f0692005417c1e0e690a325a4c5d8bb2b3943ee14?s=96&d=mm&r=g","url":"https:\/\/secure.gravatar.com\/avatar\/bb65d0283347e303893ba14f0692005417c1e0e690a325a4c5d8bb2b3943ee14?s=96&d=mm&r=g","contentUrl":"https:\/\/secure.gravatar.com\/avatar\/bb65d0283347e303893ba14f0692005417c1e0e690a325a4c5d8bb2b3943ee14?s=96&d=mm&r=g","caption":"Cope Alcoy"}}]}},"_links":{"self":[{"href":"https:\/\/www.copealcoy.es\/es\/wp-json\/wp\/v2\/posts\/152364","targetHints":{"allow":["GET"]}}],"collection":[{"href":"https:\/\/www.copealcoy.es\/es\/wp-json\/wp\/v2\/posts"}],"about":[{"href":"https:\/\/www.copealcoy.es\/es\/wp-json\/wp\/v2\/types\/post"}],"author":[{"embeddable":true,"href":"https:\/\/www.copealcoy.es\/es\/wp-json\/wp\/v2\/users\/1"}],"replies":[{"embeddable":true,"href":"https:\/\/www.copealcoy.es\/es\/wp-json\/wp\/v2\/comments?post=152364"}],"version-history":[{"count":1,"href":"https:\/\/www.copealcoy.es\/es\/wp-json\/wp\/v2\/posts\/152364\/revisions"}],"predecessor-version":[{"id":152367,"href":"https:\/\/www.copealcoy.es\/es\/wp-json\/wp\/v2\/posts\/152364\/revisions\/152367"}],"wp:featuredmedia":[{"embeddable":true,"href":"https:\/\/www.copealcoy.es\/es\/wp-json\/wp\/v2\/media\/152365"}],"wp:attachment":[{"href":"https:\/\/www.copealcoy.es\/es\/wp-json\/wp\/v2\/media?parent=152364"}],"wp:term":[{"taxonomy":"category","embeddable":true,"href":"https:\/\/www.copealcoy.es\/es\/wp-json\/wp\/v2\/categories?post=152364"},{"taxonomy":"post_tag","embeddable":true,"href":"https:\/\/www.copealcoy.es\/es\/wp-json\/wp\/v2\/tags?post=152364"}],"curies":[{"name":"wp","href":"https:\/\/api.w.org\/{rel}","templated":true}]}}